{"id":980,"date":"2019-05-09T17:27:29","date_gmt":"2019-05-09T16:27:29","guid":{"rendered":"https:\/\/evernox.hu\/a-berker-100-eves\/"},"modified":"2019-05-09T17:27:29","modified_gmt":"2019-05-09T16:27:29","slug":"a-berker-100-eves","status":"publish","type":"post","link":"https:\/\/elektro-kamleithner.hu\/en\/a-berker-100-eves\/","title":{"rendered":"100 \u00e9ves a Berker, az ig\u00e9nyes kapcsol\u00f3csal\u00e1d 1919 \u00f3ta a piacon"},"content":{"rendered":"<h1>100 \u00e9ves a\u00a0Berker<\/h1>\n<h3>Az ig\u00e9nyes kapcsol\u00f3csal\u00e1d 1919 \u00f3ta a piacon<\/h3>\n<p>A Berker 100 \u00e9ves fenn\u00e1ll\u00e1sa \u00f3ta, a legfontosabb szempontot tartott\u00e1k mindig szem el\u0151tt, ami nem m\u00e1s, mint hogy az \u00fcgyfelek el\u00e9gedettek legyenek. Ezt a koncepci\u00f3t h\u0171en meg\u0151rizt\u00e9k, hiszen a Berker 100 \u00e9ves t\u00f6retlen t\u00fcnd\u00f6kl\u00e9se is ezt bizony\u00edtja. A n\u00e9met Berker c\u00e9g \u00e1ltal meg\u00e1lmodott kapcsol\u00f3csal\u00e1d az eg\u00e9sz vil\u00e1gon elterjedt, hiszen a min\u0151s\u00e9gre, a prec\u00edz tervez\u00e9sre \u00e9s az innov\u00e1ci\u00f3t is szem el\u0151tt tartva, fejlesztett\u00e9k folyamatosan a term\u00e9keiket.\u00a0A Berker 100 \u00e9ves, teh\u00e1t 1919 \u00f3ta a legmagasabb min\u0151s\u00e9gben sz\u00e1ll\u00edtja az elektromos berendez\u00e9seket az eg\u00e9sz vil\u00e1gon. Term\u00e9kei k\u00f6z\u00f6tt megtal\u00e1lhat\u00f3ak a klasszikus kapcsol\u00f3k, a legmodernebb designt k\u00f6vet\u0151 kapcsol\u00f3k \u00e9s a mindenre kiterjed\u0151 intelligens \u00e9p\u00fcletir\u00e1ny\u00edt\u00e1si rendszerek is. Term\u00e9keiket a legmagasabb sz\u00ednvonalon k\u00e9sz\u00edtik, min\u0151s\u00e9gi anyagokb\u00f3l, \u00a0egyedi sz\u00ednekkel, \u00e9s k\u00fcl\u00f6nleges funkci\u00f3kkal ell\u00e1tva. Garant\u00e1lj\u00e1k a t\u00f6k\u00e9letess\u00e9get, hiszen a legszigor\u00fabb min\u0151s\u00e9g-ellen\u0151rz\u00e9sen esik \u00e1t minden egyes term\u00e9k\u00fck.<\/p>\n<h3>A Berker 100 \u00e9ves m\u00faltra visszatekint\u0151 t\u00f6rt\u00e9nete<\/h3>\n<img class=\"\\\"wp-image-985\" size-full\\\" src=\"\\\"https:>\n<p>N\u00e9zz\u00fck meg, hogy honnan is indult ez a t\u00f6rt\u00e9net \u00e9s milyen fontosabb \u00e1llom\u00e1sai voltak? Kik \u00e9s hogyan \u00e9p\u00edtett\u00e9k fel l\u00e9p\u00e9sr\u0151l-l\u00e9p\u00e9sre ezt a sikersztorit?<\/p>\n<p>1919. 08. 01. Hugo \u00e9s Robert Berker testv\u00e9rek, Gebr. Berker n\u00e9ven, k\u00f6r\u00fclbel\u00fcl 40 n\u00e9gyzetm\u00e9teren, egy elektronikai eszk\u00f6z\u00f6ket k\u00e9sz\u00edt\u0151, speci\u00e1lis gy\u00e1rban kezdt\u00e9k el a kapcsol\u00f3k \u00e9s aljzatok gy\u00e1rt\u00e1s\u00e1t.<br \/>\n1921. K\u00e9t \u00e9vvel k\u00e9s\u0151bb a gy\u00e1rtott term\u00e9keik ir\u00e1nt, annyira megn\u00f6vekedett a kereslet, hogy elker\u00fclhetetlenn\u00e9 v\u00e1lt, hogy a gy\u00e1rt\u00e1st egy nagyobb helyis\u00e9gben kell folytatni.<br \/>\n1928. A Bauhaus iskola legalapvet\u0151bb elve: \u201cA forma k\u00f6veti a funkci\u00f3t.\u201d Ezt a Gerber testv\u00e9rek is szem el\u0151tt tartott\u00e1k \u00e9s m\u00e1r ebben a szellemben k\u00e9sz\u00fcltek a kapcsol\u00f3ik.<br \/>\n1929. Mind\u00f6ssze 10 \u00e9ves fenn\u00e1ll\u00e1suk ut\u00e1n Robert \u00e9s Hugo Berker testv\u00e9rek megnyitj\u00e1k saj\u00e1t \u00faj gy\u00e1rukat, Schalksm\u00fchle-ben, amelyet a k\u00f6vetkez\u0151 \u00e9vekben folyamatosan b\u0151v\u00edtenek.<br \/>\n1939. A Schalksm\u00fchle helysz\u00ednen, m\u00e1r olyan szinten megn\u00f6vekedett a kereslet, hogy az ig\u00e9nyek kiszolg\u00e1l\u00e1s\u00e1ra, \u00fajabb szem\u00e9lyzetre volt sz\u00fcks\u00e9g. Ez\u00e9rt Ottfingenben egy \u00fajabb gy\u00e1rt\u00e1sra alkalmas telepet hoztak l\u00e9tre.<br \/>\n1959. Az Ottfingen telephely\u00e9n a tart\u00f3san megn\u00f6vekedett termel\u00e9si \u00e9s kapacit\u00e1si sz\u0171k keresztmetszetek, egy \u00fajabb fi\u00f3ktelep l\u00e9trehoz\u00e1s\u00e1hoz vezetnek Friesenhagenban.<br \/>\n1960 -1972. Megindul a gy\u00e1rt\u00e1s Herne-ben a Schalksm\u00fchle sz\u00e1m\u00e1ra<br \/>\n1970- Megalakul az INSTA Elektro GmbH c\u00e9gcsoport, Berker, Gira, Jung r\u00e9szv\u00e9nyeseivel.\u00a0M\u00e1r kiterjed a gy\u00e1rt\u00e1s, az \u00f6sszes elektronikai term\u00e9k fejleszt\u00e9s\u00e9re \u00e9s gy\u00e1rt\u00e1s\u00e1ra dimmerekb\u0151l, transzform\u00e1torokb\u00f3l, monitorokb\u00f3l, a KNX \u00e9p\u00fcletrendszer vez\u00e9rl\u00e9s\u00e9ig.<br \/>\n1980. Az Ottfingenben tal\u00e1lhat\u00f3 k\u00f6zponti rakt\u00e1r b\u0151v\u00edt\u00e9s\u00e9re ker\u00fcl sor.<br \/>\nA b\u0151v\u00edt\u00e9s sor\u00e1n l\u00e9trej\u00f6n a nagyobb k\u00f6zponti rakt\u00e1r, \u00f6sszekapcsolt sz\u00e1ll\u00edt\u00e1si r\u00e9szleggel imm\u00e1r 2100 n\u00e9gyzetm\u00e9teren. Innen 16 region\u00e1lis fuvaroz\u00f3 c\u00e9g sz\u00e1ll\u00edtja eg\u00e9sz N\u00e9metorsz\u00e1gban a term\u00e9keket \u00e9s a vil\u00e1g minden t\u00e1j\u00e1r\u00f3l folyamatosan \u00e9rkeznek \u00fcgyfelek.<\/p>\n<h4>T\u00f6bb mint 53 hazai \u00e9s k\u00fclf\u00f6ldi \u00fcgyn\u00f6ks\u00e9ggel dolgoznak m\u00e1r egy\u00fctt.<\/h4>\n<p>1988. A k\u00f6zponti rakt\u00e1r \u00fajabb 1000m\u00b2-rel meg\u00fajjul \u00e9s egy automatikus gy\u00e1rt\u00e1st kiszolg\u00e1l\u00f3 rakt\u00e1r \u00e9p\u00edt\u00e9se is megkezd\u0151dik<br \/>\n1990. Amikor 1990-ben megalap\u00edtott\u00e1k az EIBA-t, a Berker a Siemens, Jung, Merten \u00e9s a Gira c\u00e9g voltak az \u00f6t alap\u00edt\u00f3 tagjai<br \/>\n1991. Schalksm\u00fchleben gy\u00e1rt\u00e1si helysz\u00edn is 3 tov\u00e1bbi, \u00f6sszesen 2120 nm-es ter\u00fclettel n\u00f6vekszik.<br \/>\n1994. A teljes termel\u00e9s 30% -\u00e1t Ottfingenbe helyezik \u00e1t. L\u00e9trej\u00f6n egy 24 051 m\u00b2-es b\u0151v\u00edt\u00e9s \u00e9s meg\u00e9p\u00fcl a KNX k\u00e9pz\u00e9si k\u00f6zpont.<br \/>\n1995. Berker keletre megy: le\u00e1nyv\u00e1llalatot alap\u00edt Poznanban, Lengyelorsz\u00e1gban<br \/>\n2000. A v\u00e1llalat \u00e1talak\u00edt\u00e1sa: modern menedzsment m\u00f3dszerek bevezet\u00e9se (TQM, munkav\u00e1llal\u00f3i t\u00e1mogat\u00e1si programok), \u00faj m\u00e1rka pozicion\u00e1l\u00e1sa.<br \/>\n2005. Nemzetk\u00f6zi terjeszked\u00e9s. \u00dajabb le\u00e1nyv\u00e1llalatok l\u00e9trehoz\u00e1sa Eur\u00f3p\u00e1ban \u00e9s \u00c1zsi\u00e1ban.<br \/>\n2007. \u00c1tveszi Raumcomputer AG c\u00e9get, akik az internetes \u00e9p\u00fcletautomatiz\u00e1l\u00e1s technol\u00f3giai vezet\u0151je.<br \/>\n2010. A Hager Csoport tagja lesz.<br \/>\n2012\/2013. Megny\u00edlik Ottfingen k\u00e9pz\u00e9si k\u00f6zpontja. Az oktat\u00f3k\u00f6zpont b\u0151v\u00edt\u00e9s\u00e9re ker\u00fcl sor, bemutat\u00f3teremmel \u00e9s \u00faj szemin\u00e1rium termekkel.<\/p>\n<p><img class=\"\\\"alignnone\" wp-image-992 size-full\\\" src=\"\\\"https:><\/p>\n<p>2019.\u00a0<span style=\"\\\"vertical-align:\" inherit;\\\"><span style=\"\\\"vertical-align:\" inherit;\\\">Berker Schalksm\u00fchle:\u00a0<\/span><\/span>Itt van a c\u00e9g f\u0151 k\u00f6zpontja \u00e9s \u00a0fejleszt\u00e9seket v\u00e9geznek a helysz\u00ednen. Mintegy 250 alkalmazottat foglalkoztatnak itt.<\/p>\n<p><span style=\"\\\"vertical-align:\" inherit;\\\"><span style=\"\\\"vertical-align:\" inherit;\\\">Berker Ottfingen:\u00a0<\/span><\/span>Itt tal\u00e1lhat\u00f3ak a termel\u00e9si ter\u00fcletek, a logisztikai k\u00f6zpont, ahol gy\u00e1ri szemin\u00e1riumokra \u00e9s gy\u00e1ri l\u00e1togat\u00e1sokra van lehet\u0151s\u00e9g.<br \/>\nK\u00f6r\u00fclbel\u00fcl 450 alkalmazottat foglalkoztatnak a helysz\u00ednen napjainkban.\u00a0A Berker 100 \u00e9ves sikersztori ezzel nem \u00e1ll meg, folyamatosan azon dolgoznak, hogy az innov\u00e1ci\u00f3val egy\u00fctt haladva, a Berker kapcsol\u00f3k \u00e9s rendszerek seg\u00edts\u00e9g\u00e9vel, az eg\u00e9sz vil\u00e1gon, szebb \u00e9s k\u00e9nyelmesebb otthonokat teremtsenek.<\/p>\n<p>A Berker kapcsol\u00f3csal\u00e1d term\u00e9kei a m\u00faltb\u00f3l \u00e9s a jelenb\u0151l&#8230;<\/p>\n<p><img class=\"\\\"alignnone\" size-medium wp-image-999\\\" src=\"\\\"https:> <img class=\"\\\"alignnone\" size-medium wp-image-1000\\\" src=\"\\\"https:><img class=\"\\\"alignnone\" size-medium wp-image-1001\\\" src=\"\\\"https:><img class=\"\\\"alignnone\" size-medium wp-image-1002\\\" src=\"\\\"https:><\/p>\n<p>A Berker kapcsol\u00f3csal\u00e1d teljes k\u00edn\u00e1lat\u00e1t, megtal\u00e1lja a <a href=\"\/en\/\"https:>Berker.hu<\/a> weboldalunkon.<\/p>\n<p>Kapcsol\u00f3d\u00f3 \u00edr\u00e1saink:<\/p>\n<ul>\n<li><a href=\"\/en\/\"https:>A Berker R.8 extra lapos szerelv\u00e9nycsal\u00e1d<\/a><\/li>\n<li><a href=\"\/en\/\"https:>A Berker Q.3 kapcsol\u00f3csal\u00e1d,a Grand Hotel Valies-ben<\/a><\/li>\n<\/ul>","protected":false},"excerpt":{"rendered":"<p>100 \u00e9ves a\u00a0Berker Az ig\u00e9nyes kapcsol\u00f3csal\u00e1d 1919 \u00f3ta a piacon A Berker 100 \u00e9ves fenn\u00e1ll\u00e1sa \u00f3ta, a legfontosabb szempontot tartott\u00e1k [&hellip;]<\/p>\n","protected":false},"author":2,"featured_media":1195,"comment_status":"closed","ping_status":"open","sticky":false,"template":"","format":"standard","meta":{"_acf_changed":false,"site-sidebar-layout":"default","site-content-layout":"","ast-site-content-layout":"default","site-content-style":"default","site-sidebar-style":"default","ast-global-header-display":"","ast-banner-title-visibility":"","ast-main-header-display":"","ast-hfb-above-header-display":"","ast-hfb-below-header-display":"","ast-hfb-mobile-header-display":"","site-post-title":"","ast-breadcrumbs-content":"","ast-featured-img":"","footer-sml-layout":"","ast-disable-related-posts":"","theme-transparent-header-meta":"default","adv-header-id-meta":"","stick-header-meta":"default","header-above-stick-meta":"","header-main-stick-meta":"","header-below-stick-meta":"","astra-migrate-meta-layouts":"set","ast-page-background-enabled":"default","ast-page-background-meta":{"desktop":{"background-color":"var(--ast-global-color-4)","background-image":"","background-repeat":"repeat","background-position":"center center","background-size":"auto","background-attachment":"scroll","background-type":"","background-media":"","overlay-type":"","overlay-color":"","overlay-opacity":"","overlay-gradient":""},"tablet":{"background-color":"","background-image":"","background-repeat":"repeat","background-position":"center center","background-size":"auto","background-attachment":"scroll","background-type":"","background-media":"","overlay-type":"","overlay-color":"","overlay-opacity":"","overlay-gradient":""},"mobile":{"background-color":"","background-image":"","background-repeat":"repeat","background-position":"center center","background-size":"auto","background-attachment":"scroll","background-type":"","background-media":"","overlay-type":"","overlay-color":"","overlay-opacity":"","overlay-gradient":""}},"ast-content-background-meta":{"desktop":{"background-color":"var(--ast-global-color-5)","background-image":"","background-repeat":"repeat","background-position":"center center","background-size":"auto","background-attachment":"scroll","background-type":"","background-media":"","overlay-type":"","overlay-color":"","overlay-opacity":"","overlay-gradient":""},"tablet":{"background-color":"var(--ast-global-color-5)","background-image":"","background-repeat":"repeat","background-position":"center center","background-size":"auto","background-attachment":"scroll","background-type":"","background-media":"","overlay-type":"","overlay-color":"","overlay-opacity":"","overlay-gradient":""},"mobile":{"background-color":"var(--ast-global-color-5)","background-image":"","background-repeat":"repeat","background-position":"center center","background-size":"auto","background-attachment":"scroll","background-type":"","background-media":"","overlay-type":"","overlay-color":"","overlay-opacity":"","overlay-gradient":""}},"footnotes":""},"categories":[1],"tags":[40,41],"class_list":["post-980","post","type-post","status-publish","format-standard","has-post-thumbnail","hentry","category-blog","tag-berker-100-eves","tag-berker-kapcsolocsalad"],"acf":[],"yoast_head":"<!-- This site is optimized with the Yoast SEO plugin v28.3 - https:\/\/yoast.com\/product\/yoast-seo-wordpress\/ -->\n<title>100 \u00e9ves a Berker, az ig\u00e9nyes kapcsol\u00f3csal\u00e1d 1919 \u00f3ta a piacon - Elektro Kamleithner<\/title>\n<meta name=\"description\" content=\"A Berker 100 \u00e9ves fenn\u00e1ll\u00e1sa \u00f3ta, a legfontosabb szempontot tartott\u00e1k mindig szem el\u0151tt, ami nem m\u00e1s, mint hogy az \u00fcgyfelek el\u00e9gedettek legyenek.\" \/>\n<meta name=\"robots\" content=\"index, follow, max-snippet:-1, max-image-preview:large, max-video-preview:-1\" \/>\n<link rel=\"canonical\" href=\"https:\/\/elektro-kamleithner.hu\/en\/a-berker-100-eves\/\" \/>\n<meta property=\"og:locale\" content=\"en_GB\" \/>\n<meta property=\"og:type\" content=\"article\" \/>\n<meta property=\"og:title\" content=\"100 \u00e9ves a Berker, az ig\u00e9nyes kapcsol\u00f3csal\u00e1d 1919 \u00f3ta a piacon - Elektro Kamleithner\" \/>\n<meta property=\"og:description\" content=\"A Berker 100 \u00e9ves fenn\u00e1ll\u00e1sa \u00f3ta, a legfontosabb szempontot tartott\u00e1k mindig szem el\u0151tt, ami nem m\u00e1s, mint hogy az \u00fcgyfelek el\u00e9gedettek legyenek.\" \/>\n<meta property=\"og:url\" content=\"https:\/\/elektro-kamleithner.hu\/en\/a-berker-100-eves\/\" \/>\n<meta property=\"og:site_name\" content=\"Elektro Kamleithner\" \/>\n<meta property=\"article:publisher\" content=\"https:\/\/www.facebook.com\/ElektroKamleithnerKft\/\" \/>\n<meta property=\"article:published_time\" content=\"2019-05-09T16:27:29+00:00\" \/>\n<meta name=\"author\" content=\"Balogh Zolt\u00e1n\" \/>\n<meta name=\"twitter:card\" content=\"summary_large_image\" \/>\n<meta name=\"twitter:label1\" content=\"Written by\" \/>\n\t<meta name=\"twitter:data1\" content=\"Balogh Zolt\u00e1n\" \/>\n\t<meta name=\"twitter:label2\" content=\"Estimated reading time\" \/>\n\t<meta name=\"twitter:data2\" content=\"5 minutes\" \/>\n<script type=\"application\/ld+json\" class=\"yoast-schema-graph\">{\"@context\":\"https:\\\/\\\/schema.org\",\"@graph\":[{\"@type\":\"Article\",\"@id\":\"https:\\\/\\\/elektro-kamleithner.hu\\\/a-berker-100-eves\\\/#article\",\"isPartOf\":{\"@id\":\"https:\\\/\\\/elektro-kamleithner.hu\\\/a-berker-100-eves\\\/\"},\"author\":{\"name\":\"Balogh Zolt\u00e1n\",\"@id\":\"https:\\\/\\\/elektro-kamleithner.hu\\\/#\\\/schema\\\/person\\\/6bee347fe0f99bcff222317c89ff8c51\"},\"headline\":\"100 \u00e9ves a Berker, az ig\u00e9nyes kapcsol\u00f3csal\u00e1d 1919 \u00f3ta a piacon\",\"datePublished\":\"2019-05-09T16:27:29+00:00\",\"mainEntityOfPage\":{\"@id\":\"https:\\\/\\\/elektro-kamleithner.hu\\\/a-berker-100-eves\\\/\"},\"wordCount\":990,\"publisher\":{\"@id\":\"https:\\\/\\\/elektro-kamleithner.hu\\\/#organization\"},\"image\":{\"@id\":\"https:\\\/\\\/elektro-kamleithner.hu\\\/a-berker-100-eves\\\/#primaryimage\"},\"thumbnailUrl\":\"\",\"keywords\":[\"berker 100 \u00e9ves\",\"berker kapcsol\u00f3csal\u00e1d\"],\"articleSection\":[\"Blog\"],\"inLanguage\":\"en-GB\"},{\"@type\":\"WebPage\",\"@id\":\"https:\\\/\\\/elektro-kamleithner.hu\\\/a-berker-100-eves\\\/\",\"url\":\"https:\\\/\\\/elektro-kamleithner.hu\\\/a-berker-100-eves\\\/\",\"name\":\"100 \u00e9ves a Berker, az ig\u00e9nyes kapcsol\u00f3csal\u00e1d 1919 \u00f3ta a piacon - Elektro Kamleithner\",\"isPartOf\":{\"@id\":\"https:\\\/\\\/elektro-kamleithner.hu\\\/#website\"},\"primaryImageOfPage\":{\"@id\":\"https:\\\/\\\/elektro-kamleithner.hu\\\/a-berker-100-eves\\\/#primaryimage\"},\"image\":{\"@id\":\"https:\\\/\\\/elektro-kamleithner.hu\\\/a-berker-100-eves\\\/#primaryimage\"},\"thumbnailUrl\":\"\",\"datePublished\":\"2019-05-09T16:27:29+00:00\",\"description\":\"A Berker 100 \u00e9ves fenn\u00e1ll\u00e1sa \u00f3ta, a legfontosabb szempontot tartott\u00e1k mindig szem el\u0151tt, ami nem m\u00e1s, mint hogy az \u00fcgyfelek el\u00e9gedettek legyenek.\",\"breadcrumb\":{\"@id\":\"https:\\\/\\\/elektro-kamleithner.hu\\\/a-berker-100-eves\\\/#breadcrumb\"},\"inLanguage\":\"en-GB\",\"potentialAction\":[{\"@type\":\"ReadAction\",\"target\":[\"https:\\\/\\\/elektro-kamleithner.hu\\\/a-berker-100-eves\\\/\"]}]},{\"@type\":\"ImageObject\",\"inLanguage\":\"en-GB\",\"@id\":\"https:\\\/\\\/elektro-kamleithner.hu\\\/a-berker-100-eves\\\/#primaryimage\",\"url\":\"\",\"contentUrl\":\"\"},{\"@type\":\"BreadcrumbList\",\"@id\":\"https:\\\/\\\/elektro-kamleithner.hu\\\/a-berker-100-eves\\\/#breadcrumb\",\"itemListElement\":[{\"@type\":\"ListItem\",\"position\":1,\"name\":\"Kezd\u0151lap\",\"item\":\"https:\\\/\\\/elektro-kamleithner.hu\\\/\"},{\"@type\":\"ListItem\",\"position\":2,\"name\":\"100 \u00e9ves a Berker, az ig\u00e9nyes kapcsol\u00f3csal\u00e1d 1919 \u00f3ta a piacon\"}]},{\"@type\":\"WebSite\",\"@id\":\"https:\\\/\\\/elektro-kamleithner.hu\\\/#website\",\"url\":\"https:\\\/\\\/elektro-kamleithner.hu\\\/\",\"name\":\"Elektro Kamleithner\",\"description\":\"Elektro Kamleithner\",\"publisher\":{\"@id\":\"https:\\\/\\\/elektro-kamleithner.hu\\\/#organization\"},\"potentialAction\":[{\"@type\":\"SearchAction\",\"target\":{\"@type\":\"EntryPoint\",\"urlTemplate\":\"https:\\\/\\\/elektro-kamleithner.hu\\\/?s={search_term_string}\"},\"query-input\":{\"@type\":\"PropertyValueSpecification\",\"valueRequired\":true,\"valueName\":\"search_term_string\"}}],\"inLanguage\":\"en-GB\"},{\"@type\":\"Organization\",\"@id\":\"https:\\\/\\\/elektro-kamleithner.hu\\\/#organization\",\"name\":\"Elektro Kamleithner\",\"url\":\"https:\\\/\\\/elektro-kamleithner.hu\\\/\",\"logo\":{\"@type\":\"ImageObject\",\"inLanguage\":\"en-GB\",\"@id\":\"https:\\\/\\\/elektro-kamleithner.hu\\\/#\\\/schema\\\/logo\\\/image\\\/\",\"url\":\"https:\\\/\\\/elektro-kamleithner.hu\\\/wp-content\\\/uploads\\\/2024\\\/09\\\/elektro-white-001.svg\",\"contentUrl\":\"https:\\\/\\\/elektro-kamleithner.hu\\\/wp-content\\\/uploads\\\/2024\\\/09\\\/elektro-white-001.svg\",\"width\":382,\"height\":131,\"caption\":\"Elektro Kamleithner\"},\"image\":{\"@id\":\"https:\\\/\\\/elektro-kamleithner.hu\\\/#\\\/schema\\\/logo\\\/image\\\/\"},\"sameAs\":[\"https:\\\/\\\/www.facebook.com\\\/ElektroKamleithnerKft\\\/\",\"https:\\\/\\\/www.youtube.com\\\/channel\\\/UCdDdwY5NIU2nmN9MjvqnFqg\",\"https:\\\/\\\/www.instagram.com\\\/berker.hu\\\/\"]},{\"@type\":\"Person\",\"@id\":\"https:\\\/\\\/elektro-kamleithner.hu\\\/#\\\/schema\\\/person\\\/6bee347fe0f99bcff222317c89ff8c51\",\"name\":\"Balogh Zolt\u00e1n\",\"image\":{\"@type\":\"ImageObject\",\"inLanguage\":\"en-GB\",\"@id\":\"https:\\\/\\\/secure.gravatar.com\\\/avatar\\\/83c725ba6ed0c327cf067a335b7156b3cb23f8585104d5ab2cd7bc81e6b47877?s=96&d=mm&r=g\",\"url\":\"https:\\\/\\\/secure.gravatar.com\\\/avatar\\\/83c725ba6ed0c327cf067a335b7156b3cb23f8585104d5ab2cd7bc81e6b47877?s=96&d=mm&r=g\",\"contentUrl\":\"https:\\\/\\\/secure.gravatar.com\\\/avatar\\\/83c725ba6ed0c327cf067a335b7156b3cb23f8585104d5ab2cd7bc81e6b47877?s=96&d=mm&r=g\",\"caption\":\"Balogh Zolt\u00e1n\"},\"url\":\"https:\\\/\\\/elektro-kamleithner.hu\\\/en\\\/author\\\/admin\\\/\"}]}<\/script>\n<!-- \/ Yoast SEO plugin. -->","yoast_head_json":{"title":"100 \u00e9ves a Berker, az ig\u00e9nyes kapcsol\u00f3csal\u00e1d 1919 \u00f3ta a piacon - Elektro Kamleithner","description":"A Berker 100 \u00e9ves fenn\u00e1ll\u00e1sa \u00f3ta, a legfontosabb szempontot tartott\u00e1k mindig szem el\u0151tt, ami nem m\u00e1s, mint hogy az \u00fcgyfelek el\u00e9gedettek legyenek.","robots":{"index":"index","follow":"follow","max-snippet":"max-snippet:-1","max-image-preview":"max-image-preview:large","max-video-preview":"max-video-preview:-1"},"canonical":"https:\/\/elektro-kamleithner.hu\/en\/a-berker-100-eves\/","og_locale":"en_GB","og_type":"article","og_title":"100 \u00e9ves a Berker, az ig\u00e9nyes kapcsol\u00f3csal\u00e1d 1919 \u00f3ta a piacon - Elektro Kamleithner","og_description":"A Berker 100 \u00e9ves fenn\u00e1ll\u00e1sa \u00f3ta, a legfontosabb szempontot tartott\u00e1k mindig szem el\u0151tt, ami nem m\u00e1s, mint hogy az \u00fcgyfelek el\u00e9gedettek legyenek.","og_url":"https:\/\/elektro-kamleithner.hu\/en\/a-berker-100-eves\/","og_site_name":"Elektro Kamleithner","article_publisher":"https:\/\/www.facebook.com\/ElektroKamleithnerKft\/","article_published_time":"2019-05-09T16:27:29+00:00","author":"Balogh Zolt\u00e1n","twitter_card":"summary_large_image","twitter_misc":{"Written by":"Balogh Zolt\u00e1n","Estimated reading time":"5 minutes"},"schema":{"@context":"https:\/\/schema.org","@graph":[{"@type":"Article","@id":"https:\/\/elektro-kamleithner.hu\/a-berker-100-eves\/#article","isPartOf":{"@id":"https:\/\/elektro-kamleithner.hu\/a-berker-100-eves\/"},"author":{"name":"Balogh Zolt\u00e1n","@id":"https:\/\/elektro-kamleithner.hu\/#\/schema\/person\/6bee347fe0f99bcff222317c89ff8c51"},"headline":"100 \u00e9ves a Berker, az ig\u00e9nyes kapcsol\u00f3csal\u00e1d 1919 \u00f3ta a piacon","datePublished":"2019-05-09T16:27:29+00:00","mainEntityOfPage":{"@id":"https:\/\/elektro-kamleithner.hu\/a-berker-100-eves\/"},"wordCount":990,"publisher":{"@id":"https:\/\/elektro-kamleithner.hu\/#organization"},"image":{"@id":"https:\/\/elektro-kamleithner.hu\/a-berker-100-eves\/#primaryimage"},"thumbnailUrl":"","keywords":["berker 100 \u00e9ves","berker kapcsol\u00f3csal\u00e1d"],"articleSection":["Blog"],"inLanguage":"en-GB"},{"@type":"WebPage","@id":"https:\/\/elektro-kamleithner.hu\/a-berker-100-eves\/","url":"https:\/\/elektro-kamleithner.hu\/a-berker-100-eves\/","name":"100 \u00e9ves a Berker, az ig\u00e9nyes kapcsol\u00f3csal\u00e1d 1919 \u00f3ta a piacon - Elektro Kamleithner","isPartOf":{"@id":"https:\/\/elektro-kamleithner.hu\/#website"},"primaryImageOfPage":{"@id":"https:\/\/elektro-kamleithner.hu\/a-berker-100-eves\/#primaryimage"},"image":{"@id":"https:\/\/elektro-kamleithner.hu\/a-berker-100-eves\/#primaryimage"},"thumbnailUrl":"","datePublished":"2019-05-09T16:27:29+00:00","description":"A Berker 100 \u00e9ves fenn\u00e1ll\u00e1sa \u00f3ta, a legfontosabb szempontot tartott\u00e1k mindig szem el\u0151tt, ami nem m\u00e1s, mint hogy az \u00fcgyfelek el\u00e9gedettek legyenek.","breadcrumb":{"@id":"https:\/\/elektro-kamleithner.hu\/a-berker-100-eves\/#breadcrumb"},"inLanguage":"en-GB","potentialAction":[{"@type":"ReadAction","target":["https:\/\/elektro-kamleithner.hu\/a-berker-100-eves\/"]}]},{"@type":"ImageObject","inLanguage":"en-GB","@id":"https:\/\/elektro-kamleithner.hu\/a-berker-100-eves\/#primaryimage","url":"","contentUrl":""},{"@type":"BreadcrumbList","@id":"https:\/\/elektro-kamleithner.hu\/a-berker-100-eves\/#breadcrumb","itemListElement":[{"@type":"ListItem","position":1,"name":"Kezd\u0151lap","item":"https:\/\/elektro-kamleithner.hu\/"},{"@type":"ListItem","position":2,"name":"100 \u00e9ves a Berker, az ig\u00e9nyes kapcsol\u00f3csal\u00e1d 1919 \u00f3ta a piacon"}]},{"@type":"WebSite","@id":"https:\/\/elektro-kamleithner.hu\/#website","url":"https:\/\/elektro-kamleithner.hu\/","name":"Elektro Kamleithner","description":"Elektro Kamleithner","publisher":{"@id":"https:\/\/elektro-kamleithner.hu\/#organization"},"potentialAction":[{"@type":"SearchAction","target":{"@type":"EntryPoint","urlTemplate":"https:\/\/elektro-kamleithner.hu\/?s={search_term_string}"},"query-input":{"@type":"PropertyValueSpecification","valueRequired":true,"valueName":"search_term_string"}}],"inLanguage":"en-GB"},{"@type":"Organization","@id":"https:\/\/elektro-kamleithner.hu\/#organization","name":"Elektro Kamleithner","url":"https:\/\/elektro-kamleithner.hu\/","logo":{"@type":"ImageObject","inLanguage":"en-GB","@id":"https:\/\/elektro-kamleithner.hu\/#\/schema\/logo\/image\/","url":"https:\/\/elektro-kamleithner.hu\/wp-content\/uploads\/2024\/09\/elektro-white-001.svg","contentUrl":"https:\/\/elektro-kamleithner.hu\/wp-content\/uploads\/2024\/09\/elektro-white-001.svg","width":382,"height":131,"caption":"Elektro Kamleithner"},"image":{"@id":"https:\/\/elektro-kamleithner.hu\/#\/schema\/logo\/image\/"},"sameAs":["https:\/\/www.facebook.com\/ElektroKamleithnerKft\/","https:\/\/www.youtube.com\/channel\/UCdDdwY5NIU2nmN9MjvqnFqg","https:\/\/www.instagram.com\/berker.hu\/"]},{"@type":"Person","@id":"https:\/\/elektro-kamleithner.hu\/#\/schema\/person\/6bee347fe0f99bcff222317c89ff8c51","name":"Balogh Zolt\u00e1n","image":{"@type":"ImageObject","inLanguage":"en-GB","@id":"https:\/\/secure.gravatar.com\/avatar\/83c725ba6ed0c327cf067a335b7156b3cb23f8585104d5ab2cd7bc81e6b47877?s=96&d=mm&r=g","url":"https:\/\/secure.gravatar.com\/avatar\/83c725ba6ed0c327cf067a335b7156b3cb23f8585104d5ab2cd7bc81e6b47877?s=96&d=mm&r=g","contentUrl":"https:\/\/secure.gravatar.com\/avatar\/83c725ba6ed0c327cf067a335b7156b3cb23f8585104d5ab2cd7bc81e6b47877?s=96&d=mm&r=g","caption":"Balogh Zolt\u00e1n"},"url":"https:\/\/elektro-kamleithner.hu\/en\/author\/admin\/"}]}},"_links":{"self":[{"href":"https:\/\/elektro-kamleithner.hu\/en\/wp-json\/wp\/v2\/posts\/980","targetHints":{"allow":["GET"]}}],"collection":[{"href":"https:\/\/elektro-kamleithner.hu\/en\/wp-json\/wp\/v2\/posts"}],"about":[{"href":"https:\/\/elektro-kamleithner.hu\/en\/wp-json\/wp\/v2\/types\/post"}],"author":[{"embeddable":true,"href":"https:\/\/elektro-kamleithner.hu\/en\/wp-json\/wp\/v2\/users\/2"}],"replies":[{"embeddable":true,"href":"https:\/\/elektro-kamleithner.hu\/en\/wp-json\/wp\/v2\/comments?post=980"}],"version-history":[{"count":0,"href":"https:\/\/elektro-kamleithner.hu\/en\/wp-json\/wp\/v2\/posts\/980\/revisions"}],"wp:attachment":[{"href":"https:\/\/elektro-kamleithner.hu\/en\/wp-json\/wp\/v2\/media?parent=980"}],"wp:term":[{"taxonomy":"category","embeddable":true,"href":"https:\/\/elektro-kamleithner.hu\/en\/wp-json\/wp\/v2\/categories?post=980"},{"taxonomy":"post_tag","embeddable":true,"href":"https:\/\/elektro-kamleithner.hu\/en\/wp-json\/wp\/v2\/tags?post=980"}],"curies":[{"name":"wp","href":"https:\/\/api.w.org\/{rel}","templated":true}]}}