{"id":902,"date":"2019-04-25T21:04:56","date_gmt":"2019-04-25T20:04:56","guid":{"rendered":"https:\/\/evernox.hu\/vilagitasvezerles-okos-otthonban\/"},"modified":"2019-04-25T21:04:56","modified_gmt":"2019-04-25T20:04:56","slug":"vilagitasvezerles-okos-otthonban","status":"publish","type":"post","link":"https:\/\/elektro-kamleithner.hu\/en\/vilagitasvezerles-okos-otthonban\/","title":{"rendered":"A vil\u00e1g\u00edt\u00e1svez\u00e9rl\u00e9s k\u00e9nyelmi funkci\u00f3i egy okos otthonban"},"content":{"rendered":"<h1>A vil\u00e1g\u00edt\u00e1svez\u00e9rl\u00e9s k\u00e9nyelmi funkci\u00f3i egy okos otthonban<\/h1>\n<p>A vil\u00e1g\u00edt\u00e1svez\u00e9rl\u00e9s nemcsak k\u00e9nyelmes, de egyben nagyon egyszer\u0171 egy mai, korszerszer\u0171 okos otthon kialak\u00edt\u00e1s\u00e1n\u00e1l. Ezekben az \u00e9p\u00fcletekben, sz\u00e1mtalan vil\u00e1g\u00edt\u00e1si \u00e1ramk\u00f6rt tal\u00e1lunk, melyet szeretn\u00e9nk min\u00e9l egyszer\u0171bben kezelni. Bizonyos helyis\u00e9gekben automatikusan, \u00fagynevezett, jelenl\u00e9t-\u00e9rz\u00e9kel\u0151kkel tudjuk szab\u00e1lyozni. Lehet a jelenl\u00e9tet szimul\u00e1lni vagy \u00e9ppen a kertvil\u00e1g\u00edt\u00e1st az \u00e9p\u00fclet t\u00f6bb pontj\u00e1r\u00f3l is kezelni.\u00a0Ha egy bels\u0151\u00e9p\u00edt\u00e9sz vagy lakberendez\u0151 seg\u00edts\u00e9g\u00e9t k\u00e9rj\u00fck otthonunk kialak\u00edt\u00e1s\u00e1hoz, akkor szinte biztos, hogy sok l\u00e1mp\u00e1t fog betervezni, amihez a vil\u00e1g\u00edt\u00e1svez\u00e9rl\u00e9s szinte elengedhetetlen tartoz\u00e9k. Ilyenkor j\u00f6n j\u00f3l, ha vil\u00e1g\u00edt\u00e1si k\u00e9peket haszn\u00e1lunk. Ez olyan funkci\u00f3, hogy k\u00fcl\u00f6nb\u00f6z\u0151 \u201cvil\u00e1g\u00edt\u00e1si k\u00e9peket\u201d programozhatunk be el\u0151re a rendszerbe. P\u00e9ld\u00e1ul att\u00f3l f\u00fcgg\u0151en melyik csal\u00e1dtag j\u00f6tt haza, az \u0151 tev\u00e9kenys\u00e9geihez alkalmazkodik a vil\u00e1g\u00edt\u00e1s minden funkci\u00f3ja.<\/p>\n<p><img class=\"\\\"size-medium\" wp-image-954 aligncenter\\\" src=\"\\\"https:><\/p>\n<p>&nbsp;<\/p>\n<h2>Milyen lehet\u0151s\u00e9geink vannak, a vil\u00e1g\u00edt\u00e1svez\u00e9rl\u00e9s ter\u00fclet\u00e9n?<\/h2>\n<p>Kezdj\u00fck valami egyszer\u0171vel\u2026<\/p>\n<h3>Okos vil\u00e1g\u00edt\u00e1svez\u00e9rl\u00e9s, jelenl\u00e9t-\u00e9rz\u00e9kel\u0151 seg\u00edts\u00e9g\u00e9vel<\/h3>\n<p>Minden h\u00e1zban, lak\u00e1sban vannak olyan helyis\u00e9gek, melyeket tipikusan csak r\u00f6vid ideig haszn\u00e1lunk. Ilyen lehet a bej\u00e1rat, a k\u00f6zleked\u0151k, a folyos\u00f3k, l\u00e9pcs\u0151h\u00e1zak, mosd\u00f3k, gar\u00e1zs, t\u00e1rol\u00f3 \u00e9s egy\u00e9b helyis\u00e9gek. Ezekben az esetekben a be\u00e9p\u00edtett vil\u00e1g\u00edt\u00e1svez\u00e9rl\u00e9s, nagyon sok k\u00e9nyelmi funkci\u00f3val l\u00e1tja el az ott lak\u00f3kat. Hiszen a helyis\u00e9gekben jelenl\u00e9t-\u00e9rz\u00e9kel\u0151k haszn\u00e1lat\u00e1val lehet\u0151s\u00e9g\u00fcnk van arra, hogy a vil\u00e1g\u00edt\u00e1sokat automatikusan, a vil\u00e1g\u00edt\u00e1svez\u00e9rl\u00e9s seg\u00edts\u00e9g\u00e9vel kapcsoltassuk a rendszerrel.<\/p>\n<p>Az \u00e9rz\u00e9kel\u0151 \u00e9rz\u00e9keli, hogy tart\u00f3zkodnak-e az adott ter\u00fcleten.<br \/>\nMindek\u00f6zben pedig folyamatosan figyeli a helyis\u00e9gben a f\u00e9nyer\u0151t.<br \/>\nHa mozg\u00e1st \u00e9rz\u00e9kel \u00e9s nincs elegend\u0151 term\u00e9szetes f\u00e9ny, akkor felkapcsolja a l\u00e1mp\u00e1t.<br \/>\nAz utols\u00f3 mozg\u00e1st k\u00f6vet\u0151en egy el\u0151re be\u00e1ll\u00edtott ideig m\u00e9g vil\u00e1g\u00edt a l\u00e1mpa, majd az<br \/>\n\u00e9rz\u00e9kel\u0151 k\u00fcld egy jelet, ami lekapcsolja.<br \/>\nHa az adott helyis\u00e9gben a l\u00e1mpa f\u00e9nyereje szab\u00e1lyozhat\u00f3, akkor az \u00e9rz\u00e9kel\u0151ben be tudjuk \u00e1ll\u00edtani, hogy mekkora f\u00e9nyer\u0151t kell tartania.<br \/>\n\u00cdgy, ha valamennyi term\u00e9szetes f\u00e9ny is van a helyis\u00e9gben \u2013 mondjuk ablakon vagy fel\u00fclvil\u00e1g\u00edt\u00f3n kereszt\u00fcl bejut a napf\u00e9ny \u2013 akkor csak annyira szab\u00e1lyozza fel a vil\u00e1g\u00edt\u00e1s, hogy a k\u00edv\u00e1nt \u00e9rt\u00e9ket el\u00e9rj\u00fck, de minim\u00e1lis energi\u00e1t haszn\u00e1ljon a vil\u00e1g\u00edt\u00e1shoz.<\/p>\n<p><img class=\"\\\"size-medium\" wp-image-953 aligncenter\\\" src=\"\\\"https:><\/p>\n<p>Lehetnek olyan esetek, amikor szeretn\u00e9nk \u00e1tvenni az ir\u00e1ny\u00edt\u00e1st az automatik\u00e1t\u00f3l (okos otthont\u00f3l) \u00e9s mozg\u00e1st\u00f3l f\u00fcggetlen\u00fcl folyamatosan vil\u00e1g\u00edtani vagy \u00e9ppen reteszelni az \u00e9rz\u00e9kel\u0151t, hogy \u00e9rz\u00e9kel\u00e9s eset\u00e9n se kapcsoljon be a l\u00e1mpa.<\/p>\n<h3>P\u00e9ld\u00e1ul:<\/h3>\n<p>Ha nem szeretn\u00e9k, hogy \u00e9jszaka felkapcsoljon a vil\u00e1g\u00edt\u00e1s, amikor arra megy\u00fcnk, mert elegend\u0151 ir\u00e1nyf\u00e9ny\u00fcnk van an\u00e9lk\u00fcl is.<br \/>\nVagy \u00e9ppen egy h\u00e1zibuli miatt azt szeretn\u00e9nk, hogy a l\u00e1mpa folyamatosan vil\u00e1g\u00edtson. A vil\u00e1g\u00edt\u00e1svez\u00e9rl\u00e9s ebben is partner\u00fcnk lesz. P\u00e9ld\u00e1ul egy cs\u00f6kkentett f\u00e9nyer\u0151vel, mert hangulatf\u00e9nyt szeretn\u00e9nk a h\u00e1zban \u00e9s emiatt \u00e1lland\u00f3an, egy el\u0151re be\u00e1ll\u00edtott f\u00e9nyer\u0151t szeretn\u00e9nk. Majd a buli ut\u00e1n visszakapcsoljuk automatikus m\u00f3dba.<br \/>\nVan aki azt szereti, hogy \u00e9jszaka, amikor kimegy a mell\u00e9khelyis\u00e9gbe, akkor csak egy minim\u00e1lis f\u00e9nyer\u0151vel vil\u00e1g\u00edtsanak a l\u00e1mp\u00e1k, amikor a jelenl\u00e9t-\u00e9rz\u00e9kel\u0151 \u00e9szleli, hogy az adott ter\u00fcleten mozgunk.<br \/>\nK\u00e9pzelj\u00fck el, hogy a f\u00fcrd\u0151szob\u00e1ban t\u00f6bb l\u00e1mpa \u00e1ramk\u00f6r is van. Azonban egyet egy jelenl\u00e9t-\u00e9rz\u00e9kel\u0151 szab\u00e1lyoz. Ugyanis, amikor mi magunk haszn\u00e1ljuk a f\u00fcrd\u0151t, akkor szeretn\u00e9nk k\u00fcl\u00f6nb\u00f6z\u0151 hangulatokat be\u00e1ll\u00edtani.<br \/>\nAzonban a vend\u00e9gek, amikor bemennek kezet mosni, nem szeretn\u00e9k kapcsolgatni a l\u00e1mp\u00e1kat (hiszen nem is tudj\u00e1k, melyik gomb melyik l\u00e1mp\u00e1t kapcsolja). Sokkal k\u00e9nyelmesebb, ha az okos otthon mag\u00e1t\u00f3l felkapcsolja az egyik l\u00e1mp\u00e1t. Mondjuk azt, amelyik a mosd\u00f3 felett van.<br \/>\nViszont, ha mi haszn\u00e1ljuk a f\u00fcrd\u0151t \u00e9s be\u00e1ll\u00edtottunk valamilyen hangulatvil\u00e1g\u00edt\u00e1st, akkor a mozg\u00e1s hat\u00e1s\u00e1ra ne v\u00e1ltozzon ez meg, teh\u00e1t be\u00e1ll\u00edthatjuk, hogy reteszelve legyen az \u00e9rz\u00e9kel\u0151.<br \/>\nAz itt felvonultatott p\u00e9ld\u00e1k csak egy kis r\u00e9sz\u00e9t k\u00e9pezik, a vil\u00e1g\u00edt\u00e1svez\u00e9rl\u00e9s szinte korl\u00e1tlan lehet\u0151s\u00e9geinek. Hiszen a saj\u00e1t \u00e9letvitel\u00fcnkh\u00f6z alkalmazkodik, amikor el\u0151sz\u00f6r beprogramozzuk a sz\u00e1munkra fontos \u00e9s sz\u00fcks\u00e9ges funkci\u00f3kat.<\/p>\n<h3>A vil\u00e1g\u00edt\u00e1svez\u00e9rl\u00e9s seg\u00edts\u00e9g\u00e9vel az okos otthon jelenl\u00e9t-\u00e9rz\u00e9kel\u0151i, mind a mi k\u00e9nyelm\u00fcnket, szok\u00e1sunkat fogja szolg\u00e1lni, hogy a legnagyobb biztons\u00e1gban \u00e9s a legmagasabb komfortban \u00e9lhess\u00fck mindennapjainkat.<\/h3>\n<p>A vil\u00e1g\u00edt\u00e1svez\u00e9rl\u00e9ssel kompatibilis, Berker kapcsol\u00f3csal\u00e1d sz\u00e9les v\u00e1laszt\u00e9k\u00e1nak megtekint\u00e9s\u00e9re, <a href=\"\/en\/\"https:>a Berker.hu oldalunkon<\/a>, van lehet\u0151s\u00e9g.<\/p>\n<p>\u00cdr\u00e1saink:<\/p>\n<ul>\n<li><a href=\"\/en\/\"https:>A Fairhair Alliance specifik\u00e1ci\u00f3kat hoz l\u00e9tre<\/a><\/li>\n<li><a href=\"\/en\/\"https:>KNX \u00e9p\u00fcletfel\u00fcgyeleti rendszer bevezet\u0151<\/a><\/li>\n<\/ul>","protected":false},"excerpt":{"rendered":"<p>A vil\u00e1g\u00edt\u00e1svez\u00e9rl\u00e9s k\u00e9nyelmi funkci\u00f3i egy okos otthonban A vil\u00e1g\u00edt\u00e1svez\u00e9rl\u00e9s nemcsak k\u00e9nyelmes, de egyben nagyon egyszer\u0171 egy mai, korszerszer\u0171 okos otthon [&hellip;]<\/p>\n","protected":false},"author":2,"featured_media":903,"comment_status":"closed","ping_status":"open","sticky":false,"template":"","format":"standard","meta":{"_acf_changed":false,"site-sidebar-layout":"default","site-content-layout":"","ast-site-content-layout":"default","site-content-style":"default","site-sidebar-style":"default","ast-global-header-display":"","ast-banner-title-visibility":"","ast-main-header-display":"","ast-hfb-above-header-display":"","ast-hfb-below-header-display":"","ast-hfb-mobile-header-display":"","site-post-title":"","ast-breadcrumbs-content":"","ast-featured-img":"","footer-sml-layout":"","ast-disable-related-posts":"","theme-transparent-header-meta":"default","adv-header-id-meta":"","stick-header-meta":"default","header-above-stick-meta":"","header-main-stick-meta":"","header-below-stick-meta":"","astra-migrate-meta-layouts":"set","ast-page-background-enabled":"default","ast-page-background-meta":{"desktop":{"background-color":"var(--ast-global-color-4)","background-image":"","background-repeat":"repeat","background-position":"center center","background-size":"auto","background-attachment":"scroll","background-type":"","background-media":"","overlay-type":"","overlay-color":"","overlay-opacity":"","overlay-gradient":""},"tablet":{"background-color":"","background-image":"","background-repeat":"repeat","background-position":"center center","background-size":"auto","background-attachment":"scroll","background-type":"","background-media":"","overlay-type":"","overlay-color":"","overlay-opacity":"","overlay-gradient":""},"mobile":{"background-color":"","background-image":"","background-repeat":"repeat","background-position":"center center","background-size":"auto","background-attachment":"scroll","background-type":"","background-media":"","overlay-type":"","overlay-color":"","overlay-opacity":"","overlay-gradient":""}},"ast-content-background-meta":{"desktop":{"background-color":"var(--ast-global-color-5)","background-image":"","background-repeat":"repeat","background-position":"center center","background-size":"auto","background-attachment":"scroll","background-type":"","background-media":"","overlay-type":"","overlay-color":"","overlay-opacity":"","overlay-gradient":""},"tablet":{"background-color":"var(--ast-global-color-5)","background-image":"","background-repeat":"repeat","background-position":"center center","background-size":"auto","background-attachment":"scroll","background-type":"","background-media":"","overlay-type":"","overlay-color":"","overlay-opacity":"","overlay-gradient":""},"mobile":{"background-color":"var(--ast-global-color-5)","background-image":"","background-repeat":"repeat","background-position":"center center","background-size":"auto","background-attachment":"scroll","background-type":"","background-media":"","overlay-type":"","overlay-color":"","overlay-opacity":"","overlay-gradient":""}},"footnotes":""},"categories":[1],"tags":[37,38],"class_list":["post-902","post","type-post","status-publish","format-standard","has-post-thumbnail","hentry","category-blog","tag-jelenlet-erzekelo","tag-vilagitasvezerles"],"acf":[],"yoast_head":"<!-- This site is optimized with the Yoast SEO plugin v28.3 - https:\/\/yoast.com\/product\/yoast-seo-wordpress\/ -->\n<title>A vil\u00e1g\u00edt\u00e1svez\u00e9rl\u00e9s k\u00e9nyelmi funkci\u00f3i egy okos otthonban - Elektro Kamleithner<\/title>\n<meta name=\"description\" content=\"A vil\u00e1g\u00edt\u00e1svez\u00e9rl\u00e9s k\u00e9nyelmes \u00e9s nagyon egyszer\u0171 egy mai, korszerszer\u0171 okos otthon kialak\u00edt\u00e1s\u00e1n\u00e1l. Az \u00e9p\u00fcletekben sz\u00e1mtalan vil\u00e1g\u00edt\u00e1si \u00e1ramk\u00f6rt tal\u00e1lunk.\" \/>\n<meta name=\"robots\" content=\"index, follow, max-snippet:-1, max-image-preview:large, max-video-preview:-1\" \/>\n<link rel=\"canonical\" href=\"https:\/\/elektro-kamleithner.hu\/en\/vilagitasvezerles-okos-otthonban\/\" \/>\n<meta property=\"og:locale\" content=\"en_GB\" \/>\n<meta property=\"og:type\" content=\"article\" \/>\n<meta property=\"og:title\" content=\"A vil\u00e1g\u00edt\u00e1svez\u00e9rl\u00e9s k\u00e9nyelmi funkci\u00f3i egy okos otthonban - Elektro Kamleithner\" \/>\n<meta property=\"og:description\" content=\"A vil\u00e1g\u00edt\u00e1svez\u00e9rl\u00e9s k\u00e9nyelmes \u00e9s nagyon egyszer\u0171 egy mai, korszerszer\u0171 okos otthon kialak\u00edt\u00e1s\u00e1n\u00e1l. Az \u00e9p\u00fcletekben sz\u00e1mtalan vil\u00e1g\u00edt\u00e1si \u00e1ramk\u00f6rt tal\u00e1lunk.\" \/>\n<meta property=\"og:url\" content=\"https:\/\/elektro-kamleithner.hu\/en\/vilagitasvezerles-okos-otthonban\/\" \/>\n<meta property=\"og:site_name\" content=\"Elektro Kamleithner\" \/>\n<meta property=\"article:publisher\" content=\"https:\/\/www.facebook.com\/ElektroKamleithnerKft\/\" \/>\n<meta property=\"article:published_time\" content=\"2019-04-25T20:04:56+00:00\" \/>\n<meta property=\"og:image\" content=\"https:\/\/elektro-kamleithner.hu\/wp-content\/uploads\/2019\/04\/www.elektro-kamleitner.hu-4-min.jpg\" \/>\n\t<meta property=\"og:image:width\" content=\"600\" \/>\n\t<meta property=\"og:image:height\" content=\"400\" \/>\n\t<meta property=\"og:image:type\" content=\"image\/jpeg\" \/>\n<meta name=\"author\" content=\"Balogh Zolt\u00e1n\" \/>\n<meta name=\"twitter:card\" content=\"summary_large_image\" \/>\n<meta name=\"twitter:label1\" content=\"Written by\" \/>\n\t<meta name=\"twitter:data1\" content=\"Balogh Zolt\u00e1n\" \/>\n\t<meta name=\"twitter:label2\" content=\"Estimated reading time\" \/>\n\t<meta name=\"twitter:data2\" content=\"5 minutes\" \/>\n<script type=\"application\/ld+json\" class=\"yoast-schema-graph\">{\"@context\":\"https:\\\/\\\/schema.org\",\"@graph\":[{\"@type\":\"Article\",\"@id\":\"https:\\\/\\\/elektro-kamleithner.hu\\\/vilagitasvezerles-okos-otthonban\\\/#article\",\"isPartOf\":{\"@id\":\"https:\\\/\\\/elektro-kamleithner.hu\\\/vilagitasvezerles-okos-otthonban\\\/\"},\"author\":{\"name\":\"Balogh Zolt\u00e1n\",\"@id\":\"https:\\\/\\\/elektro-kamleithner.hu\\\/#\\\/schema\\\/person\\\/6bee347fe0f99bcff222317c89ff8c51\"},\"headline\":\"A vil\u00e1g\u00edt\u00e1svez\u00e9rl\u00e9s k\u00e9nyelmi funkci\u00f3i egy okos otthonban\",\"datePublished\":\"2019-04-25T20:04:56+00:00\",\"mainEntityOfPage\":{\"@id\":\"https:\\\/\\\/elektro-kamleithner.hu\\\/vilagitasvezerles-okos-otthonban\\\/\"},\"wordCount\":986,\"publisher\":{\"@id\":\"https:\\\/\\\/elektro-kamleithner.hu\\\/#organization\"},\"image\":{\"@id\":\"https:\\\/\\\/elektro-kamleithner.hu\\\/vilagitasvezerles-okos-otthonban\\\/#primaryimage\"},\"thumbnailUrl\":\"https:\\\/\\\/elektro-kamleithner.hu\\\/wp-content\\\/uploads\\\/2019\\\/04\\\/www.elektro-kamleitner.hu-4-min.jpg\",\"keywords\":[\"jelenl\u00e9t-\u00e9rz\u00e9kel\u0151\",\"vil\u00e1g\u00edt\u00e1svez\u00e9rl\u00e9s\"],\"articleSection\":[\"Blog\"],\"inLanguage\":\"en-GB\"},{\"@type\":\"WebPage\",\"@id\":\"https:\\\/\\\/elektro-kamleithner.hu\\\/vilagitasvezerles-okos-otthonban\\\/\",\"url\":\"https:\\\/\\\/elektro-kamleithner.hu\\\/vilagitasvezerles-okos-otthonban\\\/\",\"name\":\"A vil\u00e1g\u00edt\u00e1svez\u00e9rl\u00e9s k\u00e9nyelmi funkci\u00f3i egy okos otthonban - Elektro Kamleithner\",\"isPartOf\":{\"@id\":\"https:\\\/\\\/elektro-kamleithner.hu\\\/#website\"},\"primaryImageOfPage\":{\"@id\":\"https:\\\/\\\/elektro-kamleithner.hu\\\/vilagitasvezerles-okos-otthonban\\\/#primaryimage\"},\"image\":{\"@id\":\"https:\\\/\\\/elektro-kamleithner.hu\\\/vilagitasvezerles-okos-otthonban\\\/#primaryimage\"},\"thumbnailUrl\":\"https:\\\/\\\/elektro-kamleithner.hu\\\/wp-content\\\/uploads\\\/2019\\\/04\\\/www.elektro-kamleitner.hu-4-min.jpg\",\"datePublished\":\"2019-04-25T20:04:56+00:00\",\"description\":\"A vil\u00e1g\u00edt\u00e1svez\u00e9rl\u00e9s k\u00e9nyelmes \u00e9s nagyon egyszer\u0171 egy mai, korszerszer\u0171 okos otthon kialak\u00edt\u00e1s\u00e1n\u00e1l. Az \u00e9p\u00fcletekben sz\u00e1mtalan vil\u00e1g\u00edt\u00e1si \u00e1ramk\u00f6rt tal\u00e1lunk.\",\"breadcrumb\":{\"@id\":\"https:\\\/\\\/elektro-kamleithner.hu\\\/vilagitasvezerles-okos-otthonban\\\/#breadcrumb\"},\"inLanguage\":\"en-GB\",\"potentialAction\":[{\"@type\":\"ReadAction\",\"target\":[\"https:\\\/\\\/elektro-kamleithner.hu\\\/vilagitasvezerles-okos-otthonban\\\/\"]}]},{\"@type\":\"ImageObject\",\"inLanguage\":\"en-GB\",\"@id\":\"https:\\\/\\\/elektro-kamleithner.hu\\\/vilagitasvezerles-okos-otthonban\\\/#primaryimage\",\"url\":\"https:\\\/\\\/elektro-kamleithner.hu\\\/wp-content\\\/uploads\\\/2019\\\/04\\\/www.elektro-kamleitner.hu-4-min.jpg\",\"contentUrl\":\"https:\\\/\\\/elektro-kamleithner.hu\\\/wp-content\\\/uploads\\\/2019\\\/04\\\/www.elektro-kamleitner.hu-4-min.jpg\",\"width\":600,\"height\":400,\"caption\":\"vil\u00e1g\u00edt\u00e1svez\u00e9rl\u00e9s k\u00e9nyelmi funkci\u00f3i\"},{\"@type\":\"BreadcrumbList\",\"@id\":\"https:\\\/\\\/elektro-kamleithner.hu\\\/vilagitasvezerles-okos-otthonban\\\/#breadcrumb\",\"itemListElement\":[{\"@type\":\"ListItem\",\"position\":1,\"name\":\"Kezd\u0151lap\",\"item\":\"https:\\\/\\\/elektro-kamleithner.hu\\\/\"},{\"@type\":\"ListItem\",\"position\":2,\"name\":\"A vil\u00e1g\u00edt\u00e1svez\u00e9rl\u00e9s k\u00e9nyelmi funkci\u00f3i egy okos otthonban\"}]},{\"@type\":\"WebSite\",\"@id\":\"https:\\\/\\\/elektro-kamleithner.hu\\\/#website\",\"url\":\"https:\\\/\\\/elektro-kamleithner.hu\\\/\",\"name\":\"Elektro Kamleithner\",\"description\":\"Elektro Kamleithner\",\"publisher\":{\"@id\":\"https:\\\/\\\/elektro-kamleithner.hu\\\/#organization\"},\"potentialAction\":[{\"@type\":\"SearchAction\",\"target\":{\"@type\":\"EntryPoint\",\"urlTemplate\":\"https:\\\/\\\/elektro-kamleithner.hu\\\/?s={search_term_string}\"},\"query-input\":{\"@type\":\"PropertyValueSpecification\",\"valueRequired\":true,\"valueName\":\"search_term_string\"}}],\"inLanguage\":\"en-GB\"},{\"@type\":\"Organization\",\"@id\":\"https:\\\/\\\/elektro-kamleithner.hu\\\/#organization\",\"name\":\"Elektro Kamleithner\",\"url\":\"https:\\\/\\\/elektro-kamleithner.hu\\\/\",\"logo\":{\"@type\":\"ImageObject\",\"inLanguage\":\"en-GB\",\"@id\":\"https:\\\/\\\/elektro-kamleithner.hu\\\/#\\\/schema\\\/logo\\\/image\\\/\",\"url\":\"https:\\\/\\\/elektro-kamleithner.hu\\\/wp-content\\\/uploads\\\/2024\\\/09\\\/elektro-white-001.svg\",\"contentUrl\":\"https:\\\/\\\/elektro-kamleithner.hu\\\/wp-content\\\/uploads\\\/2024\\\/09\\\/elektro-white-001.svg\",\"width\":382,\"height\":131,\"caption\":\"Elektro Kamleithner\"},\"image\":{\"@id\":\"https:\\\/\\\/elektro-kamleithner.hu\\\/#\\\/schema\\\/logo\\\/image\\\/\"},\"sameAs\":[\"https:\\\/\\\/www.facebook.com\\\/ElektroKamleithnerKft\\\/\",\"https:\\\/\\\/www.youtube.com\\\/channel\\\/UCdDdwY5NIU2nmN9MjvqnFqg\",\"https:\\\/\\\/www.instagram.com\\\/berker.hu\\\/\"]},{\"@type\":\"Person\",\"@id\":\"https:\\\/\\\/elektro-kamleithner.hu\\\/#\\\/schema\\\/person\\\/6bee347fe0f99bcff222317c89ff8c51\",\"name\":\"Balogh Zolt\u00e1n\",\"image\":{\"@type\":\"ImageObject\",\"inLanguage\":\"en-GB\",\"@id\":\"https:\\\/\\\/secure.gravatar.com\\\/avatar\\\/83c725ba6ed0c327cf067a335b7156b3cb23f8585104d5ab2cd7bc81e6b47877?s=96&d=mm&r=g\",\"url\":\"https:\\\/\\\/secure.gravatar.com\\\/avatar\\\/83c725ba6ed0c327cf067a335b7156b3cb23f8585104d5ab2cd7bc81e6b47877?s=96&d=mm&r=g\",\"contentUrl\":\"https:\\\/\\\/secure.gravatar.com\\\/avatar\\\/83c725ba6ed0c327cf067a335b7156b3cb23f8585104d5ab2cd7bc81e6b47877?s=96&d=mm&r=g\",\"caption\":\"Balogh Zolt\u00e1n\"},\"url\":\"https:\\\/\\\/elektro-kamleithner.hu\\\/en\\\/author\\\/admin\\\/\"}]}<\/script>\n<!-- \/ Yoast SEO plugin. -->","yoast_head_json":{"title":"A vil\u00e1g\u00edt\u00e1svez\u00e9rl\u00e9s k\u00e9nyelmi funkci\u00f3i egy okos otthonban - Elektro Kamleithner","description":"A vil\u00e1g\u00edt\u00e1svez\u00e9rl\u00e9s k\u00e9nyelmes \u00e9s nagyon egyszer\u0171 egy mai, korszerszer\u0171 okos otthon kialak\u00edt\u00e1s\u00e1n\u00e1l. Az \u00e9p\u00fcletekben sz\u00e1mtalan vil\u00e1g\u00edt\u00e1si \u00e1ramk\u00f6rt tal\u00e1lunk.","robots":{"index":"index","follow":"follow","max-snippet":"max-snippet:-1","max-image-preview":"max-image-preview:large","max-video-preview":"max-video-preview:-1"},"canonical":"https:\/\/elektro-kamleithner.hu\/en\/vilagitasvezerles-okos-otthonban\/","og_locale":"en_GB","og_type":"article","og_title":"A vil\u00e1g\u00edt\u00e1svez\u00e9rl\u00e9s k\u00e9nyelmi funkci\u00f3i egy okos otthonban - Elektro Kamleithner","og_description":"A vil\u00e1g\u00edt\u00e1svez\u00e9rl\u00e9s k\u00e9nyelmes \u00e9s nagyon egyszer\u0171 egy mai, korszerszer\u0171 okos otthon kialak\u00edt\u00e1s\u00e1n\u00e1l. Az \u00e9p\u00fcletekben sz\u00e1mtalan vil\u00e1g\u00edt\u00e1si \u00e1ramk\u00f6rt tal\u00e1lunk.","og_url":"https:\/\/elektro-kamleithner.hu\/en\/vilagitasvezerles-okos-otthonban\/","og_site_name":"Elektro Kamleithner","article_publisher":"https:\/\/www.facebook.com\/ElektroKamleithnerKft\/","article_published_time":"2019-04-25T20:04:56+00:00","og_image":[{"width":600,"height":400,"url":"https:\/\/elektro-kamleithner.hu\/wp-content\/uploads\/2019\/04\/www.elektro-kamleitner.hu-4-min.jpg","type":"image\/jpeg"}],"author":"Balogh Zolt\u00e1n","twitter_card":"summary_large_image","twitter_misc":{"Written by":"Balogh Zolt\u00e1n","Estimated reading time":"5 minutes"},"schema":{"@context":"https:\/\/schema.org","@graph":[{"@type":"Article","@id":"https:\/\/elektro-kamleithner.hu\/vilagitasvezerles-okos-otthonban\/#article","isPartOf":{"@id":"https:\/\/elektro-kamleithner.hu\/vilagitasvezerles-okos-otthonban\/"},"author":{"name":"Balogh Zolt\u00e1n","@id":"https:\/\/elektro-kamleithner.hu\/#\/schema\/person\/6bee347fe0f99bcff222317c89ff8c51"},"headline":"A vil\u00e1g\u00edt\u00e1svez\u00e9rl\u00e9s k\u00e9nyelmi funkci\u00f3i egy okos otthonban","datePublished":"2019-04-25T20:04:56+00:00","mainEntityOfPage":{"@id":"https:\/\/elektro-kamleithner.hu\/vilagitasvezerles-okos-otthonban\/"},"wordCount":986,"publisher":{"@id":"https:\/\/elektro-kamleithner.hu\/#organization"},"image":{"@id":"https:\/\/elektro-kamleithner.hu\/vilagitasvezerles-okos-otthonban\/#primaryimage"},"thumbnailUrl":"https:\/\/elektro-kamleithner.hu\/wp-content\/uploads\/2019\/04\/www.elektro-kamleitner.hu-4-min.jpg","keywords":["jelenl\u00e9t-\u00e9rz\u00e9kel\u0151","vil\u00e1g\u00edt\u00e1svez\u00e9rl\u00e9s"],"articleSection":["Blog"],"inLanguage":"en-GB"},{"@type":"WebPage","@id":"https:\/\/elektro-kamleithner.hu\/vilagitasvezerles-okos-otthonban\/","url":"https:\/\/elektro-kamleithner.hu\/vilagitasvezerles-okos-otthonban\/","name":"A vil\u00e1g\u00edt\u00e1svez\u00e9rl\u00e9s k\u00e9nyelmi funkci\u00f3i egy okos otthonban - Elektro Kamleithner","isPartOf":{"@id":"https:\/\/elektro-kamleithner.hu\/#website"},"primaryImageOfPage":{"@id":"https:\/\/elektro-kamleithner.hu\/vilagitasvezerles-okos-otthonban\/#primaryimage"},"image":{"@id":"https:\/\/elektro-kamleithner.hu\/vilagitasvezerles-okos-otthonban\/#primaryimage"},"thumbnailUrl":"https:\/\/elektro-kamleithner.hu\/wp-content\/uploads\/2019\/04\/www.elektro-kamleitner.hu-4-min.jpg","datePublished":"2019-04-25T20:04:56+00:00","description":"A vil\u00e1g\u00edt\u00e1svez\u00e9rl\u00e9s k\u00e9nyelmes \u00e9s nagyon egyszer\u0171 egy mai, korszerszer\u0171 okos otthon kialak\u00edt\u00e1s\u00e1n\u00e1l. Az \u00e9p\u00fcletekben sz\u00e1mtalan vil\u00e1g\u00edt\u00e1si \u00e1ramk\u00f6rt tal\u00e1lunk.","breadcrumb":{"@id":"https:\/\/elektro-kamleithner.hu\/vilagitasvezerles-okos-otthonban\/#breadcrumb"},"inLanguage":"en-GB","potentialAction":[{"@type":"ReadAction","target":["https:\/\/elektro-kamleithner.hu\/vilagitasvezerles-okos-otthonban\/"]}]},{"@type":"ImageObject","inLanguage":"en-GB","@id":"https:\/\/elektro-kamleithner.hu\/vilagitasvezerles-okos-otthonban\/#primaryimage","url":"https:\/\/elektro-kamleithner.hu\/wp-content\/uploads\/2019\/04\/www.elektro-kamleitner.hu-4-min.jpg","contentUrl":"https:\/\/elektro-kamleithner.hu\/wp-content\/uploads\/2019\/04\/www.elektro-kamleitner.hu-4-min.jpg","width":600,"height":400,"caption":"vil\u00e1g\u00edt\u00e1svez\u00e9rl\u00e9s k\u00e9nyelmi funkci\u00f3i"},{"@type":"BreadcrumbList","@id":"https:\/\/elektro-kamleithner.hu\/vilagitasvezerles-okos-otthonban\/#breadcrumb","itemListElement":[{"@type":"ListItem","position":1,"name":"Kezd\u0151lap","item":"https:\/\/elektro-kamleithner.hu\/"},{"@type":"ListItem","position":2,"name":"A vil\u00e1g\u00edt\u00e1svez\u00e9rl\u00e9s k\u00e9nyelmi funkci\u00f3i egy okos otthonban"}]},{"@type":"WebSite","@id":"https:\/\/elektro-kamleithner.hu\/#website","url":"https:\/\/elektro-kamleithner.hu\/","name":"Elektro Kamleithner","description":"Elektro Kamleithner","publisher":{"@id":"https:\/\/elektro-kamleithner.hu\/#organization"},"potentialAction":[{"@type":"SearchAction","target":{"@type":"EntryPoint","urlTemplate":"https:\/\/elektro-kamleithner.hu\/?s={search_term_string}"},"query-input":{"@type":"PropertyValueSpecification","valueRequired":true,"valueName":"search_term_string"}}],"inLanguage":"en-GB"},{"@type":"Organization","@id":"https:\/\/elektro-kamleithner.hu\/#organization","name":"Elektro Kamleithner","url":"https:\/\/elektro-kamleithner.hu\/","logo":{"@type":"ImageObject","inLanguage":"en-GB","@id":"https:\/\/elektro-kamleithner.hu\/#\/schema\/logo\/image\/","url":"https:\/\/elektro-kamleithner.hu\/wp-content\/uploads\/2024\/09\/elektro-white-001.svg","contentUrl":"https:\/\/elektro-kamleithner.hu\/wp-content\/uploads\/2024\/09\/elektro-white-001.svg","width":382,"height":131,"caption":"Elektro Kamleithner"},"image":{"@id":"https:\/\/elektro-kamleithner.hu\/#\/schema\/logo\/image\/"},"sameAs":["https:\/\/www.facebook.com\/ElektroKamleithnerKft\/","https:\/\/www.youtube.com\/channel\/UCdDdwY5NIU2nmN9MjvqnFqg","https:\/\/www.instagram.com\/berker.hu\/"]},{"@type":"Person","@id":"https:\/\/elektro-kamleithner.hu\/#\/schema\/person\/6bee347fe0f99bcff222317c89ff8c51","name":"Balogh Zolt\u00e1n","image":{"@type":"ImageObject","inLanguage":"en-GB","@id":"https:\/\/secure.gravatar.com\/avatar\/83c725ba6ed0c327cf067a335b7156b3cb23f8585104d5ab2cd7bc81e6b47877?s=96&d=mm&r=g","url":"https:\/\/secure.gravatar.com\/avatar\/83c725ba6ed0c327cf067a335b7156b3cb23f8585104d5ab2cd7bc81e6b47877?s=96&d=mm&r=g","contentUrl":"https:\/\/secure.gravatar.com\/avatar\/83c725ba6ed0c327cf067a335b7156b3cb23f8585104d5ab2cd7bc81e6b47877?s=96&d=mm&r=g","caption":"Balogh Zolt\u00e1n"},"url":"https:\/\/elektro-kamleithner.hu\/en\/author\/admin\/"}]}},"_links":{"self":[{"href":"https:\/\/elektro-kamleithner.hu\/en\/wp-json\/wp\/v2\/posts\/902","targetHints":{"allow":["GET"]}}],"collection":[{"href":"https:\/\/elektro-kamleithner.hu\/en\/wp-json\/wp\/v2\/posts"}],"about":[{"href":"https:\/\/elektro-kamleithner.hu\/en\/wp-json\/wp\/v2\/types\/post"}],"author":[{"embeddable":true,"href":"https:\/\/elektro-kamleithner.hu\/en\/wp-json\/wp\/v2\/users\/2"}],"replies":[{"embeddable":true,"href":"https:\/\/elektro-kamleithner.hu\/en\/wp-json\/wp\/v2\/comments?post=902"}],"version-history":[{"count":0,"href":"https:\/\/elektro-kamleithner.hu\/en\/wp-json\/wp\/v2\/posts\/902\/revisions"}],"wp:featuredmedia":[{"embeddable":true,"href":"https:\/\/elektro-kamleithner.hu\/en\/wp-json\/wp\/v2\/media\/903"}],"wp:attachment":[{"href":"https:\/\/elektro-kamleithner.hu\/en\/wp-json\/wp\/v2\/media?parent=902"}],"wp:term":[{"taxonomy":"category","embeddable":true,"href":"https:\/\/elektro-kamleithner.hu\/en\/wp-json\/wp\/v2\/categories?post=902"},{"taxonomy":"post_tag","embeddable":true,"href":"https:\/\/elektro-kamleithner.hu\/en\/wp-json\/wp\/v2\/tags?post=902"}],"curies":[{"name":"wp","href":"https:\/\/api.w.org\/{rel}","templated":true}]}}