{"id":8669,"date":"2026-01-23T12:28:21","date_gmt":"2026-01-23T11:28:21","guid":{"rendered":"https:\/\/evernox.hu\/irodahaz-automatizalasa-knx-rendszerrel-hatekonysag-rendszerszinten\/"},"modified":"2026-01-27T14:51:18","modified_gmt":"2026-01-27T13:51:18","slug":"irodahaz-automatizalasa-knx-rendszerrel-hatekonysag-rendszerszinten","status":"publish","type":"post","link":"https:\/\/elektro-kamleithner.hu\/en\/irodahaz-automatizalasa-knx-rendszerrel-hatekonysag-rendszerszinten\/","title":{"rendered":"Irodah\u00e1z automatiz\u00e1l\u00e1sa KNX rendszerrel &#8211; hat\u00e9konys\u00e1g rendszerszinten"},"content":{"rendered":"<h2>Automatiz\u00e1l\u00e1s, mint \u00fczemeltet\u00e9si alapfelt\u00e9tel<\/h2>\n<p>Az irodah\u00e1zak m\u0171k\u00f6d\u00e9s\u00e9t ma m\u00e1r nem lehet kiz\u00e1r\u00f3lag statikus tervez\u00e9si adatokra \u00e9s fix id\u0151programokra alapozni. A kihaszn\u00e1lts\u00e1g folyamatosan v\u00e1ltozik, a b\u00e9rl\u0151i szok\u00e1sok elt\u00e9r\u0151ek, mik\u00f6zben az energia\u00e1rak \u00e9s a fenntarthat\u00f3s\u00e1gi elv\u00e1r\u00e1sok egyre nagyobb nyom\u00e1st helyeznek az \u00fczemeltet\u00e9sre. Ebben a k\u00f6rnyezetben az automatiz\u00e1l\u00e1s nem k\u00e9nyelmi funkci\u00f3, hanem az \u00e9p\u00fclet hat\u00e9kony \u00e9s kisz\u00e1m\u00edthat\u00f3 m\u0171k\u00f6d\u00e9s\u00e9nek m\u0171szaki alapja.<\/p>\n<p>A KNX szabv\u00e1ny ebben a szerepben nem egy konkr\u00e9t gy\u00e1rt\u00f3i megold\u00e1st k\u00e9pvisel, hanem egy egys\u00e9ges, vez\u00e9rl\u00e9si k\u00f6rnyezetet, amely k\u00e9pes a vil\u00e1g\u00edt\u00e1si, g\u00e9p\u00e9szeti \u00e9s energiafel\u00fcgyeleti rendszerek \u00f6sszehangolt m\u0171k\u00f6dtet\u00e9s\u00e9re.<\/p>\n<h2>Az energiahat\u00e9konys\u00e1g val\u00f3s oka: az \u00f6sszehangolt szab\u00e1lyoz\u00e1s<\/h2>\n<p>Irodah\u00e1zakn\u00e1l az energiafogyaszt\u00e1s jelent\u0151s r\u00e9sze nem a berendez\u00e9sek m\u0171szaki hat\u00e1sfok\u00e1b\u00f3l, hanem az \u00fczem\u00e1llapotokb\u00f3l ered.<\/p>\n<p>Azaz a k\u00fcl\u00f6nb\u00f6z\u0151 rendszerek vil\u00e1g\u00edt\u00e1s, \u00e1rny\u00e9kol\u00e1s, f\u0171t\u00e9s \/ h\u0171t\u00e9s rendszer egym\u00e1st\u00f3l f\u00fcggetlen\u00fcl reag\u00e1lnak azonos k\u00f6rnyezeti hat\u00e1sokra, illetve a fehaszn\u00e1l\u00f3k feled\u00e9kenys\u00e9g\u00e9b\u0151l fakad\u00f3an jelent\u0151s t\u00f6bblet energia ker\u00fcl felhaszn\u00e1l\u00e1sra. Ezek a jelens\u00e9gek nem tervez\u00e9si hib\u00e1k, hanem az integr\u00e1ci\u00f3 hi\u00e1ny\u00e1b\u00f3l fakad\u00f3 m\u0171k\u00f6d\u00e9si probl\u00e9m\u00e1k.<\/p>\n<p>KNX-alap\u00fa automatiz\u00e1l\u00e1s eset\u00e9n a hangs\u00faly nem a kapcsol\u00e1son, hanem a szab\u00e1lyoz\u00e1son van. A vil\u00e1g\u00edt\u00e1s term\u00e9szetes f\u00e9nyhez igazodva tartja a k\u00edv\u00e1nt f\u00e9nyszintet, a HVAC m\u0171k\u00f6d\u00e9s\u00e9t befoly\u00e1solja a t\u00e9nyleges foglalts\u00e1g \u00e9s az \u00e1rny\u00e9kol\u00e1s \u00e1llapota, az \u00e9p\u00fclet pedig k\u00fcls\u0151 klimatikus adatok alapj\u00e1n k\u00e9pes el\u0151re reag\u00e1lni. Ez a rendszerszint\u0171 egy\u00fcttm\u0171k\u00f6d\u00e9s az oka annak, hogy az EN ISO 52120 szabv\u00e1ny szerint a magasabb automatiz\u00e1l\u00e1si oszt\u00e1lyok m\u00e9rhet\u0151 primerenergia-megtakar\u00edt\u00e1st eredm\u00e9nyeznek.<\/p>\n<h2>Decentraliz\u00e1lt architekt\u00fara \u00e9s \u00fczembiztons\u00e1g<\/h2>\n<p>A KNX m\u0171szaki filoz\u00f3fi\u00e1j\u00e1nak egyik legfontosabb eleme az elosztott intelligencia. Az egyes funkci\u00f3k nem egy k\u00f6zponti vez\u00e9rl\u0151t\u0151l f\u00fcggenek, hanem a rendszer elemei \u00f6n\u00e1ll\u00f3an, egym\u00e1ssal kommunik\u00e1lva m\u0171k\u00f6dnek. Irodah\u00e1zi k\u00f6rnyezetben ez k\u00fcl\u00f6n\u00f6sen fontos, mivel egy k\u00f6zponti hiba nem okozhat teljes \u00e9p\u00fcletle\u00e1ll\u00e1st.<\/p>\n<p>A decentraliz\u00e1lt fel\u00e9p\u00edt\u00e9s lehet\u0151v\u00e9 teszi, hogy egy adott z\u00f3na \u00e1talak\u00edt\u00e1sa vagy funkci\u00f3v\u00e1lt\u00e1sa az \u00e9p\u00fclet t\u00f6bbi r\u00e9sz\u00e9nek \u00e9rint\u00e9se n\u00e9lk\u00fcl t\u00f6rt\u00e9njen meg. Ez a rugalmass\u00e1g k\u00fcl\u00f6n\u00f6sen t\u00f6bb b\u00e9rl\u0151s irodah\u00e1zakn\u00e1l jelent el\u0151nyt, ahol az \u00e1talak\u00edt\u00e1sok jellemz\u0151en \u00fczem k\u00f6zben zajlanak, \u00e9s az automatiz\u00e1l\u00e1si rendszernek alkalmazkodnia kell a v\u00e1ltoz\u00f3 ig\u00e9nyekhez.<\/p>\n<h2>HVAC-integr\u00e1ci\u00f3 \u00e9s stabil komfortszint<\/h2>\n<p>A g\u00e9p\u00e9szeti rendszerek hat\u00e9kony m\u0171k\u00f6d\u00e9se irodah\u00e1zakn\u00e1l nem \u00e9rhet\u0151 el \u00f6n\u00e1ll\u00f3 termoszt\u00e1tokkal. A h\u0151komfort stabilit\u00e1sa \u00e9s az energiafelhaszn\u00e1l\u00e1s optimaliz\u00e1l\u00e1sa csak akkor val\u00f3sul meg, ha a h\u0171t\u00e9s, f\u0171t\u00e9s, szell\u0151z\u00e9s \u00e9s \u00e1rny\u00e9kol\u00e1s k\u00f6z\u00f6s vez\u00e9rl\u00e9si logika szerint m\u0171k\u00f6dik.<\/p>\n<p>KNX k\u00f6rnyezetben a g\u00e9p\u00e9szeti vez\u00e9rl\u00e9s figyelembe tudja venni a k\u00fcls\u0151 h\u0151m\u00e9rs\u00e9kletet, a napsug\u00e1rz\u00e1st, a helyis\u00e9gek haszn\u00e1lat\u00e1t \u00e9s az id\u0151programokat, \u00edgy elker\u00fclhet\u0151 a p\u00e1rhuzamos f\u0171t\u00e9s\u2013h\u0171t\u00e9s, valamint a felesleges cs\u00facsterhel\u00e9s. Ennek eredm\u00e9nye nemcsak alacsonyabb energiafogyaszt\u00e1s, hanem egyenletesebb komfort\u00e9rzet \u00e9s kisebb g\u00e9p\u00e9szeti ig\u00e9nybev\u00e9tel is.<\/p>\n<h2>\u00dczemeltet\u00e9s \u00e9s adatvez\u00e9relt optimaliz\u00e1l\u00e1s<\/h2>\n<p>Az automatiz\u00e1l\u00e1s val\u00f3di \u00e9rt\u00e9ke az \u00fczemeltet\u00e9s sor\u00e1n jelenik meg. KNX-alap\u00fa rendszer eset\u00e9n az \u00e9p\u00fclet m\u0171k\u00f6d\u00e9se m\u00e9rhet\u0151v\u00e9 v\u00e1lik: az energiafogyaszt\u00e1s, az \u00fczem\u00e1llapotok \u00e9s a vez\u00e9rl\u00e9si esem\u00e9nyek napl\u00f3zhat\u00f3k \u00e9s vizualiz\u00e1lhat\u00f3k. Ez lehet\u0151s\u00e9get ad arra, hogy az \u00fczemeltet\u0151 ne csak reag\u00e1ljon a probl\u00e9m\u00e1kra, hanem el\u0151re optimaliz\u00e1lja a m\u0171k\u00f6d\u00e9st.<\/p>\n<p>Ez a szeml\u00e9let k\u00fcl\u00f6n\u00f6sen fontos olyan irodah\u00e1zakn\u00e1l, ahol ESG-, LEED- vagy BREEAM-k\u00f6vetelm\u00e9nyek is megjelennek, \u00e9s az energiahat\u00e9konys\u00e1g m\u00e1r nemcsak m\u0171szaki, hanem dokument\u00e1lhat\u00f3 teljes\u00edtm\u00e9nyelv\u00e1r\u00e1s. A k\u00fcl\u00f6nb\u00f6z\u0151 k\u00f6vetelm\u00e9nyek\/min\u0151s\u00edt\u00e9sek el\u00e9r\u00e9shez elengedhetetlen a j\u00f3l \u00f6sszehangolt \u00e9p\u00fcletfel\u00fcgyeleti rendszer melyet a KNX \u00e9p\u00fcletautomatiz\u00e1l\u00e1si szabv\u00e1ny jelent\u0151s m\u00e9rt\u00e9kben tud t\u00e1mogatni.<\/p>\n<h2>Rendszersz\u00ednt\u0171 tanuls\u00e1gok<\/h2>\n<p>A KNX-alap\u00fa irodah\u00e1z-automatiz\u00e1l\u00e1s nem funkci\u00f3k gy\u0171jtem\u00e9nye, hanem egy struktur\u00e1lt m\u0171szaki keretrendszer, amely a vil\u00e1g\u00edt\u00e1s, a g\u00e9p\u00e9szet \u00e9s az energiafel\u00fcgyelet \u00f6sszehangolt m\u0171k\u00f6d\u00e9s\u00e9re \u00e9p\u00fcl. A c\u00e9l nem az, hogy az \u00e9p\u00fclet \u201eokosnak\u201d t\u0171nj\u00f6n, hanem az, hogy stabilan, kisz\u00e1m\u00edthat\u00f3an \u00e9s energiahat\u00e9konyan m\u0171k\u00f6dj\u00f6n hossz\u00fa t\u00e1von. Ebben az \u00e9rtelemben a KNX nem alternat\u00edva, hanem m\u0171szaki alap egy korszer\u0171 irodah\u00e1z eset\u00e9ben.<\/p>","protected":false},"excerpt":{"rendered":"<p>Automatiz\u00e1l\u00e1s, mint \u00fczemeltet\u00e9si alapfelt\u00e9tel Az irodah\u00e1zak m\u0171k\u00f6d\u00e9s\u00e9t ma m\u00e1r nem lehet kiz\u00e1r\u00f3lag statikus tervez\u00e9si adatokra \u00e9s fix id\u0151programokra alapozni. A [&hellip;]<\/p>\n","protected":false},"author":2,"featured_media":8670,"comment_status":"closed","ping_status":"open","sticky":false,"template":"","format":"standard","meta":{"_acf_changed":false,"site-sidebar-layout":"default","site-content-layout":"","ast-site-content-layout":"default","site-content-style":"default","site-sidebar-style":"default","ast-global-header-display":"","ast-banner-title-visibility":"","ast-main-header-display":"","ast-hfb-above-header-display":"","ast-hfb-below-header-display":"","ast-hfb-mobile-header-display":"","site-post-title":"","ast-breadcrumbs-content":"","ast-featured-img":"","footer-sml-layout":"","ast-disable-related-posts":"","theme-transparent-header-meta":"default","adv-header-id-meta":"","stick-header-meta":"default","header-above-stick-meta":"","header-main-stick-meta":"","header-below-stick-meta":"","astra-migrate-meta-layouts":"set","ast-page-background-enabled":"default","ast-page-background-meta":{"desktop":{"background-color":"var(--ast-global-color-4)","background-image":"","background-repeat":"repeat","background-position":"center center","background-size":"auto","background-attachment":"scroll","background-type":"","background-media":"","overlay-type":"","overlay-color":"","overlay-opacity":"","overlay-gradient":""},"tablet":{"background-color":"","background-image":"","background-repeat":"repeat","background-position":"center center","background-size":"auto","background-attachment":"scroll","background-type":"","background-media":"","overlay-type":"","overlay-color":"","overlay-opacity":"","overlay-gradient":""},"mobile":{"background-color":"","background-image":"","background-repeat":"repeat","background-position":"center center","background-size":"auto","background-attachment":"scroll","background-type":"","background-media":"","overlay-type":"","overlay-color":"","overlay-opacity":"","overlay-gradient":""}},"ast-content-background-meta":{"desktop":{"background-color":"var(--ast-global-color-5)","background-image":"","background-repeat":"repeat","background-position":"center center","background-size":"auto","background-attachment":"scroll","background-type":"","background-media":"","overlay-type":"","overlay-color":"","overlay-opacity":"","overlay-gradient":""},"tablet":{"background-color":"var(--ast-global-color-5)","background-image":"","background-repeat":"repeat","background-position":"center center","background-size":"auto","background-attachment":"scroll","background-type":"","background-media":"","overlay-type":"","overlay-color":"","overlay-opacity":"","overlay-gradient":""},"mobile":{"background-color":"var(--ast-global-color-5)","background-image":"","background-repeat":"repeat","background-position":"center center","background-size":"auto","background-attachment":"scroll","background-type":"","background-media":"","overlay-type":"","overlay-color":"","overlay-opacity":"","overlay-gradient":""}},"footnotes":""},"categories":[1],"tags":[],"class_list":["post-8669","post","type-post","status-publish","format-standard","has-post-thumbnail","hentry","category-blog"],"acf":[],"yoast_head":"<!-- This site is optimized with the Yoast SEO plugin v28.3 - https:\/\/yoast.com\/product\/yoast-seo-wordpress\/ -->\n<title>Irodah\u00e1z automatiz\u00e1l\u00e1sa KNX rendszerrel - hat\u00e9konys\u00e1g rendszerszinten - Elektro Kamleithner<\/title>\n<meta name=\"robots\" content=\"index, follow, max-snippet:-1, max-image-preview:large, max-video-preview:-1\" \/>\n<link rel=\"canonical\" href=\"https:\/\/elektro-kamleithner.hu\/en\/irodahaz-automatizalasa-knx-rendszerrel-hatekonysag-rendszerszinten\/\" \/>\n<meta property=\"og:locale\" content=\"en_GB\" \/>\n<meta property=\"og:type\" content=\"article\" \/>\n<meta property=\"og:title\" content=\"Irodah\u00e1z automatiz\u00e1l\u00e1sa KNX rendszerrel - hat\u00e9konys\u00e1g rendszerszinten - Elektro Kamleithner\" \/>\n<meta property=\"og:description\" content=\"Automatiz\u00e1l\u00e1s, mint \u00fczemeltet\u00e9si alapfelt\u00e9tel Az irodah\u00e1zak m\u0171k\u00f6d\u00e9s\u00e9t ma m\u00e1r nem lehet kiz\u00e1r\u00f3lag statikus tervez\u00e9si adatokra \u00e9s fix id\u0151programokra alapozni. A [&hellip;]\" \/>\n<meta property=\"og:url\" content=\"https:\/\/elektro-kamleithner.hu\/en\/irodahaz-automatizalasa-knx-rendszerrel-hatekonysag-rendszerszinten\/\" \/>\n<meta property=\"og:site_name\" content=\"Elektro Kamleithner\" \/>\n<meta property=\"article:publisher\" content=\"https:\/\/www.facebook.com\/ElektroKamleithnerKft\/\" \/>\n<meta property=\"article:published_time\" content=\"2026-01-23T11:28:21+00:00\" \/>\n<meta property=\"article:modified_time\" content=\"2026-01-27T13:51:18+00:00\" \/>\n<meta property=\"og:image\" content=\"https:\/\/elektro-kamleithner.hu\/wp-content\/uploads\/2026\/01\/e-villamos-6.-jpg.jpg\" \/>\n\t<meta property=\"og:image:width\" content=\"800\" \/>\n\t<meta property=\"og:image:height\" content=\"418\" \/>\n\t<meta property=\"og:image:type\" content=\"image\/jpeg\" \/>\n<meta name=\"author\" content=\"Balogh Zolt\u00e1n\" \/>\n<meta name=\"twitter:card\" content=\"summary_large_image\" \/>\n<meta name=\"twitter:label1\" content=\"Written by\" \/>\n\t<meta name=\"twitter:data1\" content=\"Balogh Zolt\u00e1n\" \/>\n\t<meta name=\"twitter:label2\" content=\"Estimated reading time\" \/>\n\t<meta name=\"twitter:data2\" content=\"5 minutes\" \/>\n<script type=\"application\/ld+json\" class=\"yoast-schema-graph\">{\"@context\":\"https:\\\/\\\/schema.org\",\"@graph\":[{\"@type\":\"Article\",\"@id\":\"https:\\\/\\\/elektro-kamleithner.hu\\\/irodahaz-automatizalasa-knx-rendszerrel-hatekonysag-rendszerszinten\\\/#article\",\"isPartOf\":{\"@id\":\"https:\\\/\\\/elektro-kamleithner.hu\\\/irodahaz-automatizalasa-knx-rendszerrel-hatekonysag-rendszerszinten\\\/\"},\"author\":{\"name\":\"Balogh Zolt\u00e1n\",\"@id\":\"https:\\\/\\\/elektro-kamleithner.hu\\\/#\\\/schema\\\/person\\\/6bee347fe0f99bcff222317c89ff8c51\"},\"headline\":\"Irodah\u00e1z automatiz\u00e1l\u00e1sa KNX rendszerrel &#8211; hat\u00e9konys\u00e1g rendszerszinten\",\"datePublished\":\"2026-01-23T11:28:21+00:00\",\"dateModified\":\"2026-01-27T13:51:18+00:00\",\"mainEntityOfPage\":{\"@id\":\"https:\\\/\\\/elektro-kamleithner.hu\\\/irodahaz-automatizalasa-knx-rendszerrel-hatekonysag-rendszerszinten\\\/\"},\"wordCount\":940,\"publisher\":{\"@id\":\"https:\\\/\\\/elektro-kamleithner.hu\\\/#organization\"},\"image\":{\"@id\":\"https:\\\/\\\/elektro-kamleithner.hu\\\/irodahaz-automatizalasa-knx-rendszerrel-hatekonysag-rendszerszinten\\\/#primaryimage\"},\"thumbnailUrl\":\"https:\\\/\\\/elektro-kamleithner.hu\\\/wp-content\\\/uploads\\\/2026\\\/01\\\/e-villamos-6.-jpg.jpg\",\"articleSection\":[\"Blog\"],\"inLanguage\":\"en-GB\"},{\"@type\":\"WebPage\",\"@id\":\"https:\\\/\\\/elektro-kamleithner.hu\\\/irodahaz-automatizalasa-knx-rendszerrel-hatekonysag-rendszerszinten\\\/\",\"url\":\"https:\\\/\\\/elektro-kamleithner.hu\\\/irodahaz-automatizalasa-knx-rendszerrel-hatekonysag-rendszerszinten\\\/\",\"name\":\"Irodah\u00e1z automatiz\u00e1l\u00e1sa KNX rendszerrel - hat\u00e9konys\u00e1g rendszerszinten - Elektro Kamleithner\",\"isPartOf\":{\"@id\":\"https:\\\/\\\/elektro-kamleithner.hu\\\/#website\"},\"primaryImageOfPage\":{\"@id\":\"https:\\\/\\\/elektro-kamleithner.hu\\\/irodahaz-automatizalasa-knx-rendszerrel-hatekonysag-rendszerszinten\\\/#primaryimage\"},\"image\":{\"@id\":\"https:\\\/\\\/elektro-kamleithner.hu\\\/irodahaz-automatizalasa-knx-rendszerrel-hatekonysag-rendszerszinten\\\/#primaryimage\"},\"thumbnailUrl\":\"https:\\\/\\\/elektro-kamleithner.hu\\\/wp-content\\\/uploads\\\/2026\\\/01\\\/e-villamos-6.-jpg.jpg\",\"datePublished\":\"2026-01-23T11:28:21+00:00\",\"dateModified\":\"2026-01-27T13:51:18+00:00\",\"breadcrumb\":{\"@id\":\"https:\\\/\\\/elektro-kamleithner.hu\\\/irodahaz-automatizalasa-knx-rendszerrel-hatekonysag-rendszerszinten\\\/#breadcrumb\"},\"inLanguage\":\"en-GB\",\"potentialAction\":[{\"@type\":\"ReadAction\",\"target\":[\"https:\\\/\\\/elektro-kamleithner.hu\\\/irodahaz-automatizalasa-knx-rendszerrel-hatekonysag-rendszerszinten\\\/\"]}]},{\"@type\":\"ImageObject\",\"inLanguage\":\"en-GB\",\"@id\":\"https:\\\/\\\/elektro-kamleithner.hu\\\/irodahaz-automatizalasa-knx-rendszerrel-hatekonysag-rendszerszinten\\\/#primaryimage\",\"url\":\"https:\\\/\\\/elektro-kamleithner.hu\\\/wp-content\\\/uploads\\\/2026\\\/01\\\/e-villamos-6.-jpg.jpg\",\"contentUrl\":\"https:\\\/\\\/elektro-kamleithner.hu\\\/wp-content\\\/uploads\\\/2026\\\/01\\\/e-villamos-6.-jpg.jpg\",\"width\":800,\"height\":418,\"caption\":\"e villamos 6. jpg\"},{\"@type\":\"BreadcrumbList\",\"@id\":\"https:\\\/\\\/elektro-kamleithner.hu\\\/irodahaz-automatizalasa-knx-rendszerrel-hatekonysag-rendszerszinten\\\/#breadcrumb\",\"itemListElement\":[{\"@type\":\"ListItem\",\"position\":1,\"name\":\"Kezd\u0151lap\",\"item\":\"https:\\\/\\\/elektro-kamleithner.hu\\\/\"},{\"@type\":\"ListItem\",\"position\":2,\"name\":\"Irodah\u00e1z automatiz\u00e1l\u00e1sa KNX rendszerrel &#8211; hat\u00e9konys\u00e1g rendszerszinten\"}]},{\"@type\":\"WebSite\",\"@id\":\"https:\\\/\\\/elektro-kamleithner.hu\\\/#website\",\"url\":\"https:\\\/\\\/elektro-kamleithner.hu\\\/\",\"name\":\"Elektro Kamleithner\",\"description\":\"Elektro Kamleithner\",\"publisher\":{\"@id\":\"https:\\\/\\\/elektro-kamleithner.hu\\\/#organization\"},\"potentialAction\":[{\"@type\":\"SearchAction\",\"target\":{\"@type\":\"EntryPoint\",\"urlTemplate\":\"https:\\\/\\\/elektro-kamleithner.hu\\\/?s={search_term_string}\"},\"query-input\":{\"@type\":\"PropertyValueSpecification\",\"valueRequired\":true,\"valueName\":\"search_term_string\"}}],\"inLanguage\":\"en-GB\"},{\"@type\":\"Organization\",\"@id\":\"https:\\\/\\\/elektro-kamleithner.hu\\\/#organization\",\"name\":\"Elektro Kamleithner\",\"url\":\"https:\\\/\\\/elektro-kamleithner.hu\\\/\",\"logo\":{\"@type\":\"ImageObject\",\"inLanguage\":\"en-GB\",\"@id\":\"https:\\\/\\\/elektro-kamleithner.hu\\\/#\\\/schema\\\/logo\\\/image\\\/\",\"url\":\"https:\\\/\\\/elektro-kamleithner.hu\\\/wp-content\\\/uploads\\\/2024\\\/09\\\/elektro-white-001.svg\",\"contentUrl\":\"https:\\\/\\\/elektro-kamleithner.hu\\\/wp-content\\\/uploads\\\/2024\\\/09\\\/elektro-white-001.svg\",\"width\":382,\"height\":131,\"caption\":\"Elektro Kamleithner\"},\"image\":{\"@id\":\"https:\\\/\\\/elektro-kamleithner.hu\\\/#\\\/schema\\\/logo\\\/image\\\/\"},\"sameAs\":[\"https:\\\/\\\/www.facebook.com\\\/ElektroKamleithnerKft\\\/\",\"https:\\\/\\\/www.youtube.com\\\/channel\\\/UCdDdwY5NIU2nmN9MjvqnFqg\",\"https:\\\/\\\/www.instagram.com\\\/berker.hu\\\/\"]},{\"@type\":\"Person\",\"@id\":\"https:\\\/\\\/elektro-kamleithner.hu\\\/#\\\/schema\\\/person\\\/6bee347fe0f99bcff222317c89ff8c51\",\"name\":\"Balogh Zolt\u00e1n\",\"image\":{\"@type\":\"ImageObject\",\"inLanguage\":\"en-GB\",\"@id\":\"https:\\\/\\\/secure.gravatar.com\\\/avatar\\\/83c725ba6ed0c327cf067a335b7156b3cb23f8585104d5ab2cd7bc81e6b47877?s=96&d=mm&r=g\",\"url\":\"https:\\\/\\\/secure.gravatar.com\\\/avatar\\\/83c725ba6ed0c327cf067a335b7156b3cb23f8585104d5ab2cd7bc81e6b47877?s=96&d=mm&r=g\",\"contentUrl\":\"https:\\\/\\\/secure.gravatar.com\\\/avatar\\\/83c725ba6ed0c327cf067a335b7156b3cb23f8585104d5ab2cd7bc81e6b47877?s=96&d=mm&r=g\",\"caption\":\"Balogh Zolt\u00e1n\"},\"url\":\"https:\\\/\\\/elektro-kamleithner.hu\\\/en\\\/author\\\/admin\\\/\"}]}<\/script>\n<!-- \/ Yoast SEO plugin. -->","yoast_head_json":{"title":"Irodah\u00e1z automatiz\u00e1l\u00e1sa KNX rendszerrel - hat\u00e9konys\u00e1g rendszerszinten - Elektro Kamleithner","robots":{"index":"index","follow":"follow","max-snippet":"max-snippet:-1","max-image-preview":"max-image-preview:large","max-video-preview":"max-video-preview:-1"},"canonical":"https:\/\/elektro-kamleithner.hu\/en\/irodahaz-automatizalasa-knx-rendszerrel-hatekonysag-rendszerszinten\/","og_locale":"en_GB","og_type":"article","og_title":"Irodah\u00e1z automatiz\u00e1l\u00e1sa KNX rendszerrel - hat\u00e9konys\u00e1g rendszerszinten - Elektro Kamleithner","og_description":"Automatiz\u00e1l\u00e1s, mint \u00fczemeltet\u00e9si alapfelt\u00e9tel Az irodah\u00e1zak m\u0171k\u00f6d\u00e9s\u00e9t ma m\u00e1r nem lehet kiz\u00e1r\u00f3lag statikus tervez\u00e9si adatokra \u00e9s fix id\u0151programokra alapozni. A [&hellip;]","og_url":"https:\/\/elektro-kamleithner.hu\/en\/irodahaz-automatizalasa-knx-rendszerrel-hatekonysag-rendszerszinten\/","og_site_name":"Elektro Kamleithner","article_publisher":"https:\/\/www.facebook.com\/ElektroKamleithnerKft\/","article_published_time":"2026-01-23T11:28:21+00:00","article_modified_time":"2026-01-27T13:51:18+00:00","og_image":[{"width":800,"height":418,"url":"https:\/\/elektro-kamleithner.hu\/wp-content\/uploads\/2026\/01\/e-villamos-6.-jpg.jpg","type":"image\/jpeg"}],"author":"Balogh Zolt\u00e1n","twitter_card":"summary_large_image","twitter_misc":{"Written by":"Balogh Zolt\u00e1n","Estimated reading time":"5 minutes"},"schema":{"@context":"https:\/\/schema.org","@graph":[{"@type":"Article","@id":"https:\/\/elektro-kamleithner.hu\/irodahaz-automatizalasa-knx-rendszerrel-hatekonysag-rendszerszinten\/#article","isPartOf":{"@id":"https:\/\/elektro-kamleithner.hu\/irodahaz-automatizalasa-knx-rendszerrel-hatekonysag-rendszerszinten\/"},"author":{"name":"Balogh Zolt\u00e1n","@id":"https:\/\/elektro-kamleithner.hu\/#\/schema\/person\/6bee347fe0f99bcff222317c89ff8c51"},"headline":"Irodah\u00e1z automatiz\u00e1l\u00e1sa KNX rendszerrel &#8211; hat\u00e9konys\u00e1g rendszerszinten","datePublished":"2026-01-23T11:28:21+00:00","dateModified":"2026-01-27T13:51:18+00:00","mainEntityOfPage":{"@id":"https:\/\/elektro-kamleithner.hu\/irodahaz-automatizalasa-knx-rendszerrel-hatekonysag-rendszerszinten\/"},"wordCount":940,"publisher":{"@id":"https:\/\/elektro-kamleithner.hu\/#organization"},"image":{"@id":"https:\/\/elektro-kamleithner.hu\/irodahaz-automatizalasa-knx-rendszerrel-hatekonysag-rendszerszinten\/#primaryimage"},"thumbnailUrl":"https:\/\/elektro-kamleithner.hu\/wp-content\/uploads\/2026\/01\/e-villamos-6.-jpg.jpg","articleSection":["Blog"],"inLanguage":"en-GB"},{"@type":"WebPage","@id":"https:\/\/elektro-kamleithner.hu\/irodahaz-automatizalasa-knx-rendszerrel-hatekonysag-rendszerszinten\/","url":"https:\/\/elektro-kamleithner.hu\/irodahaz-automatizalasa-knx-rendszerrel-hatekonysag-rendszerszinten\/","name":"Irodah\u00e1z automatiz\u00e1l\u00e1sa KNX rendszerrel - hat\u00e9konys\u00e1g rendszerszinten - Elektro Kamleithner","isPartOf":{"@id":"https:\/\/elektro-kamleithner.hu\/#website"},"primaryImageOfPage":{"@id":"https:\/\/elektro-kamleithner.hu\/irodahaz-automatizalasa-knx-rendszerrel-hatekonysag-rendszerszinten\/#primaryimage"},"image":{"@id":"https:\/\/elektro-kamleithner.hu\/irodahaz-automatizalasa-knx-rendszerrel-hatekonysag-rendszerszinten\/#primaryimage"},"thumbnailUrl":"https:\/\/elektro-kamleithner.hu\/wp-content\/uploads\/2026\/01\/e-villamos-6.-jpg.jpg","datePublished":"2026-01-23T11:28:21+00:00","dateModified":"2026-01-27T13:51:18+00:00","breadcrumb":{"@id":"https:\/\/elektro-kamleithner.hu\/irodahaz-automatizalasa-knx-rendszerrel-hatekonysag-rendszerszinten\/#breadcrumb"},"inLanguage":"en-GB","potentialAction":[{"@type":"ReadAction","target":["https:\/\/elektro-kamleithner.hu\/irodahaz-automatizalasa-knx-rendszerrel-hatekonysag-rendszerszinten\/"]}]},{"@type":"ImageObject","inLanguage":"en-GB","@id":"https:\/\/elektro-kamleithner.hu\/irodahaz-automatizalasa-knx-rendszerrel-hatekonysag-rendszerszinten\/#primaryimage","url":"https:\/\/elektro-kamleithner.hu\/wp-content\/uploads\/2026\/01\/e-villamos-6.-jpg.jpg","contentUrl":"https:\/\/elektro-kamleithner.hu\/wp-content\/uploads\/2026\/01\/e-villamos-6.-jpg.jpg","width":800,"height":418,"caption":"e villamos 6. jpg"},{"@type":"BreadcrumbList","@id":"https:\/\/elektro-kamleithner.hu\/irodahaz-automatizalasa-knx-rendszerrel-hatekonysag-rendszerszinten\/#breadcrumb","itemListElement":[{"@type":"ListItem","position":1,"name":"Kezd\u0151lap","item":"https:\/\/elektro-kamleithner.hu\/"},{"@type":"ListItem","position":2,"name":"Irodah\u00e1z automatiz\u00e1l\u00e1sa KNX rendszerrel &#8211; hat\u00e9konys\u00e1g rendszerszinten"}]},{"@type":"WebSite","@id":"https:\/\/elektro-kamleithner.hu\/#website","url":"https:\/\/elektro-kamleithner.hu\/","name":"Elektro Kamleithner","description":"Elektro Kamleithner","publisher":{"@id":"https:\/\/elektro-kamleithner.hu\/#organization"},"potentialAction":[{"@type":"SearchAction","target":{"@type":"EntryPoint","urlTemplate":"https:\/\/elektro-kamleithner.hu\/?s={search_term_string}"},"query-input":{"@type":"PropertyValueSpecification","valueRequired":true,"valueName":"search_term_string"}}],"inLanguage":"en-GB"},{"@type":"Organization","@id":"https:\/\/elektro-kamleithner.hu\/#organization","name":"Elektro Kamleithner","url":"https:\/\/elektro-kamleithner.hu\/","logo":{"@type":"ImageObject","inLanguage":"en-GB","@id":"https:\/\/elektro-kamleithner.hu\/#\/schema\/logo\/image\/","url":"https:\/\/elektro-kamleithner.hu\/wp-content\/uploads\/2024\/09\/elektro-white-001.svg","contentUrl":"https:\/\/elektro-kamleithner.hu\/wp-content\/uploads\/2024\/09\/elektro-white-001.svg","width":382,"height":131,"caption":"Elektro Kamleithner"},"image":{"@id":"https:\/\/elektro-kamleithner.hu\/#\/schema\/logo\/image\/"},"sameAs":["https:\/\/www.facebook.com\/ElektroKamleithnerKft\/","https:\/\/www.youtube.com\/channel\/UCdDdwY5NIU2nmN9MjvqnFqg","https:\/\/www.instagram.com\/berker.hu\/"]},{"@type":"Person","@id":"https:\/\/elektro-kamleithner.hu\/#\/schema\/person\/6bee347fe0f99bcff222317c89ff8c51","name":"Balogh Zolt\u00e1n","image":{"@type":"ImageObject","inLanguage":"en-GB","@id":"https:\/\/secure.gravatar.com\/avatar\/83c725ba6ed0c327cf067a335b7156b3cb23f8585104d5ab2cd7bc81e6b47877?s=96&d=mm&r=g","url":"https:\/\/secure.gravatar.com\/avatar\/83c725ba6ed0c327cf067a335b7156b3cb23f8585104d5ab2cd7bc81e6b47877?s=96&d=mm&r=g","contentUrl":"https:\/\/secure.gravatar.com\/avatar\/83c725ba6ed0c327cf067a335b7156b3cb23f8585104d5ab2cd7bc81e6b47877?s=96&d=mm&r=g","caption":"Balogh Zolt\u00e1n"},"url":"https:\/\/elektro-kamleithner.hu\/en\/author\/admin\/"}]}},"_links":{"self":[{"href":"https:\/\/elektro-kamleithner.hu\/en\/wp-json\/wp\/v2\/posts\/8669","targetHints":{"allow":["GET"]}}],"collection":[{"href":"https:\/\/elektro-kamleithner.hu\/en\/wp-json\/wp\/v2\/posts"}],"about":[{"href":"https:\/\/elektro-kamleithner.hu\/en\/wp-json\/wp\/v2\/types\/post"}],"author":[{"embeddable":true,"href":"https:\/\/elektro-kamleithner.hu\/en\/wp-json\/wp\/v2\/users\/2"}],"replies":[{"embeddable":true,"href":"https:\/\/elektro-kamleithner.hu\/en\/wp-json\/wp\/v2\/comments?post=8669"}],"version-history":[{"count":1,"href":"https:\/\/elektro-kamleithner.hu\/en\/wp-json\/wp\/v2\/posts\/8669\/revisions"}],"predecessor-version":[{"id":8672,"href":"https:\/\/elektro-kamleithner.hu\/en\/wp-json\/wp\/v2\/posts\/8669\/revisions\/8672"}],"wp:featuredmedia":[{"embeddable":true,"href":"https:\/\/elektro-kamleithner.hu\/en\/wp-json\/wp\/v2\/media\/8670"}],"wp:attachment":[{"href":"https:\/\/elektro-kamleithner.hu\/en\/wp-json\/wp\/v2\/media?parent=8669"}],"wp:term":[{"taxonomy":"category","embeddable":true,"href":"https:\/\/elektro-kamleithner.hu\/en\/wp-json\/wp\/v2\/categories?post=8669"},{"taxonomy":"post_tag","embeddable":true,"href":"https:\/\/elektro-kamleithner.hu\/en\/wp-json\/wp\/v2\/tags?post=8669"}],"curies":[{"name":"wp","href":"https:\/\/api.w.org\/{rel}","templated":true}]}}