{"id":8655,"date":"2025-12-04T15:36:42","date_gmt":"2025-12-04T14:36:42","guid":{"rendered":"https:\/\/evernox.hu\/berker-serie-1930-kapcsolok-a-magyar-allami-operahaz-szinpadan-a-lohengrin-diszletenek-reszletei\/"},"modified":"2026-02-11T18:12:56","modified_gmt":"2026-02-11T17:12:56","slug":"berker-serie-1930-kapcsolok-a-magyar-allami-operahaz-szinpadan-a-lohengrin-diszletenek-reszletei","status":"publish","type":"post","link":"https:\/\/elektro-kamleithner.hu\/en\/berker-serie-1930-kapcsolok-a-magyar-allami-operahaz-szinpadan-a-lohengrin-diszletenek-reszletei\/","title":{"rendered":"Berker Serie 1930 kapcsol\u00f3k a Magyar \u00c1llami Operah\u00e1z sz\u00ednpad\u00e1n \u2013 a Lohengrin d\u00edszlet\u00e9nek r\u00e9szletei"},"content":{"rendered":"<p>A Magyar \u00c1llami Operah\u00e1z a hazai kultur\u00e1lis \u00e9let egyik kiemelked\u0151 helysz\u00edne, ahol a m\u0171v\u00e9szet \u00e9s az \u00e9p\u00fclet t\u00f6rt\u00e9nelmi karaktere egyszerre hat\u00e1rozza meg az el\u0151ad\u00e1sok hangulat\u00e1t. A gazdagon d\u00edsz\u00edtett, historiz\u00e1l\u00f3 bels\u0151 terek \u00e9s az \u00e9p\u00fclet saj\u00e1tos atmoszf\u00e9r\u00e1ja minden produkci\u00f3 sz\u00e1m\u00e1ra meghat\u00e1roz\u00f3 k\u00f6rnyezetet teremt. A legut\u00f3bbi <em>Lohengrin<\/em> el\u0151ad\u00e1s d\u00edszletei ehhez a mili\u0151h\u00f6z igazodva k\u00e9sz\u00fcltek: a tervez\u0151k olyan r\u00e9szletekben gazdag l\u00e1tv\u00e1nyvil\u00e1got hoztak l\u00e9tre, amely szorosan kapcsol\u00f3dik a m\u0171 hangulat\u00e1hoz. Ebben a k\u00f6zegben kaptak helyet a Berker Serie 1930 kapcsol\u00f3i is.<\/p>\n<p><img decoding=\"async\" src=\"\\&quot;https:\/\/elektro-kamleithner.hu\/wp-content\/uploads\/2026\/01\/e-villamos-6.-jpg.jpgwp-content\/uploads\/2025\/12\/12-_DSC7322-scaled-1.jpgwp-content\/uploads\/2025\/12\/12-_DSC7322-1024x683.jpg\\&quot;\" sizes=\"\\&quot;(max-width:\" srcset=\"\\&quot;https:\/\/www.elektro-kamleithner.hu\/wp-content\/uploads\/2025\/12\/12-_DSC7322-1024x683.jpg\" alt=\"\\&quot;\\&quot;\" width=\"\\&quot;1024\\&quot;\" height=\"\\&quot;683\\&quot;\" \/><\/p>\n<p>A <em>Lohengrin<\/em> romantikus \u00e9s misztikus vil\u00e1ga megk\u00f6veteli, hogy a sz\u00ednpadon megjelen\u0151 terek ne csak l\u00e1tv\u00e1nyosak, hanem hitelesek is legyenek. A szobabels\u0151k, az emelv\u00e9nyek \u00e9s a k\u00fcl\u00f6nb\u00f6z\u0151 kulisszaelemek apr\u00f3l\u00e9kos kidolgoz\u00e1sa azt szolg\u00e1lja, hogy a n\u00e9z\u0151k sz\u00e1m\u00e1ra a t\u00e9r term\u00e9szetesnek, egys\u00e9gesnek hasson. Ilyen k\u00f6rnyezetben minden apr\u00f3 r\u00e9szletnek jelent\u0151s\u00e9ge van, m\u00e9g a villamos szerelv\u00e9nyek megjelen\u00e9s\u00e9nek is.<\/p>\n<p>A Berker Serie 1930 kiv\u00e1laszt\u00e1sa erre a produkci\u00f3ra nem v\u00e9letlen. A sorozat letisztult, k\u00f6r alak\u00fa form\u00e1ja \u00e9s Bauhaus ihlet\u00e9s\u0171 diz\u00e1jnja olyan id\u0151t\u00e1ll\u00f3 megjelen\u00e9st ad, amely egyszerre illeszkedik klasszikus \u00e9s kort\u00e1rs enteri\u0151r\u00f6kh\u00f6z. A <em>Lohengrin<\/em> d\u00edszletei k\u00f6z\u00f6tt az arany sz\u00edn\u0171 falpanelekkel, a klasszikus b\u00fatorokkal \u00e9s a gazdag text\u00far\u00e1kkal egy\u00fctt harmonikus egys\u00e9get alkotnak. A fot\u00f3kon is l\u00e1tszik, hogy a kapcsol\u00f3k szinte beleolvadnak a falburkolatokba, \u00e9s term\u00e9szetes elemk\u00e9nt jelennek meg a terekben.<\/p>\n<p><img decoding=\"async\" src=\"\\&quot;https:\/\/elektro-kamleithner.hu\/wp-content\/uploads\/2026\/01\/e-villamos-6.-jpg.jpgwp-content\/uploads\/2025\/12\/12-_DSC7322-scaled-1.jpgwp-content\/uploads\/2025\/12\/13-_DSC7321-1-1024x683.jpg\\&quot;\" sizes=\"\\&quot;(max-width:\" srcset=\"\\&quot;https:\/\/www.elektro-kamleithner.hu\/wp-content\/uploads\/2025\/12\/13-_DSC7321-1-1024x683.jpg\" alt=\"\\&quot;\\&quot;\" width=\"\\&quot;1024\\&quot;\" height=\"\\&quot;683\\&quot;\" \/><br \/>\n<img decoding=\"async\" src=\"\\&quot;https:\/\/elektro-kamleithner.hu\/wp-content\/uploads\/2026\/01\/e-villamos-6.-jpg.jpgwp-content\/uploads\/2025\/12\/12-_DSC7322-scaled-1.jpgwp-content\/uploads\/2025\/12\/14-_DSC7319-1024x683.jpg\\&quot;\" sizes=\"\\&quot;(max-width:\" srcset=\"\\&quot;https:\/\/www.elektro-kamleithner.hu\/wp-content\/uploads\/2025\/12\/14-_DSC7319-1024x683.jpg\" alt=\"\\&quot;\\&quot;\" width=\"\\&quot;1024\\&quot;\" height=\"\\&quot;683\\&quot;\" \/><\/p>\n<p>A produkci\u00f3hoz sz\u00fcks\u00e9ges Berker elemeket az Elektro-Kamleithner Kft. biztos\u00edtotta.Ez a projekt j\u00f3l mutatja, hogy a villamos szerelv\u00e9nyek szerepe nem mindig csak funkcion\u00e1lis: egy \u00f6sszetett sz\u00ednpadi l\u00e1tv\u00e1nyban vizu\u00e1lis \u00e9s dramaturgiai jelent\u0151s\u00e9ggel is b\u00edrhatnak.<\/p>\n<p>A Lohengrin d\u00edszleteiben alkalmazott Berker Serie 1930 kapcsol\u00f3k j\u00f3l szeml\u00e9ltetik, hogy a sz\u00ednpadi terek kialak\u00edt\u00e1s\u00e1n\u00e1l a funkcion\u00e1lis elemek is a vizu\u00e1lis koncepci\u00f3 r\u00e9sz\u00e9v\u00e9 v\u00e1lhatnak. Nem \u00f6n\u00e1ll\u00f3 f\u00f3kuszpontok, hanem olyan h\u00e1tt\u00e9relemek, amelyek csendesen, de k\u00f6vetkezetesen t\u00e1mogatj\u00e1k a tervez\u0151k \u00e1ltal megalkotott t\u00e9r\u00e9lm\u00e9nyt. Jelenl\u00e9t\u00fck hozz\u00e1j\u00e1rul ahhoz, hogy a produkci\u00f3 l\u00e1tv\u00e1nyvil\u00e1ga technikailag \u00e9s eszt\u00e9tikailag is koherens maradjon.<\/p>","protected":false},"excerpt":{"rendered":"<p>A Magyar \u00c1llami Operah\u00e1z a hazai kultur\u00e1lis \u00e9let egyik kiemelked\u0151 helysz\u00edne, ahol a m\u0171v\u00e9szet \u00e9s az \u00e9p\u00fclet t\u00f6rt\u00e9nelmi karaktere egyszerre [&hellip;]<\/p>\n","protected":false},"author":2,"featured_media":9565,"comment_status":"closed","ping_status":"open","sticky":false,"template":"","format":"standard","meta":{"_acf_changed":false,"site-sidebar-layout":"default","site-content-layout":"","ast-site-content-layout":"default","site-content-style":"default","site-sidebar-style":"default","ast-global-header-display":"","ast-banner-title-visibility":"","ast-main-header-display":"","ast-hfb-above-header-display":"","ast-hfb-below-header-display":"","ast-hfb-mobile-header-display":"","site-post-title":"","ast-breadcrumbs-content":"","ast-featured-img":"","footer-sml-layout":"","ast-disable-related-posts":"","theme-transparent-header-meta":"default","adv-header-id-meta":"","stick-header-meta":"default","header-above-stick-meta":"","header-main-stick-meta":"","header-below-stick-meta":"","astra-migrate-meta-layouts":"set","ast-page-background-enabled":"default","ast-page-background-meta":{"desktop":{"background-color":"var(--ast-global-color-4)","background-image":"","background-repeat":"repeat","background-position":"center center","background-size":"auto","background-attachment":"scroll","background-type":"","background-media":"","overlay-type":"","overlay-color":"","overlay-opacity":"","overlay-gradient":""},"tablet":{"background-color":"","background-image":"","background-repeat":"repeat","background-position":"center center","background-size":"auto","background-attachment":"scroll","background-type":"","background-media":"","overlay-type":"","overlay-color":"","overlay-opacity":"","overlay-gradient":""},"mobile":{"background-color":"","background-image":"","background-repeat":"repeat","background-position":"center center","background-size":"auto","background-attachment":"scroll","background-type":"","background-media":"","overlay-type":"","overlay-color":"","overlay-opacity":"","overlay-gradient":""}},"ast-content-background-meta":{"desktop":{"background-color":"var(--ast-global-color-5)","background-image":"","background-repeat":"repeat","background-position":"center center","background-size":"auto","background-attachment":"scroll","background-type":"","background-media":"","overlay-type":"","overlay-color":"","overlay-opacity":"","overlay-gradient":""},"tablet":{"background-color":"var(--ast-global-color-5)","background-image":"","background-repeat":"repeat","background-position":"center center","background-size":"auto","background-attachment":"scroll","background-type":"","background-media":"","overlay-type":"","overlay-color":"","overlay-opacity":"","overlay-gradient":""},"mobile":{"background-color":"var(--ast-global-color-5)","background-image":"","background-repeat":"repeat","background-position":"center center","background-size":"auto","background-attachment":"scroll","background-type":"","background-media":"","overlay-type":"","overlay-color":"","overlay-opacity":"","overlay-gradient":""}},"footnotes":""},"categories":[1,60],"tags":[],"class_list":["post-8655","post","type-post","status-publish","format-standard","has-post-thumbnail","hentry","category-blog","category-referenciaink"],"acf":[],"yoast_head":"<!-- This site is optimized with the Yoast SEO plugin v28.3 - https:\/\/yoast.com\/product\/yoast-seo-wordpress\/ -->\n<title>Berker Serie 1930 kapcsol\u00f3k a Magyar \u00c1llami Operah\u00e1z sz\u00ednpad\u00e1n \u2013 a Lohengrin d\u00edszlet\u00e9nek r\u00e9szletei - Elektro Kamleithner<\/title>\n<meta name=\"robots\" content=\"index, follow, max-snippet:-1, max-image-preview:large, max-video-preview:-1\" \/>\n<link rel=\"canonical\" href=\"https:\/\/elektro-kamleithner.hu\/en\/berker-serie-1930-kapcsolok-a-magyar-allami-operahaz-szinpadan-a-lohengrin-diszletenek-reszletei\/\" \/>\n<meta property=\"og:locale\" content=\"en_GB\" \/>\n<meta property=\"og:type\" content=\"article\" \/>\n<meta property=\"og:title\" content=\"Berker Serie 1930 kapcsol\u00f3k a Magyar \u00c1llami Operah\u00e1z sz\u00ednpad\u00e1n \u2013 a Lohengrin d\u00edszlet\u00e9nek r\u00e9szletei - Elektro Kamleithner\" \/>\n<meta property=\"og:description\" content=\"A Magyar \u00c1llami Operah\u00e1z a hazai kultur\u00e1lis \u00e9let egyik kiemelked\u0151 helysz\u00edne, ahol a m\u0171v\u00e9szet \u00e9s az \u00e9p\u00fclet t\u00f6rt\u00e9nelmi karaktere egyszerre [&hellip;]\" \/>\n<meta property=\"og:url\" content=\"https:\/\/elektro-kamleithner.hu\/en\/berker-serie-1930-kapcsolok-a-magyar-allami-operahaz-szinpadan-a-lohengrin-diszletenek-reszletei\/\" \/>\n<meta property=\"og:site_name\" content=\"Elektro Kamleithner\" \/>\n<meta property=\"article:publisher\" content=\"https:\/\/www.facebook.com\/ElektroKamleithnerKft\/\" \/>\n<meta property=\"article:published_time\" content=\"2025-12-04T14:36:42+00:00\" \/>\n<meta property=\"article:modified_time\" content=\"2026-02-11T17:12:56+00:00\" \/>\n<meta property=\"og:image\" content=\"https:\/\/elektro-kamleithner.hu\/wp-content\/uploads\/2025\/12\/referencia-02.webp\" \/>\n\t<meta property=\"og:image:width\" content=\"1200\" \/>\n\t<meta property=\"og:image:height\" content=\"628\" \/>\n\t<meta property=\"og:image:type\" content=\"image\/webp\" \/>\n<meta name=\"author\" content=\"Balogh Zolt\u00e1n\" \/>\n<meta name=\"twitter:card\" content=\"summary_large_image\" \/>\n<meta name=\"twitter:label1\" content=\"Written by\" \/>\n\t<meta name=\"twitter:data1\" content=\"Balogh Zolt\u00e1n\" \/>\n\t<meta name=\"twitter:label2\" content=\"Estimated reading time\" \/>\n\t<meta name=\"twitter:data2\" content=\"2 minutes\" \/>\n<script type=\"application\/ld+json\" class=\"yoast-schema-graph\">{\"@context\":\"https:\\\/\\\/schema.org\",\"@graph\":[{\"@type\":\"Article\",\"@id\":\"https:\\\/\\\/elektro-kamleithner.hu\\\/berker-serie-1930-kapcsolok-a-magyar-allami-operahaz-szinpadan-a-lohengrin-diszletenek-reszletei\\\/#article\",\"isPartOf\":{\"@id\":\"https:\\\/\\\/elektro-kamleithner.hu\\\/berker-serie-1930-kapcsolok-a-magyar-allami-operahaz-szinpadan-a-lohengrin-diszletenek-reszletei\\\/\"},\"author\":{\"name\":\"Balogh Zolt\u00e1n\",\"@id\":\"https:\\\/\\\/elektro-kamleithner.hu\\\/#\\\/schema\\\/person\\\/6bee347fe0f99bcff222317c89ff8c51\"},\"headline\":\"Berker Serie 1930 kapcsol\u00f3k a Magyar \u00c1llami Operah\u00e1z sz\u00ednpad\u00e1n \u2013 a Lohengrin d\u00edszlet\u00e9nek r\u00e9szletei\",\"datePublished\":\"2025-12-04T14:36:42+00:00\",\"dateModified\":\"2026-02-11T17:12:56+00:00\",\"mainEntityOfPage\":{\"@id\":\"https:\\\/\\\/elektro-kamleithner.hu\\\/berker-serie-1930-kapcsolok-a-magyar-allami-operahaz-szinpadan-a-lohengrin-diszletenek-reszletei\\\/\"},\"wordCount\":446,\"publisher\":{\"@id\":\"https:\\\/\\\/elektro-kamleithner.hu\\\/#organization\"},\"image\":{\"@id\":\"https:\\\/\\\/elektro-kamleithner.hu\\\/berker-serie-1930-kapcsolok-a-magyar-allami-operahaz-szinpadan-a-lohengrin-diszletenek-reszletei\\\/#primaryimage\"},\"thumbnailUrl\":\"https:\\\/\\\/elektro-kamleithner.hu\\\/wp-content\\\/uploads\\\/2025\\\/12\\\/referencia-02.webp\",\"articleSection\":[\"Blog\",\"Referenci\u00e1ink\"],\"inLanguage\":\"en-GB\"},{\"@type\":\"WebPage\",\"@id\":\"https:\\\/\\\/elektro-kamleithner.hu\\\/berker-serie-1930-kapcsolok-a-magyar-allami-operahaz-szinpadan-a-lohengrin-diszletenek-reszletei\\\/\",\"url\":\"https:\\\/\\\/elektro-kamleithner.hu\\\/berker-serie-1930-kapcsolok-a-magyar-allami-operahaz-szinpadan-a-lohengrin-diszletenek-reszletei\\\/\",\"name\":\"Berker Serie 1930 kapcsol\u00f3k a Magyar \u00c1llami Operah\u00e1z sz\u00ednpad\u00e1n \u2013 a Lohengrin d\u00edszlet\u00e9nek r\u00e9szletei - Elektro Kamleithner\",\"isPartOf\":{\"@id\":\"https:\\\/\\\/elektro-kamleithner.hu\\\/#website\"},\"primaryImageOfPage\":{\"@id\":\"https:\\\/\\\/elektro-kamleithner.hu\\\/berker-serie-1930-kapcsolok-a-magyar-allami-operahaz-szinpadan-a-lohengrin-diszletenek-reszletei\\\/#primaryimage\"},\"image\":{\"@id\":\"https:\\\/\\\/elektro-kamleithner.hu\\\/berker-serie-1930-kapcsolok-a-magyar-allami-operahaz-szinpadan-a-lohengrin-diszletenek-reszletei\\\/#primaryimage\"},\"thumbnailUrl\":\"https:\\\/\\\/elektro-kamleithner.hu\\\/wp-content\\\/uploads\\\/2025\\\/12\\\/referencia-02.webp\",\"datePublished\":\"2025-12-04T14:36:42+00:00\",\"dateModified\":\"2026-02-11T17:12:56+00:00\",\"breadcrumb\":{\"@id\":\"https:\\\/\\\/elektro-kamleithner.hu\\\/berker-serie-1930-kapcsolok-a-magyar-allami-operahaz-szinpadan-a-lohengrin-diszletenek-reszletei\\\/#breadcrumb\"},\"inLanguage\":\"en-GB\",\"potentialAction\":[{\"@type\":\"ReadAction\",\"target\":[\"https:\\\/\\\/elektro-kamleithner.hu\\\/berker-serie-1930-kapcsolok-a-magyar-allami-operahaz-szinpadan-a-lohengrin-diszletenek-reszletei\\\/\"]}]},{\"@type\":\"ImageObject\",\"inLanguage\":\"en-GB\",\"@id\":\"https:\\\/\\\/elektro-kamleithner.hu\\\/berker-serie-1930-kapcsolok-a-magyar-allami-operahaz-szinpadan-a-lohengrin-diszletenek-reszletei\\\/#primaryimage\",\"url\":\"https:\\\/\\\/elektro-kamleithner.hu\\\/wp-content\\\/uploads\\\/2025\\\/12\\\/referencia-02.webp\",\"contentUrl\":\"https:\\\/\\\/elektro-kamleithner.hu\\\/wp-content\\\/uploads\\\/2025\\\/12\\\/referencia-02.webp\",\"width\":1200,\"height\":628,\"caption\":\"referencia 02\"},{\"@type\":\"BreadcrumbList\",\"@id\":\"https:\\\/\\\/elektro-kamleithner.hu\\\/berker-serie-1930-kapcsolok-a-magyar-allami-operahaz-szinpadan-a-lohengrin-diszletenek-reszletei\\\/#breadcrumb\",\"itemListElement\":[{\"@type\":\"ListItem\",\"position\":1,\"name\":\"Kezd\u0151lap\",\"item\":\"https:\\\/\\\/elektro-kamleithner.hu\\\/\"},{\"@type\":\"ListItem\",\"position\":2,\"name\":\"Berker Serie 1930 kapcsol\u00f3k a Magyar \u00c1llami Operah\u00e1z sz\u00ednpad\u00e1n \u2013 a Lohengrin d\u00edszlet\u00e9nek r\u00e9szletei\"}]},{\"@type\":\"WebSite\",\"@id\":\"https:\\\/\\\/elektro-kamleithner.hu\\\/#website\",\"url\":\"https:\\\/\\\/elektro-kamleithner.hu\\\/\",\"name\":\"Elektro Kamleithner\",\"description\":\"Elektro Kamleithner\",\"publisher\":{\"@id\":\"https:\\\/\\\/elektro-kamleithner.hu\\\/#organization\"},\"potentialAction\":[{\"@type\":\"SearchAction\",\"target\":{\"@type\":\"EntryPoint\",\"urlTemplate\":\"https:\\\/\\\/elektro-kamleithner.hu\\\/?s={search_term_string}\"},\"query-input\":{\"@type\":\"PropertyValueSpecification\",\"valueRequired\":true,\"valueName\":\"search_term_string\"}}],\"inLanguage\":\"en-GB\"},{\"@type\":\"Organization\",\"@id\":\"https:\\\/\\\/elektro-kamleithner.hu\\\/#organization\",\"name\":\"Elektro Kamleithner\",\"url\":\"https:\\\/\\\/elektro-kamleithner.hu\\\/\",\"logo\":{\"@type\":\"ImageObject\",\"inLanguage\":\"en-GB\",\"@id\":\"https:\\\/\\\/elektro-kamleithner.hu\\\/#\\\/schema\\\/logo\\\/image\\\/\",\"url\":\"https:\\\/\\\/elektro-kamleithner.hu\\\/wp-content\\\/uploads\\\/2024\\\/09\\\/elektro-white-001.svg\",\"contentUrl\":\"https:\\\/\\\/elektro-kamleithner.hu\\\/wp-content\\\/uploads\\\/2024\\\/09\\\/elektro-white-001.svg\",\"width\":382,\"height\":131,\"caption\":\"Elektro Kamleithner\"},\"image\":{\"@id\":\"https:\\\/\\\/elektro-kamleithner.hu\\\/#\\\/schema\\\/logo\\\/image\\\/\"},\"sameAs\":[\"https:\\\/\\\/www.facebook.com\\\/ElektroKamleithnerKft\\\/\",\"https:\\\/\\\/www.youtube.com\\\/channel\\\/UCdDdwY5NIU2nmN9MjvqnFqg\",\"https:\\\/\\\/www.instagram.com\\\/berker.hu\\\/\"]},{\"@type\":\"Person\",\"@id\":\"https:\\\/\\\/elektro-kamleithner.hu\\\/#\\\/schema\\\/person\\\/6bee347fe0f99bcff222317c89ff8c51\",\"name\":\"Balogh Zolt\u00e1n\",\"image\":{\"@type\":\"ImageObject\",\"inLanguage\":\"en-GB\",\"@id\":\"https:\\\/\\\/secure.gravatar.com\\\/avatar\\\/83c725ba6ed0c327cf067a335b7156b3cb23f8585104d5ab2cd7bc81e6b47877?s=96&d=mm&r=g\",\"url\":\"https:\\\/\\\/secure.gravatar.com\\\/avatar\\\/83c725ba6ed0c327cf067a335b7156b3cb23f8585104d5ab2cd7bc81e6b47877?s=96&d=mm&r=g\",\"contentUrl\":\"https:\\\/\\\/secure.gravatar.com\\\/avatar\\\/83c725ba6ed0c327cf067a335b7156b3cb23f8585104d5ab2cd7bc81e6b47877?s=96&d=mm&r=g\",\"caption\":\"Balogh Zolt\u00e1n\"},\"url\":\"https:\\\/\\\/elektro-kamleithner.hu\\\/en\\\/author\\\/admin\\\/\"}]}<\/script>\n<!-- \/ Yoast SEO plugin. -->","yoast_head_json":{"title":"Berker Serie 1930 kapcsol\u00f3k a Magyar \u00c1llami Operah\u00e1z sz\u00ednpad\u00e1n \u2013 a Lohengrin d\u00edszlet\u00e9nek r\u00e9szletei - Elektro Kamleithner","robots":{"index":"index","follow":"follow","max-snippet":"max-snippet:-1","max-image-preview":"max-image-preview:large","max-video-preview":"max-video-preview:-1"},"canonical":"https:\/\/elektro-kamleithner.hu\/en\/berker-serie-1930-kapcsolok-a-magyar-allami-operahaz-szinpadan-a-lohengrin-diszletenek-reszletei\/","og_locale":"en_GB","og_type":"article","og_title":"Berker Serie 1930 kapcsol\u00f3k a Magyar \u00c1llami Operah\u00e1z sz\u00ednpad\u00e1n \u2013 a Lohengrin d\u00edszlet\u00e9nek r\u00e9szletei - Elektro Kamleithner","og_description":"A Magyar \u00c1llami Operah\u00e1z a hazai kultur\u00e1lis \u00e9let egyik kiemelked\u0151 helysz\u00edne, ahol a m\u0171v\u00e9szet \u00e9s az \u00e9p\u00fclet t\u00f6rt\u00e9nelmi karaktere egyszerre [&hellip;]","og_url":"https:\/\/elektro-kamleithner.hu\/en\/berker-serie-1930-kapcsolok-a-magyar-allami-operahaz-szinpadan-a-lohengrin-diszletenek-reszletei\/","og_site_name":"Elektro Kamleithner","article_publisher":"https:\/\/www.facebook.com\/ElektroKamleithnerKft\/","article_published_time":"2025-12-04T14:36:42+00:00","article_modified_time":"2026-02-11T17:12:56+00:00","og_image":[{"width":1200,"height":628,"url":"https:\/\/elektro-kamleithner.hu\/wp-content\/uploads\/2025\/12\/referencia-02.webp","type":"image\/webp"}],"author":"Balogh Zolt\u00e1n","twitter_card":"summary_large_image","twitter_misc":{"Written by":"Balogh Zolt\u00e1n","Estimated reading time":"2 minutes"},"schema":{"@context":"https:\/\/schema.org","@graph":[{"@type":"Article","@id":"https:\/\/elektro-kamleithner.hu\/berker-serie-1930-kapcsolok-a-magyar-allami-operahaz-szinpadan-a-lohengrin-diszletenek-reszletei\/#article","isPartOf":{"@id":"https:\/\/elektro-kamleithner.hu\/berker-serie-1930-kapcsolok-a-magyar-allami-operahaz-szinpadan-a-lohengrin-diszletenek-reszletei\/"},"author":{"name":"Balogh Zolt\u00e1n","@id":"https:\/\/elektro-kamleithner.hu\/#\/schema\/person\/6bee347fe0f99bcff222317c89ff8c51"},"headline":"Berker Serie 1930 kapcsol\u00f3k a Magyar \u00c1llami Operah\u00e1z sz\u00ednpad\u00e1n \u2013 a Lohengrin d\u00edszlet\u00e9nek r\u00e9szletei","datePublished":"2025-12-04T14:36:42+00:00","dateModified":"2026-02-11T17:12:56+00:00","mainEntityOfPage":{"@id":"https:\/\/elektro-kamleithner.hu\/berker-serie-1930-kapcsolok-a-magyar-allami-operahaz-szinpadan-a-lohengrin-diszletenek-reszletei\/"},"wordCount":446,"publisher":{"@id":"https:\/\/elektro-kamleithner.hu\/#organization"},"image":{"@id":"https:\/\/elektro-kamleithner.hu\/berker-serie-1930-kapcsolok-a-magyar-allami-operahaz-szinpadan-a-lohengrin-diszletenek-reszletei\/#primaryimage"},"thumbnailUrl":"https:\/\/elektro-kamleithner.hu\/wp-content\/uploads\/2025\/12\/referencia-02.webp","articleSection":["Blog","Referenci\u00e1ink"],"inLanguage":"en-GB"},{"@type":"WebPage","@id":"https:\/\/elektro-kamleithner.hu\/berker-serie-1930-kapcsolok-a-magyar-allami-operahaz-szinpadan-a-lohengrin-diszletenek-reszletei\/","url":"https:\/\/elektro-kamleithner.hu\/berker-serie-1930-kapcsolok-a-magyar-allami-operahaz-szinpadan-a-lohengrin-diszletenek-reszletei\/","name":"Berker Serie 1930 kapcsol\u00f3k a Magyar \u00c1llami Operah\u00e1z sz\u00ednpad\u00e1n \u2013 a Lohengrin d\u00edszlet\u00e9nek r\u00e9szletei - Elektro Kamleithner","isPartOf":{"@id":"https:\/\/elektro-kamleithner.hu\/#website"},"primaryImageOfPage":{"@id":"https:\/\/elektro-kamleithner.hu\/berker-serie-1930-kapcsolok-a-magyar-allami-operahaz-szinpadan-a-lohengrin-diszletenek-reszletei\/#primaryimage"},"image":{"@id":"https:\/\/elektro-kamleithner.hu\/berker-serie-1930-kapcsolok-a-magyar-allami-operahaz-szinpadan-a-lohengrin-diszletenek-reszletei\/#primaryimage"},"thumbnailUrl":"https:\/\/elektro-kamleithner.hu\/wp-content\/uploads\/2025\/12\/referencia-02.webp","datePublished":"2025-12-04T14:36:42+00:00","dateModified":"2026-02-11T17:12:56+00:00","breadcrumb":{"@id":"https:\/\/elektro-kamleithner.hu\/berker-serie-1930-kapcsolok-a-magyar-allami-operahaz-szinpadan-a-lohengrin-diszletenek-reszletei\/#breadcrumb"},"inLanguage":"en-GB","potentialAction":[{"@type":"ReadAction","target":["https:\/\/elektro-kamleithner.hu\/berker-serie-1930-kapcsolok-a-magyar-allami-operahaz-szinpadan-a-lohengrin-diszletenek-reszletei\/"]}]},{"@type":"ImageObject","inLanguage":"en-GB","@id":"https:\/\/elektro-kamleithner.hu\/berker-serie-1930-kapcsolok-a-magyar-allami-operahaz-szinpadan-a-lohengrin-diszletenek-reszletei\/#primaryimage","url":"https:\/\/elektro-kamleithner.hu\/wp-content\/uploads\/2025\/12\/referencia-02.webp","contentUrl":"https:\/\/elektro-kamleithner.hu\/wp-content\/uploads\/2025\/12\/referencia-02.webp","width":1200,"height":628,"caption":"referencia 02"},{"@type":"BreadcrumbList","@id":"https:\/\/elektro-kamleithner.hu\/berker-serie-1930-kapcsolok-a-magyar-allami-operahaz-szinpadan-a-lohengrin-diszletenek-reszletei\/#breadcrumb","itemListElement":[{"@type":"ListItem","position":1,"name":"Kezd\u0151lap","item":"https:\/\/elektro-kamleithner.hu\/"},{"@type":"ListItem","position":2,"name":"Berker Serie 1930 kapcsol\u00f3k a Magyar \u00c1llami Operah\u00e1z sz\u00ednpad\u00e1n \u2013 a Lohengrin d\u00edszlet\u00e9nek r\u00e9szletei"}]},{"@type":"WebSite","@id":"https:\/\/elektro-kamleithner.hu\/#website","url":"https:\/\/elektro-kamleithner.hu\/","name":"Elektro Kamleithner","description":"Elektro Kamleithner","publisher":{"@id":"https:\/\/elektro-kamleithner.hu\/#organization"},"potentialAction":[{"@type":"SearchAction","target":{"@type":"EntryPoint","urlTemplate":"https:\/\/elektro-kamleithner.hu\/?s={search_term_string}"},"query-input":{"@type":"PropertyValueSpecification","valueRequired":true,"valueName":"search_term_string"}}],"inLanguage":"en-GB"},{"@type":"Organization","@id":"https:\/\/elektro-kamleithner.hu\/#organization","name":"Elektro Kamleithner","url":"https:\/\/elektro-kamleithner.hu\/","logo":{"@type":"ImageObject","inLanguage":"en-GB","@id":"https:\/\/elektro-kamleithner.hu\/#\/schema\/logo\/image\/","url":"https:\/\/elektro-kamleithner.hu\/wp-content\/uploads\/2024\/09\/elektro-white-001.svg","contentUrl":"https:\/\/elektro-kamleithner.hu\/wp-content\/uploads\/2024\/09\/elektro-white-001.svg","width":382,"height":131,"caption":"Elektro Kamleithner"},"image":{"@id":"https:\/\/elektro-kamleithner.hu\/#\/schema\/logo\/image\/"},"sameAs":["https:\/\/www.facebook.com\/ElektroKamleithnerKft\/","https:\/\/www.youtube.com\/channel\/UCdDdwY5NIU2nmN9MjvqnFqg","https:\/\/www.instagram.com\/berker.hu\/"]},{"@type":"Person","@id":"https:\/\/elektro-kamleithner.hu\/#\/schema\/person\/6bee347fe0f99bcff222317c89ff8c51","name":"Balogh Zolt\u00e1n","image":{"@type":"ImageObject","inLanguage":"en-GB","@id":"https:\/\/secure.gravatar.com\/avatar\/83c725ba6ed0c327cf067a335b7156b3cb23f8585104d5ab2cd7bc81e6b47877?s=96&d=mm&r=g","url":"https:\/\/secure.gravatar.com\/avatar\/83c725ba6ed0c327cf067a335b7156b3cb23f8585104d5ab2cd7bc81e6b47877?s=96&d=mm&r=g","contentUrl":"https:\/\/secure.gravatar.com\/avatar\/83c725ba6ed0c327cf067a335b7156b3cb23f8585104d5ab2cd7bc81e6b47877?s=96&d=mm&r=g","caption":"Balogh Zolt\u00e1n"},"url":"https:\/\/elektro-kamleithner.hu\/en\/author\/admin\/"}]}},"_links":{"self":[{"href":"https:\/\/elektro-kamleithner.hu\/en\/wp-json\/wp\/v2\/posts\/8655","targetHints":{"allow":["GET"]}}],"collection":[{"href":"https:\/\/elektro-kamleithner.hu\/en\/wp-json\/wp\/v2\/posts"}],"about":[{"href":"https:\/\/elektro-kamleithner.hu\/en\/wp-json\/wp\/v2\/types\/post"}],"author":[{"embeddable":true,"href":"https:\/\/elektro-kamleithner.hu\/en\/wp-json\/wp\/v2\/users\/2"}],"replies":[{"embeddable":true,"href":"https:\/\/elektro-kamleithner.hu\/en\/wp-json\/wp\/v2\/comments?post=8655"}],"version-history":[{"count":2,"href":"https:\/\/elektro-kamleithner.hu\/en\/wp-json\/wp\/v2\/posts\/8655\/revisions"}],"predecessor-version":[{"id":9568,"href":"https:\/\/elektro-kamleithner.hu\/en\/wp-json\/wp\/v2\/posts\/8655\/revisions\/9568"}],"wp:featuredmedia":[{"embeddable":true,"href":"https:\/\/elektro-kamleithner.hu\/en\/wp-json\/wp\/v2\/media\/9565"}],"wp:attachment":[{"href":"https:\/\/elektro-kamleithner.hu\/en\/wp-json\/wp\/v2\/media?parent=8655"}],"wp:term":[{"taxonomy":"category","embeddable":true,"href":"https:\/\/elektro-kamleithner.hu\/en\/wp-json\/wp\/v2\/categories?post=8655"},{"taxonomy":"post_tag","embeddable":true,"href":"https:\/\/elektro-kamleithner.hu\/en\/wp-json\/wp\/v2\/tags?post=8655"}],"curies":[{"name":"wp","href":"https:\/\/api.w.org\/{rel}","templated":true}]}}