{"id":7963,"date":"2025-09-10T12:26:45","date_gmt":"2025-09-10T11:26:45","guid":{"rendered":"https:\/\/evernox.hu\/a-vilagitas-szerepe-a-neuroinkluziv-terek-kialakitasaban\/"},"modified":"2025-09-18T18:39:39","modified_gmt":"2025-09-18T16:39:39","slug":"a-vilagitas-szerepe-a-neuroinkluziv-terek-kialakitasaban","status":"publish","type":"post","link":"https:\/\/elektro-kamleithner.hu\/en\/a-vilagitas-szerepe-a-neuroinkluziv-terek-kialakitasaban\/","title":{"rendered":"A vil\u00e1g\u00edt\u00e1s szerepe a neuroinkluz\u00edv terek kialak\u00edt\u00e1s\u00e1ban"},"content":{"rendered":"<h2>Egyre t\u00f6bbet hallani az inkluzivit\u00e1sr\u00f3l, de mi az a neuroinkluzivit\u00e1s?<\/h2>\n<p>A neurodiverzit\u00e1snak t\u00f6bb defin\u00edci\u00f3ja ismert. Neurotipikus emberek azok, akiknek a fejl\u0151d\u00e9se, k\u00e9pess\u00e9gprofilja tipikusnak, a legt\u00f6bb ember\u00e9hez hasonl\u00f3nak mondhat\u00f3. A leg\u00fajabb szeml\u00e9let szerint az atipikus agyi fejl\u0151d\u00e9s term\u00e9szetes emberi k\u00fcl\u00f6nbs\u00e9gnek tekinthet\u0151 \u00e9s \u00f6nmag\u00e1ban nem betegs\u00e9g.<\/p>\n<p>Val\u00f3j\u00e1ban minden ember neurodivergensnek sz\u00e1m\u00edt, mivel minden egy\u00e9n agya kisebb-nagyobb m\u00e9rt\u00e9kben elt\u00e9r\u0151 m\u00e1sok\u00e9t\u00f3l.<\/p>\n<p>Ez alapj\u00e1n ink\u00e1bb neurokisebbs\u00e9gekr\u0151l besz\u00e9lhet\u00fcnk a nem neurotipikus emberek eset\u00e9ben, ami ak\u00e1r pozit\u00edv k\u00fcl\u00f6nbs\u00e9g is lehet, de semmik\u00e9ppen sem betegs\u00e9g. A neur\u00e1lis kisebbs\u00e9gek k\u00f6z\u00e9 tartoz\u00f3 emberek (nem csak az autist\u00e1k) a t\u00f6bbs\u00e9gi t\u00e1rsadalomhoz k\u00e9pest marginaliz\u00e1lt helyzetben vannak, \u00e9s nehezen tal\u00e1lj\u00e1k meg a hely\u00fcket k\u00f6z\u00f6tt\u00fck.<\/p>\n<p>A bels\u0151 terek tervez\u00e9se \u00e9s kialak\u00edt\u00e1sa sor\u00e1n a neur\u00e1lis kisebbs\u00e9gek tagjait nem betegekk\u00e9nt, hanem a neurotipikus t\u00f6bbs\u00e9ggel egyenrang\u00fa, de az \u00f6v\u00e9kt\u0151l elt\u00e9r\u0151 k\u00e9pess\u00e9gprofillal rendelkez\u0151 emberekk\u00e9nt kellene kezelni \u00e9s mint ilyen kisebbs\u00e9gnek az ig\u00e9nyeit figyelembe kellene venni. A neurodiverz terek kialak\u00edt\u00e1sa a v\u00e1ltozatoss\u00e1g \u00e9s a v\u00e1laszt\u00e1si lehet\u0151s\u00e9gek fokoz\u00e1s\u00e1val minden ember sz\u00e1m\u00e1ra kedvez\u0151 k\u00f6rnyezetet teremt.<\/p>\n<h2>A k\u00e1pr\u00e1z\u00e1s sokak sz\u00e1m\u00e1ra zavar\u00f3<\/h2>\n<p>Az atipikus agyi m\u0171k\u00f6d\u00e9ssel \u00e9l\u0151 emberek sokszor \u00e9rz\u00e9kenyek a zavar\u00f3 hangokra \u00e9s f\u00e9nyekre. Sz\u00e1mukra kedvez\u0151, ha olyan akusztikai \u00e9s vil\u00e1g\u00edt\u00e1si k\u00f6rnyezetet alak\u00edtunk ki, ami kev\u00e9sb\u00e9 ingerl\u0151. Az \u00edgy kialak\u00edtott k\u00f6rnyezet mindenki sz\u00e1m\u00e1ra kedvez\u0151 lehet, hiszen a f\u00e9ny\u00e9rz\u00e9kenys\u00e9g sok embert \u00e9rint. Az id\u0151szakos vagy tart\u00f3s f\u00e9ny\u00e9rz\u00e9kenys\u00e9gnek sz\u00e1mos oka lehet. A szem alapvet\u0151en f\u00e9ny\u00e9rz\u00e9keny, \u00edgy tudunk l\u00e1tni. Akkor van probl\u00e9ma, ha t\u00falzottan f\u00e9ny\u00e9rz\u00e9keny, azaz a f\u00e9ny diszkomfortot vagy f\u00e1jdalmat okoz. F\u00e9ny hat\u00e1s\u00e1ra ilyenkor hunyorgunk, a szem\u00fcnk pedig k\u00f6nnyezik. A t\u00e1rgyakr\u00f3l koncentr\u00e1ltan visszaver\u0151d\u0151 f\u00e9ny k\u00fcl\u00f6n\u00f6sen zavar\u00f3 lehet, p\u00e9ld\u00e1ul ha a napf\u00e9ny t\u00fckr\u00f6z\u0151dik egy parkol\u00f3 aut\u00f3 ablakain vagy a szomsz\u00e9dos \u00e9p\u00fclet \u00fcvegfeleletein, vagy ak\u00e1r a kez\u00fcnkben tartott mobiltelefon k\u00e9perny\u0151je veri vissza a szem\u00fcnkbe a mennyezeti, lefel\u00e9 ir\u00e1ny\u00edtott vil\u00e1g\u00edt\u00e1st.<\/p>\n<p>F\u00e9ny\u00e9rz\u00e9kenys\u00e9get okozhat t\u00f6bbek k\u00f6z\u00f6tt migr\u00e9nes fejf\u00e1j\u00e1s, t\u00falzott kontaktlencse visel\u00e9s, k\u00f6t\u0151h\u00e1rtya-gyullad\u00e1s, sz\u00fcrkeh\u00e1lyog, szemm\u0171t\u00e9ten \u00e1tesett emberek, agyat \u00e9rint\u0151 betegs\u00e9gek, stroke \u00e9s bizonyos gy\u00f3gyszerek.<\/p>\n<p><img decoding=\"async\" src=\"\\&quot;https:\/\/elektro-kamleithner.hu\/wp-content\/uploads\/2026\/01\/e-villamos-6.-jpg.jpgwp-content\/uploads\/2025\/12\/12-_DSC7322-scaled-1.jpgwp-content\/uploads\/2025\/11\/Nevtelen-terv-7.jpgwp-content\/uploads\/2025\/09\/Kep1.png\\&quot;\" sizes=\"\\&quot;(max-width:\" srcset=\"\\&quot;https:\/\/www.elektro-kamleithner.hu\/wp-content\/uploads\/2025\/09\/Kep1.png\" alt=\"\\&quot;\\&quot;\" width=\"\\&quot;624\\&quot;\" height=\"\\&quot;367\\&quot;\" \/><\/p>\n<p>(HOK)<\/p>\n<h2>Vil\u00e1g\u00edt\u00e1s<\/h2>\n<p>A megfelel\u0151 vil\u00e1g\u00edt\u00e1s lehet\u0151s\u00e9get k\u00edn\u00e1l a neurodivergens egy\u00e9nek sz\u00e1m\u00e1ra befogad\u00f3 k\u00f6rnyezet kialak\u00edt\u00e1s\u00e1ra. Olyan egyszer\u0171 int\u00e9zked\u00e9sek is javul\u00e1st eredm\u00e9nyezhetnek, mint a fluoreszk\u00e1l\u00f3 l\u00e1mpatestek cser\u00e9je LED l\u00e1mpatestekre. A fluoreszk\u00e1l\u00f3 l\u00e1mpatestek zavar\u00f3 vill\u00f3dz\u00e1ssal \u00e9s z\u00fcmm\u00f6g\u00e9ssel j\u00e1rhatnak, amelyek sokszor csak a neurodivergensek sz\u00e1m\u00e1ra \u00e9rz\u00e9kelhet\u0151k.<\/p>\n<p>A vil\u00e1g\u00edt\u00e1si kutat\u00e1sok alapj\u00e1n az er\u0151s megvil\u00e1g\u00edt\u00e1s feler\u0151s\u00edtheti a pozit\u00edv \u00e9s negat\u00edv \u00e9rz\u00e9seket, m\u00edg a f\u00e9nyek tomp\u00edt\u00e1sa racion\u00e1lisabb d\u00f6nt\u00e9seket eredm\u00e9nyezhet.<\/p>\n<p>M\u00e1s tanulm\u00e1nyok azt tal\u00e1lt\u00e1k, hogy a vil\u00e1g\u00edt\u00e1s sz\u00edn\u00e9nek \u00e9s intenzit\u00e1s\u00e1nak a nap folyam\u00e1n t\u00f6rt\u00e9n\u0151 megv\u00e1ltoztat\u00e1sa a term\u00e9szet napi v\u00e1ltoz\u00e1sainak ut\u00e1nz\u00e1sa \u00e9rdek\u00e9ben szint\u00e9n seg\u00edthet a stressz cs\u00f6kkent\u00e9s\u00e9ben. Ezek az el\u0151ny\u00f6k mind a neurodivergens, mind a neurotipikus\u00a0 t\u00e9rhaszn\u00e1l\u00f3kra hat\u00e1ssal vannak.<\/p>\n<p>A term\u00e9szetes nappali f\u00e9nyhez val\u00f3 munkahelyi hozz\u00e1f\u00e9r\u00e9s n\u00f6velheti a fizikai j\u00f3ll\u00e9tet, jav\u00edthatja a ment\u00e1lis \u00e9s \u00e9rzelmi eg\u00e9szs\u00e9get, valamint megn\u00f6vekedett termel\u00e9kenys\u00e9get \u00e9s el\u00e9gedetts\u00e9get biztos\u00edt minden t\u00e9rfelhaszn\u00e1l\u00f3 sz\u00e1m\u00e1ra.<\/p>\n<p><img decoding=\"async\" src=\"\\&quot;https:\/\/elektro-kamleithner.hu\/wp-content\/uploads\/2026\/01\/e-villamos-6.-jpg.jpgwp-content\/uploads\/2025\/12\/12-_DSC7322-scaled-1.jpgwp-content\/uploads\/2025\/11\/Nevtelen-terv-7.jpgwp-content\/uploads\/2025\/09\/Kep2.png\\&quot;\" sizes=\"\\&quot;(max-width:\" srcset=\"\\&quot;https:\/\/www.elektro-kamleithner.hu\/wp-content\/uploads\/2025\/09\/Kep2.png\" alt=\"\\&quot;\\&quot;\" width=\"\\&quot;624\\&quot;\" height=\"\\&quot;311\\&quot;\" \/><\/p>\n<p>(HOK)<\/p>\n<p>Sz\u00e1mos tervez\u00e9si szabv\u00e1ny ad \u00fatmutat\u00e1st a nappali f\u00e9nyre vonatkoz\u00f3an a munkahelyeken. A LEED Daylight kreditje p\u00e9ld\u00e1ul meghat\u00e1rozott, t\u00fckr\u00f6z\u0151d\u00e9smentes nappali f\u00e9nyt \u00edr el\u0151 a huzamosan haszn\u00e1lt terek 75 sz\u00e1zal\u00e9k\u00e1ra. A WELL Building Standard aj\u00e1nl\u00e1sa szerint a munka\u00e1llom\u00e1sok lagal\u00e1bb 70 sz\u00e1zal\u00e9k\u00e1t a homlokzati \u00fcvegfel\u00fcletekt\u0151l legfeljebb 5 m\u00e9teren bel\u00fcl kell elhelyezni \u00e9s sz\u00e1mos aj\u00e1nl\u00e1st fogalmaz meg a mesters\u00e9ges vil\u00e1g\u00edt\u00e1sra. A megfelel\u0151 kialak\u00edt\u00e1son t\u00fal az is fontos, a t\u00e9r haszn\u00e1l\u00f3i saj\u00e1t maguk szab\u00e1lyozhass\u00e1g a megvil\u00e1g\u00edt\u00e1st egyedi ig\u00e9nyeik szerint.<\/p>\n<p><em>\u201eA fluoreszk\u00e1l\u00f3 l\u00e1mpatestben l\u00e9v\u0151 f\u00e9nycs\u0151 vibr\u00e1l, ami olyan z\u00fcmm\u00f6g\u0151 hangot eredm\u00e9nyez, amelyet csak a t\u00fal\u00e9rz\u00e9keny vestibularis szenzoros feldolgoz\u00e1si zavarban szenved\u0151k hallanak. Minden autizmus spektrumzavarral \u00e9l\u0151 embert \u00e9rint a vesztibul\u00e1ris feldolgoz\u00e1si zavar.\\&#8221;<\/em> \u2012 Gearoid Kearney, a myAccessHub vez\u00e9rigazgat\u00f3ja (HOK)<\/p>\n<h2>Tervez\u00e9si strat\u00e9gi\u00e1k a neuroinkluz\u00edv vil\u00e1g\u00edt\u00e1s\u00e9rt<\/h2>\n<ul>\n<li>Biztos\u00edtson olyan tereket, amelyek nincsenek t\u00falvil\u00e1g\u00edtva \u00e9s v\u00e1ltoztathat\u00f3 vil\u00e1g\u00edt\u00e1si szinttel rendelkeznek<\/li>\n<li>Ker\u00fclje a fluoreszk\u00e1l\u00f3 vil\u00e1g\u00edt\u00e1st \u00e9s a rossz min\u0151s\u00e9g\u0171 LED-eket a vill\u00f3dz\u00e1s cs\u00f6kkent\u00e9se \u00e9rdek\u00e9ben.<\/li>\n<li>Biztos\u00edtsa a term\u00e9szetes nappali f\u00e9nyhez val\u00f3 hozz\u00e1f\u00e9r\u00e9st.<\/li>\n<li>Alak\u00edtson ki v\u00e1ltozatos megvil\u00e1g\u00edt\u00e1s\u00fa tereket, k\u00f6zt\u00fck nyugtat\u00f3 \u00e9s energiz\u00e1l\u00f3 tereket is.<\/li>\n<li>Tegye lehet\u0151v\u00e9, hogy egy adott munka\u00e1llom\u00e1s k\u00f6rnyezet\u00e9ben a felhaszn\u00e1l\u00f3k &#8211; ak\u00e1r el\u0151re be\u00e1ll\u00edtott vil\u00e1g\u00edt\u00e1si jelenetekkel &#8211; v\u00e1ltoztathass\u00e1k a megvil\u00e1g\u00edt\u00e1s sz\u00edn\u00e9t, sz\u00ednh\u0151m\u00e9rs\u00e9klet\u00e9t, ir\u00e1ny\u00e1t \u00e9s intenzit\u00e1s\u00e1t.<\/li>\n<\/ul>\n<p><img decoding=\"async\" src=\"\\&quot;https:\/\/elektro-kamleithner.hu\/wp-content\/uploads\/2026\/01\/e-villamos-6.-jpg.jpgwp-content\/uploads\/2025\/12\/12-_DSC7322-scaled-1.jpgwp-content\/uploads\/2025\/11\/Nevtelen-terv-7.jpgwp-content\/uploads\/2025\/09\/Kep3.png\\&quot;\" sizes=\"\\&quot;(max-width:\" srcset=\"\\&quot;https:\/\/www.elektro-kamleithner.hu\/wp-content\/uploads\/2025\/09\/Kep3.png\" alt=\"\\&quot;\\&quot;\" width=\"\\&quot;624\\&quot;\" height=\"\\&quot;664\\&quot;\" \/><\/p>\n<p>(HOK)<\/p>\n<h2>Mivel seg\u00edtheti a neurodiverz embereket a munkahelyen?<\/h2>\n<ul>\n<li>M\u00e9rje fel a belt\u00e9ri k\u00f6rnyezet min\u0151s\u00e9g\u00e9t, k\u00fcl\u00f6n\u00f6s tekintettel a vil\u00e1g\u00edt\u00e1s m\u00e9rt\u00e9k\u00e9re, sz\u00ednvisszaad\u00e1si \u00e9rt\u00e9k\u00e9re, k\u00e1pr\u00e1z\u00e1si \u00e9rt\u00e9k\u00e9re \u00e9s vill\u00f3dz\u00e1s\u00e1ra.<\/li>\n<li>T\u00e1vol\u00edtsa el vagy takarja le a villog\u00f3 eszk\u00f6z\u00f6ket \u00e9s berendez\u00e9seket.<\/li>\n<li>Alak\u00edtson ki j\u00f3l szab\u00e1lyozhat\u00f3 vil\u00e1g\u00edt\u00e1si k\u00f6rnyezeteket.<\/li>\n<li>K\u00edn\u00e1ljon fel lehet\u0151s\u00e9geket, hogy az alkalmazottak kiv\u00e1laszthass\u00e1k a nekik \u00e9s az adott feladatnak legink\u00e1bb megfelel\u0151 k\u00f6rnyezetet.<\/li>\n<li>Adjon az embereknek v\u00e1laszt\u00e1si lehet\u0151s\u00e9get azzal kapcsolatban, hogy hol \u00fcljenek. Ez jelent\u0151sen n\u00f6velheti az el\u00e9gedetts\u00e9get, \u00e9s hat\u00e1ssal lehet az elk\u00f6telezetts\u00e9gre \u00e9s a termel\u00e9kenys\u00e9gre.<\/li>\n<li>Tegye lehet\u0151v\u00e9 a rugalmas munkakult\u00far\u00e1t, az otthoni munkav\u00e9gz\u00e9st, ha a feladat koncentr\u00e1ci\u00f3t ig\u00e9nyel.<\/li>\n<li>K\u00edn\u00e1ljon ergon\u00f3miai felm\u00e9r\u0151 programot \u00e9s alak\u00edtson ki v\u00e1llalati ergon\u00f3miai strat\u00e9gi\u00e1t.<\/li>\n<li>Biztos\u00edtson figyelemfelkelt\u0151 tr\u00e9ningeket a munkat\u00e1rsak sz\u00e1m\u00e1ra, hogy meg\u00e9rts\u00e9k a koll\u00e9g\u00e1k k\u00f6z\u00f6tti neurodiverzit\u00e1st.<\/li>\n<li>Minimaliz\u00e1lja a t\u00fckr\u00f6z\u0151d\u00e9st a monitorok j\u00f3l tervezett elhelyezked\u00e9s\u00e9vel \u00e9s a t\u00fckr\u00f6z\u0151d\u00e9st cs\u00f6kkent\u0151 bevonattal.<\/li>\n<\/ul>\n<h2>Az emberk\u00f6zpont\u00fa megvil\u00e1g\u00edt\u00e1st t\u00e1mogat\u00f3 strat\u00e9gi\u00e1k a WELL Building Standard szerint:<\/h2>\n<ul>\n<li>a munka\u00e1llom\u00e1sok legal\u00e1bb 70%-a legyen a homlokzati fel\u00fclett\u0151l legfeljebb 5 m\u00e9teres t\u00e1vols\u00e1on bel\u00fcl<\/li>\n<li>a vil\u00e1g\u00edt\u00e1s az EN 12464 szabv\u00e1ny szerint legyen kialak\u00edtva<\/li>\n<li>a sz\u00ednvisszad\u00e1s legyen minimum 90 CRI<\/li>\n<li>a f\u00e9nyforr\u00e1sok legyenek alacsony k\u00e1pr\u00e1z\u00e1si \u00e9rt\u00e9k\u0171ek, pl. az IEEE szabv\u00e1ny szerint<\/li>\n<li>a f\u00e9nyforr\u00e1sok t\u00fckr\u00f6z\u0151d\u00e9si \u00e9rt\u00e9ke maximum 16 UGR legyen<\/li>\n<\/ul>\n<h2>EL\u0150NY\u00d6K MINDENKINEK<\/h2>\n<p>A tervez\u0151knek lehet\u0151s\u00e9g\u00fck van arra, hogy befoly\u00e1solj\u00e1k a munkahelyek befogad\u00f3bb\u00e1 t\u00e9tel\u00e9hez sz\u00fcks\u00e9ges fizikai \u00e9s kultur\u00e1lis alkalmazkod\u00e1st. Biztos\u00edtanunk kell, hogy b\u00e1rmely v\u00e1llalkoz\u00e1s leg\u00e9rt\u00e9kesebb er\u0151forr\u00e1sai, az emberek, lehet\u0151s\u00e9get kapjanak arra, hogy boldogok, eg\u00e9szs\u00e9gesek, elk\u00f6telezettek \u00e9s meger\u0151s\u00f6djenek.<\/p>\n<p>A tehets\u00e9gek sz\u00e9les spektrum\u00e1nak pszichol\u00f3giai ig\u00e9nyeit kiel\u00e9g\u00edt\u0151 terek kialak\u00edt\u00e1sa az alapokn\u00e1l kezd\u0151dik. Azokra a munkahelyekre \u00f6sszpontos\u00edt, amelyek optim\u00e1lis h\u0151m\u00e9rs\u00e9klet-tartom\u00e1nyt, vil\u00e1g\u00edt\u00e1st, leveg\u0151min\u0151s\u00e9get, zajt, ergon\u00f3mi\u00e1t, valamint komfort- \u00e9s biztons\u00e1g\u00e9rzetet biztos\u00edtanak.<\/p>\n<p>Tov\u00e1bbmenve, a neurodivergens sz\u00e1m\u00e1ra val\u00f3 tervez\u00e9s olyan teret teremt, amely lehet\u0151v\u00e9 teszi minden egy\u00e9n sz\u00e1m\u00e1ra, hogy megtal\u00e1lja a mag\u00e1n\u00e9let \u00e9s a koncentr\u00e1ci\u00f3, a kapcsolat \u00e9s az elk\u00f6telezetts\u00e9g megfelel\u0151 szintj\u00e9t.<\/p>\n<p>Nincs egyetlen megold\u00e1s olyan t\u00e9r kialak\u00edt\u00e1s\u00e1ra, amely mindenki sz\u00e1m\u00e1ra a legjobban elf\u00e9r.<\/p>\n<p>De ha a tisztelet \u00e9s az inkluzivit\u00e1s szervezeti kult\u00far\u00e1j\u00e1ban \u00e9rik el, az olyan tervez\u00e9si elemekre val\u00f3 odafigyel\u00e9s, amelyek figyelembe veszik a neurodivergensek sz\u00fcks\u00e9gleteit, \u00e9s v\u00e1laszt\u00e1si lehet\u0151s\u00e9get biztos\u00edtanak.<\/p>\n<p>Cs\u00f6kkenti a neurol\u00f3giai k\u00fcl\u00f6nbs\u00e9gek k\u00e1ros hat\u00e1sait, teljes m\u00e9rt\u00e9kben kihaszn\u00e1lja a sz\u00e1mos el\u0151nyt, \u00e9s t\u00e1mogatja a t\u00e1gabb szervezeti \u00e9rt\u00e9keket \u00e9s c\u00e9lokat.<\/p>\n<p>A neurodiverzit\u00e1st c\u00e9lz\u00f3 tervez\u00e9s \u00e9s a jobb eg\u00e9szs\u00e9g \u00e9s j\u00f3ll\u00e9t fel\u00e9 ir\u00e1nyul\u00f3 sz\u00e9lesebb k\u00f6r\u0171 elmozdul\u00e1s k\u00f6z\u00f6tti jelent\u0151s \u00e1tfed\u00e9s arra utal, hogy a befogad\u00f3bb munkahelyek el\u0151nyei mindenkinek el\u0151ny\u00f6s k\u00f6rnyezet biztos\u00edtanak. A v\u00e1ltozatos, befogad\u00f3, ismert k\u00f6rnyezeti min\u0151s\u00e9g\u0171 terek minden haszn\u00e1l\u00f3nak seg\u00edtenek megbirk\u00f3zni a mindennapi stresszel \u00e9s kiteljesedni.<\/p>\n<p>A neuroinkluz\u00edv tervez\u00e9s nem csak arr\u00f3l sz\u00f3l, hogy a t\u00e9rhaszn\u00e1l\u00f3k 20 sz\u00e1zal\u00e9k\u00e1\u00e9rt tesz\u00fcnk valamit, akik statisztikailag neurodivergensek lehetnek. Ez arr\u00f3l sz\u00f3l, hogy a tereket mindenki sz\u00e1m\u00e1ra jobban haszn\u00e1lhat\u00f3v\u00e1 tegy\u00fck az\u00e1ltal, hogy val\u00f3ban meg\u00e9rtj\u00fck, hogyan hatnak r\u00e1nk az adott k\u00f6rnyezet elemei, \u00e9s hogyan tervezhet\u00fcnk \u00fagy, hogy jobb \u00e9p\u00edtett k\u00f6rnyezetet hozzunk l\u00e9tre.<\/p>\n<p>Kurucz Regina<\/p>\n<p>okl. \u00e9p\u00edt\u00e9szm\u00e9rn\u00f6k<\/p>\n<p>eg\u00e9szs\u00e9ges \u00e9p\u00fclet tan\u00e1csad\u00f3<\/p>\n<pre>Forr\u00e1s:<\/pre>\n<p><a href=\"\/en\/\\&quot;https:\/\/v2.wellcertified.com\/en\/wellv2\/light\\&quot;\/\">https:\/\/v2.wellcertified.com\/en\/wellv2\/light<\/a><\/p>\n<p>(HOK) Designing a neuroinclusive workplace <a href=\"\/en\/\\&quot;https:\/\/edisciplinas.usp.br\/pluginfile.php\/5137341\/mod_resource\/content\/0\/HOK%20Neurodiverse-Workplace-HOK-web%20%281%29.pdf\\&quot;\/\">https:\/\/edisciplinas.usp.br\/pluginfile.php\/5137341\/mod_resource\/content\/0\/HOK%20Neurodiverse-Workplace-HOK-web%20%281%29.pdf<\/a><\/p>\n<p><a href=\"\/en\/\\&quot;https:\/\/www.bdcnetwork.com\/blog\/hok-presents-neurodiversity-research-and-design-guidelines-sxsw-2024\\&quot;\/\">https:\/\/www.bdcnetwork.com\/blog\/hok-presents-neurodiversity-research-and-design-guidelines-sxsw-2024<\/a><\/p>\n<p>https:\/\/blog.kumux.io\/blog\/2024\/06\/18\/neuro-illumination-the-combination-of-neuroscience-and-architectural-design\/?utm_medium=email&#038;utm_content=313071112&#038;utm_source=hs_email<\/p>","protected":false},"excerpt":{"rendered":"<p>Egyre t\u00f6bbet hallani az inkluzivit\u00e1sr\u00f3l, de mi az a neuroinkluzivit\u00e1s? A neurodiverzit\u00e1snak t\u00f6bb defin\u00edci\u00f3ja ismert. Neurotipikus emberek azok, akiknek a [&hellip;]<\/p>\n","protected":false},"author":2,"featured_media":8026,"comment_status":"closed","ping_status":"open","sticky":false,"template":"","format":"standard","meta":{"_acf_changed":false,"site-sidebar-layout":"default","site-content-layout":"","ast-site-content-layout":"default","site-content-style":"default","site-sidebar-style":"default","ast-global-header-display":"","ast-banner-title-visibility":"","ast-main-header-display":"","ast-hfb-above-header-display":"","ast-hfb-below-header-display":"","ast-hfb-mobile-header-display":"","site-post-title":"","ast-breadcrumbs-content":"","ast-featured-img":"","footer-sml-layout":"","ast-disable-related-posts":"","theme-transparent-header-meta":"default","adv-header-id-meta":"","stick-header-meta":"default","header-above-stick-meta":"","header-main-stick-meta":"","header-below-stick-meta":"","astra-migrate-meta-layouts":"set","ast-page-background-enabled":"default","ast-page-background-meta":{"desktop":{"background-color":"var(--ast-global-color-4)","background-image":"","background-repeat":"repeat","background-position":"center center","background-size":"auto","background-attachment":"scroll","background-type":"","background-media":"","overlay-type":"","overlay-color":"","overlay-opacity":"","overlay-gradient":""},"tablet":{"background-color":"","background-image":"","background-repeat":"repeat","background-position":"center center","background-size":"auto","background-attachment":"scroll","background-type":"","background-media":"","overlay-type":"","overlay-color":"","overlay-opacity":"","overlay-gradient":""},"mobile":{"background-color":"","background-image":"","background-repeat":"repeat","background-position":"center center","background-size":"auto","background-attachment":"scroll","background-type":"","background-media":"","overlay-type":"","overlay-color":"","overlay-opacity":"","overlay-gradient":""}},"ast-content-background-meta":{"desktop":{"background-color":"var(--ast-global-color-5)","background-image":"","background-repeat":"repeat","background-position":"center center","background-size":"auto","background-attachment":"scroll","background-type":"","background-media":"","overlay-type":"","overlay-color":"","overlay-opacity":"","overlay-gradient":""},"tablet":{"background-color":"var(--ast-global-color-5)","background-image":"","background-repeat":"repeat","background-position":"center center","background-size":"auto","background-attachment":"scroll","background-type":"","background-media":"","overlay-type":"","overlay-color":"","overlay-opacity":"","overlay-gradient":""},"mobile":{"background-color":"var(--ast-global-color-5)","background-image":"","background-repeat":"repeat","background-position":"center center","background-size":"auto","background-attachment":"scroll","background-type":"","background-media":"","overlay-type":"","overlay-color":"","overlay-opacity":"","overlay-gradient":""}},"footnotes":""},"categories":[1],"tags":[],"class_list":["post-7963","post","type-post","status-publish","format-standard","has-post-thumbnail","hentry","category-blog"],"acf":[],"yoast_head":"<!-- This site is optimized with the Yoast SEO plugin v28.3 - https:\/\/yoast.com\/product\/yoast-seo-wordpress\/ -->\n<title>A vil\u00e1g\u00edt\u00e1s szerepe a neuroinkluz\u00edv terek kialak\u00edt\u00e1s\u00e1ban - Elektro Kamleithner<\/title>\n<meta name=\"robots\" content=\"index, follow, max-snippet:-1, max-image-preview:large, max-video-preview:-1\" \/>\n<link rel=\"canonical\" href=\"https:\/\/elektro-kamleithner.hu\/en\/a-vilagitas-szerepe-a-neuroinkluziv-terek-kialakitasaban\/\" \/>\n<meta property=\"og:locale\" content=\"en_GB\" \/>\n<meta property=\"og:type\" content=\"article\" \/>\n<meta property=\"og:title\" content=\"A vil\u00e1g\u00edt\u00e1s szerepe a neuroinkluz\u00edv terek kialak\u00edt\u00e1s\u00e1ban - Elektro Kamleithner\" \/>\n<meta property=\"og:description\" content=\"Egyre t\u00f6bbet hallani az inkluzivit\u00e1sr\u00f3l, de mi az a neuroinkluzivit\u00e1s? A neurodiverzit\u00e1snak t\u00f6bb defin\u00edci\u00f3ja ismert. Neurotipikus emberek azok, akiknek a [&hellip;]\" \/>\n<meta property=\"og:url\" content=\"https:\/\/elektro-kamleithner.hu\/en\/a-vilagitas-szerepe-a-neuroinkluziv-terek-kialakitasaban\/\" \/>\n<meta property=\"og:site_name\" content=\"Elektro Kamleithner\" \/>\n<meta property=\"article:publisher\" content=\"https:\/\/www.facebook.com\/ElektroKamleithnerKft\/\" \/>\n<meta property=\"article:published_time\" content=\"2025-09-10T11:26:45+00:00\" \/>\n<meta property=\"article:modified_time\" content=\"2025-09-18T16:39:39+00:00\" \/>\n<meta property=\"og:image\" content=\"https:\/\/elektro-kamleithner.hu\/wp-content\/uploads\/2025\/09\/blog-03.webp\" \/>\n\t<meta property=\"og:image:width\" content=\"1200\" \/>\n\t<meta property=\"og:image:height\" content=\"628\" \/>\n\t<meta property=\"og:image:type\" content=\"image\/webp\" \/>\n<meta name=\"author\" content=\"Balogh Zolt\u00e1n\" \/>\n<meta name=\"twitter:card\" content=\"summary_large_image\" \/>\n<meta name=\"twitter:label1\" content=\"Written by\" \/>\n\t<meta name=\"twitter:data1\" content=\"Balogh Zolt\u00e1n\" \/>\n\t<meta name=\"twitter:label2\" content=\"Estimated reading time\" \/>\n\t<meta name=\"twitter:data2\" content=\"9 minutes\" \/>\n<script type=\"application\/ld+json\" class=\"yoast-schema-graph\">{\"@context\":\"https:\\\/\\\/schema.org\",\"@graph\":[{\"@type\":\"Article\",\"@id\":\"https:\\\/\\\/elektro-kamleithner.hu\\\/a-vilagitas-szerepe-a-neuroinkluziv-terek-kialakitasaban\\\/#article\",\"isPartOf\":{\"@id\":\"https:\\\/\\\/elektro-kamleithner.hu\\\/a-vilagitas-szerepe-a-neuroinkluziv-terek-kialakitasaban\\\/\"},\"author\":{\"name\":\"Balogh Zolt\u00e1n\",\"@id\":\"https:\\\/\\\/elektro-kamleithner.hu\\\/#\\\/schema\\\/person\\\/6bee347fe0f99bcff222317c89ff8c51\"},\"headline\":\"A vil\u00e1g\u00edt\u00e1s szerepe a neuroinkluz\u00edv terek kialak\u00edt\u00e1s\u00e1ban\",\"datePublished\":\"2025-09-10T11:26:45+00:00\",\"dateModified\":\"2025-09-18T16:39:39+00:00\",\"mainEntityOfPage\":{\"@id\":\"https:\\\/\\\/elektro-kamleithner.hu\\\/a-vilagitas-szerepe-a-neuroinkluziv-terek-kialakitasaban\\\/\"},\"wordCount\":1856,\"publisher\":{\"@id\":\"https:\\\/\\\/elektro-kamleithner.hu\\\/#organization\"},\"image\":{\"@id\":\"https:\\\/\\\/elektro-kamleithner.hu\\\/a-vilagitas-szerepe-a-neuroinkluziv-terek-kialakitasaban\\\/#primaryimage\"},\"thumbnailUrl\":\"https:\\\/\\\/elektro-kamleithner.hu\\\/wp-content\\\/uploads\\\/2025\\\/09\\\/blog-03.webp\",\"articleSection\":[\"Blog\"],\"inLanguage\":\"en-GB\"},{\"@type\":\"WebPage\",\"@id\":\"https:\\\/\\\/elektro-kamleithner.hu\\\/a-vilagitas-szerepe-a-neuroinkluziv-terek-kialakitasaban\\\/\",\"url\":\"https:\\\/\\\/elektro-kamleithner.hu\\\/a-vilagitas-szerepe-a-neuroinkluziv-terek-kialakitasaban\\\/\",\"name\":\"A vil\u00e1g\u00edt\u00e1s szerepe a neuroinkluz\u00edv terek kialak\u00edt\u00e1s\u00e1ban - Elektro Kamleithner\",\"isPartOf\":{\"@id\":\"https:\\\/\\\/elektro-kamleithner.hu\\\/#website\"},\"primaryImageOfPage\":{\"@id\":\"https:\\\/\\\/elektro-kamleithner.hu\\\/a-vilagitas-szerepe-a-neuroinkluziv-terek-kialakitasaban\\\/#primaryimage\"},\"image\":{\"@id\":\"https:\\\/\\\/elektro-kamleithner.hu\\\/a-vilagitas-szerepe-a-neuroinkluziv-terek-kialakitasaban\\\/#primaryimage\"},\"thumbnailUrl\":\"https:\\\/\\\/elektro-kamleithner.hu\\\/wp-content\\\/uploads\\\/2025\\\/09\\\/blog-03.webp\",\"datePublished\":\"2025-09-10T11:26:45+00:00\",\"dateModified\":\"2025-09-18T16:39:39+00:00\",\"breadcrumb\":{\"@id\":\"https:\\\/\\\/elektro-kamleithner.hu\\\/a-vilagitas-szerepe-a-neuroinkluziv-terek-kialakitasaban\\\/#breadcrumb\"},\"inLanguage\":\"en-GB\",\"potentialAction\":[{\"@type\":\"ReadAction\",\"target\":[\"https:\\\/\\\/elektro-kamleithner.hu\\\/a-vilagitas-szerepe-a-neuroinkluziv-terek-kialakitasaban\\\/\"]}]},{\"@type\":\"ImageObject\",\"inLanguage\":\"en-GB\",\"@id\":\"https:\\\/\\\/elektro-kamleithner.hu\\\/a-vilagitas-szerepe-a-neuroinkluziv-terek-kialakitasaban\\\/#primaryimage\",\"url\":\"https:\\\/\\\/elektro-kamleithner.hu\\\/wp-content\\\/uploads\\\/2025\\\/09\\\/blog-03.webp\",\"contentUrl\":\"https:\\\/\\\/elektro-kamleithner.hu\\\/wp-content\\\/uploads\\\/2025\\\/09\\\/blog-03.webp\",\"width\":1200,\"height\":628,\"caption\":\"blog 03\"},{\"@type\":\"BreadcrumbList\",\"@id\":\"https:\\\/\\\/elektro-kamleithner.hu\\\/a-vilagitas-szerepe-a-neuroinkluziv-terek-kialakitasaban\\\/#breadcrumb\",\"itemListElement\":[{\"@type\":\"ListItem\",\"position\":1,\"name\":\"Kezd\u0151lap\",\"item\":\"https:\\\/\\\/elektro-kamleithner.hu\\\/\"},{\"@type\":\"ListItem\",\"position\":2,\"name\":\"A vil\u00e1g\u00edt\u00e1s szerepe a neuroinkluz\u00edv terek kialak\u00edt\u00e1s\u00e1ban\"}]},{\"@type\":\"WebSite\",\"@id\":\"https:\\\/\\\/elektro-kamleithner.hu\\\/#website\",\"url\":\"https:\\\/\\\/elektro-kamleithner.hu\\\/\",\"name\":\"Elektro Kamleithner\",\"description\":\"Elektro Kamleithner\",\"publisher\":{\"@id\":\"https:\\\/\\\/elektro-kamleithner.hu\\\/#organization\"},\"potentialAction\":[{\"@type\":\"SearchAction\",\"target\":{\"@type\":\"EntryPoint\",\"urlTemplate\":\"https:\\\/\\\/elektro-kamleithner.hu\\\/?s={search_term_string}\"},\"query-input\":{\"@type\":\"PropertyValueSpecification\",\"valueRequired\":true,\"valueName\":\"search_term_string\"}}],\"inLanguage\":\"en-GB\"},{\"@type\":\"Organization\",\"@id\":\"https:\\\/\\\/elektro-kamleithner.hu\\\/#organization\",\"name\":\"Elektro Kamleithner\",\"url\":\"https:\\\/\\\/elektro-kamleithner.hu\\\/\",\"logo\":{\"@type\":\"ImageObject\",\"inLanguage\":\"en-GB\",\"@id\":\"https:\\\/\\\/elektro-kamleithner.hu\\\/#\\\/schema\\\/logo\\\/image\\\/\",\"url\":\"https:\\\/\\\/elektro-kamleithner.hu\\\/wp-content\\\/uploads\\\/2024\\\/09\\\/elektro-white-001.svg\",\"contentUrl\":\"https:\\\/\\\/elektro-kamleithner.hu\\\/wp-content\\\/uploads\\\/2024\\\/09\\\/elektro-white-001.svg\",\"width\":382,\"height\":131,\"caption\":\"Elektro Kamleithner\"},\"image\":{\"@id\":\"https:\\\/\\\/elektro-kamleithner.hu\\\/#\\\/schema\\\/logo\\\/image\\\/\"},\"sameAs\":[\"https:\\\/\\\/www.facebook.com\\\/ElektroKamleithnerKft\\\/\",\"https:\\\/\\\/www.youtube.com\\\/channel\\\/UCdDdwY5NIU2nmN9MjvqnFqg\",\"https:\\\/\\\/www.instagram.com\\\/berker.hu\\\/\"]},{\"@type\":\"Person\",\"@id\":\"https:\\\/\\\/elektro-kamleithner.hu\\\/#\\\/schema\\\/person\\\/6bee347fe0f99bcff222317c89ff8c51\",\"name\":\"Balogh Zolt\u00e1n\",\"image\":{\"@type\":\"ImageObject\",\"inLanguage\":\"en-GB\",\"@id\":\"https:\\\/\\\/secure.gravatar.com\\\/avatar\\\/83c725ba6ed0c327cf067a335b7156b3cb23f8585104d5ab2cd7bc81e6b47877?s=96&d=mm&r=g\",\"url\":\"https:\\\/\\\/secure.gravatar.com\\\/avatar\\\/83c725ba6ed0c327cf067a335b7156b3cb23f8585104d5ab2cd7bc81e6b47877?s=96&d=mm&r=g\",\"contentUrl\":\"https:\\\/\\\/secure.gravatar.com\\\/avatar\\\/83c725ba6ed0c327cf067a335b7156b3cb23f8585104d5ab2cd7bc81e6b47877?s=96&d=mm&r=g\",\"caption\":\"Balogh Zolt\u00e1n\"},\"url\":\"https:\\\/\\\/elektro-kamleithner.hu\\\/en\\\/author\\\/admin\\\/\"}]}<\/script>\n<!-- \/ Yoast SEO plugin. -->","yoast_head_json":{"title":"A vil\u00e1g\u00edt\u00e1s szerepe a neuroinkluz\u00edv terek kialak\u00edt\u00e1s\u00e1ban - Elektro Kamleithner","robots":{"index":"index","follow":"follow","max-snippet":"max-snippet:-1","max-image-preview":"max-image-preview:large","max-video-preview":"max-video-preview:-1"},"canonical":"https:\/\/elektro-kamleithner.hu\/en\/a-vilagitas-szerepe-a-neuroinkluziv-terek-kialakitasaban\/","og_locale":"en_GB","og_type":"article","og_title":"A vil\u00e1g\u00edt\u00e1s szerepe a neuroinkluz\u00edv terek kialak\u00edt\u00e1s\u00e1ban - Elektro Kamleithner","og_description":"Egyre t\u00f6bbet hallani az inkluzivit\u00e1sr\u00f3l, de mi az a neuroinkluzivit\u00e1s? A neurodiverzit\u00e1snak t\u00f6bb defin\u00edci\u00f3ja ismert. Neurotipikus emberek azok, akiknek a [&hellip;]","og_url":"https:\/\/elektro-kamleithner.hu\/en\/a-vilagitas-szerepe-a-neuroinkluziv-terek-kialakitasaban\/","og_site_name":"Elektro Kamleithner","article_publisher":"https:\/\/www.facebook.com\/ElektroKamleithnerKft\/","article_published_time":"2025-09-10T11:26:45+00:00","article_modified_time":"2025-09-18T16:39:39+00:00","og_image":[{"width":1200,"height":628,"url":"https:\/\/elektro-kamleithner.hu\/wp-content\/uploads\/2025\/09\/blog-03.webp","type":"image\/webp"}],"author":"Balogh Zolt\u00e1n","twitter_card":"summary_large_image","twitter_misc":{"Written by":"Balogh Zolt\u00e1n","Estimated reading time":"9 minutes"},"schema":{"@context":"https:\/\/schema.org","@graph":[{"@type":"Article","@id":"https:\/\/elektro-kamleithner.hu\/a-vilagitas-szerepe-a-neuroinkluziv-terek-kialakitasaban\/#article","isPartOf":{"@id":"https:\/\/elektro-kamleithner.hu\/a-vilagitas-szerepe-a-neuroinkluziv-terek-kialakitasaban\/"},"author":{"name":"Balogh Zolt\u00e1n","@id":"https:\/\/elektro-kamleithner.hu\/#\/schema\/person\/6bee347fe0f99bcff222317c89ff8c51"},"headline":"A vil\u00e1g\u00edt\u00e1s szerepe a neuroinkluz\u00edv terek kialak\u00edt\u00e1s\u00e1ban","datePublished":"2025-09-10T11:26:45+00:00","dateModified":"2025-09-18T16:39:39+00:00","mainEntityOfPage":{"@id":"https:\/\/elektro-kamleithner.hu\/a-vilagitas-szerepe-a-neuroinkluziv-terek-kialakitasaban\/"},"wordCount":1856,"publisher":{"@id":"https:\/\/elektro-kamleithner.hu\/#organization"},"image":{"@id":"https:\/\/elektro-kamleithner.hu\/a-vilagitas-szerepe-a-neuroinkluziv-terek-kialakitasaban\/#primaryimage"},"thumbnailUrl":"https:\/\/elektro-kamleithner.hu\/wp-content\/uploads\/2025\/09\/blog-03.webp","articleSection":["Blog"],"inLanguage":"en-GB"},{"@type":"WebPage","@id":"https:\/\/elektro-kamleithner.hu\/a-vilagitas-szerepe-a-neuroinkluziv-terek-kialakitasaban\/","url":"https:\/\/elektro-kamleithner.hu\/a-vilagitas-szerepe-a-neuroinkluziv-terek-kialakitasaban\/","name":"A vil\u00e1g\u00edt\u00e1s szerepe a neuroinkluz\u00edv terek kialak\u00edt\u00e1s\u00e1ban - Elektro Kamleithner","isPartOf":{"@id":"https:\/\/elektro-kamleithner.hu\/#website"},"primaryImageOfPage":{"@id":"https:\/\/elektro-kamleithner.hu\/a-vilagitas-szerepe-a-neuroinkluziv-terek-kialakitasaban\/#primaryimage"},"image":{"@id":"https:\/\/elektro-kamleithner.hu\/a-vilagitas-szerepe-a-neuroinkluziv-terek-kialakitasaban\/#primaryimage"},"thumbnailUrl":"https:\/\/elektro-kamleithner.hu\/wp-content\/uploads\/2025\/09\/blog-03.webp","datePublished":"2025-09-10T11:26:45+00:00","dateModified":"2025-09-18T16:39:39+00:00","breadcrumb":{"@id":"https:\/\/elektro-kamleithner.hu\/a-vilagitas-szerepe-a-neuroinkluziv-terek-kialakitasaban\/#breadcrumb"},"inLanguage":"en-GB","potentialAction":[{"@type":"ReadAction","target":["https:\/\/elektro-kamleithner.hu\/a-vilagitas-szerepe-a-neuroinkluziv-terek-kialakitasaban\/"]}]},{"@type":"ImageObject","inLanguage":"en-GB","@id":"https:\/\/elektro-kamleithner.hu\/a-vilagitas-szerepe-a-neuroinkluziv-terek-kialakitasaban\/#primaryimage","url":"https:\/\/elektro-kamleithner.hu\/wp-content\/uploads\/2025\/09\/blog-03.webp","contentUrl":"https:\/\/elektro-kamleithner.hu\/wp-content\/uploads\/2025\/09\/blog-03.webp","width":1200,"height":628,"caption":"blog 03"},{"@type":"BreadcrumbList","@id":"https:\/\/elektro-kamleithner.hu\/a-vilagitas-szerepe-a-neuroinkluziv-terek-kialakitasaban\/#breadcrumb","itemListElement":[{"@type":"ListItem","position":1,"name":"Kezd\u0151lap","item":"https:\/\/elektro-kamleithner.hu\/"},{"@type":"ListItem","position":2,"name":"A vil\u00e1g\u00edt\u00e1s szerepe a neuroinkluz\u00edv terek kialak\u00edt\u00e1s\u00e1ban"}]},{"@type":"WebSite","@id":"https:\/\/elektro-kamleithner.hu\/#website","url":"https:\/\/elektro-kamleithner.hu\/","name":"Elektro Kamleithner","description":"Elektro Kamleithner","publisher":{"@id":"https:\/\/elektro-kamleithner.hu\/#organization"},"potentialAction":[{"@type":"SearchAction","target":{"@type":"EntryPoint","urlTemplate":"https:\/\/elektro-kamleithner.hu\/?s={search_term_string}"},"query-input":{"@type":"PropertyValueSpecification","valueRequired":true,"valueName":"search_term_string"}}],"inLanguage":"en-GB"},{"@type":"Organization","@id":"https:\/\/elektro-kamleithner.hu\/#organization","name":"Elektro Kamleithner","url":"https:\/\/elektro-kamleithner.hu\/","logo":{"@type":"ImageObject","inLanguage":"en-GB","@id":"https:\/\/elektro-kamleithner.hu\/#\/schema\/logo\/image\/","url":"https:\/\/elektro-kamleithner.hu\/wp-content\/uploads\/2024\/09\/elektro-white-001.svg","contentUrl":"https:\/\/elektro-kamleithner.hu\/wp-content\/uploads\/2024\/09\/elektro-white-001.svg","width":382,"height":131,"caption":"Elektro Kamleithner"},"image":{"@id":"https:\/\/elektro-kamleithner.hu\/#\/schema\/logo\/image\/"},"sameAs":["https:\/\/www.facebook.com\/ElektroKamleithnerKft\/","https:\/\/www.youtube.com\/channel\/UCdDdwY5NIU2nmN9MjvqnFqg","https:\/\/www.instagram.com\/berker.hu\/"]},{"@type":"Person","@id":"https:\/\/elektro-kamleithner.hu\/#\/schema\/person\/6bee347fe0f99bcff222317c89ff8c51","name":"Balogh Zolt\u00e1n","image":{"@type":"ImageObject","inLanguage":"en-GB","@id":"https:\/\/secure.gravatar.com\/avatar\/83c725ba6ed0c327cf067a335b7156b3cb23f8585104d5ab2cd7bc81e6b47877?s=96&d=mm&r=g","url":"https:\/\/secure.gravatar.com\/avatar\/83c725ba6ed0c327cf067a335b7156b3cb23f8585104d5ab2cd7bc81e6b47877?s=96&d=mm&r=g","contentUrl":"https:\/\/secure.gravatar.com\/avatar\/83c725ba6ed0c327cf067a335b7156b3cb23f8585104d5ab2cd7bc81e6b47877?s=96&d=mm&r=g","caption":"Balogh Zolt\u00e1n"},"url":"https:\/\/elektro-kamleithner.hu\/en\/author\/admin\/"}]}},"_links":{"self":[{"href":"https:\/\/elektro-kamleithner.hu\/en\/wp-json\/wp\/v2\/posts\/7963","targetHints":{"allow":["GET"]}}],"collection":[{"href":"https:\/\/elektro-kamleithner.hu\/en\/wp-json\/wp\/v2\/posts"}],"about":[{"href":"https:\/\/elektro-kamleithner.hu\/en\/wp-json\/wp\/v2\/types\/post"}],"author":[{"embeddable":true,"href":"https:\/\/elektro-kamleithner.hu\/en\/wp-json\/wp\/v2\/users\/2"}],"replies":[{"embeddable":true,"href":"https:\/\/elektro-kamleithner.hu\/en\/wp-json\/wp\/v2\/comments?post=7963"}],"version-history":[{"count":2,"href":"https:\/\/elektro-kamleithner.hu\/en\/wp-json\/wp\/v2\/posts\/7963\/revisions"}],"predecessor-version":[{"id":8891,"href":"https:\/\/elektro-kamleithner.hu\/en\/wp-json\/wp\/v2\/posts\/7963\/revisions\/8891"}],"wp:featuredmedia":[{"embeddable":true,"href":"https:\/\/elektro-kamleithner.hu\/en\/wp-json\/wp\/v2\/media\/8026"}],"wp:attachment":[{"href":"https:\/\/elektro-kamleithner.hu\/en\/wp-json\/wp\/v2\/media?parent=7963"}],"wp:term":[{"taxonomy":"category","embeddable":true,"href":"https:\/\/elektro-kamleithner.hu\/en\/wp-json\/wp\/v2\/categories?post=7963"},{"taxonomy":"post_tag","embeddable":true,"href":"https:\/\/elektro-kamleithner.hu\/en\/wp-json\/wp\/v2\/tags?post=7963"}],"curies":[{"name":"wp","href":"https:\/\/api.w.org\/{rel}","templated":true}]}}