{"id":7902,"date":"2025-08-14T14:44:57","date_gmt":"2025-08-14T13:44:57","guid":{"rendered":"https:\/\/evernox.hu\/nok-a-knx-ben\/"},"modified":"2026-01-28T10:55:50","modified_gmt":"2026-01-28T09:55:50","slug":"nok-a-knx-ben","status":"publish","type":"post","link":"https:\/\/elektro-kamleithner.hu\/en\/nok-a-knx-ben\/","title":{"rendered":"N\u0151k a KNX-ben: Christiane Pursche a n\u0151k technol\u00f3giai szektorban bet\u00f6lt\u00f6tt szerep\u00e9nek hossz\u00fa t\u00e1v\u00fa \u00e1talak\u00edt\u00e1s\u00e1r\u00f3l"},"content":{"rendered":"<p><img decoding=\"async\" class=\"\\&quot;alignnone\" src=\"\\&quot;https:\/\/elektro-kamleithner.hu\/wp-content\/uploads\/2026\/01\/e-villamos-6.-jpg.jpgwp-content\/uploads\/2025\/12\/12-_DSC7322-scaled-1.jpgwp-content\/uploads\/2025\/11\/Nevtelen-terv-7.jpgwp-content\/uploads\/2025\/08\/Kep1.jpg\\&quot;\" alt=\"\\&quot;\\&quot;\" width=\"\\&quot;75\\&quot;\" height=\"\\&quot;90\\&quot;\" \/><\/p>\n<p><em>Ebben az interj\u00faban Katie Rose-szal Christiane Pursche megosztja, hogyan \u00e9rv\u00e9nyes\u00fclhetnek a n\u0151k az \u00e9p\u00edtkez\u00e9seken, \u00e9s hogyan \u00e9p\u00edthetnek sikeres karriert az ipar\u00e1gban.<\/em><\/p>\n<p><strong>KNXtoday: Mes\u00e9ljen a h\u00e1tter\u00e9r\u0151l, \u00e9s arr\u00f3l, hogyan ker\u00fclt a jelenlegi munkak\u00f6r\u00e9be.<br \/>\nChristiane Pursche (CP): <\/strong>Keresked\u0151k\u00e9nt v\u00e9geztem, kor\u00e1bban pedig egy villanyszerel\u0151 mester k\u00f6nyvel\u0151jek\u00e9nt dolgoztam. Hossz\u00fa ideje foglalkoztunk m\u00e1r KNX-szel, amikor a f\u00e9rjem, Lothar \u00fagy d\u00f6nt\u00f6tt, hogy saj\u00e1t v\u00e1llalkoz\u00e1st ind\u00edt. Kezdetben \u00e9n kezeltem a p\u00e9nz\u00fcgyeket, de azt\u00e1n egyre jobban elkezdett \u00e9rdekelni, mivel is foglalkozik Lothar, \u00e9s elkezdtem dolgozni az ETS-sel. T\u0151le tanultam, \u00e9s 2022 november\u00e9ben megszereztem a KNX tan\u00fas\u00edtv\u00e1nyt.<br \/>\nMa m\u00e1r k\u00f6z\u00f6sen vezetj\u00fck a Smart Systems nev\u0171 c\u00e9g\u00fcnket Lotharral. Nem vagyok villanyszerel\u0151, nem v\u00e9gzek telep\u00edt\u00e9seket, csak a sz\u00e1m\u00edt\u00f3g\u00e9pes integr\u00e1ci\u00f3val foglalkozom.<\/p>\n<p><img decoding=\"async\" class=\"\\&quot;alignnone\" src=\"\\&quot;https:\/\/elektro-kamleithner.hu\/wp-content\/uploads\/2026\/01\/e-villamos-6.-jpg.jpgwp-content\/uploads\/2025\/12\/12-_DSC7322-scaled-1.jpgwp-content\/uploads\/2025\/11\/Nevtelen-terv-7.jpgwp-content\/uploads\/2025\/08\/Kep22.jpg\\&quot;\" alt=\"\\&quot;\\&quot;\" width=\"\\&quot;225\\&quot;\" height=\"\\&quot;338\\&quot;\" \/><br \/>\n<em>Christiane Pursche.<\/em><\/p>\n<p><strong>KNXtoday:<\/strong> Mik a munk\u00e1ja leg\u00e9rdekesebb r\u00e9szei?<br \/>\n<strong>CP:<\/strong> Sok izgalmas projekten dolgozunk, a bankokt\u00f3l \u00e9s klinik\u00e1kt\u00f3l kezdve eg\u00e9szen a nagy irodakomplexumokig \u00e9s gy\u00e1rt\u00f3csarnokokig. Im\u00e1dom l\u00e1tni, ahogy a programoz\u00e1s a sok el\u0151k\u00e9sz\u00fclet ut\u00e1n \u00e9letre kel.<\/p>\n<p><img decoding=\"async\" class=\"\\&quot;alignnone\" src=\"\\&quot;https:\/\/elektro-kamleithner.hu\/wp-content\/uploads\/2026\/01\/e-villamos-6.-jpg.jpgwp-content\/uploads\/2025\/12\/12-_DSC7322-scaled-1.jpgwp-content\/uploads\/2025\/11\/Nevtelen-terv-7.jpgwp-content\/uploads\/2025\/08\/Kep33.jpg\\&quot;\" alt=\"\\&quot;\\&quot;\" width=\"\\&quot;323\\&quot;\" height=\"\\&quot;215\\&quot;\" \/><br \/>\n<em>\u201eIm\u00e1dom l\u00e1tni, ahogy a programoz\u00e1s \u00e9letre kel\u201d \u2013 Christiane Pursche \u00e9lvezi, hogy izgalmas projekteken dolgozhat rendszermintegr\u00e1tork\u00e9nt.<\/em><\/p>\n<p><strong>KNXtoday:<\/strong> Milyen tapasztalatai vannak egy f\u00e9rfiak uralta munkak\u00f6rnyezetben?<br \/>\n<strong>Christiane Pursche (CP):<\/strong> A f\u00e9rfi koll\u00e9g\u00e1im gyakran csendesek, \u00e9s mindig nagyon kedvesek velem \u2013 amikor megismernek, r\u00e1j\u00f6nnek, hogy a vicceik \u00e9s megjegyz\u00e9seik nem zavarnak.<\/p>\n<p><strong>KNXtoday:<\/strong> Mit tan\u00e1csolna azoknak a n\u0151knek, akik most l\u00e9pnek be az ipar\u00e1gba?<br \/>\n<strong>CP:<\/strong> Neh\u00e9z \u00e1ltal\u00e1nos\u00edtani, mert nagyon sok m\u00falik az egy\u00e9ni helyzeteken. \u00c9n mindig azt n\u00e9zem el\u0151sz\u00f6r, hogy kivel van dolgom, \u00e9s att\u00f3l f\u00fcgg\u0151en vagy a szakmai tud\u00e1somat mutatom meg, vagy els\u00fct\u00f6k n\u00e9h\u00e1ny viccet \u2013 mert a f\u00e9rfiak \u00e1ltal\u00e1ban nagyon tart\u00f3zkod\u00f3ak, amikor n\u0151k jelennek meg egy \u00e9p\u00edtkez\u00e9sen. Nekem ez a hozz\u00e1\u00e1ll\u00e1s eddig mindig bev\u00e1lt.<\/p>\n<p><strong><img decoding=\"async\" class=\"\\&quot;alignnone\" src=\"\\&quot;https:\/\/elektro-kamleithner.hu\/wp-content\/uploads\/2026\/01\/e-villamos-6.-jpg.jpgwp-content\/uploads\/2025\/12\/12-_DSC7322-scaled-1.jpgwp-content\/uploads\/2025\/11\/Nevtelen-terv-7.jpgwp-content\/uploads\/2025\/08\/Kep44.jpg\\&quot;\" alt=\"\\&quot;\\&quot;\" width=\"\\&quot;306\\&quot;\" height=\"\\&quot;204\\&quot;\" \/><br \/>\n<\/strong><em>Christiane Pursche munka k\u00f6zben a Smart Systems-n\u00e9l, amely Troisdorfban, \u00c9szak-Rajna\u2013Vesztf\u00e1li\u00e1ban, N\u00e9metorsz\u00e1gban tal\u00e1lhat\u00f3.<\/em><\/p>\n<p><strong>KNXtoday:<\/strong> Mit gondol, min kellene v\u00e1ltoztatni ahhoz, hogy t\u00f6bb n\u0151 csatlakozzon az ipar\u00e1ghoz?<\/p>\n<p><strong>Christiane Pursche (CP):<\/strong> El\u0151sz\u00f6r is, tudni kell, hogy ez a szakma egy\u00e1ltal\u00e1n l\u00e9tezik \u00e9s, hogy b\u00e1r \u00e9p\u00edtkez\u00e9seken fogsz dolgozni, nem leszel \u00e9p\u00edt\u0151munk\u00e1s. Persze, n\u00e9ha koszos lesz az ember, de nem kell neh\u00e9z fizikai munk\u00e1t v\u00e9gezni.<\/p>\n<p>\u00dagy gondolom, hogy a fiatalok jelentik a hossz\u00fa t\u00e1v\u00fa v\u00e1ltoz\u00e1s kiindul\u00f3pontj\u00e1t. Fontos, hogy n\u0151k is jelen legyenek a p\u00e1lyaorient\u00e1ci\u00f3s rendezv\u00e9nyeken, hogy bemutass\u00e1k, mit csin\u00e1l egy rendszermintegr\u00e1tor, \u00e9s hogy igenis lehet ezen a ter\u00fcleten szakmai p\u00e1ly\u00e1t befutni.<\/p>\n<p><strong>KNXtoday:<\/strong> Hogyan csatlakozott a <em>Women in KNX<\/em>-hez, \u00e9s mit gondol, hogyan tudja ez a kezdem\u00e9nyez\u00e9s t\u00e1mogatni a n\u0151ket az ipar\u00e1gban?<\/p>\n<p><strong>CP:<\/strong> Katja Schusternek k\u00f6sz\u00f6nhet\u0151en lettem tagja a <em>Women in KNX<\/em>-nek \u00e9s a <em>KNX Professionals<\/em>-nak, de m\u00e9g el\u00e9gg\u00e9 \u00faj vagyok ebben a k\u00f6z\u00f6ss\u00e9gben. Szerintem nagyszer\u0171, amikor a n\u0151k t\u00e1mogatj\u00e1k egym\u00e1st, megosztj\u00e1k a tapasztalataikat, \u00e9s mes\u00e9lnek arr\u00f3l, mivel is foglalkoznak. \u00c9n is mindig elmondom mindenkinek.<\/p>\n<p><strong>KNXtoday:<\/strong> Van olyan n\u0151i koll\u00e9g\u00e1ja, akinek a munk\u00e1j\u00e1t k\u00fcl\u00f6n\u00f6sen szeretn\u00e9 elismerni?<\/p>\n<p><strong>CP:<\/strong> Igen, a <em>Women in KNX<\/em> alap\u00edt\u00f3j\u00e1t, Katja Schustert. Nagyon j\u00f3 munk\u00e1t v\u00e9gez, \u00e9s ha k\u00e9rd\u00e9sem van, mindig sz\u00e1m\u00edthatok r\u00e1.<\/p>\n<p><em>Christiane Pursche rendszermintegr\u00e1tor a Smart Systems nev\u0171 c\u00e9gn\u00e9l, egy korszer\u0171, a technol\u00f3giai fejl\u0151d\u00e9s \u00fctem\u00e9t k\u00f6vet\u0151 v\u00e1llalatn\u00e1l.<\/em> <a href=\"\/en\/\\&quot;http:\/\/smart-sys.info\/\\&quot;\/\"><em>www.smart-sys.info<\/em><\/a><\/p>","protected":false},"excerpt":{"rendered":"<p>Ebben az interj\u00faban Katie Rose-szal Christiane Pursche megosztja, hogyan \u00e9rv\u00e9nyes\u00fclhetnek a n\u0151k az \u00e9p\u00edtkez\u00e9seken, \u00e9s hogyan \u00e9p\u00edthetnek sikeres karriert az [&hellip;]<\/p>\n","protected":false},"author":2,"featured_media":8677,"comment_status":"closed","ping_status":"open","sticky":false,"template":"","format":"standard","meta":{"_acf_changed":false,"site-sidebar-layout":"default","site-content-layout":"","ast-site-content-layout":"default","site-content-style":"default","site-sidebar-style":"default","ast-global-header-display":"","ast-banner-title-visibility":"","ast-main-header-display":"","ast-hfb-above-header-display":"","ast-hfb-below-header-display":"","ast-hfb-mobile-header-display":"","site-post-title":"","ast-breadcrumbs-content":"","ast-featured-img":"","footer-sml-layout":"","ast-disable-related-posts":"","theme-transparent-header-meta":"default","adv-header-id-meta":"","stick-header-meta":"default","header-above-stick-meta":"","header-main-stick-meta":"","header-below-stick-meta":"","astra-migrate-meta-layouts":"set","ast-page-background-enabled":"default","ast-page-background-meta":{"desktop":{"background-color":"var(--ast-global-color-4)","background-image":"","background-repeat":"repeat","background-position":"center center","background-size":"auto","background-attachment":"scroll","background-type":"","background-media":"","overlay-type":"","overlay-color":"","overlay-opacity":"","overlay-gradient":""},"tablet":{"background-color":"","background-image":"","background-repeat":"repeat","background-position":"center center","background-size":"auto","background-attachment":"scroll","background-type":"","background-media":"","overlay-type":"","overlay-color":"","overlay-opacity":"","overlay-gradient":""},"mobile":{"background-color":"","background-image":"","background-repeat":"repeat","background-position":"center center","background-size":"auto","background-attachment":"scroll","background-type":"","background-media":"","overlay-type":"","overlay-color":"","overlay-opacity":"","overlay-gradient":""}},"ast-content-background-meta":{"desktop":{"background-color":"var(--ast-global-color-5)","background-image":"","background-repeat":"repeat","background-position":"center center","background-size":"auto","background-attachment":"scroll","background-type":"","background-media":"","overlay-type":"","overlay-color":"","overlay-opacity":"","overlay-gradient":""},"tablet":{"background-color":"var(--ast-global-color-5)","background-image":"","background-repeat":"repeat","background-position":"center center","background-size":"auto","background-attachment":"scroll","background-type":"","background-media":"","overlay-type":"","overlay-color":"","overlay-opacity":"","overlay-gradient":""},"mobile":{"background-color":"var(--ast-global-color-5)","background-image":"","background-repeat":"repeat","background-position":"center center","background-size":"auto","background-attachment":"scroll","background-type":"","background-media":"","overlay-type":"","overlay-color":"","overlay-opacity":"","overlay-gradient":""}},"footnotes":""},"categories":[1],"tags":[],"class_list":["post-7902","post","type-post","status-publish","format-standard","has-post-thumbnail","hentry","category-blog"],"acf":[],"yoast_head":"<!-- This site is optimized with the Yoast SEO plugin v28.3 - https:\/\/yoast.com\/product\/yoast-seo-wordpress\/ -->\n<title>N\u0151k a KNX-ben: Christiane Pursche a n\u0151k technol\u00f3giai szektorban bet\u00f6lt\u00f6tt szerep\u00e9nek hossz\u00fa t\u00e1v\u00fa \u00e1talak\u00edt\u00e1s\u00e1r\u00f3l - Elektro Kamleithner<\/title>\n<meta name=\"robots\" content=\"index, follow, max-snippet:-1, max-image-preview:large, max-video-preview:-1\" \/>\n<link rel=\"canonical\" href=\"https:\/\/elektro-kamleithner.hu\/en\/nok-a-knx-ben\/\" \/>\n<meta property=\"og:locale\" content=\"en_GB\" \/>\n<meta property=\"og:type\" content=\"article\" \/>\n<meta property=\"og:title\" content=\"N\u0151k a KNX-ben: Christiane Pursche a n\u0151k technol\u00f3giai szektorban bet\u00f6lt\u00f6tt szerep\u00e9nek hossz\u00fa t\u00e1v\u00fa \u00e1talak\u00edt\u00e1s\u00e1r\u00f3l - Elektro Kamleithner\" \/>\n<meta property=\"og:description\" content=\"Ebben az interj\u00faban Katie Rose-szal Christiane Pursche megosztja, hogyan \u00e9rv\u00e9nyes\u00fclhetnek a n\u0151k az \u00e9p\u00edtkez\u00e9seken, \u00e9s hogyan \u00e9p\u00edthetnek sikeres karriert az [&hellip;]\" \/>\n<meta property=\"og:url\" content=\"https:\/\/elektro-kamleithner.hu\/en\/nok-a-knx-ben\/\" \/>\n<meta property=\"og:site_name\" content=\"Elektro Kamleithner\" \/>\n<meta property=\"article:publisher\" content=\"https:\/\/www.facebook.com\/ElektroKamleithnerKft\/\" \/>\n<meta property=\"article:published_time\" content=\"2025-08-14T13:44:57+00:00\" \/>\n<meta property=\"article:modified_time\" content=\"2026-01-28T09:55:50+00:00\" \/>\n<meta property=\"og:image\" content=\"https:\/\/elektro-kamleithner.hu\/wp-content\/uploads\/2025\/08\/nokaknxben.jpg\" \/>\n\t<meta property=\"og:image:width\" content=\"450\" \/>\n\t<meta property=\"og:image:height\" content=\"200\" \/>\n\t<meta property=\"og:image:type\" content=\"image\/jpeg\" \/>\n<meta name=\"author\" content=\"Balogh Zolt\u00e1n\" \/>\n<meta name=\"twitter:card\" content=\"summary_large_image\" \/>\n<meta name=\"twitter:label1\" content=\"Written by\" \/>\n\t<meta name=\"twitter:data1\" content=\"Balogh Zolt\u00e1n\" \/>\n\t<meta name=\"twitter:label2\" content=\"Estimated reading time\" \/>\n\t<meta name=\"twitter:data2\" content=\"3 minutes\" \/>\n<script type=\"application\/ld+json\" class=\"yoast-schema-graph\">{\"@context\":\"https:\\\/\\\/schema.org\",\"@graph\":[{\"@type\":\"Article\",\"@id\":\"https:\\\/\\\/elektro-kamleithner.hu\\\/nok-a-knx-ben\\\/#article\",\"isPartOf\":{\"@id\":\"https:\\\/\\\/elektro-kamleithner.hu\\\/nok-a-knx-ben\\\/\"},\"author\":{\"name\":\"Balogh Zolt\u00e1n\",\"@id\":\"https:\\\/\\\/elektro-kamleithner.hu\\\/#\\\/schema\\\/person\\\/6bee347fe0f99bcff222317c89ff8c51\"},\"headline\":\"N\u0151k a KNX-ben: Christiane Pursche a n\u0151k technol\u00f3giai szektorban bet\u00f6lt\u00f6tt szerep\u00e9nek hossz\u00fa t\u00e1v\u00fa \u00e1talak\u00edt\u00e1s\u00e1r\u00f3l\",\"datePublished\":\"2025-08-14T13:44:57+00:00\",\"dateModified\":\"2026-01-28T09:55:50+00:00\",\"mainEntityOfPage\":{\"@id\":\"https:\\\/\\\/elektro-kamleithner.hu\\\/nok-a-knx-ben\\\/\"},\"wordCount\":688,\"publisher\":{\"@id\":\"https:\\\/\\\/elektro-kamleithner.hu\\\/#organization\"},\"image\":{\"@id\":\"https:\\\/\\\/elektro-kamleithner.hu\\\/nok-a-knx-ben\\\/#primaryimage\"},\"thumbnailUrl\":\"https:\\\/\\\/elektro-kamleithner.hu\\\/wp-content\\\/uploads\\\/2025\\\/08\\\/nokaknxben.jpg\",\"articleSection\":[\"Blog\"],\"inLanguage\":\"en-GB\"},{\"@type\":\"WebPage\",\"@id\":\"https:\\\/\\\/elektro-kamleithner.hu\\\/nok-a-knx-ben\\\/\",\"url\":\"https:\\\/\\\/elektro-kamleithner.hu\\\/nok-a-knx-ben\\\/\",\"name\":\"N\u0151k a KNX-ben: Christiane Pursche a n\u0151k technol\u00f3giai szektorban bet\u00f6lt\u00f6tt szerep\u00e9nek hossz\u00fa t\u00e1v\u00fa \u00e1talak\u00edt\u00e1s\u00e1r\u00f3l - Elektro Kamleithner\",\"isPartOf\":{\"@id\":\"https:\\\/\\\/elektro-kamleithner.hu\\\/#website\"},\"primaryImageOfPage\":{\"@id\":\"https:\\\/\\\/elektro-kamleithner.hu\\\/nok-a-knx-ben\\\/#primaryimage\"},\"image\":{\"@id\":\"https:\\\/\\\/elektro-kamleithner.hu\\\/nok-a-knx-ben\\\/#primaryimage\"},\"thumbnailUrl\":\"https:\\\/\\\/elektro-kamleithner.hu\\\/wp-content\\\/uploads\\\/2025\\\/08\\\/nokaknxben.jpg\",\"datePublished\":\"2025-08-14T13:44:57+00:00\",\"dateModified\":\"2026-01-28T09:55:50+00:00\",\"breadcrumb\":{\"@id\":\"https:\\\/\\\/elektro-kamleithner.hu\\\/nok-a-knx-ben\\\/#breadcrumb\"},\"inLanguage\":\"en-GB\",\"potentialAction\":[{\"@type\":\"ReadAction\",\"target\":[\"https:\\\/\\\/elektro-kamleithner.hu\\\/nok-a-knx-ben\\\/\"]}]},{\"@type\":\"ImageObject\",\"inLanguage\":\"en-GB\",\"@id\":\"https:\\\/\\\/elektro-kamleithner.hu\\\/nok-a-knx-ben\\\/#primaryimage\",\"url\":\"https:\\\/\\\/elektro-kamleithner.hu\\\/wp-content\\\/uploads\\\/2025\\\/08\\\/nokaknxben.jpg\",\"contentUrl\":\"https:\\\/\\\/elektro-kamleithner.hu\\\/wp-content\\\/uploads\\\/2025\\\/08\\\/nokaknxben.jpg\",\"width\":450,\"height\":200,\"caption\":\"nokaknxben\"},{\"@type\":\"BreadcrumbList\",\"@id\":\"https:\\\/\\\/elektro-kamleithner.hu\\\/nok-a-knx-ben\\\/#breadcrumb\",\"itemListElement\":[{\"@type\":\"ListItem\",\"position\":1,\"name\":\"Kezd\u0151lap\",\"item\":\"https:\\\/\\\/elektro-kamleithner.hu\\\/\"},{\"@type\":\"ListItem\",\"position\":2,\"name\":\"N\u0151k a KNX-ben: Christiane Pursche a n\u0151k technol\u00f3giai szektorban bet\u00f6lt\u00f6tt szerep\u00e9nek hossz\u00fa t\u00e1v\u00fa \u00e1talak\u00edt\u00e1s\u00e1r\u00f3l\"}]},{\"@type\":\"WebSite\",\"@id\":\"https:\\\/\\\/elektro-kamleithner.hu\\\/#website\",\"url\":\"https:\\\/\\\/elektro-kamleithner.hu\\\/\",\"name\":\"Elektro Kamleithner\",\"description\":\"Elektro Kamleithner\",\"publisher\":{\"@id\":\"https:\\\/\\\/elektro-kamleithner.hu\\\/#organization\"},\"potentialAction\":[{\"@type\":\"SearchAction\",\"target\":{\"@type\":\"EntryPoint\",\"urlTemplate\":\"https:\\\/\\\/elektro-kamleithner.hu\\\/?s={search_term_string}\"},\"query-input\":{\"@type\":\"PropertyValueSpecification\",\"valueRequired\":true,\"valueName\":\"search_term_string\"}}],\"inLanguage\":\"en-GB\"},{\"@type\":\"Organization\",\"@id\":\"https:\\\/\\\/elektro-kamleithner.hu\\\/#organization\",\"name\":\"Elektro Kamleithner\",\"url\":\"https:\\\/\\\/elektro-kamleithner.hu\\\/\",\"logo\":{\"@type\":\"ImageObject\",\"inLanguage\":\"en-GB\",\"@id\":\"https:\\\/\\\/elektro-kamleithner.hu\\\/#\\\/schema\\\/logo\\\/image\\\/\",\"url\":\"https:\\\/\\\/elektro-kamleithner.hu\\\/wp-content\\\/uploads\\\/2024\\\/09\\\/elektro-white-001.svg\",\"contentUrl\":\"https:\\\/\\\/elektro-kamleithner.hu\\\/wp-content\\\/uploads\\\/2024\\\/09\\\/elektro-white-001.svg\",\"width\":382,\"height\":131,\"caption\":\"Elektro Kamleithner\"},\"image\":{\"@id\":\"https:\\\/\\\/elektro-kamleithner.hu\\\/#\\\/schema\\\/logo\\\/image\\\/\"},\"sameAs\":[\"https:\\\/\\\/www.facebook.com\\\/ElektroKamleithnerKft\\\/\",\"https:\\\/\\\/www.youtube.com\\\/channel\\\/UCdDdwY5NIU2nmN9MjvqnFqg\",\"https:\\\/\\\/www.instagram.com\\\/berker.hu\\\/\"]},{\"@type\":\"Person\",\"@id\":\"https:\\\/\\\/elektro-kamleithner.hu\\\/#\\\/schema\\\/person\\\/6bee347fe0f99bcff222317c89ff8c51\",\"name\":\"Balogh Zolt\u00e1n\",\"image\":{\"@type\":\"ImageObject\",\"inLanguage\":\"en-GB\",\"@id\":\"https:\\\/\\\/secure.gravatar.com\\\/avatar\\\/83c725ba6ed0c327cf067a335b7156b3cb23f8585104d5ab2cd7bc81e6b47877?s=96&d=mm&r=g\",\"url\":\"https:\\\/\\\/secure.gravatar.com\\\/avatar\\\/83c725ba6ed0c327cf067a335b7156b3cb23f8585104d5ab2cd7bc81e6b47877?s=96&d=mm&r=g\",\"contentUrl\":\"https:\\\/\\\/secure.gravatar.com\\\/avatar\\\/83c725ba6ed0c327cf067a335b7156b3cb23f8585104d5ab2cd7bc81e6b47877?s=96&d=mm&r=g\",\"caption\":\"Balogh Zolt\u00e1n\"},\"url\":\"https:\\\/\\\/elektro-kamleithner.hu\\\/en\\\/author\\\/admin\\\/\"}]}<\/script>\n<!-- \/ Yoast SEO plugin. -->","yoast_head_json":{"title":"N\u0151k a KNX-ben: Christiane Pursche a n\u0151k technol\u00f3giai szektorban bet\u00f6lt\u00f6tt szerep\u00e9nek hossz\u00fa t\u00e1v\u00fa \u00e1talak\u00edt\u00e1s\u00e1r\u00f3l - Elektro Kamleithner","robots":{"index":"index","follow":"follow","max-snippet":"max-snippet:-1","max-image-preview":"max-image-preview:large","max-video-preview":"max-video-preview:-1"},"canonical":"https:\/\/elektro-kamleithner.hu\/en\/nok-a-knx-ben\/","og_locale":"en_GB","og_type":"article","og_title":"N\u0151k a KNX-ben: Christiane Pursche a n\u0151k technol\u00f3giai szektorban bet\u00f6lt\u00f6tt szerep\u00e9nek hossz\u00fa t\u00e1v\u00fa \u00e1talak\u00edt\u00e1s\u00e1r\u00f3l - Elektro Kamleithner","og_description":"Ebben az interj\u00faban Katie Rose-szal Christiane Pursche megosztja, hogyan \u00e9rv\u00e9nyes\u00fclhetnek a n\u0151k az \u00e9p\u00edtkez\u00e9seken, \u00e9s hogyan \u00e9p\u00edthetnek sikeres karriert az [&hellip;]","og_url":"https:\/\/elektro-kamleithner.hu\/en\/nok-a-knx-ben\/","og_site_name":"Elektro Kamleithner","article_publisher":"https:\/\/www.facebook.com\/ElektroKamleithnerKft\/","article_published_time":"2025-08-14T13:44:57+00:00","article_modified_time":"2026-01-28T09:55:50+00:00","og_image":[{"width":450,"height":200,"url":"https:\/\/elektro-kamleithner.hu\/wp-content\/uploads\/2025\/08\/nokaknxben.jpg","type":"image\/jpeg"}],"author":"Balogh Zolt\u00e1n","twitter_card":"summary_large_image","twitter_misc":{"Written by":"Balogh Zolt\u00e1n","Estimated reading time":"3 minutes"},"schema":{"@context":"https:\/\/schema.org","@graph":[{"@type":"Article","@id":"https:\/\/elektro-kamleithner.hu\/nok-a-knx-ben\/#article","isPartOf":{"@id":"https:\/\/elektro-kamleithner.hu\/nok-a-knx-ben\/"},"author":{"name":"Balogh Zolt\u00e1n","@id":"https:\/\/elektro-kamleithner.hu\/#\/schema\/person\/6bee347fe0f99bcff222317c89ff8c51"},"headline":"N\u0151k a KNX-ben: Christiane Pursche a n\u0151k technol\u00f3giai szektorban bet\u00f6lt\u00f6tt szerep\u00e9nek hossz\u00fa t\u00e1v\u00fa \u00e1talak\u00edt\u00e1s\u00e1r\u00f3l","datePublished":"2025-08-14T13:44:57+00:00","dateModified":"2026-01-28T09:55:50+00:00","mainEntityOfPage":{"@id":"https:\/\/elektro-kamleithner.hu\/nok-a-knx-ben\/"},"wordCount":688,"publisher":{"@id":"https:\/\/elektro-kamleithner.hu\/#organization"},"image":{"@id":"https:\/\/elektro-kamleithner.hu\/nok-a-knx-ben\/#primaryimage"},"thumbnailUrl":"https:\/\/elektro-kamleithner.hu\/wp-content\/uploads\/2025\/08\/nokaknxben.jpg","articleSection":["Blog"],"inLanguage":"en-GB"},{"@type":"WebPage","@id":"https:\/\/elektro-kamleithner.hu\/nok-a-knx-ben\/","url":"https:\/\/elektro-kamleithner.hu\/nok-a-knx-ben\/","name":"N\u0151k a KNX-ben: Christiane Pursche a n\u0151k technol\u00f3giai szektorban bet\u00f6lt\u00f6tt szerep\u00e9nek hossz\u00fa t\u00e1v\u00fa \u00e1talak\u00edt\u00e1s\u00e1r\u00f3l - Elektro Kamleithner","isPartOf":{"@id":"https:\/\/elektro-kamleithner.hu\/#website"},"primaryImageOfPage":{"@id":"https:\/\/elektro-kamleithner.hu\/nok-a-knx-ben\/#primaryimage"},"image":{"@id":"https:\/\/elektro-kamleithner.hu\/nok-a-knx-ben\/#primaryimage"},"thumbnailUrl":"https:\/\/elektro-kamleithner.hu\/wp-content\/uploads\/2025\/08\/nokaknxben.jpg","datePublished":"2025-08-14T13:44:57+00:00","dateModified":"2026-01-28T09:55:50+00:00","breadcrumb":{"@id":"https:\/\/elektro-kamleithner.hu\/nok-a-knx-ben\/#breadcrumb"},"inLanguage":"en-GB","potentialAction":[{"@type":"ReadAction","target":["https:\/\/elektro-kamleithner.hu\/nok-a-knx-ben\/"]}]},{"@type":"ImageObject","inLanguage":"en-GB","@id":"https:\/\/elektro-kamleithner.hu\/nok-a-knx-ben\/#primaryimage","url":"https:\/\/elektro-kamleithner.hu\/wp-content\/uploads\/2025\/08\/nokaknxben.jpg","contentUrl":"https:\/\/elektro-kamleithner.hu\/wp-content\/uploads\/2025\/08\/nokaknxben.jpg","width":450,"height":200,"caption":"nokaknxben"},{"@type":"BreadcrumbList","@id":"https:\/\/elektro-kamleithner.hu\/nok-a-knx-ben\/#breadcrumb","itemListElement":[{"@type":"ListItem","position":1,"name":"Kezd\u0151lap","item":"https:\/\/elektro-kamleithner.hu\/"},{"@type":"ListItem","position":2,"name":"N\u0151k a KNX-ben: Christiane Pursche a n\u0151k technol\u00f3giai szektorban bet\u00f6lt\u00f6tt szerep\u00e9nek hossz\u00fa t\u00e1v\u00fa \u00e1talak\u00edt\u00e1s\u00e1r\u00f3l"}]},{"@type":"WebSite","@id":"https:\/\/elektro-kamleithner.hu\/#website","url":"https:\/\/elektro-kamleithner.hu\/","name":"Elektro Kamleithner","description":"Elektro Kamleithner","publisher":{"@id":"https:\/\/elektro-kamleithner.hu\/#organization"},"potentialAction":[{"@type":"SearchAction","target":{"@type":"EntryPoint","urlTemplate":"https:\/\/elektro-kamleithner.hu\/?s={search_term_string}"},"query-input":{"@type":"PropertyValueSpecification","valueRequired":true,"valueName":"search_term_string"}}],"inLanguage":"en-GB"},{"@type":"Organization","@id":"https:\/\/elektro-kamleithner.hu\/#organization","name":"Elektro Kamleithner","url":"https:\/\/elektro-kamleithner.hu\/","logo":{"@type":"ImageObject","inLanguage":"en-GB","@id":"https:\/\/elektro-kamleithner.hu\/#\/schema\/logo\/image\/","url":"https:\/\/elektro-kamleithner.hu\/wp-content\/uploads\/2024\/09\/elektro-white-001.svg","contentUrl":"https:\/\/elektro-kamleithner.hu\/wp-content\/uploads\/2024\/09\/elektro-white-001.svg","width":382,"height":131,"caption":"Elektro Kamleithner"},"image":{"@id":"https:\/\/elektro-kamleithner.hu\/#\/schema\/logo\/image\/"},"sameAs":["https:\/\/www.facebook.com\/ElektroKamleithnerKft\/","https:\/\/www.youtube.com\/channel\/UCdDdwY5NIU2nmN9MjvqnFqg","https:\/\/www.instagram.com\/berker.hu\/"]},{"@type":"Person","@id":"https:\/\/elektro-kamleithner.hu\/#\/schema\/person\/6bee347fe0f99bcff222317c89ff8c51","name":"Balogh Zolt\u00e1n","image":{"@type":"ImageObject","inLanguage":"en-GB","@id":"https:\/\/secure.gravatar.com\/avatar\/83c725ba6ed0c327cf067a335b7156b3cb23f8585104d5ab2cd7bc81e6b47877?s=96&d=mm&r=g","url":"https:\/\/secure.gravatar.com\/avatar\/83c725ba6ed0c327cf067a335b7156b3cb23f8585104d5ab2cd7bc81e6b47877?s=96&d=mm&r=g","contentUrl":"https:\/\/secure.gravatar.com\/avatar\/83c725ba6ed0c327cf067a335b7156b3cb23f8585104d5ab2cd7bc81e6b47877?s=96&d=mm&r=g","caption":"Balogh Zolt\u00e1n"},"url":"https:\/\/elektro-kamleithner.hu\/en\/author\/admin\/"}]}},"_links":{"self":[{"href":"https:\/\/elektro-kamleithner.hu\/en\/wp-json\/wp\/v2\/posts\/7902","targetHints":{"allow":["GET"]}}],"collection":[{"href":"https:\/\/elektro-kamleithner.hu\/en\/wp-json\/wp\/v2\/posts"}],"about":[{"href":"https:\/\/elektro-kamleithner.hu\/en\/wp-json\/wp\/v2\/types\/post"}],"author":[{"embeddable":true,"href":"https:\/\/elektro-kamleithner.hu\/en\/wp-json\/wp\/v2\/users\/2"}],"replies":[{"embeddable":true,"href":"https:\/\/elektro-kamleithner.hu\/en\/wp-json\/wp\/v2\/comments?post=7902"}],"version-history":[{"count":1,"href":"https:\/\/elektro-kamleithner.hu\/en\/wp-json\/wp\/v2\/posts\/7902\/revisions"}],"predecessor-version":[{"id":8678,"href":"https:\/\/elektro-kamleithner.hu\/en\/wp-json\/wp\/v2\/posts\/7902\/revisions\/8678"}],"wp:featuredmedia":[{"embeddable":true,"href":"https:\/\/elektro-kamleithner.hu\/en\/wp-json\/wp\/v2\/media\/8677"}],"wp:attachment":[{"href":"https:\/\/elektro-kamleithner.hu\/en\/wp-json\/wp\/v2\/media?parent=7902"}],"wp:term":[{"taxonomy":"category","embeddable":true,"href":"https:\/\/elektro-kamleithner.hu\/en\/wp-json\/wp\/v2\/categories?post=7902"},{"taxonomy":"post_tag","embeddable":true,"href":"https:\/\/elektro-kamleithner.hu\/en\/wp-json\/wp\/v2\/tags?post=7902"}],"curies":[{"name":"wp","href":"https:\/\/api.w.org\/{rel}","templated":true}]}}