{"id":7534,"date":"2025-01-28T16:05:27","date_gmt":"2025-01-28T15:05:27","guid":{"rendered":"https:\/\/evernox.hu\/innovativ-vilagitastechnika-az-alsoorsi-kikotoben-az-elektro-kamleithnertol\/"},"modified":"2026-02-11T18:13:15","modified_gmt":"2026-02-11T17:13:15","slug":"innovativ-vilagitastechnika-az-alsoorsi-kikotoben-az-elektro-kamleithnertol","status":"publish","type":"post","link":"https:\/\/elektro-kamleithner.hu\/en\/innovativ-vilagitastechnika-az-alsoorsi-kikotoben-az-elektro-kamleithnertol\/","title":{"rendered":"Innovat\u00edv vil\u00e1g\u00edt\u00e1stechnika az als\u00f3\u00f6rsi kik\u00f6t\u0151ben az Elektro-Kamleithnert\u0151l"},"content":{"rendered":"<p>Az als\u00f3\u00f6rsi kik\u00f6t\u0151 nem csup\u00e1n egy \u00fajabb Balaton-parti fejleszt\u00e9s, hanem a modern technol\u00f3gia \u00e9s az eszt\u00e9tikai megold\u00e1sok t\u00f6k\u00e9letes kombin\u00e1ci\u00f3ja. Az Elektro-Kamleithner Kft. b\u00fcszk\u00e9n vett r\u00e9szt a projektben, ahol vil\u00e1g\u00edt\u00e1stechnikai rendszer\u00fcnkkel hozz\u00e1j\u00e1rultunk a helysz\u00edn pr\u00e9mium min\u0151s\u00e9g\u00e9hez \u00e9s funkcionalit\u00e1s\u00e1hoz. A projekt sor\u00e1n a legmodernebb f\u00e1zishas\u00edt\u00e1sos dimmereket, valamint Berker B.IQ vez\u00e9rl\u0151ket telep\u00edtett\u00fck \u00e9s programoztuk, hogy a vend\u00e9gek sz\u00e1m\u00e1ra egyedi, k\u00e9nyelmes \u00e9s energiatakar\u00e9kos megold\u00e1sokat biztos\u00edtsunk.<\/p>\n<p><img decoding=\"async\" src=\"\\&quot;https:\/\/elektro-kamleithner.hu\/wp-content\/uploads\/2026\/01\/e-villamos-6.-jpg.jpgwp-content\/uploads\/2025\/12\/12-_DSC7322-scaled-1.jpgwp-content\/uploads\/2025\/11\/Nevtelen-terv-7.jpgwp-content\/uploads\/2025\/01\/Alsoors1-1024x576.jpg\\&quot;\" sizes=\"\\&quot;(max-width:\" srcset=\"\\&quot;https:\/\/www.elektro-kamleithner.hu\/wp-content\/uploads\/2025\/01\/Alsoors1-1024x576.jpg\" alt=\"\\&quot;\\&quot;\" width=\"\\&quot;1024\\&quot;\" height=\"\\&quot;576\\&quot;\" \/><br \/>\n<img decoding=\"async\" src=\"\\&quot;https:\/\/elektro-kamleithner.hu\/wp-content\/uploads\/2026\/01\/e-villamos-6.-jpg.jpgwp-content\/uploads\/2025\/12\/12-_DSC7322-scaled-1.jpgwp-content\/uploads\/2025\/11\/Nevtelen-terv-7.jpgwp-content\/uploads\/2025\/01\/Alsoors2-1024x576.jpg\\&quot;\" sizes=\"\\&quot;(max-width:\" srcset=\"\\&quot;https:\/\/www.elektro-kamleithner.hu\/wp-content\/uploads\/2025\/01\/Alsoors2-1024x576.jpg\" alt=\"\\&quot;\\&quot;\" width=\"\\&quot;1024\\&quot;\" height=\"\\&quot;576\\&quot;\" \/><br \/>\n<img decoding=\"async\" src=\"\\&quot;https:\/\/elektro-kamleithner.hu\/wp-content\/uploads\/2026\/01\/e-villamos-6.-jpg.jpgwp-content\/uploads\/2025\/12\/12-_DSC7322-scaled-1.jpgwp-content\/uploads\/2025\/11\/Nevtelen-terv-7.jpgwp-content\/uploads\/2025\/01\/Alsoors6.jpg\\&quot;\" sizes=\"\\&quot;(max-width:\" srcset=\"\\&quot;https:\/\/www.elektro-kamleithner.hu\/wp-content\/uploads\/2025\/01\/Alsoors6.jpg\" alt=\"\\&quot;\\&quot;\" width=\"\\&quot;1024\\&quot;\" height=\"\\&quot;681\\&quot;\" \/><br \/>\n<img decoding=\"async\" src=\"\\&quot;https:\/\/elektro-kamleithner.hu\/wp-content\/uploads\/2026\/01\/e-villamos-6.-jpg.jpgwp-content\/uploads\/2025\/12\/12-_DSC7322-scaled-1.jpgwp-content\/uploads\/2025\/11\/Nevtelen-terv-7.jpgwp-content\/uploads\/2025\/01\/Alsoors4.jpg\\&quot;\" sizes=\"\\&quot;(max-width:\" srcset=\"\\&quot;https:\/\/www.elektro-kamleithner.hu\/wp-content\/uploads\/2025\/01\/Alsoors4.jpg\" alt=\"\\&quot;\\&quot;\" width=\"\\&quot;1024\\&quot;\" height=\"\\&quot;681\\&quot;\" \/><br \/>\n<img decoding=\"async\" src=\"\\&quot;https:\/\/elektro-kamleithner.hu\/wp-content\/uploads\/2026\/01\/e-villamos-6.-jpg.jpgwp-content\/uploads\/2025\/12\/12-_DSC7322-scaled-1.jpgwp-content\/uploads\/2025\/11\/Nevtelen-terv-7.jpgwp-content\/uploads\/2025\/01\/Alsoors3.jpg\\&quot;\" sizes=\"\\&quot;(max-width:\" srcset=\"\\&quot;https:\/\/www.elektro-kamleithner.hu\/wp-content\/uploads\/2025\/01\/Alsoors3.jpg\" alt=\"\\&quot;\\&quot;\" width=\"\\&quot;1024\\&quot;\" height=\"\\&quot;681\\&quot;\" \/><br \/>\n<img decoding=\"async\" src=\"\\&quot;https:\/\/elektro-kamleithner.hu\/wp-content\/uploads\/2026\/01\/e-villamos-6.-jpg.jpgwp-content\/uploads\/2025\/12\/12-_DSC7322-scaled-1.jpgwp-content\/uploads\/2025\/11\/Nevtelen-terv-7.jpgwp-content\/uploads\/2025\/01\/Alsoors5.jpg\\&quot;\" sizes=\"\\&quot;(max-width:\" srcset=\"\\&quot;https:\/\/www.elektro-kamleithner.hu\/wp-content\/uploads\/2025\/01\/Alsoors5.jpg\" alt=\"\\&quot;\\&quot;\" width=\"\\&quot;1024\\&quot;\" height=\"\\&quot;681\\&quot;\" \/><\/p>\n<h2>Vil\u00e1g\u00edt\u00e1stechnikai megold\u00e1saink: F\u00e1zishas\u00edt\u00e1sos dimmerek<\/h2>\n<p>Az \u00e1ltalunk sz\u00e1ll\u00edtott \u00e9s telep\u00edtett Theben DM 4 T KNX dimmerek a vil\u00e1g\u00edt\u00e1stechnikai innov\u00e1ci\u00f3 \u00e9lvonal\u00e1t k\u00e9pviselik. Ezek az eszk\u00f6z\u00f6k lehet\u0151v\u00e9 teszik a l\u00e1mp\u00e1k f\u00e9nyerej\u00e9nek prec\u00edz \u00e9s rugalmas szab\u00e1lyoz\u00e1s\u00e1t, amely a modern \u00e9p\u00fcletekben alapvet\u0151 ig\u00e9ny. A f\u00e1zishas\u00edt\u00e1sos technol\u00f3gia l\u00e9nyege, hogy az elektromos \u00e1ram hull\u00e1mform\u00e1j\u00e1t manipul\u00e1lva cs\u00f6kkenti a l\u00e1mp\u00e1kba jut\u00f3 teljes\u00edtm\u00e9nyt. Ez\u00e1ltal nemcsak a k\u00edv\u00e1nt f\u00e9nyer\u0151t \u00e9rhetj\u00fck el, hanem energiahat\u00e9kony m\u0171k\u00f6d\u00e9st is biztos\u00edthatunk.<\/p>\n<p>A Theben dimmerek tov\u00e1bbi el\u0151nye, hogy n\u00e9gy k\u00fcl\u00f6nb\u00f6z\u0151 vil\u00e1g\u00edt\u00e1si \u00e1ramk\u00f6rt is k\u00e9pesek vez\u00e9relni. Ez lehet\u0151v\u00e9 tette sz\u00e1munkra, hogy az als\u00f3\u00f6rsi kik\u00f6t\u0151 k\u00fcl\u00f6nb\u00f6z\u0151 z\u00f3n\u00e1inak vil\u00e1g\u00edt\u00e1s\u00e1t egys\u00e9gesen \u00e9s k\u00f6nnyen kezelhet\u0151 m\u00f3don alak\u00edtsuk ki. A prec\u00edz be\u00e1ll\u00edt\u00e1sok garant\u00e1lj\u00e1k, hogy az egyes ter\u00fcletek f\u00e9nyereje az adott funkci\u00f3nak \u00e9s hangulatnak megfelel\u0151 legyen, legyen sz\u00f3 ak\u00e1r esti romantikus hangulatvil\u00e1g\u00edt\u00e1sr\u00f3l, ak\u00e1r teljes f\u00e9nyer\u0151r\u0151l.<\/p>\n<h2>St\u00edlus \u00e9s funkcionalit\u00e1s: Berker B.IQ vez\u00e9rl\u0151k<\/h2>\n<p>A projekt sor\u00e1n a vil\u00e1g\u00edt\u00e1si rendszer vez\u00e9rl\u00e9s\u00e9hez a Berker B.IQ nyom\u00f3gombos vez\u00e9rl\u0151it v\u00e1lasztottuk, amelyek nemcsak eszt\u00e9tikusak, hanem rendk\u00edv\u00fcl felhaszn\u00e1l\u00f3bar\u00e1tok is. Az \u00e1ltalunk telep\u00edtett feh\u00e9r \u00fcveg fedlapos, termoszt\u00e1t n\u00e9lk\u00fcli modellek nyolc nyom\u00f3gombos kivitelben ker\u00fcltek be\u00e9p\u00edt\u00e9sre. Ezek az eleg\u00e1ns \u00e9s minimalista vez\u00e9rl\u0151k lehet\u0151v\u00e9 teszik, hogy a l\u00e1mp\u00e1k \u00e9s vil\u00e1g\u00edt\u00e1si z\u00f3n\u00e1k k\u00fcl\u00f6n-k\u00fcl\u00f6n vagy csoportosan is szab\u00e1lyozhat\u00f3k legyenek.<\/p>\n<p>A B.IQ vez\u00e9rl\u0151k LED-es visszajelz\u0151ivel a felhaszn\u00e1l\u00f3k k\u00f6nnyed\u00e9n \u00e1tl\u00e1thatj\u00e1k \u00e9s m\u00f3dos\u00edthatj\u00e1k a vil\u00e1g\u00edt\u00e1si be\u00e1ll\u00edt\u00e1sokat. Ez az egyszer\u0171s\u00e9g \u00e9s funkcionalit\u00e1s t\u00f6k\u00e9letesen illeszkedik az Ypsilon Yacht Club modern bels\u0151\u00e9p\u00edt\u00e9szeti koncepci\u00f3j\u00e1hoz, mik\u00f6zben hozz\u00e1j\u00e1rul a vend\u00e9gek k\u00e9nyelm\u00e9hez.<\/p>\n<h2>Az Elektro-Kamleithner szerepe a projektben<\/h2>\n<p>Az Ypsilon Yacht Club vil\u00e1g\u00edt\u00e1si rendszer\u00e9nek kivitelez\u00e9se az Elektro-Kamleithner Kft. szak\u00e9rtelm\u00e9re \u00e9p\u00fclt. Mi sz\u00e1ll\u00edtottuk \u00e9s programoztuk a f\u00e1zishas\u00edt\u00e1sos dimmereket \u00e9s a Berker B.IQ vez\u00e9rl\u0151ket, valamint biztos\u00edtottuk a KNX alap\u00fa integr\u00e1lt rendszer z\u00f6kken\u0151mentes m\u0171k\u00f6d\u00e9s\u00e9t. A h\u00e1rom szintes l\u00e9tes\u00edtm\u00e9nyben szintenk\u00e9nt egy-egy B.IQ vez\u00e9rl\u0151 biztos\u00edtja a f\u00e9nyek kezel\u00e9s\u00e9t, \u00edgy a vend\u00e9gl\u00e1t\u00e1s minden szeglet\u00e9ben egys\u00e9ges \u00e9s magas sz\u00ednvonal\u00fa vil\u00e1g\u00edt\u00e1stechnikai \u00e9lm\u00e9nyt tudtunk l\u00e9trehozni.<\/p>\n<h2>A projekt kih\u00edv\u00e1sai \u00e9s megold\u00e1sai<\/h2>\n<p>Az eredetileg tervezett Dali vez\u00e9rl\u00e9s helyett modern f\u00e1zishas\u00edt\u00e1sos dimmereket alkalmaztunk, ami nagyobb rugalmass\u00e1got biztos\u00edtott a vil\u00e1g\u00edt\u00e1s szab\u00e1lyoz\u00e1s\u00e1ban. A KNX alap\u00fa rendszer el\u0151nye, hogy a vil\u00e1g\u00edt\u00e1s teljes m\u00e9rt\u00e9kben integr\u00e1lhat\u00f3 m\u00e1s \u00e9p\u00fcletautomatiz\u00e1l\u00e1si megold\u00e1sokkal, \u00edgy biztos\u00edtva a j\u00f6v\u0151beli b\u0151v\u00edt\u00e9sek lehet\u0151s\u00e9g\u00e9t is. A pontos tervez\u00e9s \u00e9s programoz\u00e1s lehet\u0151v\u00e9 tette, hogy minden f\u00e9nyforr\u00e1s optim\u00e1lis m\u00f3don m\u0171k\u00f6dj\u00f6n, mik\u00f6zben az energiahat\u00e9konys\u00e1g sem szenvedett csorb\u00e1t.<\/p>\n<h2>Az als\u00f3\u00f6rsi kik\u00f6t\u0151 jelent\u0151s\u00e9ge<\/h2>\n<p>Az Ypsilon Yacht Club nem csup\u00e1n egy kik\u00f6t\u0151, hanem a Balaton \u00faj turisztikai k\u00f6zpontja, amely \u00f6tv\u00f6zi a modern infrastrukt\u00far\u00e1t a cs\u00facstechnol\u00f3gi\u00e1val. Az \u00e9tterem, amelyet Gerendai K\u00e1roly szt\u00e1rs\u00e9f vezet\u00e9s\u00e9vel nyitottak meg, egyedi gasztron\u00f3miai \u00e9lm\u00e9nyt k\u00edn\u00e1l, m\u00edg a kik\u00f6t\u0151 \u00e9p\u00edt\u00e9szeti kialak\u00edt\u00e1sa a vend\u00e9gek k\u00e9nyelm\u00e9t \u00e9s vizu\u00e1lis \u00e9lm\u00e9ny\u00e9t helyezi el\u0151t\u00e9rbe. Az Elektro-Kamleithner \u00e1ltal telep\u00edtett vil\u00e1g\u00edt\u00e1stechnikai megold\u00e1sok szerves r\u00e9sz\u00e9t k\u00e9pezik ennek a pr\u00e9mium \u00e9lm\u00e9nynek.<\/p>","protected":false},"excerpt":{"rendered":"<p>Az als\u00f3\u00f6rsi kik\u00f6t\u0151 nem csup\u00e1n egy \u00fajabb Balaton-parti fejleszt\u00e9s, hanem a modern technol\u00f3gia \u00e9s az eszt\u00e9tikai megold\u00e1sok t\u00f6k\u00e9letes kombin\u00e1ci\u00f3ja. Az [&hellip;]<\/p>\n","protected":false},"author":2,"featured_media":9567,"comment_status":"closed","ping_status":"open","sticky":false,"template":"","format":"standard","meta":{"_acf_changed":false,"site-sidebar-layout":"default","site-content-layout":"default","ast-site-content-layout":"default","site-content-style":"default","site-sidebar-style":"default","ast-global-header-display":"","ast-banner-title-visibility":"","ast-main-header-display":"","ast-hfb-above-header-display":"","ast-hfb-below-header-display":"","ast-hfb-mobile-header-display":"","site-post-title":"","ast-breadcrumbs-content":"","ast-featured-img":"","footer-sml-layout":"","ast-disable-related-posts":"","theme-transparent-header-meta":"default","adv-header-id-meta":"","stick-header-meta":"default","header-above-stick-meta":"","header-main-stick-meta":"","header-below-stick-meta":"","astra-migrate-meta-layouts":"set","ast-page-background-enabled":"default","ast-page-background-meta":{"desktop":{"background-color":"var(--ast-global-color-4)","background-image":"","background-repeat":"repeat","background-position":"center center","background-size":"auto","background-attachment":"scroll","background-type":"","background-media":"","overlay-type":"","overlay-color":"","overlay-opacity":"","overlay-gradient":""},"tablet":{"background-color":"","background-image":"","background-repeat":"repeat","background-position":"center center","background-size":"auto","background-attachment":"scroll","background-type":"","background-media":"","overlay-type":"","overlay-color":"","overlay-opacity":"","overlay-gradient":""},"mobile":{"background-color":"","background-image":"","background-repeat":"repeat","background-position":"center center","background-size":"auto","background-attachment":"scroll","background-type":"","background-media":"","overlay-type":"","overlay-color":"","overlay-opacity":"","overlay-gradient":""}},"ast-content-background-meta":{"desktop":{"background-color":"var(--ast-global-color-5)","background-image":"","background-repeat":"repeat","background-position":"center center","background-size":"auto","background-attachment":"scroll","background-type":"","background-media":"","overlay-type":"","overlay-color":"","overlay-opacity":"","overlay-gradient":""},"tablet":{"background-color":"var(--ast-global-color-5)","background-image":"","background-repeat":"repeat","background-position":"center center","background-size":"auto","background-attachment":"scroll","background-type":"","background-media":"","overlay-type":"","overlay-color":"","overlay-opacity":"","overlay-gradient":""},"mobile":{"background-color":"var(--ast-global-color-5)","background-image":"","background-repeat":"repeat","background-position":"center center","background-size":"auto","background-attachment":"scroll","background-type":"","background-media":"","overlay-type":"","overlay-color":"","overlay-opacity":"","overlay-gradient":""}},"footnotes":""},"categories":[1,60],"tags":[],"class_list":["post-7534","post","type-post","status-publish","format-standard","has-post-thumbnail","hentry","category-blog","category-referenciaink"],"acf":[],"yoast_head":"<!-- This site is optimized with the Yoast SEO plugin v28.3 - https:\/\/yoast.com\/product\/yoast-seo-wordpress\/ -->\n<title>Innovat\u00edv vil\u00e1g\u00edt\u00e1stechnika az als\u00f3\u00f6rsi kik\u00f6t\u0151ben az Elektro-Kamleithnert\u0151l - \u00e9p\u00fcletautomatika - Elektro Kamleithner<\/title>\n<meta name=\"description\" content=\"Feladatunk a Botaniq Turai Kast\u00e9ly fel\u00faj\u00edt\u00e1s\u00e1n\u00e1l a megtervezett KNX \u00e9p\u00fcletautomatika programoz\u00e1sa \u00e9s egyedi vez\u00e9rl\u0151k gy\u00e1rt\u00e1sa volt.\" \/>\n<meta name=\"robots\" content=\"index, follow, max-snippet:-1, max-image-preview:large, max-video-preview:-1\" \/>\n<link rel=\"canonical\" href=\"https:\/\/elektro-kamleithner.hu\/en\/innovativ-vilagitastechnika-az-alsoorsi-kikotoben-az-elektro-kamleithnertol\/\" \/>\n<meta property=\"og:locale\" content=\"en_GB\" \/>\n<meta property=\"og:type\" content=\"article\" \/>\n<meta property=\"og:title\" content=\"Innovat\u00edv vil\u00e1g\u00edt\u00e1stechnika az als\u00f3\u00f6rsi kik\u00f6t\u0151ben az Elektro-Kamleithnert\u0151l - \u00e9p\u00fcletautomatika - Elektro Kamleithner\" \/>\n<meta property=\"og:description\" content=\"Feladatunk a Botaniq Turai Kast\u00e9ly fel\u00faj\u00edt\u00e1s\u00e1n\u00e1l a megtervezett KNX \u00e9p\u00fcletautomatika programoz\u00e1sa \u00e9s egyedi vez\u00e9rl\u0151k gy\u00e1rt\u00e1sa volt.\" \/>\n<meta property=\"og:url\" content=\"https:\/\/elektro-kamleithner.hu\/en\/innovativ-vilagitastechnika-az-alsoorsi-kikotoben-az-elektro-kamleithnertol\/\" \/>\n<meta property=\"og:site_name\" content=\"Elektro Kamleithner\" \/>\n<meta property=\"article:publisher\" content=\"https:\/\/www.facebook.com\/ElektroKamleithnerKft\/\" \/>\n<meta property=\"article:published_time\" content=\"2025-01-28T15:05:27+00:00\" \/>\n<meta property=\"article:modified_time\" content=\"2026-02-11T17:13:15+00:00\" \/>\n<meta property=\"og:image\" content=\"https:\/\/elektro-kamleithner.hu\/wp-content\/uploads\/2025\/12\/referencia-04.webp\" \/>\n\t<meta property=\"og:image:width\" content=\"1200\" \/>\n\t<meta property=\"og:image:height\" content=\"628\" \/>\n\t<meta property=\"og:image:type\" content=\"image\/webp\" \/>\n<meta name=\"author\" content=\"Balogh Zolt\u00e1n\" \/>\n<meta name=\"twitter:card\" content=\"summary_large_image\" \/>\n<meta name=\"twitter:label1\" content=\"Written by\" \/>\n\t<meta name=\"twitter:data1\" content=\"Balogh Zolt\u00e1n\" \/>\n\t<meta name=\"twitter:label2\" content=\"Estimated reading time\" \/>\n\t<meta name=\"twitter:data2\" content=\"4 minutes\" \/>\n<script type=\"application\/ld+json\" class=\"yoast-schema-graph\">{\"@context\":\"https:\\\/\\\/schema.org\",\"@graph\":[{\"@type\":\"Article\",\"@id\":\"https:\\\/\\\/elektro-kamleithner.hu\\\/innovativ-vilagitastechnika-az-alsoorsi-kikotoben-az-elektro-kamleithnertol\\\/#article\",\"isPartOf\":{\"@id\":\"https:\\\/\\\/elektro-kamleithner.hu\\\/innovativ-vilagitastechnika-az-alsoorsi-kikotoben-az-elektro-kamleithnertol\\\/\"},\"author\":{\"name\":\"Balogh Zolt\u00e1n\",\"@id\":\"https:\\\/\\\/elektro-kamleithner.hu\\\/#\\\/schema\\\/person\\\/6bee347fe0f99bcff222317c89ff8c51\"},\"headline\":\"Innovat\u00edv vil\u00e1g\u00edt\u00e1stechnika az als\u00f3\u00f6rsi kik\u00f6t\u0151ben az Elektro-Kamleithnert\u0151l\",\"datePublished\":\"2025-01-28T15:05:27+00:00\",\"dateModified\":\"2026-02-11T17:13:15+00:00\",\"mainEntityOfPage\":{\"@id\":\"https:\\\/\\\/elektro-kamleithner.hu\\\/innovativ-vilagitastechnika-az-alsoorsi-kikotoben-az-elektro-kamleithnertol\\\/\"},\"wordCount\":850,\"publisher\":{\"@id\":\"https:\\\/\\\/elektro-kamleithner.hu\\\/#organization\"},\"image\":{\"@id\":\"https:\\\/\\\/elektro-kamleithner.hu\\\/innovativ-vilagitastechnika-az-alsoorsi-kikotoben-az-elektro-kamleithnertol\\\/#primaryimage\"},\"thumbnailUrl\":\"https:\\\/\\\/elektro-kamleithner.hu\\\/wp-content\\\/uploads\\\/2025\\\/12\\\/referencia-04.webp\",\"articleSection\":[\"Blog\",\"Referenci\u00e1ink\"],\"inLanguage\":\"en-GB\"},{\"@type\":\"WebPage\",\"@id\":\"https:\\\/\\\/elektro-kamleithner.hu\\\/innovativ-vilagitastechnika-az-alsoorsi-kikotoben-az-elektro-kamleithnertol\\\/\",\"url\":\"https:\\\/\\\/elektro-kamleithner.hu\\\/innovativ-vilagitastechnika-az-alsoorsi-kikotoben-az-elektro-kamleithnertol\\\/\",\"name\":\"Innovat\u00edv vil\u00e1g\u00edt\u00e1stechnika az als\u00f3\u00f6rsi kik\u00f6t\u0151ben az Elektro-Kamleithnert\u0151l - \u00e9p\u00fcletautomatika - Elektro Kamleithner\",\"isPartOf\":{\"@id\":\"https:\\\/\\\/elektro-kamleithner.hu\\\/#website\"},\"primaryImageOfPage\":{\"@id\":\"https:\\\/\\\/elektro-kamleithner.hu\\\/innovativ-vilagitastechnika-az-alsoorsi-kikotoben-az-elektro-kamleithnertol\\\/#primaryimage\"},\"image\":{\"@id\":\"https:\\\/\\\/elektro-kamleithner.hu\\\/innovativ-vilagitastechnika-az-alsoorsi-kikotoben-az-elektro-kamleithnertol\\\/#primaryimage\"},\"thumbnailUrl\":\"https:\\\/\\\/elektro-kamleithner.hu\\\/wp-content\\\/uploads\\\/2025\\\/12\\\/referencia-04.webp\",\"datePublished\":\"2025-01-28T15:05:27+00:00\",\"dateModified\":\"2026-02-11T17:13:15+00:00\",\"description\":\"Feladatunk a Botaniq Turai Kast\u00e9ly fel\u00faj\u00edt\u00e1s\u00e1n\u00e1l a megtervezett KNX \u00e9p\u00fcletautomatika programoz\u00e1sa \u00e9s egyedi vez\u00e9rl\u0151k gy\u00e1rt\u00e1sa volt.\",\"breadcrumb\":{\"@id\":\"https:\\\/\\\/elektro-kamleithner.hu\\\/innovativ-vilagitastechnika-az-alsoorsi-kikotoben-az-elektro-kamleithnertol\\\/#breadcrumb\"},\"inLanguage\":\"en-GB\",\"potentialAction\":[{\"@type\":\"ReadAction\",\"target\":[\"https:\\\/\\\/elektro-kamleithner.hu\\\/innovativ-vilagitastechnika-az-alsoorsi-kikotoben-az-elektro-kamleithnertol\\\/\"]}]},{\"@type\":\"ImageObject\",\"inLanguage\":\"en-GB\",\"@id\":\"https:\\\/\\\/elektro-kamleithner.hu\\\/innovativ-vilagitastechnika-az-alsoorsi-kikotoben-az-elektro-kamleithnertol\\\/#primaryimage\",\"url\":\"https:\\\/\\\/elektro-kamleithner.hu\\\/wp-content\\\/uploads\\\/2025\\\/12\\\/referencia-04.webp\",\"contentUrl\":\"https:\\\/\\\/elektro-kamleithner.hu\\\/wp-content\\\/uploads\\\/2025\\\/12\\\/referencia-04.webp\",\"width\":1200,\"height\":628,\"caption\":\"referencia 04\"},{\"@type\":\"BreadcrumbList\",\"@id\":\"https:\\\/\\\/elektro-kamleithner.hu\\\/innovativ-vilagitastechnika-az-alsoorsi-kikotoben-az-elektro-kamleithnertol\\\/#breadcrumb\",\"itemListElement\":[{\"@type\":\"ListItem\",\"position\":1,\"name\":\"Kezd\u0151lap\",\"item\":\"https:\\\/\\\/elektro-kamleithner.hu\\\/\"},{\"@type\":\"ListItem\",\"position\":2,\"name\":\"Innovat\u00edv vil\u00e1g\u00edt\u00e1stechnika az als\u00f3\u00f6rsi kik\u00f6t\u0151ben az Elektro-Kamleithnert\u0151l\"}]},{\"@type\":\"WebSite\",\"@id\":\"https:\\\/\\\/elektro-kamleithner.hu\\\/#website\",\"url\":\"https:\\\/\\\/elektro-kamleithner.hu\\\/\",\"name\":\"Elektro Kamleithner\",\"description\":\"Elektro Kamleithner\",\"publisher\":{\"@id\":\"https:\\\/\\\/elektro-kamleithner.hu\\\/#organization\"},\"potentialAction\":[{\"@type\":\"SearchAction\",\"target\":{\"@type\":\"EntryPoint\",\"urlTemplate\":\"https:\\\/\\\/elektro-kamleithner.hu\\\/?s={search_term_string}\"},\"query-input\":{\"@type\":\"PropertyValueSpecification\",\"valueRequired\":true,\"valueName\":\"search_term_string\"}}],\"inLanguage\":\"en-GB\"},{\"@type\":\"Organization\",\"@id\":\"https:\\\/\\\/elektro-kamleithner.hu\\\/#organization\",\"name\":\"Elektro Kamleithner\",\"url\":\"https:\\\/\\\/elektro-kamleithner.hu\\\/\",\"logo\":{\"@type\":\"ImageObject\",\"inLanguage\":\"en-GB\",\"@id\":\"https:\\\/\\\/elektro-kamleithner.hu\\\/#\\\/schema\\\/logo\\\/image\\\/\",\"url\":\"https:\\\/\\\/elektro-kamleithner.hu\\\/wp-content\\\/uploads\\\/2024\\\/09\\\/elektro-white-001.svg\",\"contentUrl\":\"https:\\\/\\\/elektro-kamleithner.hu\\\/wp-content\\\/uploads\\\/2024\\\/09\\\/elektro-white-001.svg\",\"width\":382,\"height\":131,\"caption\":\"Elektro Kamleithner\"},\"image\":{\"@id\":\"https:\\\/\\\/elektro-kamleithner.hu\\\/#\\\/schema\\\/logo\\\/image\\\/\"},\"sameAs\":[\"https:\\\/\\\/www.facebook.com\\\/ElektroKamleithnerKft\\\/\",\"https:\\\/\\\/www.youtube.com\\\/channel\\\/UCdDdwY5NIU2nmN9MjvqnFqg\",\"https:\\\/\\\/www.instagram.com\\\/berker.hu\\\/\"]},{\"@type\":\"Person\",\"@id\":\"https:\\\/\\\/elektro-kamleithner.hu\\\/#\\\/schema\\\/person\\\/6bee347fe0f99bcff222317c89ff8c51\",\"name\":\"Balogh Zolt\u00e1n\",\"image\":{\"@type\":\"ImageObject\",\"inLanguage\":\"en-GB\",\"@id\":\"https:\\\/\\\/secure.gravatar.com\\\/avatar\\\/83c725ba6ed0c327cf067a335b7156b3cb23f8585104d5ab2cd7bc81e6b47877?s=96&d=mm&r=g\",\"url\":\"https:\\\/\\\/secure.gravatar.com\\\/avatar\\\/83c725ba6ed0c327cf067a335b7156b3cb23f8585104d5ab2cd7bc81e6b47877?s=96&d=mm&r=g\",\"contentUrl\":\"https:\\\/\\\/secure.gravatar.com\\\/avatar\\\/83c725ba6ed0c327cf067a335b7156b3cb23f8585104d5ab2cd7bc81e6b47877?s=96&d=mm&r=g\",\"caption\":\"Balogh Zolt\u00e1n\"},\"url\":\"https:\\\/\\\/elektro-kamleithner.hu\\\/en\\\/author\\\/admin\\\/\"}]}<\/script>\n<!-- \/ Yoast SEO plugin. -->","yoast_head_json":{"title":"Innovat\u00edv vil\u00e1g\u00edt\u00e1stechnika az als\u00f3\u00f6rsi kik\u00f6t\u0151ben az Elektro-Kamleithnert\u0151l - \u00e9p\u00fcletautomatika - Elektro Kamleithner","description":"Feladatunk a Botaniq Turai Kast\u00e9ly fel\u00faj\u00edt\u00e1s\u00e1n\u00e1l a megtervezett KNX \u00e9p\u00fcletautomatika programoz\u00e1sa \u00e9s egyedi vez\u00e9rl\u0151k gy\u00e1rt\u00e1sa volt.","robots":{"index":"index","follow":"follow","max-snippet":"max-snippet:-1","max-image-preview":"max-image-preview:large","max-video-preview":"max-video-preview:-1"},"canonical":"https:\/\/elektro-kamleithner.hu\/en\/innovativ-vilagitastechnika-az-alsoorsi-kikotoben-az-elektro-kamleithnertol\/","og_locale":"en_GB","og_type":"article","og_title":"Innovat\u00edv vil\u00e1g\u00edt\u00e1stechnika az als\u00f3\u00f6rsi kik\u00f6t\u0151ben az Elektro-Kamleithnert\u0151l - \u00e9p\u00fcletautomatika - Elektro Kamleithner","og_description":"Feladatunk a Botaniq Turai Kast\u00e9ly fel\u00faj\u00edt\u00e1s\u00e1n\u00e1l a megtervezett KNX \u00e9p\u00fcletautomatika programoz\u00e1sa \u00e9s egyedi vez\u00e9rl\u0151k gy\u00e1rt\u00e1sa volt.","og_url":"https:\/\/elektro-kamleithner.hu\/en\/innovativ-vilagitastechnika-az-alsoorsi-kikotoben-az-elektro-kamleithnertol\/","og_site_name":"Elektro Kamleithner","article_publisher":"https:\/\/www.facebook.com\/ElektroKamleithnerKft\/","article_published_time":"2025-01-28T15:05:27+00:00","article_modified_time":"2026-02-11T17:13:15+00:00","og_image":[{"width":1200,"height":628,"url":"https:\/\/elektro-kamleithner.hu\/wp-content\/uploads\/2025\/12\/referencia-04.webp","type":"image\/webp"}],"author":"Balogh Zolt\u00e1n","twitter_card":"summary_large_image","twitter_misc":{"Written by":"Balogh Zolt\u00e1n","Estimated reading time":"4 minutes"},"schema":{"@context":"https:\/\/schema.org","@graph":[{"@type":"Article","@id":"https:\/\/elektro-kamleithner.hu\/innovativ-vilagitastechnika-az-alsoorsi-kikotoben-az-elektro-kamleithnertol\/#article","isPartOf":{"@id":"https:\/\/elektro-kamleithner.hu\/innovativ-vilagitastechnika-az-alsoorsi-kikotoben-az-elektro-kamleithnertol\/"},"author":{"name":"Balogh Zolt\u00e1n","@id":"https:\/\/elektro-kamleithner.hu\/#\/schema\/person\/6bee347fe0f99bcff222317c89ff8c51"},"headline":"Innovat\u00edv vil\u00e1g\u00edt\u00e1stechnika az als\u00f3\u00f6rsi kik\u00f6t\u0151ben az Elektro-Kamleithnert\u0151l","datePublished":"2025-01-28T15:05:27+00:00","dateModified":"2026-02-11T17:13:15+00:00","mainEntityOfPage":{"@id":"https:\/\/elektro-kamleithner.hu\/innovativ-vilagitastechnika-az-alsoorsi-kikotoben-az-elektro-kamleithnertol\/"},"wordCount":850,"publisher":{"@id":"https:\/\/elektro-kamleithner.hu\/#organization"},"image":{"@id":"https:\/\/elektro-kamleithner.hu\/innovativ-vilagitastechnika-az-alsoorsi-kikotoben-az-elektro-kamleithnertol\/#primaryimage"},"thumbnailUrl":"https:\/\/elektro-kamleithner.hu\/wp-content\/uploads\/2025\/12\/referencia-04.webp","articleSection":["Blog","Referenci\u00e1ink"],"inLanguage":"en-GB"},{"@type":"WebPage","@id":"https:\/\/elektro-kamleithner.hu\/innovativ-vilagitastechnika-az-alsoorsi-kikotoben-az-elektro-kamleithnertol\/","url":"https:\/\/elektro-kamleithner.hu\/innovativ-vilagitastechnika-az-alsoorsi-kikotoben-az-elektro-kamleithnertol\/","name":"Innovat\u00edv vil\u00e1g\u00edt\u00e1stechnika az als\u00f3\u00f6rsi kik\u00f6t\u0151ben az Elektro-Kamleithnert\u0151l - \u00e9p\u00fcletautomatika - Elektro Kamleithner","isPartOf":{"@id":"https:\/\/elektro-kamleithner.hu\/#website"},"primaryImageOfPage":{"@id":"https:\/\/elektro-kamleithner.hu\/innovativ-vilagitastechnika-az-alsoorsi-kikotoben-az-elektro-kamleithnertol\/#primaryimage"},"image":{"@id":"https:\/\/elektro-kamleithner.hu\/innovativ-vilagitastechnika-az-alsoorsi-kikotoben-az-elektro-kamleithnertol\/#primaryimage"},"thumbnailUrl":"https:\/\/elektro-kamleithner.hu\/wp-content\/uploads\/2025\/12\/referencia-04.webp","datePublished":"2025-01-28T15:05:27+00:00","dateModified":"2026-02-11T17:13:15+00:00","description":"Feladatunk a Botaniq Turai Kast\u00e9ly fel\u00faj\u00edt\u00e1s\u00e1n\u00e1l a megtervezett KNX \u00e9p\u00fcletautomatika programoz\u00e1sa \u00e9s egyedi vez\u00e9rl\u0151k gy\u00e1rt\u00e1sa volt.","breadcrumb":{"@id":"https:\/\/elektro-kamleithner.hu\/innovativ-vilagitastechnika-az-alsoorsi-kikotoben-az-elektro-kamleithnertol\/#breadcrumb"},"inLanguage":"en-GB","potentialAction":[{"@type":"ReadAction","target":["https:\/\/elektro-kamleithner.hu\/innovativ-vilagitastechnika-az-alsoorsi-kikotoben-az-elektro-kamleithnertol\/"]}]},{"@type":"ImageObject","inLanguage":"en-GB","@id":"https:\/\/elektro-kamleithner.hu\/innovativ-vilagitastechnika-az-alsoorsi-kikotoben-az-elektro-kamleithnertol\/#primaryimage","url":"https:\/\/elektro-kamleithner.hu\/wp-content\/uploads\/2025\/12\/referencia-04.webp","contentUrl":"https:\/\/elektro-kamleithner.hu\/wp-content\/uploads\/2025\/12\/referencia-04.webp","width":1200,"height":628,"caption":"referencia 04"},{"@type":"BreadcrumbList","@id":"https:\/\/elektro-kamleithner.hu\/innovativ-vilagitastechnika-az-alsoorsi-kikotoben-az-elektro-kamleithnertol\/#breadcrumb","itemListElement":[{"@type":"ListItem","position":1,"name":"Kezd\u0151lap","item":"https:\/\/elektro-kamleithner.hu\/"},{"@type":"ListItem","position":2,"name":"Innovat\u00edv vil\u00e1g\u00edt\u00e1stechnika az als\u00f3\u00f6rsi kik\u00f6t\u0151ben az Elektro-Kamleithnert\u0151l"}]},{"@type":"WebSite","@id":"https:\/\/elektro-kamleithner.hu\/#website","url":"https:\/\/elektro-kamleithner.hu\/","name":"Elektro Kamleithner","description":"Elektro Kamleithner","publisher":{"@id":"https:\/\/elektro-kamleithner.hu\/#organization"},"potentialAction":[{"@type":"SearchAction","target":{"@type":"EntryPoint","urlTemplate":"https:\/\/elektro-kamleithner.hu\/?s={search_term_string}"},"query-input":{"@type":"PropertyValueSpecification","valueRequired":true,"valueName":"search_term_string"}}],"inLanguage":"en-GB"},{"@type":"Organization","@id":"https:\/\/elektro-kamleithner.hu\/#organization","name":"Elektro Kamleithner","url":"https:\/\/elektro-kamleithner.hu\/","logo":{"@type":"ImageObject","inLanguage":"en-GB","@id":"https:\/\/elektro-kamleithner.hu\/#\/schema\/logo\/image\/","url":"https:\/\/elektro-kamleithner.hu\/wp-content\/uploads\/2024\/09\/elektro-white-001.svg","contentUrl":"https:\/\/elektro-kamleithner.hu\/wp-content\/uploads\/2024\/09\/elektro-white-001.svg","width":382,"height":131,"caption":"Elektro Kamleithner"},"image":{"@id":"https:\/\/elektro-kamleithner.hu\/#\/schema\/logo\/image\/"},"sameAs":["https:\/\/www.facebook.com\/ElektroKamleithnerKft\/","https:\/\/www.youtube.com\/channel\/UCdDdwY5NIU2nmN9MjvqnFqg","https:\/\/www.instagram.com\/berker.hu\/"]},{"@type":"Person","@id":"https:\/\/elektro-kamleithner.hu\/#\/schema\/person\/6bee347fe0f99bcff222317c89ff8c51","name":"Balogh Zolt\u00e1n","image":{"@type":"ImageObject","inLanguage":"en-GB","@id":"https:\/\/secure.gravatar.com\/avatar\/83c725ba6ed0c327cf067a335b7156b3cb23f8585104d5ab2cd7bc81e6b47877?s=96&d=mm&r=g","url":"https:\/\/secure.gravatar.com\/avatar\/83c725ba6ed0c327cf067a335b7156b3cb23f8585104d5ab2cd7bc81e6b47877?s=96&d=mm&r=g","contentUrl":"https:\/\/secure.gravatar.com\/avatar\/83c725ba6ed0c327cf067a335b7156b3cb23f8585104d5ab2cd7bc81e6b47877?s=96&d=mm&r=g","caption":"Balogh Zolt\u00e1n"},"url":"https:\/\/elektro-kamleithner.hu\/en\/author\/admin\/"}]}},"_links":{"self":[{"href":"https:\/\/elektro-kamleithner.hu\/en\/wp-json\/wp\/v2\/posts\/7534","targetHints":{"allow":["GET"]}}],"collection":[{"href":"https:\/\/elektro-kamleithner.hu\/en\/wp-json\/wp\/v2\/posts"}],"about":[{"href":"https:\/\/elektro-kamleithner.hu\/en\/wp-json\/wp\/v2\/types\/post"}],"author":[{"embeddable":true,"href":"https:\/\/elektro-kamleithner.hu\/en\/wp-json\/wp\/v2\/users\/2"}],"replies":[{"embeddable":true,"href":"https:\/\/elektro-kamleithner.hu\/en\/wp-json\/wp\/v2\/comments?post=7534"}],"version-history":[{"count":1,"href":"https:\/\/elektro-kamleithner.hu\/en\/wp-json\/wp\/v2\/posts\/7534\/revisions"}],"predecessor-version":[{"id":8686,"href":"https:\/\/elektro-kamleithner.hu\/en\/wp-json\/wp\/v2\/posts\/7534\/revisions\/8686"}],"wp:featuredmedia":[{"embeddable":true,"href":"https:\/\/elektro-kamleithner.hu\/en\/wp-json\/wp\/v2\/media\/9567"}],"wp:attachment":[{"href":"https:\/\/elektro-kamleithner.hu\/en\/wp-json\/wp\/v2\/media?parent=7534"}],"wp:term":[{"taxonomy":"category","embeddable":true,"href":"https:\/\/elektro-kamleithner.hu\/en\/wp-json\/wp\/v2\/categories?post=7534"},{"taxonomy":"post_tag","embeddable":true,"href":"https:\/\/elektro-kamleithner.hu\/en\/wp-json\/wp\/v2\/tags?post=7534"}],"curies":[{"name":"wp","href":"https:\/\/api.w.org\/{rel}","templated":true}]}}