{"id":7503,"date":"2025-01-22T14:09:29","date_gmt":"2025-01-22T13:09:29","guid":{"rendered":"https:\/\/evernox.hu\/az-intelligens-otthonok-uj-dimenzioja-miert-valassza-a-knx-iot-ot\/"},"modified":"2026-01-28T16:05:40","modified_gmt":"2026-01-28T15:05:40","slug":"az-intelligens-otthonok-uj-dimenzioja-miert-valassza-a-knx-iot-ot","status":"publish","type":"post","link":"https:\/\/elektro-kamleithner.hu\/en\/az-intelligens-otthonok-uj-dimenzioja-miert-valassza-a-knx-iot-ot\/","title":{"rendered":"Az intelligens otthonok \u00faj dimenzi\u00f3ja: Mi\u00e9rt v\u00e1lassza a KNX IoT-ot?"},"content":{"rendered":"<h2>Biztons\u00e1gos megold\u00e1sok<\/h2>\n<p>A KNX technol\u00f3gia a piac egyik legmegb\u00edzhat\u00f3bb referenci\u00e1ja, ha az eszk\u00f6z\u00f6k egy\u00fcttm\u0171k\u00f6d\u00e9s\u00e9r\u0151l van sz\u00f3. A KNX IoT rendszereket \u00fagy tervezt\u00e9k, hogy a legmagasabb szint\u0171 biztons\u00e1got ny\u00fajts\u00e1k ez\u00e9rt m\u00e1r az alapokt\u00f3l kezdve be\u00e9p\u00edtett v\u00e9delemmel rendelkezzenek. Ez az \u00faj technol\u00f3gia lehet\u0151v\u00e9 teszi a gy\u00e1rt\u00f3k \u00e9s fejleszt\u0151k sz\u00e1m\u00e1ra, hogy innovat\u00edv eszk\u00f6z\u00f6ket \u00e9s megold\u00e1sokat hozzanak l\u00e9tre, amelyek az intelligens otthonok \u00e9s \u00e9p\u00fcletek ipar\u00e1gi szakemberei sz\u00e1m\u00e1ra is megb\u00edzhat\u00f3 v\u00e1laszt\u00e1st jelentenek.<\/p>\n<h2>IPv6-alap\u00fa nat\u00edv KNX IoT-eszk\u00f6z\u00f6k<\/h2>\n<p>A KNX eszk\u00f6z\u00f6k \u00faj gener\u00e1ci\u00f3ja m\u00e1r az IPv6 architekt\u00far\u00e1val is kompatibilis, ami teljesen \u00faj megk\u00f6zel\u00edt\u00e9st k\u00edn\u00e1l a h\u00e1l\u00f3zati integr\u00e1ci\u00f3ban. Ezek az eszk\u00f6z\u00f6k k\u00e9pesek IP-h\u00e1l\u00f3zatokhoz csatlakozni, legyen sz\u00f3 vezet\u00e9kes vagy vezet\u00e9k n\u00e9lk\u00fcli kapcsolatokr\u00f3l. Ez\u00e1ltal hat\u00e9konyan kommunik\u00e1lnak m\u00e1s KNX IoT-eszk\u00f6z\u00f6kkel, mik\u00f6zben a klasszikus KNX rendszerekkel, p\u00e9ld\u00e1ul a Twisted Pair vagy r\u00e1di\u00f3frekvenci\u00e1s technol\u00f3gi\u00e1kkal is kompatibilisek maradnak.<\/p>\n<p><img decoding=\"async\" src=\"\\&quot;https:\/\/elektro-kamleithner.hu\/wp-content\/uploads\/2026\/01\/e-villamos-6.-jpg.jpgwp-content\/uploads\/2025\/12\/12-_DSC7322-scaled-1.jpgwp-content\/uploads\/2025\/11\/Nevtelen-terv-7.jpgwp-content\/uploads\/2025\/01\/KNX-rendszer-1024x625.jpg\\&quot;\" sizes=\"\\&quot;(max-width:\" srcset=\"\\&quot;https:\/\/www.elektro-kamleithner.hu\/wp-content\/uploads\/2025\/01\/KNX-rendszer-1024x625.jpg\" alt=\"\\&quot;\\&quot;\" width=\"\\&quot;1024\\&quot;\" height=\"\\&quot;625\\&quot;\" \/><\/p>\n<h3>Szabv\u00e1nyos\u00edtott API: Egyszer\u0171 \u00e9s j\u00f6v\u0151biztos integr\u00e1ci\u00f3<\/h3>\n<p>A KNX IoT rendszerek integr\u00e1ci\u00f3ja m\u00e9g egyszer\u0171bb\u00e9 v\u00e1lt a szabv\u00e1nyos\u00edtott API-nak (Application Programming Interface) k\u00f6sz\u00f6nhet\u0151en. Ez az API lehet\u0151v\u00e9 teszi, hogy b\u00e1rmely eszk\u00f6z csatlakozhasson a KNX h\u00e1l\u00f3zathoz, f\u00fcggetlen\u00fcl att\u00f3l, hogy mennyire ismeri a KNX-specifikus technol\u00f3gi\u00e1t. Az API haszn\u00e1lata biztons\u00e1gos, egyszer\u0171, \u00e9s garant\u00e1ltan j\u00f6v\u0151biztos megold\u00e1st ny\u00fajt a rendszerek k\u00f6z\u00f6tti kommunik\u00e1ci\u00f3hoz.<\/p>\n<p>Az ETS szoftver seg\u00edts\u00e9g\u00e9vel t\u00f6bb mint 500 gy\u00e1rt\u00f3 KNX eszk\u00f6zei konfigur\u00e1lhat\u00f3k egyetlen, gy\u00e1rt\u00f3f\u00fcggetlen platformon kereszt\u00fcl. Az ETS lehet\u0151v\u00e9 teszi az eszk\u00f6z\u00f6k fizikai r\u00e9teg\u00fckt\u0151l f\u00fcggetlen kezel\u00e9s\u00e9t, \u00e9s a projektinform\u00e1ci\u00f3k egyszer\u0171 export\u00e1l\u00e1s\u00e1t b\u00e1rmely KNX IoT API szerverre. Emellett a modern, felhaszn\u00e1l\u00f3bar\u00e1t fel\u00fclet biztos\u00edtja az alapvet\u0151 interoperabilit\u00e1st, mik\u00f6zben a konfigur\u00e1ci\u00f3s folyamatot is megk\u00f6nny\u00edti.<\/p>\n<h2>ETS: Egyetlen eszk\u00f6z a teljes konfigur\u00e1ci\u00f3hoz<\/h2>\n<p>Az ETS szoftver seg\u00edts\u00e9g\u00e9vel t\u00f6bb mint 500 gy\u00e1rt\u00f3 KNX eszk\u00f6zei konfigur\u00e1lhat\u00f3k egyetlen, gy\u00e1rt\u00f3f\u00fcggetlen platformon kereszt\u00fcl. Az ETS lehet\u0151v\u00e9 teszi az eszk\u00f6z\u00f6k fizikai r\u00e9teg\u00fckt\u0151l f\u00fcggetlen kezel\u00e9s\u00e9t, \u00e9s a projektinform\u00e1ci\u00f3k egyszer\u0171 export\u00e1l\u00e1s\u00e1t b\u00e1rmely KNX IoT API szerverre. Emellett a modern, felhaszn\u00e1l\u00f3bar\u00e1t fel\u00fclet biztos\u00edtja az alapvet\u0151 interoperabilit\u00e1st, mik\u00f6zben a konfigur\u00e1ci\u00f3s folyamatot is megk\u00f6nny\u00edti.<\/p>\n<h2>A KNX: Az automatiz\u00e1l\u00e1s legnagyobb \u00f6kosziszt\u00e9m\u00e1ja<\/h2>\n<p>A KNX technol\u00f3gia az otthoni \u00e9s \u00e9p\u00fcletautomatiz\u00e1l\u00e1s piac\u00e1nak legnagyobb \u00e9s legsokoldal\u00fabb \u00f6kosziszt\u00e9m\u00e1j\u00e1t k\u00edn\u00e1lja. Az \u00faj kommunik\u00e1ci\u00f3s lehet\u0151s\u00e9gek nagyobb rugalmass\u00e1got biztos\u00edtanak a gy\u00e1rt\u00f3k sz\u00e1m\u00e1ra, akik \u00edgy innovat\u00edv term\u00e9keket \u00e9s megold\u00e1sokat hozhatnak l\u00e9tre. Emellett a szakemberek sz\u00e1m\u00e1ra is t\u00f6bb lehet\u0151s\u00e9g ny\u00edlik a projektek b\u0151v\u00edt\u00e9s\u00e9re \u00e9s egy nagyobb, \u00f6sszetettebb KNX \u00f6kosziszt\u00e9ma ki\u00e9p\u00edt\u00e9s\u00e9re.<\/p>","protected":false},"excerpt":{"rendered":"<p>Biztons\u00e1gos megold\u00e1sok A KNX technol\u00f3gia a piac egyik legmegb\u00edzhat\u00f3bb referenci\u00e1ja, ha az eszk\u00f6z\u00f6k egy\u00fcttm\u0171k\u00f6d\u00e9s\u00e9r\u0151l van sz\u00f3. A KNX IoT rendszereket [&hellip;]<\/p>\n","protected":false},"author":2,"featured_media":8695,"comment_status":"closed","ping_status":"open","sticky":false,"template":"","format":"standard","meta":{"_acf_changed":false,"site-sidebar-layout":"default","site-content-layout":"default","ast-site-content-layout":"default","site-content-style":"default","site-sidebar-style":"default","ast-global-header-display":"","ast-banner-title-visibility":"","ast-main-header-display":"","ast-hfb-above-header-display":"","ast-hfb-below-header-display":"","ast-hfb-mobile-header-display":"","site-post-title":"","ast-breadcrumbs-content":"","ast-featured-img":"","footer-sml-layout":"","ast-disable-related-posts":"","theme-transparent-header-meta":"default","adv-header-id-meta":"","stick-header-meta":"default","header-above-stick-meta":"","header-main-stick-meta":"","header-below-stick-meta":"","astra-migrate-meta-layouts":"set","ast-page-background-enabled":"default","ast-page-background-meta":{"desktop":{"background-color":"var(--ast-global-color-4)","background-image":"","background-repeat":"repeat","background-position":"center center","background-size":"auto","background-attachment":"scroll","background-type":"","background-media":"","overlay-type":"","overlay-color":"","overlay-opacity":"","overlay-gradient":""},"tablet":{"background-color":"","background-image":"","background-repeat":"repeat","background-position":"center center","background-size":"auto","background-attachment":"scroll","background-type":"","background-media":"","overlay-type":"","overlay-color":"","overlay-opacity":"","overlay-gradient":""},"mobile":{"background-color":"","background-image":"","background-repeat":"repeat","background-position":"center center","background-size":"auto","background-attachment":"scroll","background-type":"","background-media":"","overlay-type":"","overlay-color":"","overlay-opacity":"","overlay-gradient":""}},"ast-content-background-meta":{"desktop":{"background-color":"var(--ast-global-color-5)","background-image":"","background-repeat":"repeat","background-position":"center center","background-size":"auto","background-attachment":"scroll","background-type":"","background-media":"","overlay-type":"","overlay-color":"","overlay-opacity":"","overlay-gradient":""},"tablet":{"background-color":"var(--ast-global-color-5)","background-image":"","background-repeat":"repeat","background-position":"center center","background-size":"auto","background-attachment":"scroll","background-type":"","background-media":"","overlay-type":"","overlay-color":"","overlay-opacity":"","overlay-gradient":""},"mobile":{"background-color":"var(--ast-global-color-5)","background-image":"","background-repeat":"repeat","background-position":"center center","background-size":"auto","background-attachment":"scroll","background-type":"","background-media":"","overlay-type":"","overlay-color":"","overlay-opacity":"","overlay-gradient":""}},"footnotes":""},"categories":[1],"tags":[],"class_list":["post-7503","post","type-post","status-publish","format-standard","has-post-thumbnail","hentry","category-blog"],"acf":[],"yoast_head":"<!-- This site is optimized with the Yoast SEO plugin v28.3 - https:\/\/yoast.com\/product\/yoast-seo-wordpress\/ -->\n<title>Az intelligens otthonok \u00faj dimenzi\u00f3ja: Mi\u00e9rt v\u00e1lassza a KNX IoT-ot? - \u00e9p\u00fcletautomatika - Elektro Kamleithner<\/title>\n<meta name=\"description\" content=\"Feladatunk a Botaniq Turai Kast\u00e9ly fel\u00faj\u00edt\u00e1s\u00e1n\u00e1l a megtervezett KNX \u00e9p\u00fcletautomatika programoz\u00e1sa \u00e9s egyedi vez\u00e9rl\u0151k gy\u00e1rt\u00e1sa volt.\" \/>\n<meta name=\"robots\" content=\"index, follow, max-snippet:-1, max-image-preview:large, max-video-preview:-1\" \/>\n<link rel=\"canonical\" href=\"https:\/\/elektro-kamleithner.hu\/en\/az-intelligens-otthonok-uj-dimenzioja-miert-valassza-a-knx-iot-ot\/\" \/>\n<meta property=\"og:locale\" content=\"en_GB\" \/>\n<meta property=\"og:type\" content=\"article\" \/>\n<meta property=\"og:title\" content=\"Az intelligens otthonok \u00faj dimenzi\u00f3ja: Mi\u00e9rt v\u00e1lassza a KNX IoT-ot? - \u00e9p\u00fcletautomatika - Elektro Kamleithner\" \/>\n<meta property=\"og:description\" content=\"Feladatunk a Botaniq Turai Kast\u00e9ly fel\u00faj\u00edt\u00e1s\u00e1n\u00e1l a megtervezett KNX \u00e9p\u00fcletautomatika programoz\u00e1sa \u00e9s egyedi vez\u00e9rl\u0151k gy\u00e1rt\u00e1sa volt.\" \/>\n<meta property=\"og:url\" content=\"https:\/\/elektro-kamleithner.hu\/en\/az-intelligens-otthonok-uj-dimenzioja-miert-valassza-a-knx-iot-ot\/\" \/>\n<meta property=\"og:site_name\" content=\"Elektro Kamleithner\" \/>\n<meta property=\"article:publisher\" content=\"https:\/\/www.facebook.com\/ElektroKamleithnerKft\/\" \/>\n<meta property=\"article:published_time\" content=\"2025-01-22T13:09:29+00:00\" \/>\n<meta property=\"article:modified_time\" content=\"2026-01-28T15:05:40+00:00\" \/>\n<meta property=\"og:image\" content=\"https:\/\/elektro-kamleithner.hu\/wp-content\/uploads\/2025\/01\/intelligens-otthonok-uj-dimenzioja.jpg\" \/>\n\t<meta property=\"og:image:width\" content=\"1024\" \/>\n\t<meta property=\"og:image:height\" content=\"604\" \/>\n\t<meta property=\"og:image:type\" content=\"image\/jpeg\" \/>\n<meta name=\"author\" content=\"Balogh Zolt\u00e1n\" \/>\n<meta name=\"twitter:card\" content=\"summary_large_image\" \/>\n<meta name=\"twitter:label1\" content=\"Written by\" \/>\n\t<meta name=\"twitter:data1\" content=\"Balogh Zolt\u00e1n\" \/>\n\t<meta name=\"twitter:label2\" content=\"Estimated reading time\" \/>\n\t<meta name=\"twitter:data2\" content=\"4 minutes\" \/>\n<script type=\"application\/ld+json\" class=\"yoast-schema-graph\">{\"@context\":\"https:\\\/\\\/schema.org\",\"@graph\":[{\"@type\":\"Article\",\"@id\":\"https:\\\/\\\/elektro-kamleithner.hu\\\/az-intelligens-otthonok-uj-dimenzioja-miert-valassza-a-knx-iot-ot\\\/#article\",\"isPartOf\":{\"@id\":\"https:\\\/\\\/elektro-kamleithner.hu\\\/az-intelligens-otthonok-uj-dimenzioja-miert-valassza-a-knx-iot-ot\\\/\"},\"author\":{\"name\":\"Balogh Zolt\u00e1n\",\"@id\":\"https:\\\/\\\/elektro-kamleithner.hu\\\/#\\\/schema\\\/person\\\/6bee347fe0f99bcff222317c89ff8c51\"},\"headline\":\"Az intelligens otthonok \u00faj dimenzi\u00f3ja: Mi\u00e9rt v\u00e1lassza a KNX IoT-ot?\",\"datePublished\":\"2025-01-22T13:09:29+00:00\",\"dateModified\":\"2026-01-28T15:05:40+00:00\",\"mainEntityOfPage\":{\"@id\":\"https:\\\/\\\/elektro-kamleithner.hu\\\/az-intelligens-otthonok-uj-dimenzioja-miert-valassza-a-knx-iot-ot\\\/\"},\"wordCount\":597,\"publisher\":{\"@id\":\"https:\\\/\\\/elektro-kamleithner.hu\\\/#organization\"},\"image\":{\"@id\":\"https:\\\/\\\/elektro-kamleithner.hu\\\/az-intelligens-otthonok-uj-dimenzioja-miert-valassza-a-knx-iot-ot\\\/#primaryimage\"},\"thumbnailUrl\":\"https:\\\/\\\/elektro-kamleithner.hu\\\/wp-content\\\/uploads\\\/2025\\\/01\\\/intelligens-otthonok-uj-dimenzioja.jpg\",\"articleSection\":[\"Blog\"],\"inLanguage\":\"en-GB\"},{\"@type\":\"WebPage\",\"@id\":\"https:\\\/\\\/elektro-kamleithner.hu\\\/az-intelligens-otthonok-uj-dimenzioja-miert-valassza-a-knx-iot-ot\\\/\",\"url\":\"https:\\\/\\\/elektro-kamleithner.hu\\\/az-intelligens-otthonok-uj-dimenzioja-miert-valassza-a-knx-iot-ot\\\/\",\"name\":\"Az intelligens otthonok \u00faj dimenzi\u00f3ja: Mi\u00e9rt v\u00e1lassza a KNX IoT-ot? - \u00e9p\u00fcletautomatika - Elektro Kamleithner\",\"isPartOf\":{\"@id\":\"https:\\\/\\\/elektro-kamleithner.hu\\\/#website\"},\"primaryImageOfPage\":{\"@id\":\"https:\\\/\\\/elektro-kamleithner.hu\\\/az-intelligens-otthonok-uj-dimenzioja-miert-valassza-a-knx-iot-ot\\\/#primaryimage\"},\"image\":{\"@id\":\"https:\\\/\\\/elektro-kamleithner.hu\\\/az-intelligens-otthonok-uj-dimenzioja-miert-valassza-a-knx-iot-ot\\\/#primaryimage\"},\"thumbnailUrl\":\"https:\\\/\\\/elektro-kamleithner.hu\\\/wp-content\\\/uploads\\\/2025\\\/01\\\/intelligens-otthonok-uj-dimenzioja.jpg\",\"datePublished\":\"2025-01-22T13:09:29+00:00\",\"dateModified\":\"2026-01-28T15:05:40+00:00\",\"description\":\"Feladatunk a Botaniq Turai Kast\u00e9ly fel\u00faj\u00edt\u00e1s\u00e1n\u00e1l a megtervezett KNX \u00e9p\u00fcletautomatika programoz\u00e1sa \u00e9s egyedi vez\u00e9rl\u0151k gy\u00e1rt\u00e1sa volt.\",\"breadcrumb\":{\"@id\":\"https:\\\/\\\/elektro-kamleithner.hu\\\/az-intelligens-otthonok-uj-dimenzioja-miert-valassza-a-knx-iot-ot\\\/#breadcrumb\"},\"inLanguage\":\"en-GB\",\"potentialAction\":[{\"@type\":\"ReadAction\",\"target\":[\"https:\\\/\\\/elektro-kamleithner.hu\\\/az-intelligens-otthonok-uj-dimenzioja-miert-valassza-a-knx-iot-ot\\\/\"]}]},{\"@type\":\"ImageObject\",\"inLanguage\":\"en-GB\",\"@id\":\"https:\\\/\\\/elektro-kamleithner.hu\\\/az-intelligens-otthonok-uj-dimenzioja-miert-valassza-a-knx-iot-ot\\\/#primaryimage\",\"url\":\"https:\\\/\\\/elektro-kamleithner.hu\\\/wp-content\\\/uploads\\\/2025\\\/01\\\/intelligens-otthonok-uj-dimenzioja.jpg\",\"contentUrl\":\"https:\\\/\\\/elektro-kamleithner.hu\\\/wp-content\\\/uploads\\\/2025\\\/01\\\/intelligens-otthonok-uj-dimenzioja.jpg\",\"width\":1024,\"height\":604,\"caption\":\"intelligens otthonok uj dimenzioja\"},{\"@type\":\"BreadcrumbList\",\"@id\":\"https:\\\/\\\/elektro-kamleithner.hu\\\/az-intelligens-otthonok-uj-dimenzioja-miert-valassza-a-knx-iot-ot\\\/#breadcrumb\",\"itemListElement\":[{\"@type\":\"ListItem\",\"position\":1,\"name\":\"Kezd\u0151lap\",\"item\":\"https:\\\/\\\/elektro-kamleithner.hu\\\/\"},{\"@type\":\"ListItem\",\"position\":2,\"name\":\"Az intelligens otthonok \u00faj dimenzi\u00f3ja: Mi\u00e9rt v\u00e1lassza a KNX IoT-ot?\"}]},{\"@type\":\"WebSite\",\"@id\":\"https:\\\/\\\/elektro-kamleithner.hu\\\/#website\",\"url\":\"https:\\\/\\\/elektro-kamleithner.hu\\\/\",\"name\":\"Elektro Kamleithner\",\"description\":\"Elektro Kamleithner\",\"publisher\":{\"@id\":\"https:\\\/\\\/elektro-kamleithner.hu\\\/#organization\"},\"potentialAction\":[{\"@type\":\"SearchAction\",\"target\":{\"@type\":\"EntryPoint\",\"urlTemplate\":\"https:\\\/\\\/elektro-kamleithner.hu\\\/?s={search_term_string}\"},\"query-input\":{\"@type\":\"PropertyValueSpecification\",\"valueRequired\":true,\"valueName\":\"search_term_string\"}}],\"inLanguage\":\"en-GB\"},{\"@type\":\"Organization\",\"@id\":\"https:\\\/\\\/elektro-kamleithner.hu\\\/#organization\",\"name\":\"Elektro Kamleithner\",\"url\":\"https:\\\/\\\/elektro-kamleithner.hu\\\/\",\"logo\":{\"@type\":\"ImageObject\",\"inLanguage\":\"en-GB\",\"@id\":\"https:\\\/\\\/elektro-kamleithner.hu\\\/#\\\/schema\\\/logo\\\/image\\\/\",\"url\":\"https:\\\/\\\/elektro-kamleithner.hu\\\/wp-content\\\/uploads\\\/2024\\\/09\\\/elektro-white-001.svg\",\"contentUrl\":\"https:\\\/\\\/elektro-kamleithner.hu\\\/wp-content\\\/uploads\\\/2024\\\/09\\\/elektro-white-001.svg\",\"width\":382,\"height\":131,\"caption\":\"Elektro Kamleithner\"},\"image\":{\"@id\":\"https:\\\/\\\/elektro-kamleithner.hu\\\/#\\\/schema\\\/logo\\\/image\\\/\"},\"sameAs\":[\"https:\\\/\\\/www.facebook.com\\\/ElektroKamleithnerKft\\\/\",\"https:\\\/\\\/www.youtube.com\\\/channel\\\/UCdDdwY5NIU2nmN9MjvqnFqg\",\"https:\\\/\\\/www.instagram.com\\\/berker.hu\\\/\"]},{\"@type\":\"Person\",\"@id\":\"https:\\\/\\\/elektro-kamleithner.hu\\\/#\\\/schema\\\/person\\\/6bee347fe0f99bcff222317c89ff8c51\",\"name\":\"Balogh Zolt\u00e1n\",\"image\":{\"@type\":\"ImageObject\",\"inLanguage\":\"en-GB\",\"@id\":\"https:\\\/\\\/secure.gravatar.com\\\/avatar\\\/83c725ba6ed0c327cf067a335b7156b3cb23f8585104d5ab2cd7bc81e6b47877?s=96&d=mm&r=g\",\"url\":\"https:\\\/\\\/secure.gravatar.com\\\/avatar\\\/83c725ba6ed0c327cf067a335b7156b3cb23f8585104d5ab2cd7bc81e6b47877?s=96&d=mm&r=g\",\"contentUrl\":\"https:\\\/\\\/secure.gravatar.com\\\/avatar\\\/83c725ba6ed0c327cf067a335b7156b3cb23f8585104d5ab2cd7bc81e6b47877?s=96&d=mm&r=g\",\"caption\":\"Balogh Zolt\u00e1n\"},\"url\":\"https:\\\/\\\/elektro-kamleithner.hu\\\/en\\\/author\\\/admin\\\/\"}]}<\/script>\n<!-- \/ Yoast SEO plugin. -->","yoast_head_json":{"title":"Az intelligens otthonok \u00faj dimenzi\u00f3ja: Mi\u00e9rt v\u00e1lassza a KNX IoT-ot? - \u00e9p\u00fcletautomatika - Elektro Kamleithner","description":"Feladatunk a Botaniq Turai Kast\u00e9ly fel\u00faj\u00edt\u00e1s\u00e1n\u00e1l a megtervezett KNX \u00e9p\u00fcletautomatika programoz\u00e1sa \u00e9s egyedi vez\u00e9rl\u0151k gy\u00e1rt\u00e1sa volt.","robots":{"index":"index","follow":"follow","max-snippet":"max-snippet:-1","max-image-preview":"max-image-preview:large","max-video-preview":"max-video-preview:-1"},"canonical":"https:\/\/elektro-kamleithner.hu\/en\/az-intelligens-otthonok-uj-dimenzioja-miert-valassza-a-knx-iot-ot\/","og_locale":"en_GB","og_type":"article","og_title":"Az intelligens otthonok \u00faj dimenzi\u00f3ja: Mi\u00e9rt v\u00e1lassza a KNX IoT-ot? - \u00e9p\u00fcletautomatika - Elektro Kamleithner","og_description":"Feladatunk a Botaniq Turai Kast\u00e9ly fel\u00faj\u00edt\u00e1s\u00e1n\u00e1l a megtervezett KNX \u00e9p\u00fcletautomatika programoz\u00e1sa \u00e9s egyedi vez\u00e9rl\u0151k gy\u00e1rt\u00e1sa volt.","og_url":"https:\/\/elektro-kamleithner.hu\/en\/az-intelligens-otthonok-uj-dimenzioja-miert-valassza-a-knx-iot-ot\/","og_site_name":"Elektro Kamleithner","article_publisher":"https:\/\/www.facebook.com\/ElektroKamleithnerKft\/","article_published_time":"2025-01-22T13:09:29+00:00","article_modified_time":"2026-01-28T15:05:40+00:00","og_image":[{"width":1024,"height":604,"url":"https:\/\/elektro-kamleithner.hu\/wp-content\/uploads\/2025\/01\/intelligens-otthonok-uj-dimenzioja.jpg","type":"image\/jpeg"}],"author":"Balogh Zolt\u00e1n","twitter_card":"summary_large_image","twitter_misc":{"Written by":"Balogh Zolt\u00e1n","Estimated reading time":"4 minutes"},"schema":{"@context":"https:\/\/schema.org","@graph":[{"@type":"Article","@id":"https:\/\/elektro-kamleithner.hu\/az-intelligens-otthonok-uj-dimenzioja-miert-valassza-a-knx-iot-ot\/#article","isPartOf":{"@id":"https:\/\/elektro-kamleithner.hu\/az-intelligens-otthonok-uj-dimenzioja-miert-valassza-a-knx-iot-ot\/"},"author":{"name":"Balogh Zolt\u00e1n","@id":"https:\/\/elektro-kamleithner.hu\/#\/schema\/person\/6bee347fe0f99bcff222317c89ff8c51"},"headline":"Az intelligens otthonok \u00faj dimenzi\u00f3ja: Mi\u00e9rt v\u00e1lassza a KNX IoT-ot?","datePublished":"2025-01-22T13:09:29+00:00","dateModified":"2026-01-28T15:05:40+00:00","mainEntityOfPage":{"@id":"https:\/\/elektro-kamleithner.hu\/az-intelligens-otthonok-uj-dimenzioja-miert-valassza-a-knx-iot-ot\/"},"wordCount":597,"publisher":{"@id":"https:\/\/elektro-kamleithner.hu\/#organization"},"image":{"@id":"https:\/\/elektro-kamleithner.hu\/az-intelligens-otthonok-uj-dimenzioja-miert-valassza-a-knx-iot-ot\/#primaryimage"},"thumbnailUrl":"https:\/\/elektro-kamleithner.hu\/wp-content\/uploads\/2025\/01\/intelligens-otthonok-uj-dimenzioja.jpg","articleSection":["Blog"],"inLanguage":"en-GB"},{"@type":"WebPage","@id":"https:\/\/elektro-kamleithner.hu\/az-intelligens-otthonok-uj-dimenzioja-miert-valassza-a-knx-iot-ot\/","url":"https:\/\/elektro-kamleithner.hu\/az-intelligens-otthonok-uj-dimenzioja-miert-valassza-a-knx-iot-ot\/","name":"Az intelligens otthonok \u00faj dimenzi\u00f3ja: Mi\u00e9rt v\u00e1lassza a KNX IoT-ot? - \u00e9p\u00fcletautomatika - Elektro Kamleithner","isPartOf":{"@id":"https:\/\/elektro-kamleithner.hu\/#website"},"primaryImageOfPage":{"@id":"https:\/\/elektro-kamleithner.hu\/az-intelligens-otthonok-uj-dimenzioja-miert-valassza-a-knx-iot-ot\/#primaryimage"},"image":{"@id":"https:\/\/elektro-kamleithner.hu\/az-intelligens-otthonok-uj-dimenzioja-miert-valassza-a-knx-iot-ot\/#primaryimage"},"thumbnailUrl":"https:\/\/elektro-kamleithner.hu\/wp-content\/uploads\/2025\/01\/intelligens-otthonok-uj-dimenzioja.jpg","datePublished":"2025-01-22T13:09:29+00:00","dateModified":"2026-01-28T15:05:40+00:00","description":"Feladatunk a Botaniq Turai Kast\u00e9ly fel\u00faj\u00edt\u00e1s\u00e1n\u00e1l a megtervezett KNX \u00e9p\u00fcletautomatika programoz\u00e1sa \u00e9s egyedi vez\u00e9rl\u0151k gy\u00e1rt\u00e1sa volt.","breadcrumb":{"@id":"https:\/\/elektro-kamleithner.hu\/az-intelligens-otthonok-uj-dimenzioja-miert-valassza-a-knx-iot-ot\/#breadcrumb"},"inLanguage":"en-GB","potentialAction":[{"@type":"ReadAction","target":["https:\/\/elektro-kamleithner.hu\/az-intelligens-otthonok-uj-dimenzioja-miert-valassza-a-knx-iot-ot\/"]}]},{"@type":"ImageObject","inLanguage":"en-GB","@id":"https:\/\/elektro-kamleithner.hu\/az-intelligens-otthonok-uj-dimenzioja-miert-valassza-a-knx-iot-ot\/#primaryimage","url":"https:\/\/elektro-kamleithner.hu\/wp-content\/uploads\/2025\/01\/intelligens-otthonok-uj-dimenzioja.jpg","contentUrl":"https:\/\/elektro-kamleithner.hu\/wp-content\/uploads\/2025\/01\/intelligens-otthonok-uj-dimenzioja.jpg","width":1024,"height":604,"caption":"intelligens otthonok uj dimenzioja"},{"@type":"BreadcrumbList","@id":"https:\/\/elektro-kamleithner.hu\/az-intelligens-otthonok-uj-dimenzioja-miert-valassza-a-knx-iot-ot\/#breadcrumb","itemListElement":[{"@type":"ListItem","position":1,"name":"Kezd\u0151lap","item":"https:\/\/elektro-kamleithner.hu\/"},{"@type":"ListItem","position":2,"name":"Az intelligens otthonok \u00faj dimenzi\u00f3ja: Mi\u00e9rt v\u00e1lassza a KNX IoT-ot?"}]},{"@type":"WebSite","@id":"https:\/\/elektro-kamleithner.hu\/#website","url":"https:\/\/elektro-kamleithner.hu\/","name":"Elektro Kamleithner","description":"Elektro Kamleithner","publisher":{"@id":"https:\/\/elektro-kamleithner.hu\/#organization"},"potentialAction":[{"@type":"SearchAction","target":{"@type":"EntryPoint","urlTemplate":"https:\/\/elektro-kamleithner.hu\/?s={search_term_string}"},"query-input":{"@type":"PropertyValueSpecification","valueRequired":true,"valueName":"search_term_string"}}],"inLanguage":"en-GB"},{"@type":"Organization","@id":"https:\/\/elektro-kamleithner.hu\/#organization","name":"Elektro Kamleithner","url":"https:\/\/elektro-kamleithner.hu\/","logo":{"@type":"ImageObject","inLanguage":"en-GB","@id":"https:\/\/elektro-kamleithner.hu\/#\/schema\/logo\/image\/","url":"https:\/\/elektro-kamleithner.hu\/wp-content\/uploads\/2024\/09\/elektro-white-001.svg","contentUrl":"https:\/\/elektro-kamleithner.hu\/wp-content\/uploads\/2024\/09\/elektro-white-001.svg","width":382,"height":131,"caption":"Elektro Kamleithner"},"image":{"@id":"https:\/\/elektro-kamleithner.hu\/#\/schema\/logo\/image\/"},"sameAs":["https:\/\/www.facebook.com\/ElektroKamleithnerKft\/","https:\/\/www.youtube.com\/channel\/UCdDdwY5NIU2nmN9MjvqnFqg","https:\/\/www.instagram.com\/berker.hu\/"]},{"@type":"Person","@id":"https:\/\/elektro-kamleithner.hu\/#\/schema\/person\/6bee347fe0f99bcff222317c89ff8c51","name":"Balogh Zolt\u00e1n","image":{"@type":"ImageObject","inLanguage":"en-GB","@id":"https:\/\/secure.gravatar.com\/avatar\/83c725ba6ed0c327cf067a335b7156b3cb23f8585104d5ab2cd7bc81e6b47877?s=96&d=mm&r=g","url":"https:\/\/secure.gravatar.com\/avatar\/83c725ba6ed0c327cf067a335b7156b3cb23f8585104d5ab2cd7bc81e6b47877?s=96&d=mm&r=g","contentUrl":"https:\/\/secure.gravatar.com\/avatar\/83c725ba6ed0c327cf067a335b7156b3cb23f8585104d5ab2cd7bc81e6b47877?s=96&d=mm&r=g","caption":"Balogh Zolt\u00e1n"},"url":"https:\/\/elektro-kamleithner.hu\/en\/author\/admin\/"}]}},"_links":{"self":[{"href":"https:\/\/elektro-kamleithner.hu\/en\/wp-json\/wp\/v2\/posts\/7503","targetHints":{"allow":["GET"]}}],"collection":[{"href":"https:\/\/elektro-kamleithner.hu\/en\/wp-json\/wp\/v2\/posts"}],"about":[{"href":"https:\/\/elektro-kamleithner.hu\/en\/wp-json\/wp\/v2\/types\/post"}],"author":[{"embeddable":true,"href":"https:\/\/elektro-kamleithner.hu\/en\/wp-json\/wp\/v2\/users\/2"}],"replies":[{"embeddable":true,"href":"https:\/\/elektro-kamleithner.hu\/en\/wp-json\/wp\/v2\/comments?post=7503"}],"version-history":[{"count":1,"href":"https:\/\/elektro-kamleithner.hu\/en\/wp-json\/wp\/v2\/posts\/7503\/revisions"}],"predecessor-version":[{"id":8699,"href":"https:\/\/elektro-kamleithner.hu\/en\/wp-json\/wp\/v2\/posts\/7503\/revisions\/8699"}],"wp:featuredmedia":[{"embeddable":true,"href":"https:\/\/elektro-kamleithner.hu\/en\/wp-json\/wp\/v2\/media\/8695"}],"wp:attachment":[{"href":"https:\/\/elektro-kamleithner.hu\/en\/wp-json\/wp\/v2\/media?parent=7503"}],"wp:term":[{"taxonomy":"category","embeddable":true,"href":"https:\/\/elektro-kamleithner.hu\/en\/wp-json\/wp\/v2\/categories?post=7503"},{"taxonomy":"post_tag","embeddable":true,"href":"https:\/\/elektro-kamleithner.hu\/en\/wp-json\/wp\/v2\/tags?post=7503"}],"curies":[{"name":"wp","href":"https:\/\/api.w.org\/{rel}","templated":true}]}}