{"id":7463,"date":"2024-12-17T15:30:46","date_gmt":"2024-12-17T14:30:46","guid":{"rendered":"https:\/\/evernox.hu\/ets-es-knx-a-fenntarthato-jovo-kulcsa\/"},"modified":"2026-01-28T16:06:27","modified_gmt":"2026-01-28T15:06:27","slug":"ets-es-knx-a-fenntarthato-jovo-kulcsa","status":"publish","type":"post","link":"https:\/\/elektro-kamleithner.hu\/en\/ets-es-knx-a-fenntarthato-jovo-kulcsa\/","title":{"rendered":"ETS \u00e9s KNX: A fenntarthat\u00f3 j\u00f6v\u0151 kulcsa"},"content":{"rendered":"<h3>A fenntarthat\u00f3s\u00e1g jegy\u00e9ben a KNX-szel!<\/h3>\n<p>Michael Critchfield megvizsg\u00e1lta, hogy a fenntarthat\u00f3s\u00e1g hogyan \u00e1ll az ETS k\u00f6z\u00e9ppontj\u00e1ban, \u00e9s hogyan lehet hasznos\u00edtani a m\u00e1r megl\u00e9v\u0151ket, \u00e9s hogyan lehet hossz\u00fa t\u00e1v\u00fa alapokra \u00e9p\u00edteni.<\/p>\n<p>2024 novembere a fenntarthat\u00f3s\u00e1g h\u00f3napja a KNX Egyes\u00fcletn\u00e9l. A fenntarthat\u00f3s\u00e1g kulcsfontoss\u00e1g\u00fa a sz\u00f6vets\u00e9g \u00e9s tagjai sz\u00e1m\u00e1ra, \u00e9s ez \u00e1ll az ETS, illetve az \u00f6sszes KNX-term\u00e9k egyetlen \u00fczembe helyez\u00e9si eszk\u00f6z\u00e9nek k\u00f6z\u00e9ppontj\u00e1ban is.<\/p>\n<p><img decoding=\"async\" src=\"\\&quot;https:\/\/elektro-kamleithner.hu\/wp-content\/uploads\/2026\/01\/e-villamos-6.-jpg.jpgwp-content\/uploads\/2025\/12\/12-_DSC7322-scaled-1.jpgwp-content\/uploads\/2025\/11\/Nevtelen-terv-7.jpgwp-content\/uploads\/2024\/12\/Kep_1.jpg\\&quot;\" sizes=\"\\&quot;(max-width:\" srcset=\"\\&quot;https:\/\/www.elektro-kamleithner.hu\/wp-content\/uploads\/2024\/12\/Kep_1.jpg\" alt=\"\\&quot;\\&quot;\" width=\"\\&quot;1024\\&quot;\" height=\"\\&quot;604\\&quot;\" \/><\/p>\n<h3 data-elementor-setting-key=\"\\&quot;title\\&quot;\" data-pen-placeholder=\"\\&quot;Ide\">\u00daj lehet\u0151s\u00e9gek a megl\u00e9v\u0151 rendszerek b\u0151v\u00edt\u00e9s\u00e9re<\/h3>\n<p>Az ETS sz\u00e1m\u00e1ra a fenntarthat\u00f3s\u00e1g azt jelenti, hogy a m\u00e1r megl\u00e9v\u0151ket kell felhaszn\u00e1lni, \u00e9s egy hossz\u00fa t\u00e1v\u00fa alapra kell \u00e9p\u00edteni. Ez\u00e9rt az ETS visszafel\u00e9 kompatibilis a megl\u00e9v\u0151 berendez\u00e9sekkel \u00e9s az \u00f6sszes KNX term\u00e9kkel, nemcsak a leg\u00fajabb innov\u00e1ci\u00f3kkal, hanem k\u00fcl\u00f6n\u00f6sen a korai KNX eszk\u00f6z\u00f6kkel.<\/p>\n<p>P\u00e9ld\u00e1ul van egy olyan l\u00e9tes\u00edtm\u00e9nye, amely t\u00f6bb \u00e9vnyi megb\u00edzhat\u00f3 haszn\u00e1lat \u00e9s b\u0151s\u00e9ges el\u0151ny\u00f6k ut\u00e1n meg\u00e9rdemli a friss\u00edt\u00e9st. Ez k\u00f6nnyen megval\u00f3s\u00edthat\u00f3, ak\u00e1r a m\u00e1r megl\u00e9v\u0151 ETS verzi\u00f3val, ak\u00e1r a leg\u00fajabb kieg\u00e9sz\u00edt\u00e9sekkel, \u00e9s az ETS6-ra t\u00f6rt\u00e9n\u0151 friss\u00edt\u00e9ssel.<\/p>\n<p>Az ETS6-os verzi\u00f3val val\u00f3 naprak\u00e9szs\u00e9g m\u00e9g t\u00f6bb el\u0151nyt k\u00edn\u00e1l. Egy\u00fcttm\u0171k\u00f6dhet olyan KNX partnerekkel, akik m\u00e1r a leg\u00fajabb verzi\u00f3t haszn\u00e1lj\u00e1k, \u00e9s hasznos\u00edthatja szak\u00e9rtelm\u00fcket, valamint saj\u00e1t kez\u00e9be veheti a telep\u00edt\u00e9ssel kapcsolatos munk\u00e1jukat.<\/p>\n<p>A KNX a nyugalomr\u00f3l ismert, legyen sz\u00f3 ak\u00e1r a l\u00e9tes\u00edtm\u00e9ny ide\u00e1lis, az \u00d6n preferenci\u00e1i szerinti testreszab\u00e1s\u00e1r\u00f3l, ak\u00e1r a hossz\u00fa t\u00e1v\u00fa teljes\u00edtm\u00e9ny\u00e9r\u0151l.<\/p>\n<p>Ha m\u00e1r a teljes\u00edtm\u00e9nyr\u0151l besz\u00e9l\u00fcnk, ahogyan egy KNX csoportos c\u00edm haszn\u00e1lhat\u00f3 egy l\u00e1mpa kikapcsol\u00e1s\u00e1ra vagy a szobah\u0151m\u00e9rs\u00e9klet be\u00e1ll\u00edt\u00e1si pontj\u00e1nak cs\u00f6kkent\u00e9s\u00e9re, \u00fagy haszn\u00e1lhat\u00f3 az \u00e9p\u00fclet energiafogyaszt\u00e1s\u00e1nak szab\u00e1lyoz\u00e1s\u00e1ra, elektromos j\u00e1rm\u0171ve t\u00f6lt\u00e9s\u00e9nek fel\u00fcgyelet\u00e9re, vagy d\u00f6nthet a felesleges napenergia v\u00edzmeleg\u00edt\u0151ben vagy elektromos akkumul\u00e1torban t\u00f6rt\u00e9n\u0151 t\u00e1rol\u00e1s\u00e1r\u00f3l. A KNX mindent tud, \u00e9s ezekkel az energiagazd\u00e1lkod\u00e1si alkalmaz\u00e1sokkal a KNX \u00e9s az ETS j\u00f3l felk\u00e9sz\u00fclt arra, hogy t\u00e1mogassa a teljes fenntarthat\u00f3s\u00e1gra val\u00f3 \u00e1t\u00e1ll\u00e1st &#8211; nem csak ma, hanem m\u00e1r az alap\u00edt\u00e1st\u00f3l kezdve.<\/p>\n<p>Az elm\u00falt h\u00f3napban a KNX-berendez\u00e9sek l\u00e9trehoz\u00e1s\u00e1ra \u00e9s b\u0151v\u00edt\u00e9s\u00e9re szolg\u00e1l\u00f3 \u00fajabb megold\u00e1sokat tekintett\u00fck meg. Mindezen lehet\u0151s\u00e9gek k\u00f6z\u00e9ppontj\u00e1ban a fenntarthat\u00f3s\u00e1g \u00e1ll, ak\u00e1r az\u00e9rt, hogy a KNX t\u00f6bb \u00e9p\u00fcletbe eljusson, \u00e9s a tulajdonosok \u00e9s a lak\u00f3k is r\u00e9szes\u00fclhessenek bel\u0151le, ak\u00e1r az\u00e9rt, hogy a megl\u00e9v\u0151 telep\u00edt\u00e9seket meg\u0151rizz\u00fck \u00e9s lehet\u0151v\u00e9 tegy\u00fck a n\u00f6veked\u00e9st. A leg\u00fajabb KNX technol\u00f3gi\u00e1val a megval\u00f3s\u00edthat\u00f3s\u00e1g nagyobb, mint valaha, \u00e9s a fenntarthat\u00f3s\u00e1g el\u00e9rhet\u0151 k\u00f6zels\u00e9gbe ker\u00fclt.<\/p>\n<p><img decoding=\"async\" src=\"\\&quot;https:\/\/elektro-kamleithner.hu\/wp-content\/uploads\/2026\/01\/e-villamos-6.-jpg.jpgwp-content\/uploads\/2025\/12\/12-_DSC7322-scaled-1.jpgwp-content\/uploads\/2025\/11\/Nevtelen-terv-7.jpgwp-content\/uploads\/2024\/12\/zoldjovo-2-1-1024x538.jpg\\&quot;\" sizes=\"\\&quot;(max-width:\" srcset=\"\\&quot;https:\/\/www.elektro-kamleithner.hu\/wp-content\/uploads\/2024\/12\/zoldjovo-2-1-1024x538.jpg\" alt=\"\\&quot;\\&quot;\" width=\"\\&quot;1024\\&quot;\" height=\"\\&quot;538\\&quot;\" \/><\/p>\n<h3>Az intelligens \u00e9p\u00fcletek \u00faj gener\u00e1ci\u00f3ja: KNX \u00e9s ETS6 a j\u00f6v\u0151 szolg\u00e1lat\u00e1ban<\/h3>\n<p>N\u00e9zze meg, mit tehet a KNX az \u00d6n \u00e9p\u00fclet\u00e9\u00e9rt. Cs\u00f6kkentse a sz\u00e9n-dioxid-kibocs\u00e1t\u00e1st, kezelje az energiafogyaszt\u00e1st \u00e9s n\u00f6velje az \u00e9p\u00fclet komfortj\u00e1t, legyen sz\u00f3 vil\u00e1g\u00edt\u00e1sr\u00f3l, szell\u0151z\u00e9sr\u0151l, f\u0171t\u00e9sr\u0151l vagy h\u0171t\u00e9sr\u0151l. V\u00e1lassza azt, ami a j\u00f6v\u0151 gener\u00e1ci\u00f3i sz\u00e1m\u00e1ra megfelel\u0151, \u00e9s ami m\u00e1r ma \u00e9s m\u00e9g sok\u00e1ig el\u0151ny\u00f6s lesz az \u00d6n sz\u00e1m\u00e1ra: KNX \u00e9s ETS6.<\/p>","protected":false},"excerpt":{"rendered":"<p>A fenntarthat\u00f3s\u00e1g jegy\u00e9ben a KNX-szel! Michael Critchfield megvizsg\u00e1lta, hogy a fenntarthat\u00f3s\u00e1g hogyan \u00e1ll az ETS k\u00f6z\u00e9ppontj\u00e1ban, \u00e9s hogyan lehet hasznos\u00edtani [&hellip;]<\/p>\n","protected":false},"author":2,"featured_media":8696,"comment_status":"closed","ping_status":"open","sticky":false,"template":"","format":"standard","meta":{"_acf_changed":false,"site-sidebar-layout":"default","site-content-layout":"default","ast-site-content-layout":"default","site-content-style":"default","site-sidebar-style":"default","ast-global-header-display":"","ast-banner-title-visibility":"","ast-main-header-display":"","ast-hfb-above-header-display":"","ast-hfb-below-header-display":"","ast-hfb-mobile-header-display":"","site-post-title":"","ast-breadcrumbs-content":"","ast-featured-img":"","footer-sml-layout":"","ast-disable-related-posts":"","theme-transparent-header-meta":"default","adv-header-id-meta":"","stick-header-meta":"default","header-above-stick-meta":"","header-main-stick-meta":"","header-below-stick-meta":"","astra-migrate-meta-layouts":"set","ast-page-background-enabled":"default","ast-page-background-meta":{"desktop":{"background-color":"var(--ast-global-color-4)","background-image":"","background-repeat":"repeat","background-position":"center center","background-size":"auto","background-attachment":"scroll","background-type":"","background-media":"","overlay-type":"","overlay-color":"","overlay-opacity":"","overlay-gradient":""},"tablet":{"background-color":"","background-image":"","background-repeat":"repeat","background-position":"center center","background-size":"auto","background-attachment":"scroll","background-type":"","background-media":"","overlay-type":"","overlay-color":"","overlay-opacity":"","overlay-gradient":""},"mobile":{"background-color":"","background-image":"","background-repeat":"repeat","background-position":"center center","background-size":"auto","background-attachment":"scroll","background-type":"","background-media":"","overlay-type":"","overlay-color":"","overlay-opacity":"","overlay-gradient":""}},"ast-content-background-meta":{"desktop":{"background-color":"var(--ast-global-color-5)","background-image":"","background-repeat":"repeat","background-position":"center center","background-size":"auto","background-attachment":"scroll","background-type":"","background-media":"","overlay-type":"","overlay-color":"","overlay-opacity":"","overlay-gradient":""},"tablet":{"background-color":"var(--ast-global-color-5)","background-image":"","background-repeat":"repeat","background-position":"center center","background-size":"auto","background-attachment":"scroll","background-type":"","background-media":"","overlay-type":"","overlay-color":"","overlay-opacity":"","overlay-gradient":""},"mobile":{"background-color":"var(--ast-global-color-5)","background-image":"","background-repeat":"repeat","background-position":"center center","background-size":"auto","background-attachment":"scroll","background-type":"","background-media":"","overlay-type":"","overlay-color":"","overlay-opacity":"","overlay-gradient":""}},"footnotes":""},"categories":[1],"tags":[],"class_list":["post-7463","post","type-post","status-publish","format-standard","has-post-thumbnail","hentry","category-blog"],"acf":[],"yoast_head":"<!-- This site is optimized with the Yoast SEO plugin v28.3 - https:\/\/yoast.com\/product\/yoast-seo-wordpress\/ -->\n<title>ETS \u00e9s KNX: A fenntarthat\u00f3 j\u00f6v\u0151 kulcsa - \u00e9p\u00fcletautomatika - Elektro Kamleithner<\/title>\n<meta name=\"description\" content=\"Feladatunk a Botaniq Turai Kast\u00e9ly fel\u00faj\u00edt\u00e1s\u00e1n\u00e1l a megtervezett KNX \u00e9p\u00fcletautomatika programoz\u00e1sa \u00e9s egyedi vez\u00e9rl\u0151k gy\u00e1rt\u00e1sa volt.\" \/>\n<meta name=\"robots\" content=\"index, follow, max-snippet:-1, max-image-preview:large, max-video-preview:-1\" \/>\n<link rel=\"canonical\" href=\"https:\/\/elektro-kamleithner.hu\/en\/ets-es-knx-a-fenntarthato-jovo-kulcsa\/\" \/>\n<meta property=\"og:locale\" content=\"en_GB\" \/>\n<meta property=\"og:type\" content=\"article\" \/>\n<meta property=\"og:title\" content=\"ETS \u00e9s KNX: A fenntarthat\u00f3 j\u00f6v\u0151 kulcsa - \u00e9p\u00fcletautomatika - Elektro Kamleithner\" \/>\n<meta property=\"og:description\" content=\"Feladatunk a Botaniq Turai Kast\u00e9ly fel\u00faj\u00edt\u00e1s\u00e1n\u00e1l a megtervezett KNX \u00e9p\u00fcletautomatika programoz\u00e1sa \u00e9s egyedi vez\u00e9rl\u0151k gy\u00e1rt\u00e1sa volt.\" \/>\n<meta property=\"og:url\" content=\"https:\/\/elektro-kamleithner.hu\/en\/ets-es-knx-a-fenntarthato-jovo-kulcsa\/\" \/>\n<meta property=\"og:site_name\" content=\"Elektro Kamleithner\" \/>\n<meta property=\"article:publisher\" content=\"https:\/\/www.facebook.com\/ElektroKamleithnerKft\/\" \/>\n<meta property=\"article:published_time\" content=\"2024-12-17T14:30:46+00:00\" \/>\n<meta property=\"article:modified_time\" content=\"2026-01-28T15:06:27+00:00\" \/>\n<meta property=\"og:image\" content=\"https:\/\/elektro-kamleithner.hu\/wp-content\/uploads\/2025\/01\/ets-es-a-knx.jpg\" \/>\n\t<meta property=\"og:image:width\" content=\"1024\" \/>\n\t<meta property=\"og:image:height\" content=\"604\" \/>\n\t<meta property=\"og:image:type\" content=\"image\/jpeg\" \/>\n<meta name=\"author\" content=\"Balogh Zolt\u00e1n\" \/>\n<meta name=\"twitter:card\" content=\"summary_large_image\" \/>\n<meta name=\"twitter:label1\" content=\"Written by\" \/>\n\t<meta name=\"twitter:data1\" content=\"Balogh Zolt\u00e1n\" \/>\n\t<meta name=\"twitter:label2\" content=\"Estimated reading time\" \/>\n\t<meta name=\"twitter:data2\" content=\"4 minutes\" \/>\n<script type=\"application\/ld+json\" class=\"yoast-schema-graph\">{\"@context\":\"https:\\\/\\\/schema.org\",\"@graph\":[{\"@type\":\"Article\",\"@id\":\"https:\\\/\\\/elektro-kamleithner.hu\\\/ets-es-knx-a-fenntarthato-jovo-kulcsa\\\/#article\",\"isPartOf\":{\"@id\":\"https:\\\/\\\/elektro-kamleithner.hu\\\/ets-es-knx-a-fenntarthato-jovo-kulcsa\\\/\"},\"author\":{\"name\":\"Balogh Zolt\u00e1n\",\"@id\":\"https:\\\/\\\/elektro-kamleithner.hu\\\/#\\\/schema\\\/person\\\/6bee347fe0f99bcff222317c89ff8c51\"},\"headline\":\"ETS \u00e9s KNX: A fenntarthat\u00f3 j\u00f6v\u0151 kulcsa\",\"datePublished\":\"2024-12-17T14:30:46+00:00\",\"dateModified\":\"2026-01-28T15:06:27+00:00\",\"mainEntityOfPage\":{\"@id\":\"https:\\\/\\\/elektro-kamleithner.hu\\\/ets-es-knx-a-fenntarthato-jovo-kulcsa\\\/\"},\"wordCount\":694,\"publisher\":{\"@id\":\"https:\\\/\\\/elektro-kamleithner.hu\\\/#organization\"},\"image\":{\"@id\":\"https:\\\/\\\/elektro-kamleithner.hu\\\/ets-es-knx-a-fenntarthato-jovo-kulcsa\\\/#primaryimage\"},\"thumbnailUrl\":\"https:\\\/\\\/elektro-kamleithner.hu\\\/wp-content\\\/uploads\\\/2025\\\/01\\\/ets-es-a-knx.jpg\",\"articleSection\":[\"Blog\"],\"inLanguage\":\"en-GB\"},{\"@type\":\"WebPage\",\"@id\":\"https:\\\/\\\/elektro-kamleithner.hu\\\/ets-es-knx-a-fenntarthato-jovo-kulcsa\\\/\",\"url\":\"https:\\\/\\\/elektro-kamleithner.hu\\\/ets-es-knx-a-fenntarthato-jovo-kulcsa\\\/\",\"name\":\"ETS \u00e9s KNX: A fenntarthat\u00f3 j\u00f6v\u0151 kulcsa - \u00e9p\u00fcletautomatika - Elektro Kamleithner\",\"isPartOf\":{\"@id\":\"https:\\\/\\\/elektro-kamleithner.hu\\\/#website\"},\"primaryImageOfPage\":{\"@id\":\"https:\\\/\\\/elektro-kamleithner.hu\\\/ets-es-knx-a-fenntarthato-jovo-kulcsa\\\/#primaryimage\"},\"image\":{\"@id\":\"https:\\\/\\\/elektro-kamleithner.hu\\\/ets-es-knx-a-fenntarthato-jovo-kulcsa\\\/#primaryimage\"},\"thumbnailUrl\":\"https:\\\/\\\/elektro-kamleithner.hu\\\/wp-content\\\/uploads\\\/2025\\\/01\\\/ets-es-a-knx.jpg\",\"datePublished\":\"2024-12-17T14:30:46+00:00\",\"dateModified\":\"2026-01-28T15:06:27+00:00\",\"description\":\"Feladatunk a Botaniq Turai Kast\u00e9ly fel\u00faj\u00edt\u00e1s\u00e1n\u00e1l a megtervezett KNX \u00e9p\u00fcletautomatika programoz\u00e1sa \u00e9s egyedi vez\u00e9rl\u0151k gy\u00e1rt\u00e1sa volt.\",\"breadcrumb\":{\"@id\":\"https:\\\/\\\/elektro-kamleithner.hu\\\/ets-es-knx-a-fenntarthato-jovo-kulcsa\\\/#breadcrumb\"},\"inLanguage\":\"en-GB\",\"potentialAction\":[{\"@type\":\"ReadAction\",\"target\":[\"https:\\\/\\\/elektro-kamleithner.hu\\\/ets-es-knx-a-fenntarthato-jovo-kulcsa\\\/\"]}]},{\"@type\":\"ImageObject\",\"inLanguage\":\"en-GB\",\"@id\":\"https:\\\/\\\/elektro-kamleithner.hu\\\/ets-es-knx-a-fenntarthato-jovo-kulcsa\\\/#primaryimage\",\"url\":\"https:\\\/\\\/elektro-kamleithner.hu\\\/wp-content\\\/uploads\\\/2025\\\/01\\\/ets-es-a-knx.jpg\",\"contentUrl\":\"https:\\\/\\\/elektro-kamleithner.hu\\\/wp-content\\\/uploads\\\/2025\\\/01\\\/ets-es-a-knx.jpg\",\"width\":1024,\"height\":604,\"caption\":\"ets es a knx\"},{\"@type\":\"BreadcrumbList\",\"@id\":\"https:\\\/\\\/elektro-kamleithner.hu\\\/ets-es-knx-a-fenntarthato-jovo-kulcsa\\\/#breadcrumb\",\"itemListElement\":[{\"@type\":\"ListItem\",\"position\":1,\"name\":\"Kezd\u0151lap\",\"item\":\"https:\\\/\\\/elektro-kamleithner.hu\\\/\"},{\"@type\":\"ListItem\",\"position\":2,\"name\":\"ETS \u00e9s KNX: A fenntarthat\u00f3 j\u00f6v\u0151 kulcsa\"}]},{\"@type\":\"WebSite\",\"@id\":\"https:\\\/\\\/elektro-kamleithner.hu\\\/#website\",\"url\":\"https:\\\/\\\/elektro-kamleithner.hu\\\/\",\"name\":\"Elektro Kamleithner\",\"description\":\"Elektro Kamleithner\",\"publisher\":{\"@id\":\"https:\\\/\\\/elektro-kamleithner.hu\\\/#organization\"},\"potentialAction\":[{\"@type\":\"SearchAction\",\"target\":{\"@type\":\"EntryPoint\",\"urlTemplate\":\"https:\\\/\\\/elektro-kamleithner.hu\\\/?s={search_term_string}\"},\"query-input\":{\"@type\":\"PropertyValueSpecification\",\"valueRequired\":true,\"valueName\":\"search_term_string\"}}],\"inLanguage\":\"en-GB\"},{\"@type\":\"Organization\",\"@id\":\"https:\\\/\\\/elektro-kamleithner.hu\\\/#organization\",\"name\":\"Elektro Kamleithner\",\"url\":\"https:\\\/\\\/elektro-kamleithner.hu\\\/\",\"logo\":{\"@type\":\"ImageObject\",\"inLanguage\":\"en-GB\",\"@id\":\"https:\\\/\\\/elektro-kamleithner.hu\\\/#\\\/schema\\\/logo\\\/image\\\/\",\"url\":\"https:\\\/\\\/elektro-kamleithner.hu\\\/wp-content\\\/uploads\\\/2024\\\/09\\\/elektro-white-001.svg\",\"contentUrl\":\"https:\\\/\\\/elektro-kamleithner.hu\\\/wp-content\\\/uploads\\\/2024\\\/09\\\/elektro-white-001.svg\",\"width\":382,\"height\":131,\"caption\":\"Elektro Kamleithner\"},\"image\":{\"@id\":\"https:\\\/\\\/elektro-kamleithner.hu\\\/#\\\/schema\\\/logo\\\/image\\\/\"},\"sameAs\":[\"https:\\\/\\\/www.facebook.com\\\/ElektroKamleithnerKft\\\/\",\"https:\\\/\\\/www.youtube.com\\\/channel\\\/UCdDdwY5NIU2nmN9MjvqnFqg\",\"https:\\\/\\\/www.instagram.com\\\/berker.hu\\\/\"]},{\"@type\":\"Person\",\"@id\":\"https:\\\/\\\/elektro-kamleithner.hu\\\/#\\\/schema\\\/person\\\/6bee347fe0f99bcff222317c89ff8c51\",\"name\":\"Balogh Zolt\u00e1n\",\"image\":{\"@type\":\"ImageObject\",\"inLanguage\":\"en-GB\",\"@id\":\"https:\\\/\\\/secure.gravatar.com\\\/avatar\\\/83c725ba6ed0c327cf067a335b7156b3cb23f8585104d5ab2cd7bc81e6b47877?s=96&d=mm&r=g\",\"url\":\"https:\\\/\\\/secure.gravatar.com\\\/avatar\\\/83c725ba6ed0c327cf067a335b7156b3cb23f8585104d5ab2cd7bc81e6b47877?s=96&d=mm&r=g\",\"contentUrl\":\"https:\\\/\\\/secure.gravatar.com\\\/avatar\\\/83c725ba6ed0c327cf067a335b7156b3cb23f8585104d5ab2cd7bc81e6b47877?s=96&d=mm&r=g\",\"caption\":\"Balogh Zolt\u00e1n\"},\"url\":\"https:\\\/\\\/elektro-kamleithner.hu\\\/en\\\/author\\\/admin\\\/\"}]}<\/script>\n<!-- \/ Yoast SEO plugin. -->","yoast_head_json":{"title":"ETS \u00e9s KNX: A fenntarthat\u00f3 j\u00f6v\u0151 kulcsa - \u00e9p\u00fcletautomatika - Elektro Kamleithner","description":"Feladatunk a Botaniq Turai Kast\u00e9ly fel\u00faj\u00edt\u00e1s\u00e1n\u00e1l a megtervezett KNX \u00e9p\u00fcletautomatika programoz\u00e1sa \u00e9s egyedi vez\u00e9rl\u0151k gy\u00e1rt\u00e1sa volt.","robots":{"index":"index","follow":"follow","max-snippet":"max-snippet:-1","max-image-preview":"max-image-preview:large","max-video-preview":"max-video-preview:-1"},"canonical":"https:\/\/elektro-kamleithner.hu\/en\/ets-es-knx-a-fenntarthato-jovo-kulcsa\/","og_locale":"en_GB","og_type":"article","og_title":"ETS \u00e9s KNX: A fenntarthat\u00f3 j\u00f6v\u0151 kulcsa - \u00e9p\u00fcletautomatika - Elektro Kamleithner","og_description":"Feladatunk a Botaniq Turai Kast\u00e9ly fel\u00faj\u00edt\u00e1s\u00e1n\u00e1l a megtervezett KNX \u00e9p\u00fcletautomatika programoz\u00e1sa \u00e9s egyedi vez\u00e9rl\u0151k gy\u00e1rt\u00e1sa volt.","og_url":"https:\/\/elektro-kamleithner.hu\/en\/ets-es-knx-a-fenntarthato-jovo-kulcsa\/","og_site_name":"Elektro Kamleithner","article_publisher":"https:\/\/www.facebook.com\/ElektroKamleithnerKft\/","article_published_time":"2024-12-17T14:30:46+00:00","article_modified_time":"2026-01-28T15:06:27+00:00","og_image":[{"width":1024,"height":604,"url":"https:\/\/elektro-kamleithner.hu\/wp-content\/uploads\/2025\/01\/ets-es-a-knx.jpg","type":"image\/jpeg"}],"author":"Balogh Zolt\u00e1n","twitter_card":"summary_large_image","twitter_misc":{"Written by":"Balogh Zolt\u00e1n","Estimated reading time":"4 minutes"},"schema":{"@context":"https:\/\/schema.org","@graph":[{"@type":"Article","@id":"https:\/\/elektro-kamleithner.hu\/ets-es-knx-a-fenntarthato-jovo-kulcsa\/#article","isPartOf":{"@id":"https:\/\/elektro-kamleithner.hu\/ets-es-knx-a-fenntarthato-jovo-kulcsa\/"},"author":{"name":"Balogh Zolt\u00e1n","@id":"https:\/\/elektro-kamleithner.hu\/#\/schema\/person\/6bee347fe0f99bcff222317c89ff8c51"},"headline":"ETS \u00e9s KNX: A fenntarthat\u00f3 j\u00f6v\u0151 kulcsa","datePublished":"2024-12-17T14:30:46+00:00","dateModified":"2026-01-28T15:06:27+00:00","mainEntityOfPage":{"@id":"https:\/\/elektro-kamleithner.hu\/ets-es-knx-a-fenntarthato-jovo-kulcsa\/"},"wordCount":694,"publisher":{"@id":"https:\/\/elektro-kamleithner.hu\/#organization"},"image":{"@id":"https:\/\/elektro-kamleithner.hu\/ets-es-knx-a-fenntarthato-jovo-kulcsa\/#primaryimage"},"thumbnailUrl":"https:\/\/elektro-kamleithner.hu\/wp-content\/uploads\/2025\/01\/ets-es-a-knx.jpg","articleSection":["Blog"],"inLanguage":"en-GB"},{"@type":"WebPage","@id":"https:\/\/elektro-kamleithner.hu\/ets-es-knx-a-fenntarthato-jovo-kulcsa\/","url":"https:\/\/elektro-kamleithner.hu\/ets-es-knx-a-fenntarthato-jovo-kulcsa\/","name":"ETS \u00e9s KNX: A fenntarthat\u00f3 j\u00f6v\u0151 kulcsa - \u00e9p\u00fcletautomatika - Elektro Kamleithner","isPartOf":{"@id":"https:\/\/elektro-kamleithner.hu\/#website"},"primaryImageOfPage":{"@id":"https:\/\/elektro-kamleithner.hu\/ets-es-knx-a-fenntarthato-jovo-kulcsa\/#primaryimage"},"image":{"@id":"https:\/\/elektro-kamleithner.hu\/ets-es-knx-a-fenntarthato-jovo-kulcsa\/#primaryimage"},"thumbnailUrl":"https:\/\/elektro-kamleithner.hu\/wp-content\/uploads\/2025\/01\/ets-es-a-knx.jpg","datePublished":"2024-12-17T14:30:46+00:00","dateModified":"2026-01-28T15:06:27+00:00","description":"Feladatunk a Botaniq Turai Kast\u00e9ly fel\u00faj\u00edt\u00e1s\u00e1n\u00e1l a megtervezett KNX \u00e9p\u00fcletautomatika programoz\u00e1sa \u00e9s egyedi vez\u00e9rl\u0151k gy\u00e1rt\u00e1sa volt.","breadcrumb":{"@id":"https:\/\/elektro-kamleithner.hu\/ets-es-knx-a-fenntarthato-jovo-kulcsa\/#breadcrumb"},"inLanguage":"en-GB","potentialAction":[{"@type":"ReadAction","target":["https:\/\/elektro-kamleithner.hu\/ets-es-knx-a-fenntarthato-jovo-kulcsa\/"]}]},{"@type":"ImageObject","inLanguage":"en-GB","@id":"https:\/\/elektro-kamleithner.hu\/ets-es-knx-a-fenntarthato-jovo-kulcsa\/#primaryimage","url":"https:\/\/elektro-kamleithner.hu\/wp-content\/uploads\/2025\/01\/ets-es-a-knx.jpg","contentUrl":"https:\/\/elektro-kamleithner.hu\/wp-content\/uploads\/2025\/01\/ets-es-a-knx.jpg","width":1024,"height":604,"caption":"ets es a knx"},{"@type":"BreadcrumbList","@id":"https:\/\/elektro-kamleithner.hu\/ets-es-knx-a-fenntarthato-jovo-kulcsa\/#breadcrumb","itemListElement":[{"@type":"ListItem","position":1,"name":"Kezd\u0151lap","item":"https:\/\/elektro-kamleithner.hu\/"},{"@type":"ListItem","position":2,"name":"ETS \u00e9s KNX: A fenntarthat\u00f3 j\u00f6v\u0151 kulcsa"}]},{"@type":"WebSite","@id":"https:\/\/elektro-kamleithner.hu\/#website","url":"https:\/\/elektro-kamleithner.hu\/","name":"Elektro Kamleithner","description":"Elektro Kamleithner","publisher":{"@id":"https:\/\/elektro-kamleithner.hu\/#organization"},"potentialAction":[{"@type":"SearchAction","target":{"@type":"EntryPoint","urlTemplate":"https:\/\/elektro-kamleithner.hu\/?s={search_term_string}"},"query-input":{"@type":"PropertyValueSpecification","valueRequired":true,"valueName":"search_term_string"}}],"inLanguage":"en-GB"},{"@type":"Organization","@id":"https:\/\/elektro-kamleithner.hu\/#organization","name":"Elektro Kamleithner","url":"https:\/\/elektro-kamleithner.hu\/","logo":{"@type":"ImageObject","inLanguage":"en-GB","@id":"https:\/\/elektro-kamleithner.hu\/#\/schema\/logo\/image\/","url":"https:\/\/elektro-kamleithner.hu\/wp-content\/uploads\/2024\/09\/elektro-white-001.svg","contentUrl":"https:\/\/elektro-kamleithner.hu\/wp-content\/uploads\/2024\/09\/elektro-white-001.svg","width":382,"height":131,"caption":"Elektro Kamleithner"},"image":{"@id":"https:\/\/elektro-kamleithner.hu\/#\/schema\/logo\/image\/"},"sameAs":["https:\/\/www.facebook.com\/ElektroKamleithnerKft\/","https:\/\/www.youtube.com\/channel\/UCdDdwY5NIU2nmN9MjvqnFqg","https:\/\/www.instagram.com\/berker.hu\/"]},{"@type":"Person","@id":"https:\/\/elektro-kamleithner.hu\/#\/schema\/person\/6bee347fe0f99bcff222317c89ff8c51","name":"Balogh Zolt\u00e1n","image":{"@type":"ImageObject","inLanguage":"en-GB","@id":"https:\/\/secure.gravatar.com\/avatar\/83c725ba6ed0c327cf067a335b7156b3cb23f8585104d5ab2cd7bc81e6b47877?s=96&d=mm&r=g","url":"https:\/\/secure.gravatar.com\/avatar\/83c725ba6ed0c327cf067a335b7156b3cb23f8585104d5ab2cd7bc81e6b47877?s=96&d=mm&r=g","contentUrl":"https:\/\/secure.gravatar.com\/avatar\/83c725ba6ed0c327cf067a335b7156b3cb23f8585104d5ab2cd7bc81e6b47877?s=96&d=mm&r=g","caption":"Balogh Zolt\u00e1n"},"url":"https:\/\/elektro-kamleithner.hu\/en\/author\/admin\/"}]}},"_links":{"self":[{"href":"https:\/\/elektro-kamleithner.hu\/en\/wp-json\/wp\/v2\/posts\/7463","targetHints":{"allow":["GET"]}}],"collection":[{"href":"https:\/\/elektro-kamleithner.hu\/en\/wp-json\/wp\/v2\/posts"}],"about":[{"href":"https:\/\/elektro-kamleithner.hu\/en\/wp-json\/wp\/v2\/types\/post"}],"author":[{"embeddable":true,"href":"https:\/\/elektro-kamleithner.hu\/en\/wp-json\/wp\/v2\/users\/2"}],"replies":[{"embeddable":true,"href":"https:\/\/elektro-kamleithner.hu\/en\/wp-json\/wp\/v2\/comments?post=7463"}],"version-history":[{"count":1,"href":"https:\/\/elektro-kamleithner.hu\/en\/wp-json\/wp\/v2\/posts\/7463\/revisions"}],"predecessor-version":[{"id":8700,"href":"https:\/\/elektro-kamleithner.hu\/en\/wp-json\/wp\/v2\/posts\/7463\/revisions\/8700"}],"wp:featuredmedia":[{"embeddable":true,"href":"https:\/\/elektro-kamleithner.hu\/en\/wp-json\/wp\/v2\/media\/8696"}],"wp:attachment":[{"href":"https:\/\/elektro-kamleithner.hu\/en\/wp-json\/wp\/v2\/media?parent=7463"}],"wp:term":[{"taxonomy":"category","embeddable":true,"href":"https:\/\/elektro-kamleithner.hu\/en\/wp-json\/wp\/v2\/categories?post=7463"},{"taxonomy":"post_tag","embeddable":true,"href":"https:\/\/elektro-kamleithner.hu\/en\/wp-json\/wp\/v2\/tags?post=7463"}],"curies":[{"name":"wp","href":"https:\/\/api.w.org\/{rel}","templated":true}]}}