{"id":7442,"date":"2024-12-09T15:57:57","date_gmt":"2024-12-09T14:57:57","guid":{"rendered":"https:\/\/evernox.hu\/feny-az-iranyitasunk-alatt-az-elektro-kamleithner-kft-innovativ-vilagitasvezerlesi-megoldasai\/"},"modified":"2026-01-28T16:07:01","modified_gmt":"2026-01-28T15:07:01","slug":"feny-az-iranyitasunk-alatt-az-elektro-kamleithner-kft-innovativ-vilagitasvezerlesi-megoldasai","status":"publish","type":"post","link":"https:\/\/elektro-kamleithner.hu\/en\/feny-az-iranyitasunk-alatt-az-elektro-kamleithner-kft-innovativ-vilagitasvezerlesi-megoldasai\/","title":{"rendered":"F\u00e9ny az ir\u00e1ny\u00edt\u00e1sunk alatt &#8211; Az Elektro-Kamleithner Kft. innovat\u00edv vil\u00e1g\u00edt\u00e1svez\u00e9rl\u00e9si megold\u00e1sai"},"content":{"rendered":"<h3>F\u00e9ny az ir\u00e1ny\u00edt\u00e1sunk alatt \u2013 Az Elektro-Kamleithner Kft. innovat\u00edv vil\u00e1g\u00edt\u00e1svez\u00e9rl\u00e9si megold\u00e1sai<\/h3>\n<p>A\u00a0<a href=\"\\&quot;https:\/\/elektro-kamleithner.hu\/wp-content\/uploads\/2026\/01\/e-villamos-6.-jpg.jpgwp-content\/uploads\/2025\/12\/12-_DSC7322-scaled-1.jpgwp-content\/uploads\/2025\/11\/Nevtelen-terv-7.jpgintelligens-otthon\/#vilagitas\\&quot;\" target=\"\\&quot;_blank\\&quot;\" rel=\"\\&quot;noopener\\&quot;\">vil\u00e1g\u00edt\u00e1s<\/a>\u00a0sokkal t\u00f6bb, mint egyszer\u0171 f\u00e9nyforr\u00e1s \u2013 a megfelel\u0151en vez\u00e9relt vil\u00e1g\u00edt\u00e1s k\u00e9pes megv\u00e1ltoztatni a hangulatot, n\u00f6velni a hat\u00e9konys\u00e1got, \u00e9s otthonosabb\u00e1 vagy professzion\u00e1lisabb\u00e1 tenni b\u00e1rmilyen teret. Az Elektro-Kamleithner Kft. \u00e9len j\u00e1r a\u00a0<a href=\"\\&quot;https:\/\/elektro-kamleithner.hu\/wp-content\/uploads\/2026\/01\/e-villamos-6.-jpg.jpgwp-content\/uploads\/2025\/12\/12-_DSC7322-scaled-1.jpgwp-content\/uploads\/2025\/11\/Nevtelen-terv-7.jpgdali-vilagitasvezerles\/\\&quot;\" target=\"\\&quot;_blank\\&quot;\" rel=\"\\&quot;noopener\\&quot;\">vil\u00e1g\u00edt\u00e1svez\u00e9rl\u00e9s<\/a>\u00a0modern technol\u00f3gi\u00e1j\u00e1ban, amely az eszt\u00e9tik\u00e1t, a funkcionalit\u00e1st \u00e9s a fenntarthat\u00f3s\u00e1got \u00f6tv\u00f6zi.<\/p>\n<p><img decoding=\"async\" src=\"\\&quot;https:\/\/elektro-kamleithner.hu\/wp-content\/uploads\/2026\/01\/e-villamos-6.-jpg.jpgwp-content\/uploads\/2025\/12\/12-_DSC7322-scaled-1.jpgwp-content\/uploads\/2025\/11\/Nevtelen-terv-7.jpgwp-content\/uploads\/2024\/12\/elektro-kammleitner-11-29_-3--1024x684.jpeg\\&quot;\" sizes=\"\\&quot;(max-width:\" srcset=\"\\&quot;https:\/\/www.elektro-kamleithner.hu\/wp-content\/uploads\/2024\/12\/elektro-kammleitner-11-29_-3--1024x684.jpeg\" alt=\"\\&quot;\\&quot;\" width=\"\\&quot;1024\\&quot;\" height=\"\\&quot;684\\&quot;\" \/><\/p>\n<h3>Okos vil\u00e1g\u00edt\u00e1svez\u00e9rl\u00e9s: mi\u00e9rt van r\u00e1 sz\u00fcks\u00e9ged?<\/h3>\n<p>Napjainkban az intelligens rendszerek egyre nagyobb teret nyernek az otthonokban, az irod\u00e1kban \u00e9s m\u00e1s \u00e9p\u00fclett\u00edpusokban is. A vil\u00e1g\u00edt\u00e1svez\u00e9rl\u00e9s lehet\u0151s\u00e9get ad arra, hogy\u00a0<a href=\"\\&quot;https:\/\/elektro-kamleithner.hu\/wp-content\/uploads\/2026\/01\/e-villamos-6.-jpg.jpgwp-content\/uploads\/2025\/12\/12-_DSC7322-scaled-1.jpgwp-content\/uploads\/2025\/11\/Nevtelen-terv-7.jpgemberkozpontu-vilagitas\/\\&quot;\" target=\"\\&quot;_blank\\&quot;\" rel=\"\\&quot;noopener\\&quot;\">a f\u00e9nyek mindig az aktu\u00e1lis ig\u00e9nyeidhez igazodjanak<\/a>. Az Az Elektro-Kamleithner Kft. megold\u00e1sai nemcsak praktikusak, de a leg\u00fajabb technol\u00f3gi\u00e1kat alkalmazva energiahat\u00e9konyak is, \u00edgy egyszerre szolg\u00e1lj\u00e1k a komfortot \u00e9s a fenntarthat\u00f3s\u00e1got.<\/p>\n<p><img decoding=\"async\" src=\"\\&quot;https:\/\/elektro-kamleithner.hu\/wp-content\/uploads\/2026\/01\/e-villamos-6.-jpg.jpgwp-content\/uploads\/2025\/12\/12-_DSC7322-scaled-1.jpgwp-content\/uploads\/2025\/11\/Nevtelen-terv-7.jpgwp-content\/uploads\/2024\/12\/elektro-kammleitner-11-29_-1--1024x684.jpeg\\&quot;\" sizes=\"\\&quot;(max-width:\" srcset=\"\\&quot;https:\/\/www.elektro-kamleithner.hu\/wp-content\/uploads\/2024\/12\/elektro-kammleitner-11-29_-1--1024x684.jpeg\" alt=\"\\&quot;\\&quot;\" width=\"\\&quot;1024\\&quot;\" height=\"\\&quot;684\\&quot;\" \/><\/p>\n<h3>Az intelligens vil\u00e1g\u00edt\u00e1svez\u00e9rl\u00e9s el\u0151nyei<\/h3>\n<ul>\n<li><strong>Automatiz\u00e1lt vez\u00e9rl\u00e9s:<\/strong>\u00a0Az okos rendszerek k\u00e9pesek alkalmazkodni a napszakokhoz \u00e9s az id\u0151j\u00e1r\u00e1si viszonyokhoz. Az el\u0151re be\u00e1ll\u00edtott vil\u00e1g\u00edt\u00e1si s\u00e9m\u00e1k seg\u00edtenek a mindennapi rutinok hat\u00e9konyabb\u00e1 t\u00e9tel\u00e9ben.<\/li>\n<li><strong>Egyszer\u0171 haszn\u00e1lat:<\/strong>\u00a0Egy felhaszn\u00e1l\u00f3bar\u00e1t kezel\u0151fel\u00fclet seg\u00edts\u00e9g\u00e9vel okostelefonr\u00f3l vagy tabletr\u0151l k\u00f6nnyed\u00e9n szab\u00e1lyozhatod a vil\u00e1g\u00edt\u00e1st. S\u0151t, a hangvez\u00e9rl\u00e9snek k\u00f6sz\u00f6nhet\u0151en egy szavadba ker\u00fcl, hogy megv\u00e1ltoztasd a f\u00e9nyer\u0151t vagy a sz\u00edneket.<\/li>\n<li><strong>Energiahat\u00e9konys\u00e1g:\u00a0<\/strong>A\u00a0<a href=\"\\&quot;https:\/\/elektro-kamleithner.hu\/wp-content\/uploads\/2026\/01\/e-villamos-6.-jpg.jpgwp-content\/uploads\/2025\/12\/12-_DSC7322-scaled-1.jpgwp-content\/uploads\/2025\/11\/Nevtelen-terv-7.jpgled-vezerles-kapcsolas-es-dimmeles\/\\&quot;\" target=\"\\&quot;_blank\\&quot;\" rel=\"\\&quot;noopener\\&quot;\">LED-technol\u00f3gia<\/a>\u00a0\u00e9s az intelligens vil\u00e1g\u00edt\u00e1svez\u00e9rl\u00e9s \u00f6tv\u00f6z\u00e9se lehet\u0151v\u00e9 teszi az energiafogyaszt\u00e1s jelent\u0151s cs\u00f6kkent\u00e9s\u00e9t. Az energiatakar\u00e9kos \u00fczemm\u00f3dok nemcsak fenntarthat\u00f3bb\u00e1 teszik az \u00e9letteret, de a villanysz\u00e1ml\u00e1t is cs\u00f6kkentik.<\/li>\n<li><strong>Elegancia \u00e9s diz\u00e1jn:\u00a0<\/strong>Az egyedi vil\u00e1g\u00edt\u00e1si megold\u00e1sokkal b\u00e1rmely t\u00e9r k\u00fcl\u00f6nleges hangulatot kaphat. Legyen sz\u00f3 modern minimalizmusr\u00f3l vagy klasszikus eleganci\u00e1r\u00f3l, a testre szabott f\u00e9nyrendszerek \u00faj dimenzi\u00f3kat nyitnak a bels\u0151\u00e9p\u00edt\u00e9szetben.<\/li>\n<\/ul>\n<p><img decoding=\"async\" src=\"\\&quot;https:\/\/elektro-kamleithner.hu\/wp-content\/uploads\/2026\/01\/e-villamos-6.-jpg.jpgwp-content\/uploads\/2025\/12\/12-_DSC7322-scaled-1.jpgwp-content\/uploads\/2025\/11\/Nevtelen-terv-7.jpgwp-content\/uploads\/2024\/12\/elektro-kammleitner-11-29_-2--1024x684.jpeg\\&quot;\" sizes=\"\\&quot;(max-width:\" srcset=\"\\&quot;https:\/\/www.elektro-kamleithner.hu\/wp-content\/uploads\/2024\/12\/elektro-kammleitner-11-29_-2--1024x684.jpeg\" alt=\"\\&quot;\\&quot;\" width=\"\\&quot;1024\\&quot;\" height=\"\\&quot;684\\&quot;\" \/><\/p>\n<h3>KNX-rendszerek: a j\u00f6v\u0151 technol\u00f3gi\u00e1ja m\u00e1r ma<\/h3>\n<p>Az Elektro-Kamleithner Kft. a\u00a0<a href=\"\\&quot;https:\/\/elektro-kamleithner.hu\/wp-content\/uploads\/2026\/01\/e-villamos-6.-jpg.jpgwp-content\/uploads\/2025\/12\/12-_DSC7322-scaled-1.jpgwp-content\/uploads\/2025\/11\/Nevtelen-terv-7.jpgknx-rendszer\/\\&quot;\" target=\"\\&quot;_blank\\&quot;\" rel=\"\\&quot;noopener\\&quot;\">KNX-rendszerek<\/a>\u00a0szak\u00e9rt\u0151jek\u00e9nt vil\u00e1gsz\u00ednvonal\u00fa megold\u00e1sokat k\u00edn\u00e1l az \u00e9p\u00fcletautomatiz\u00e1l\u00e1s ter\u00fclet\u00e9n. A vil\u00e1g\u00edt\u00e1svez\u00e9rl\u00e9s integr\u00e1lhat\u00f3 m\u00e1s rendszerekkel is, p\u00e9ld\u00e1ul \u00e1rny\u00e9kol\u00f3kkal, f\u0171t\u00e9ssel vagy biztons\u00e1gi megold\u00e1sokkal. Ez az \u00e1tfog\u00f3 megk\u00f6zel\u00edt\u00e9s nemcsak k\u00e9nyelmes, hanem hossz\u00fa t\u00e1von is hat\u00e9kony megold\u00e1sokat k\u00edn\u00e1l.<\/p>\n<p><img decoding=\"async\" src=\"\\&quot;https:\/\/elektro-kamleithner.hu\/wp-content\/uploads\/2026\/01\/e-villamos-6.-jpg.jpgwp-content\/uploads\/2025\/12\/12-_DSC7322-scaled-1.jpgwp-content\/uploads\/2025\/11\/Nevtelen-terv-7.jpgwp-content\/uploads\/2024\/12\/elektro-kammleitner-11-29_-4--1024x660.jpeg\\&quot;\" sizes=\"\\&quot;(max-width:\" srcset=\"\\&quot;https:\/\/www.elektro-kamleithner.hu\/wp-content\/uploads\/2024\/12\/elektro-kammleitner-11-29_-4--1024x660.jpeg\" alt=\"\\&quot;\\&quot;\" width=\"\\&quot;1024\\&quot;\" height=\"\\&quot;660\\&quot;\" \/><\/p>\n<h3>Inspir\u00e1ci\u00f3 \u00e9s szak\u00e9rtelem egy helyen<\/h3>\n<p>Az Elektro-Kamleithner Kft. sz\u00e1m\u00e1ra a vil\u00e1g\u00edt\u00e1svez\u00e9rl\u00e9s nem csup\u00e1n technol\u00f3giai k\u00e9rd\u00e9s, hanem a szem\u00e9lyre szabott \u00e9lm\u00e9nyek megteremt\u00e9s\u00e9r\u0151l sz\u00f3l. Csapatunk minden projektben az eszt\u00e9tikai ig\u00e9nyeket \u00e9s a m\u0171szaki megold\u00e1sokat \u00f6tv\u00f6zi, hogy a lehet\u0151 legjobb eredm\u00e9nyt ny\u00fajtsa. Legyen sz\u00f3 lak\u00f3\u00e9p\u00fcletekr\u0151l, \u00fczleti k\u00f6rnyezetekr\u0151l vagy k\u00fcl\u00f6nleges felhaszn\u00e1l\u00e1si ter\u00fcletekr\u0151l, szak\u00e9rt\u0151ink a legmodernebb technol\u00f3gi\u00e1t hozz\u00e1k el \u00fcgyfeleink sz\u00e1m\u00e1ra.<\/p>\n<p><em>A cikk megjelent <a href=\"\/en\/\\&quot;https:\/\/www.octogon.hu\/epitoipar\/feny-az-iranyitasunk-alatt-az-elektro-kamleithner-kft-innovativ-vilagitasvezerlesi-megoldasai-x\/\\&quot;\/\">az Octogon Architecture &amp; Design Magazin weboldal\u00e1n.<\/a><\/em><\/p>","protected":false},"excerpt":{"rendered":"<p>F\u00e9ny az ir\u00e1ny\u00edt\u00e1sunk alatt \u2013 Az Elektro-Kamleithner Kft. innovat\u00edv vil\u00e1g\u00edt\u00e1svez\u00e9rl\u00e9si megold\u00e1sai A\u00a0vil\u00e1g\u00edt\u00e1s\u00a0sokkal t\u00f6bb, mint egyszer\u0171 f\u00e9nyforr\u00e1s \u2013 a megfelel\u0151en vez\u00e9relt [&hellip;]<\/p>\n","protected":false},"author":2,"featured_media":8697,"comment_status":"closed","ping_status":"open","sticky":false,"template":"","format":"standard","meta":{"_acf_changed":false,"site-sidebar-layout":"default","site-content-layout":"default","ast-site-content-layout":"default","site-content-style":"default","site-sidebar-style":"default","ast-global-header-display":"","ast-banner-title-visibility":"","ast-main-header-display":"","ast-hfb-above-header-display":"","ast-hfb-below-header-display":"","ast-hfb-mobile-header-display":"","site-post-title":"","ast-breadcrumbs-content":"","ast-featured-img":"","footer-sml-layout":"","ast-disable-related-posts":"","theme-transparent-header-meta":"default","adv-header-id-meta":"","stick-header-meta":"default","header-above-stick-meta":"","header-main-stick-meta":"","header-below-stick-meta":"","astra-migrate-meta-layouts":"set","ast-page-background-enabled":"default","ast-page-background-meta":{"desktop":{"background-color":"var(--ast-global-color-4)","background-image":"","background-repeat":"repeat","background-position":"center center","background-size":"auto","background-attachment":"scroll","background-type":"","background-media":"","overlay-type":"","overlay-color":"","overlay-opacity":"","overlay-gradient":""},"tablet":{"background-color":"","background-image":"","background-repeat":"repeat","background-position":"center center","background-size":"auto","background-attachment":"scroll","background-type":"","background-media":"","overlay-type":"","overlay-color":"","overlay-opacity":"","overlay-gradient":""},"mobile":{"background-color":"","background-image":"","background-repeat":"repeat","background-position":"center center","background-size":"auto","background-attachment":"scroll","background-type":"","background-media":"","overlay-type":"","overlay-color":"","overlay-opacity":"","overlay-gradient":""}},"ast-content-background-meta":{"desktop":{"background-color":"var(--ast-global-color-5)","background-image":"","background-repeat":"repeat","background-position":"center center","background-size":"auto","background-attachment":"scroll","background-type":"","background-media":"","overlay-type":"","overlay-color":"","overlay-opacity":"","overlay-gradient":""},"tablet":{"background-color":"var(--ast-global-color-5)","background-image":"","background-repeat":"repeat","background-position":"center center","background-size":"auto","background-attachment":"scroll","background-type":"","background-media":"","overlay-type":"","overlay-color":"","overlay-opacity":"","overlay-gradient":""},"mobile":{"background-color":"var(--ast-global-color-5)","background-image":"","background-repeat":"repeat","background-position":"center center","background-size":"auto","background-attachment":"scroll","background-type":"","background-media":"","overlay-type":"","overlay-color":"","overlay-opacity":"","overlay-gradient":""}},"footnotes":""},"categories":[1],"tags":[],"class_list":["post-7442","post","type-post","status-publish","format-standard","has-post-thumbnail","hentry","category-blog"],"acf":[],"yoast_head":"<!-- This site is optimized with the Yoast SEO plugin v28.3 - https:\/\/yoast.com\/product\/yoast-seo-wordpress\/ -->\n<title>F\u00e9ny az ir\u00e1ny\u00edt\u00e1sunk alatt - Az Elektro-Kamleithner Kft. innovat\u00edv vil\u00e1g\u00edt\u00e1svez\u00e9rl\u00e9si megold\u00e1sai - \u00e9p\u00fcletautomatika - Elektro Kamleithner<\/title>\n<meta name=\"description\" content=\"Feladatunk a Botaniq Turai Kast\u00e9ly fel\u00faj\u00edt\u00e1s\u00e1n\u00e1l a megtervezett KNX \u00e9p\u00fcletautomatika programoz\u00e1sa \u00e9s egyedi vez\u00e9rl\u0151k gy\u00e1rt\u00e1sa volt.\" \/>\n<meta name=\"robots\" content=\"index, follow, max-snippet:-1, max-image-preview:large, max-video-preview:-1\" \/>\n<link rel=\"canonical\" href=\"https:\/\/elektro-kamleithner.hu\/en\/feny-az-iranyitasunk-alatt-az-elektro-kamleithner-kft-innovativ-vilagitasvezerlesi-megoldasai\/\" \/>\n<meta property=\"og:locale\" content=\"en_GB\" \/>\n<meta property=\"og:type\" content=\"article\" \/>\n<meta property=\"og:title\" content=\"F\u00e9ny az ir\u00e1ny\u00edt\u00e1sunk alatt - Az Elektro-Kamleithner Kft. innovat\u00edv vil\u00e1g\u00edt\u00e1svez\u00e9rl\u00e9si megold\u00e1sai - \u00e9p\u00fcletautomatika - Elektro Kamleithner\" \/>\n<meta property=\"og:description\" content=\"Feladatunk a Botaniq Turai Kast\u00e9ly fel\u00faj\u00edt\u00e1s\u00e1n\u00e1l a megtervezett KNX \u00e9p\u00fcletautomatika programoz\u00e1sa \u00e9s egyedi vez\u00e9rl\u0151k gy\u00e1rt\u00e1sa volt.\" \/>\n<meta property=\"og:url\" content=\"https:\/\/elektro-kamleithner.hu\/en\/feny-az-iranyitasunk-alatt-az-elektro-kamleithner-kft-innovativ-vilagitasvezerlesi-megoldasai\/\" \/>\n<meta property=\"og:site_name\" content=\"Elektro Kamleithner\" \/>\n<meta property=\"article:publisher\" content=\"https:\/\/www.facebook.com\/ElektroKamleithnerKft\/\" \/>\n<meta property=\"article:published_time\" content=\"2024-12-09T14:57:57+00:00\" \/>\n<meta property=\"article:modified_time\" content=\"2026-01-28T15:07:01+00:00\" \/>\n<meta property=\"og:image\" content=\"https:\/\/elektro-kamleithner.hu\/wp-content\/uploads\/2025\/01\/feny-az-iranyitasunk-alatt.jpeg\" \/>\n\t<meta property=\"og:image:width\" content=\"1498\" \/>\n\t<meta property=\"og:image:height\" content=\"965\" \/>\n\t<meta property=\"og:image:type\" content=\"image\/jpeg\" \/>\n<meta name=\"author\" content=\"Balogh Zolt\u00e1n\" \/>\n<meta name=\"twitter:card\" content=\"summary_large_image\" \/>\n<meta name=\"twitter:label1\" content=\"Written by\" \/>\n\t<meta name=\"twitter:data1\" content=\"Balogh Zolt\u00e1n\" \/>\n\t<meta name=\"twitter:label2\" content=\"Estimated reading time\" \/>\n\t<meta name=\"twitter:data2\" content=\"4 minutes\" \/>\n<script type=\"application\/ld+json\" class=\"yoast-schema-graph\">{\"@context\":\"https:\\\/\\\/schema.org\",\"@graph\":[{\"@type\":\"Article\",\"@id\":\"https:\\\/\\\/elektro-kamleithner.hu\\\/feny-az-iranyitasunk-alatt-az-elektro-kamleithner-kft-innovativ-vilagitasvezerlesi-megoldasai\\\/#article\",\"isPartOf\":{\"@id\":\"https:\\\/\\\/elektro-kamleithner.hu\\\/feny-az-iranyitasunk-alatt-az-elektro-kamleithner-kft-innovativ-vilagitasvezerlesi-megoldasai\\\/\"},\"author\":{\"name\":\"Balogh Zolt\u00e1n\",\"@id\":\"https:\\\/\\\/elektro-kamleithner.hu\\\/#\\\/schema\\\/person\\\/6bee347fe0f99bcff222317c89ff8c51\"},\"headline\":\"F\u00e9ny az ir\u00e1ny\u00edt\u00e1sunk alatt &#8211; Az Elektro-Kamleithner Kft. innovat\u00edv vil\u00e1g\u00edt\u00e1svez\u00e9rl\u00e9si megold\u00e1sai\",\"datePublished\":\"2024-12-09T14:57:57+00:00\",\"dateModified\":\"2026-01-28T15:07:01+00:00\",\"mainEntityOfPage\":{\"@id\":\"https:\\\/\\\/elektro-kamleithner.hu\\\/feny-az-iranyitasunk-alatt-az-elektro-kamleithner-kft-innovativ-vilagitasvezerlesi-megoldasai\\\/\"},\"wordCount\":604,\"publisher\":{\"@id\":\"https:\\\/\\\/elektro-kamleithner.hu\\\/#organization\"},\"image\":{\"@id\":\"https:\\\/\\\/elektro-kamleithner.hu\\\/feny-az-iranyitasunk-alatt-az-elektro-kamleithner-kft-innovativ-vilagitasvezerlesi-megoldasai\\\/#primaryimage\"},\"thumbnailUrl\":\"https:\\\/\\\/elektro-kamleithner.hu\\\/wp-content\\\/uploads\\\/2025\\\/01\\\/feny-az-iranyitasunk-alatt.jpeg\",\"articleSection\":[\"Blog\"],\"inLanguage\":\"en-GB\"},{\"@type\":\"WebPage\",\"@id\":\"https:\\\/\\\/elektro-kamleithner.hu\\\/feny-az-iranyitasunk-alatt-az-elektro-kamleithner-kft-innovativ-vilagitasvezerlesi-megoldasai\\\/\",\"url\":\"https:\\\/\\\/elektro-kamleithner.hu\\\/feny-az-iranyitasunk-alatt-az-elektro-kamleithner-kft-innovativ-vilagitasvezerlesi-megoldasai\\\/\",\"name\":\"F\u00e9ny az ir\u00e1ny\u00edt\u00e1sunk alatt - Az Elektro-Kamleithner Kft. innovat\u00edv vil\u00e1g\u00edt\u00e1svez\u00e9rl\u00e9si megold\u00e1sai - \u00e9p\u00fcletautomatika - Elektro Kamleithner\",\"isPartOf\":{\"@id\":\"https:\\\/\\\/elektro-kamleithner.hu\\\/#website\"},\"primaryImageOfPage\":{\"@id\":\"https:\\\/\\\/elektro-kamleithner.hu\\\/feny-az-iranyitasunk-alatt-az-elektro-kamleithner-kft-innovativ-vilagitasvezerlesi-megoldasai\\\/#primaryimage\"},\"image\":{\"@id\":\"https:\\\/\\\/elektro-kamleithner.hu\\\/feny-az-iranyitasunk-alatt-az-elektro-kamleithner-kft-innovativ-vilagitasvezerlesi-megoldasai\\\/#primaryimage\"},\"thumbnailUrl\":\"https:\\\/\\\/elektro-kamleithner.hu\\\/wp-content\\\/uploads\\\/2025\\\/01\\\/feny-az-iranyitasunk-alatt.jpeg\",\"datePublished\":\"2024-12-09T14:57:57+00:00\",\"dateModified\":\"2026-01-28T15:07:01+00:00\",\"description\":\"Feladatunk a Botaniq Turai Kast\u00e9ly fel\u00faj\u00edt\u00e1s\u00e1n\u00e1l a megtervezett KNX \u00e9p\u00fcletautomatika programoz\u00e1sa \u00e9s egyedi vez\u00e9rl\u0151k gy\u00e1rt\u00e1sa volt.\",\"breadcrumb\":{\"@id\":\"https:\\\/\\\/elektro-kamleithner.hu\\\/feny-az-iranyitasunk-alatt-az-elektro-kamleithner-kft-innovativ-vilagitasvezerlesi-megoldasai\\\/#breadcrumb\"},\"inLanguage\":\"en-GB\",\"potentialAction\":[{\"@type\":\"ReadAction\",\"target\":[\"https:\\\/\\\/elektro-kamleithner.hu\\\/feny-az-iranyitasunk-alatt-az-elektro-kamleithner-kft-innovativ-vilagitasvezerlesi-megoldasai\\\/\"]}]},{\"@type\":\"ImageObject\",\"inLanguage\":\"en-GB\",\"@id\":\"https:\\\/\\\/elektro-kamleithner.hu\\\/feny-az-iranyitasunk-alatt-az-elektro-kamleithner-kft-innovativ-vilagitasvezerlesi-megoldasai\\\/#primaryimage\",\"url\":\"https:\\\/\\\/elektro-kamleithner.hu\\\/wp-content\\\/uploads\\\/2025\\\/01\\\/feny-az-iranyitasunk-alatt.jpeg\",\"contentUrl\":\"https:\\\/\\\/elektro-kamleithner.hu\\\/wp-content\\\/uploads\\\/2025\\\/01\\\/feny-az-iranyitasunk-alatt.jpeg\",\"width\":1498,\"height\":965,\"caption\":\"feny az iranyitasunk alatt\"},{\"@type\":\"BreadcrumbList\",\"@id\":\"https:\\\/\\\/elektro-kamleithner.hu\\\/feny-az-iranyitasunk-alatt-az-elektro-kamleithner-kft-innovativ-vilagitasvezerlesi-megoldasai\\\/#breadcrumb\",\"itemListElement\":[{\"@type\":\"ListItem\",\"position\":1,\"name\":\"Kezd\u0151lap\",\"item\":\"https:\\\/\\\/elektro-kamleithner.hu\\\/\"},{\"@type\":\"ListItem\",\"position\":2,\"name\":\"F\u00e9ny az ir\u00e1ny\u00edt\u00e1sunk alatt &#8211; Az Elektro-Kamleithner Kft. innovat\u00edv vil\u00e1g\u00edt\u00e1svez\u00e9rl\u00e9si megold\u00e1sai\"}]},{\"@type\":\"WebSite\",\"@id\":\"https:\\\/\\\/elektro-kamleithner.hu\\\/#website\",\"url\":\"https:\\\/\\\/elektro-kamleithner.hu\\\/\",\"name\":\"Elektro Kamleithner\",\"description\":\"Elektro Kamleithner\",\"publisher\":{\"@id\":\"https:\\\/\\\/elektro-kamleithner.hu\\\/#organization\"},\"potentialAction\":[{\"@type\":\"SearchAction\",\"target\":{\"@type\":\"EntryPoint\",\"urlTemplate\":\"https:\\\/\\\/elektro-kamleithner.hu\\\/?s={search_term_string}\"},\"query-input\":{\"@type\":\"PropertyValueSpecification\",\"valueRequired\":true,\"valueName\":\"search_term_string\"}}],\"inLanguage\":\"en-GB\"},{\"@type\":\"Organization\",\"@id\":\"https:\\\/\\\/elektro-kamleithner.hu\\\/#organization\",\"name\":\"Elektro Kamleithner\",\"url\":\"https:\\\/\\\/elektro-kamleithner.hu\\\/\",\"logo\":{\"@type\":\"ImageObject\",\"inLanguage\":\"en-GB\",\"@id\":\"https:\\\/\\\/elektro-kamleithner.hu\\\/#\\\/schema\\\/logo\\\/image\\\/\",\"url\":\"https:\\\/\\\/elektro-kamleithner.hu\\\/wp-content\\\/uploads\\\/2024\\\/09\\\/elektro-white-001.svg\",\"contentUrl\":\"https:\\\/\\\/elektro-kamleithner.hu\\\/wp-content\\\/uploads\\\/2024\\\/09\\\/elektro-white-001.svg\",\"width\":382,\"height\":131,\"caption\":\"Elektro Kamleithner\"},\"image\":{\"@id\":\"https:\\\/\\\/elektro-kamleithner.hu\\\/#\\\/schema\\\/logo\\\/image\\\/\"},\"sameAs\":[\"https:\\\/\\\/www.facebook.com\\\/ElektroKamleithnerKft\\\/\",\"https:\\\/\\\/www.youtube.com\\\/channel\\\/UCdDdwY5NIU2nmN9MjvqnFqg\",\"https:\\\/\\\/www.instagram.com\\\/berker.hu\\\/\"]},{\"@type\":\"Person\",\"@id\":\"https:\\\/\\\/elektro-kamleithner.hu\\\/#\\\/schema\\\/person\\\/6bee347fe0f99bcff222317c89ff8c51\",\"name\":\"Balogh Zolt\u00e1n\",\"image\":{\"@type\":\"ImageObject\",\"inLanguage\":\"en-GB\",\"@id\":\"https:\\\/\\\/secure.gravatar.com\\\/avatar\\\/83c725ba6ed0c327cf067a335b7156b3cb23f8585104d5ab2cd7bc81e6b47877?s=96&d=mm&r=g\",\"url\":\"https:\\\/\\\/secure.gravatar.com\\\/avatar\\\/83c725ba6ed0c327cf067a335b7156b3cb23f8585104d5ab2cd7bc81e6b47877?s=96&d=mm&r=g\",\"contentUrl\":\"https:\\\/\\\/secure.gravatar.com\\\/avatar\\\/83c725ba6ed0c327cf067a335b7156b3cb23f8585104d5ab2cd7bc81e6b47877?s=96&d=mm&r=g\",\"caption\":\"Balogh Zolt\u00e1n\"},\"url\":\"https:\\\/\\\/elektro-kamleithner.hu\\\/en\\\/author\\\/admin\\\/\"}]}<\/script>\n<!-- \/ Yoast SEO plugin. -->","yoast_head_json":{"title":"F\u00e9ny az ir\u00e1ny\u00edt\u00e1sunk alatt - Az Elektro-Kamleithner Kft. innovat\u00edv vil\u00e1g\u00edt\u00e1svez\u00e9rl\u00e9si megold\u00e1sai - \u00e9p\u00fcletautomatika - Elektro Kamleithner","description":"Feladatunk a Botaniq Turai Kast\u00e9ly fel\u00faj\u00edt\u00e1s\u00e1n\u00e1l a megtervezett KNX \u00e9p\u00fcletautomatika programoz\u00e1sa \u00e9s egyedi vez\u00e9rl\u0151k gy\u00e1rt\u00e1sa volt.","robots":{"index":"index","follow":"follow","max-snippet":"max-snippet:-1","max-image-preview":"max-image-preview:large","max-video-preview":"max-video-preview:-1"},"canonical":"https:\/\/elektro-kamleithner.hu\/en\/feny-az-iranyitasunk-alatt-az-elektro-kamleithner-kft-innovativ-vilagitasvezerlesi-megoldasai\/","og_locale":"en_GB","og_type":"article","og_title":"F\u00e9ny az ir\u00e1ny\u00edt\u00e1sunk alatt - Az Elektro-Kamleithner Kft. innovat\u00edv vil\u00e1g\u00edt\u00e1svez\u00e9rl\u00e9si megold\u00e1sai - \u00e9p\u00fcletautomatika - Elektro Kamleithner","og_description":"Feladatunk a Botaniq Turai Kast\u00e9ly fel\u00faj\u00edt\u00e1s\u00e1n\u00e1l a megtervezett KNX \u00e9p\u00fcletautomatika programoz\u00e1sa \u00e9s egyedi vez\u00e9rl\u0151k gy\u00e1rt\u00e1sa volt.","og_url":"https:\/\/elektro-kamleithner.hu\/en\/feny-az-iranyitasunk-alatt-az-elektro-kamleithner-kft-innovativ-vilagitasvezerlesi-megoldasai\/","og_site_name":"Elektro Kamleithner","article_publisher":"https:\/\/www.facebook.com\/ElektroKamleithnerKft\/","article_published_time":"2024-12-09T14:57:57+00:00","article_modified_time":"2026-01-28T15:07:01+00:00","og_image":[{"width":1498,"height":965,"url":"https:\/\/elektro-kamleithner.hu\/wp-content\/uploads\/2025\/01\/feny-az-iranyitasunk-alatt.jpeg","type":"image\/jpeg"}],"author":"Balogh Zolt\u00e1n","twitter_card":"summary_large_image","twitter_misc":{"Written by":"Balogh Zolt\u00e1n","Estimated reading time":"4 minutes"},"schema":{"@context":"https:\/\/schema.org","@graph":[{"@type":"Article","@id":"https:\/\/elektro-kamleithner.hu\/feny-az-iranyitasunk-alatt-az-elektro-kamleithner-kft-innovativ-vilagitasvezerlesi-megoldasai\/#article","isPartOf":{"@id":"https:\/\/elektro-kamleithner.hu\/feny-az-iranyitasunk-alatt-az-elektro-kamleithner-kft-innovativ-vilagitasvezerlesi-megoldasai\/"},"author":{"name":"Balogh Zolt\u00e1n","@id":"https:\/\/elektro-kamleithner.hu\/#\/schema\/person\/6bee347fe0f99bcff222317c89ff8c51"},"headline":"F\u00e9ny az ir\u00e1ny\u00edt\u00e1sunk alatt &#8211; Az Elektro-Kamleithner Kft. innovat\u00edv vil\u00e1g\u00edt\u00e1svez\u00e9rl\u00e9si megold\u00e1sai","datePublished":"2024-12-09T14:57:57+00:00","dateModified":"2026-01-28T15:07:01+00:00","mainEntityOfPage":{"@id":"https:\/\/elektro-kamleithner.hu\/feny-az-iranyitasunk-alatt-az-elektro-kamleithner-kft-innovativ-vilagitasvezerlesi-megoldasai\/"},"wordCount":604,"publisher":{"@id":"https:\/\/elektro-kamleithner.hu\/#organization"},"image":{"@id":"https:\/\/elektro-kamleithner.hu\/feny-az-iranyitasunk-alatt-az-elektro-kamleithner-kft-innovativ-vilagitasvezerlesi-megoldasai\/#primaryimage"},"thumbnailUrl":"https:\/\/elektro-kamleithner.hu\/wp-content\/uploads\/2025\/01\/feny-az-iranyitasunk-alatt.jpeg","articleSection":["Blog"],"inLanguage":"en-GB"},{"@type":"WebPage","@id":"https:\/\/elektro-kamleithner.hu\/feny-az-iranyitasunk-alatt-az-elektro-kamleithner-kft-innovativ-vilagitasvezerlesi-megoldasai\/","url":"https:\/\/elektro-kamleithner.hu\/feny-az-iranyitasunk-alatt-az-elektro-kamleithner-kft-innovativ-vilagitasvezerlesi-megoldasai\/","name":"F\u00e9ny az ir\u00e1ny\u00edt\u00e1sunk alatt - Az Elektro-Kamleithner Kft. innovat\u00edv vil\u00e1g\u00edt\u00e1svez\u00e9rl\u00e9si megold\u00e1sai - \u00e9p\u00fcletautomatika - Elektro Kamleithner","isPartOf":{"@id":"https:\/\/elektro-kamleithner.hu\/#website"},"primaryImageOfPage":{"@id":"https:\/\/elektro-kamleithner.hu\/feny-az-iranyitasunk-alatt-az-elektro-kamleithner-kft-innovativ-vilagitasvezerlesi-megoldasai\/#primaryimage"},"image":{"@id":"https:\/\/elektro-kamleithner.hu\/feny-az-iranyitasunk-alatt-az-elektro-kamleithner-kft-innovativ-vilagitasvezerlesi-megoldasai\/#primaryimage"},"thumbnailUrl":"https:\/\/elektro-kamleithner.hu\/wp-content\/uploads\/2025\/01\/feny-az-iranyitasunk-alatt.jpeg","datePublished":"2024-12-09T14:57:57+00:00","dateModified":"2026-01-28T15:07:01+00:00","description":"Feladatunk a Botaniq Turai Kast\u00e9ly fel\u00faj\u00edt\u00e1s\u00e1n\u00e1l a megtervezett KNX \u00e9p\u00fcletautomatika programoz\u00e1sa \u00e9s egyedi vez\u00e9rl\u0151k gy\u00e1rt\u00e1sa volt.","breadcrumb":{"@id":"https:\/\/elektro-kamleithner.hu\/feny-az-iranyitasunk-alatt-az-elektro-kamleithner-kft-innovativ-vilagitasvezerlesi-megoldasai\/#breadcrumb"},"inLanguage":"en-GB","potentialAction":[{"@type":"ReadAction","target":["https:\/\/elektro-kamleithner.hu\/feny-az-iranyitasunk-alatt-az-elektro-kamleithner-kft-innovativ-vilagitasvezerlesi-megoldasai\/"]}]},{"@type":"ImageObject","inLanguage":"en-GB","@id":"https:\/\/elektro-kamleithner.hu\/feny-az-iranyitasunk-alatt-az-elektro-kamleithner-kft-innovativ-vilagitasvezerlesi-megoldasai\/#primaryimage","url":"https:\/\/elektro-kamleithner.hu\/wp-content\/uploads\/2025\/01\/feny-az-iranyitasunk-alatt.jpeg","contentUrl":"https:\/\/elektro-kamleithner.hu\/wp-content\/uploads\/2025\/01\/feny-az-iranyitasunk-alatt.jpeg","width":1498,"height":965,"caption":"feny az iranyitasunk alatt"},{"@type":"BreadcrumbList","@id":"https:\/\/elektro-kamleithner.hu\/feny-az-iranyitasunk-alatt-az-elektro-kamleithner-kft-innovativ-vilagitasvezerlesi-megoldasai\/#breadcrumb","itemListElement":[{"@type":"ListItem","position":1,"name":"Kezd\u0151lap","item":"https:\/\/elektro-kamleithner.hu\/"},{"@type":"ListItem","position":2,"name":"F\u00e9ny az ir\u00e1ny\u00edt\u00e1sunk alatt &#8211; Az Elektro-Kamleithner Kft. innovat\u00edv vil\u00e1g\u00edt\u00e1svez\u00e9rl\u00e9si megold\u00e1sai"}]},{"@type":"WebSite","@id":"https:\/\/elektro-kamleithner.hu\/#website","url":"https:\/\/elektro-kamleithner.hu\/","name":"Elektro Kamleithner","description":"Elektro Kamleithner","publisher":{"@id":"https:\/\/elektro-kamleithner.hu\/#organization"},"potentialAction":[{"@type":"SearchAction","target":{"@type":"EntryPoint","urlTemplate":"https:\/\/elektro-kamleithner.hu\/?s={search_term_string}"},"query-input":{"@type":"PropertyValueSpecification","valueRequired":true,"valueName":"search_term_string"}}],"inLanguage":"en-GB"},{"@type":"Organization","@id":"https:\/\/elektro-kamleithner.hu\/#organization","name":"Elektro Kamleithner","url":"https:\/\/elektro-kamleithner.hu\/","logo":{"@type":"ImageObject","inLanguage":"en-GB","@id":"https:\/\/elektro-kamleithner.hu\/#\/schema\/logo\/image\/","url":"https:\/\/elektro-kamleithner.hu\/wp-content\/uploads\/2024\/09\/elektro-white-001.svg","contentUrl":"https:\/\/elektro-kamleithner.hu\/wp-content\/uploads\/2024\/09\/elektro-white-001.svg","width":382,"height":131,"caption":"Elektro Kamleithner"},"image":{"@id":"https:\/\/elektro-kamleithner.hu\/#\/schema\/logo\/image\/"},"sameAs":["https:\/\/www.facebook.com\/ElektroKamleithnerKft\/","https:\/\/www.youtube.com\/channel\/UCdDdwY5NIU2nmN9MjvqnFqg","https:\/\/www.instagram.com\/berker.hu\/"]},{"@type":"Person","@id":"https:\/\/elektro-kamleithner.hu\/#\/schema\/person\/6bee347fe0f99bcff222317c89ff8c51","name":"Balogh Zolt\u00e1n","image":{"@type":"ImageObject","inLanguage":"en-GB","@id":"https:\/\/secure.gravatar.com\/avatar\/83c725ba6ed0c327cf067a335b7156b3cb23f8585104d5ab2cd7bc81e6b47877?s=96&d=mm&r=g","url":"https:\/\/secure.gravatar.com\/avatar\/83c725ba6ed0c327cf067a335b7156b3cb23f8585104d5ab2cd7bc81e6b47877?s=96&d=mm&r=g","contentUrl":"https:\/\/secure.gravatar.com\/avatar\/83c725ba6ed0c327cf067a335b7156b3cb23f8585104d5ab2cd7bc81e6b47877?s=96&d=mm&r=g","caption":"Balogh Zolt\u00e1n"},"url":"https:\/\/elektro-kamleithner.hu\/en\/author\/admin\/"}]}},"_links":{"self":[{"href":"https:\/\/elektro-kamleithner.hu\/en\/wp-json\/wp\/v2\/posts\/7442","targetHints":{"allow":["GET"]}}],"collection":[{"href":"https:\/\/elektro-kamleithner.hu\/en\/wp-json\/wp\/v2\/posts"}],"about":[{"href":"https:\/\/elektro-kamleithner.hu\/en\/wp-json\/wp\/v2\/types\/post"}],"author":[{"embeddable":true,"href":"https:\/\/elektro-kamleithner.hu\/en\/wp-json\/wp\/v2\/users\/2"}],"replies":[{"embeddable":true,"href":"https:\/\/elektro-kamleithner.hu\/en\/wp-json\/wp\/v2\/comments?post=7442"}],"version-history":[{"count":1,"href":"https:\/\/elektro-kamleithner.hu\/en\/wp-json\/wp\/v2\/posts\/7442\/revisions"}],"predecessor-version":[{"id":8701,"href":"https:\/\/elektro-kamleithner.hu\/en\/wp-json\/wp\/v2\/posts\/7442\/revisions\/8701"}],"wp:featuredmedia":[{"embeddable":true,"href":"https:\/\/elektro-kamleithner.hu\/en\/wp-json\/wp\/v2\/media\/8697"}],"wp:attachment":[{"href":"https:\/\/elektro-kamleithner.hu\/en\/wp-json\/wp\/v2\/media?parent=7442"}],"wp:term":[{"taxonomy":"category","embeddable":true,"href":"https:\/\/elektro-kamleithner.hu\/en\/wp-json\/wp\/v2\/categories?post=7442"},{"taxonomy":"post_tag","embeddable":true,"href":"https:\/\/elektro-kamleithner.hu\/en\/wp-json\/wp\/v2\/tags?post=7442"}],"curies":[{"name":"wp","href":"https:\/\/api.w.org\/{rel}","templated":true}]}}