{"id":7367,"date":"2024-11-26T16:33:44","date_gmt":"2024-11-26T15:33:44","guid":{"rendered":"https:\/\/evernox.hu\/fenntarthatosag-a-jovo-generacioert-csepel-onkormanyzati-ovodajanak-korszerusitese\/"},"modified":"2026-04-09T09:28:09","modified_gmt":"2026-04-09T07:28:09","slug":"fenntarthatosag-a-jovo-generacioert-csepel-onkormanyzati-ovodajanak-korszerusitese","status":"publish","type":"post","link":"https:\/\/elektro-kamleithner.hu\/en\/fenntarthatosag-a-jovo-generacioert-csepel-onkormanyzati-ovodajanak-korszerusitese\/","title":{"rendered":"Fenntarthat\u00f3s\u00e1g a j\u00f6v\u0151 gener\u00e1ci\u00f3\u00e9rt &#8211; Csepel \u00f6nkorm\u00e1nyzati \u00f3vod\u00e1j\u00e1nak korszer\u0171s\u00edt\u00e9se"},"content":{"rendered":"<h3>Fenntarthat\u00f3s\u00e1g a j\u00f6v\u0151 gener\u00e1ci\u00f3\u00e9rt &#8211; Csepel \u00f6nkorm\u00e1nyzati \u00f3vod\u00e1j\u00e1nak korszer\u0171s\u00edt\u00e9se<\/h3>\n<p>A Budapest XXI. Ker\u00fclet Csepel \u00d6nkorm\u00e1nyzata al\u00e1 tartoz\u00f3 Aprajafalva \u00d3voda energetikai korszer\u0171s\u00edt\u00e9s\u00e9t az Elektro-Kamleithner Kft. val\u00f3s\u00edtotta meg. A f\u0171t\u00e9si rendszer teljes \u00e1talak\u00edt\u00e1sa t\u00f6rt\u00e9nt meg a legmodernebb technol\u00f3gi\u00e1k bevezet\u00e9s\u00e9vel. Az \u00e9p\u00fclet k\u00fcl\u00f6nb\u00f6z\u0151 kor\u00fa sz\u00e1rnyai elt\u00e9r\u0151 h\u0151ig\u00e9nyekkel rendelkeznek, \u00edgy a projekt k\u00fcl\u00f6nleges kih\u00edv\u00e1sokat tartogatott. Az automatiz\u00e1lt, KNX alap\u00fa rendszer telep\u00edt\u00e9se lehet\u0151s\u00e9get adott a k\u00f6zponti vez\u00e9rl\u00e9sre, amely intelligensen alkalmazkodik a helyis\u00e9gek h\u0151ig\u00e9nyeihez, ezzel biztos\u00edtva az energiahat\u00e9kony \u00e9s fenntarthat\u00f3 m\u0171k\u00f6d\u00e9st.<\/p>\n<h3>Innovat\u00edv megold\u00e1sok a hat\u00e9konys\u00e1g n\u00f6vel\u00e9se \u00e9rdek\u00e9ben<\/h3>\n<p>A projekt sor\u00e1n a r\u00e9gi, elavult mechanikus radi\u00e1torszelepeket modern digit\u00e1lis termoszt\u00e1tokra cser\u00e9lt\u00fck, amelyek lehet\u0151v\u00e9 teszik a prec\u00edz h\u0151m\u00e9rs\u00e9klet-szab\u00e1lyoz\u00e1st minden helyis\u00e9gben. Az \u00fajonnan telep\u00edtett ablakszenzorok \u00e9rz\u00e9kelik az ablakok nyit\u00e1s\u00e1t, \u00e9s azonnal cs\u00f6kkentik a f\u0171t\u00e9si teljes\u00edtm\u00e9nyt, minimaliz\u00e1lva a h\u0151vesztes\u00e9get. Az id\u0151programozott termoszt\u00e1tok seg\u00edts\u00e9g\u00e9vel a f\u0171t\u00e9si ciklusok az \u00f3voda nyitvatart\u00e1si idej\u00e9hez igazodnak, elker\u00fclve a h\u00e9tv\u00e9gi \u00e9s \u00e9jszakai t\u00falf\u0171t\u00e9st. Az \u00e1tfog\u00f3 korszer\u0171s\u00edt\u00e9s sor\u00e1n, mind\u00f6ssze 3 h\u00e9t alatt 73 digit\u00e1lis thermofejet, 1000 m\u00e9ter buszk\u00e1belt \u00e9s 700 m\u00e9ter k\u00e1belcsatorn\u00e1t telep\u00edtett\u00fcnk, ami hossz\u00fa t\u00e1von biztos\u00edtja a rendszer megb\u00edzhat\u00f3s\u00e1g\u00e1t \u00e9s stabilit\u00e1s\u00e1t.<\/p>\n<p><img decoding=\"async\" src=\"\\&quot;https:\/\/elektro-kamleithner.hu\/wp-content\/uploads\/2026\/01\/e-villamos-6.-jpg.jpgwp-content\/uploads\/2025\/12\/12-_DSC7322-scaled-1.jpgwp-content\/uploads\/2025\/11\/Nevtelen-terv-7.jpgwp-content\/uploads\/2024\/11\/ElektroK_2024_Ovoda-122_retus-1024x683.jpg\\&quot;\" sizes=\"\\&quot;(max-width:\" srcset=\"\\&quot;https:\/\/www.elektro-kamleithner.hu\/wp-content\/uploads\/2024\/11\/ElektroK_2024_Ovoda-122_retus-1024x683.jpg\" alt=\"\\&quot;\\&quot;\" width=\"\\&quot;1024\\&quot;\" height=\"\\&quot;683\\&quot;\" \/><\/p>\n<h3>Eredm\u00e9nyek: Jelent\u0151s energia- \u00e9s k\u00f6lts\u00e9gmegtakar\u00edt\u00e1s<\/h3>\n<p>Az MSZ EN 52120-1 szabv\u00e1nynak megfelel\u0151 korszer\u0171 vez\u00e9rl\u00e9s bevezet\u00e9s\u00e9nek k\u00f6sz\u00f6nhet\u0151en az \u00f3voda \u00e9ves energiafogyaszt\u00e1sa k\u00f6zel 30%-kal cs\u00f6kkent, amely jelent\u0151s k\u00f6lts\u00e9gmegtakar\u00edt\u00e1st eredm\u00e9nyezett a XXI. Ker\u00fclet Csepel \u00d6nkorm\u00e1nyzata sz\u00e1m\u00e1ra. Az \u00e1tl\u00e1that\u00f3 adatgy\u0171jt\u00e9snek k\u00f6sz\u00f6nhet\u0151en a rendszer val\u00f3s id\u0151ben k\u00f6veti a fogyaszt\u00e1si adatokat, \u00edgy az \u00fczemeltet\u0151k gyorsan reag\u00e1lhatnak az esetleges rendelleness\u00e9gekre. Az automatiz\u00e1lt szab\u00e1lyoz\u00e1s nemcsak a k\u00f6lts\u00e9geket optimaliz\u00e1lja, hanem hozz\u00e1j\u00e1rul az \u00e9p\u00fclet fenntarthat\u00f3s\u00e1g\u00e1nak n\u00f6vel\u00e9s\u00e9hez is.<\/p>\n<p><img decoding=\"async\" src=\"\\&quot;https:\/\/elektro-kamleithner.hu\/wp-content\/uploads\/2026\/01\/e-villamos-6.-jpg.jpgwp-content\/uploads\/2025\/12\/12-_DSC7322-scaled-1.jpgwp-content\/uploads\/2025\/11\/Nevtelen-terv-7.jpgwp-content\/uploads\/2024\/11\/ElektroK_2024_Ovoda-132_retus-1024x683.jpg\\&quot;\" sizes=\"\\&quot;(max-width:\" srcset=\"\\&quot;https:\/\/www.elektro-kamleithner.hu\/wp-content\/uploads\/2024\/11\/ElektroK_2024_Ovoda-132_retus-1024x683.jpg\" alt=\"\\&quot;\\&quot;\" width=\"\\&quot;1024\\&quot;\" height=\"\\&quot;683\\&quot;\" \/><\/p>\n<p>Az \u00f3voda vezet\u00e9s\u00e9nek visszajelz\u00e9se alapj\u00e1n, mind a gyermekek, mind az \u00f3vodapedag\u00f3gusok komfort\u00e9rzete javult az energetikai meg\u00faj\u00edt\u00e1st k\u00f6vet\u0151en. Az ablaknyit\u00e1sok sor\u00e1n t\u00f6rt\u00e9nt energia pazarl\u00e1s &#8211; a radi\u00e1torok er\u0151teljesebben kezdtek el f\u0171teni a szell\u0151ztet\u00e9sek alatt &#8211; megsz\u0171nt, hiszen az \u00faj megold\u00e1s visszaveszi a radi\u00e1tor h\u0151m\u00e9rs\u00e9klet\u00e9t a szell\u0151ztet\u00e9s alatt. A korszer\u0171 rendszerbe az \u00e9p\u00fcletekben tal\u00e1lhat\u00f3 \u00f6sszes h\u0151lead\u00f3, azaz a radi\u00e1torok, kl\u00edm\u00e1k, padl\u00f3f\u0171t\u00e9s integr\u00e1lva vannak. A rendszer tov\u00e1bbi el\u0151nye a v\u00e1rosvezet\u00e9s sz\u00e1m\u00e1ra, hogy amennyiben t\u00f6bb \u00e9p\u00fcletben ker\u00fcl kialak\u00edt\u00e1sra, mindezek az \u00e9p\u00fcletek egy fel\u00fcleten szab\u00e1lyozhat\u00f3v\u00e1 v\u00e1lnak, ak\u00e1r a m\u0171szaki- vagy v\u00e1ros\u00fczemeltet\u00e9si oszt\u00e1lyon.<\/p>\n<p><img decoding=\"async\" src=\"\\&quot;https:\/\/elektro-kamleithner.hu\/wp-content\/uploads\/2026\/01\/e-villamos-6.-jpg.jpgwp-content\/uploads\/2025\/12\/12-_DSC7322-scaled-1.jpgwp-content\/uploads\/2025\/11\/Nevtelen-terv-7.jpgwp-content\/uploads\/2024\/11\/ElektroK_2024_Ovoda-8_retus-1024x684.jpg\\&quot;\" sizes=\"\\&quot;(max-width:\" srcset=\"\\&quot;https:\/\/www.elektro-kamleithner.hu\/wp-content\/uploads\/2024\/11\/ElektroK_2024_Ovoda-8_retus-1024x684.jpg\" alt=\"\\&quot;\\&quot;\" width=\"\\&quot;1024\\&quot;\" height=\"\\&quot;684\\&quot;\" \/><\/p>\n<h3>J\u00f6v\u0151beli fejleszt\u00e9sek \u00e9s tov\u00e1bbi b\u0151v\u00edt\u00e9si lehet\u0151s\u00e9gek<\/h3>\n<p><a href=\"\/en\/\\&quot;https:\/\/www.octogon.hu\/link\/www-elektro-kamleithner-hu-wp-content-uploads-2024-05-Esettanulmany_Energetikai-korszerusites-1-pdf\\&quot;\/\" target=\"\\&quot;_blank\\&quot;\" rel=\"\\&quot;noopener\\&quot;\">Az Aprajafalva \u00d3voda korszer\u0171s\u00edt\u00e9s\u00e9nek esettanulm\u00e1nya<\/a>\u00a0egy szeml\u00e9letes p\u00e9ld\u00e1ja annak, hogyan n\u00f6velheti a\u00a0<a href=\"\\&quot;https:\/\/elektro-kamleithner.hu\/wp-content\/uploads\/2026\/01\/e-villamos-6.-jpg.jpgwp-content\/uploads\/2025\/12\/12-_DSC7322-scaled-1.jpgwp-content\/uploads\/2025\/11\/Nevtelen-terv-7.jpgknx-rendszer\/\\&quot;\" target=\"\\&quot;_blank\\&quot;\" rel=\"\\&quot;noopener\\&quot;\">KNX alap\u00fa \u00e9p\u00fcletautomatiz\u00e1l\u00e1s<\/a>\u00a0a k\u00f6z\u00e9p\u00fcletek energiahat\u00e9konys\u00e1g\u00e1t \u00e9s fenntarthat\u00f3s\u00e1g\u00e1t. A telep\u00edtett rendszer k\u00f6nnyen b\u0151v\u00edthet\u0151, \u00edgy a j\u00f6v\u0151ben az \u00f3voda teljes f\u0171t\u00e9s-, h\u0171t\u00e9s- \u00e9s vil\u00e1g\u00edt\u00e1svez\u00e9rl\u00e9se is integr\u00e1lhat\u00f3. Az ilyen innovat\u00edv megold\u00e1sok nemcsak a m\u0171k\u00f6d\u00e9si k\u00f6lts\u00e9geket optimaliz\u00e1lj\u00e1k, hanem egyben p\u00e9ld\u00e1t is mutatnak a gyermekeknek az energiatudatos gondolkod\u00e1s ter\u00e9n. Az \u00f3voda korszer\u0171s\u00edt\u00e9se nemcsak a jelenlegi energiaig\u00e9nyeket szolg\u00e1lja ki hat\u00e9konyan, hanem hozz\u00e1j\u00e1rul a fenntarthat\u00f3 j\u00f6v\u0151 megteremt\u00e9s\u00e9hez, amelyet a k\u00f6vetkez\u0151 gener\u00e1ci\u00f3k is \u00e9lvezhetnek.<\/p>\n<p><em>Bor\u00edt\u00f3k\u00e9p: Aprajafalva \u00d3voda<\/em><\/p>\n<p><em>A cikk megjelent <a href=\"\/en\/\\&quot;https:\/\/www.octogon.hu\/epitoipar\/fenntarthatosag-a-jovo-generacioert-csepel-onkormanyzati-ovodajanak-korszerusitese-x\/\\&quot;\/\">az Octogon Architecture &amp; Design Magazin weboldal\u00e1n.<\/a><\/em><\/p>","protected":false},"excerpt":{"rendered":"<p>Fenntarthat\u00f3s\u00e1g a j\u00f6v\u0151 gener\u00e1ci\u00f3\u00e9rt &#8211; Csepel \u00f6nkorm\u00e1nyzati \u00f3vod\u00e1j\u00e1nak korszer\u0171s\u00edt\u00e9se A Budapest XXI. Ker\u00fclet Csepel \u00d6nkorm\u00e1nyzata al\u00e1 tartoz\u00f3 Aprajafalva \u00d3voda energetikai [&hellip;]<\/p>\n","protected":false},"author":2,"featured_media":9742,"comment_status":"closed","ping_status":"open","sticky":false,"template":"","format":"standard","meta":{"_acf_changed":false,"site-sidebar-layout":"default","site-content-layout":"default","ast-site-content-layout":"default","site-content-style":"default","site-sidebar-style":"default","ast-global-header-display":"","ast-banner-title-visibility":"","ast-main-header-display":"","ast-hfb-above-header-display":"","ast-hfb-below-header-display":"","ast-hfb-mobile-header-display":"","site-post-title":"","ast-breadcrumbs-content":"","ast-featured-img":"","footer-sml-layout":"","ast-disable-related-posts":"","theme-transparent-header-meta":"default","adv-header-id-meta":"","stick-header-meta":"default","header-above-stick-meta":"","header-main-stick-meta":"","header-below-stick-meta":"","astra-migrate-meta-layouts":"set","ast-page-background-enabled":"default","ast-page-background-meta":{"desktop":{"background-color":"var(--ast-global-color-4)","background-image":"","background-repeat":"repeat","background-position":"center center","background-size":"auto","background-attachment":"scroll","background-type":"","background-media":"","overlay-type":"","overlay-color":"","overlay-opacity":"","overlay-gradient":""},"tablet":{"background-color":"","background-image":"","background-repeat":"repeat","background-position":"center center","background-size":"auto","background-attachment":"scroll","background-type":"","background-media":"","overlay-type":"","overlay-color":"","overlay-opacity":"","overlay-gradient":""},"mobile":{"background-color":"","background-image":"","background-repeat":"repeat","background-position":"center center","background-size":"auto","background-attachment":"scroll","background-type":"","background-media":"","overlay-type":"","overlay-color":"","overlay-opacity":"","overlay-gradient":""}},"ast-content-background-meta":{"desktop":{"background-color":"var(--ast-global-color-5)","background-image":"","background-repeat":"repeat","background-position":"center center","background-size":"auto","background-attachment":"scroll","background-type":"","background-media":"","overlay-type":"","overlay-color":"","overlay-opacity":"","overlay-gradient":""},"tablet":{"background-color":"var(--ast-global-color-5)","background-image":"","background-repeat":"repeat","background-position":"center center","background-size":"auto","background-attachment":"scroll","background-type":"","background-media":"","overlay-type":"","overlay-color":"","overlay-opacity":"","overlay-gradient":""},"mobile":{"background-color":"var(--ast-global-color-5)","background-image":"","background-repeat":"repeat","background-position":"center center","background-size":"auto","background-attachment":"scroll","background-type":"","background-media":"","overlay-type":"","overlay-color":"","overlay-opacity":"","overlay-gradient":""}},"footnotes":""},"categories":[1],"tags":[],"class_list":["post-7367","post","type-post","status-publish","format-standard","has-post-thumbnail","hentry","category-blog"],"acf":[],"yoast_head":"<!-- This site is optimized with the Yoast SEO plugin v28.3 - https:\/\/yoast.com\/product\/yoast-seo-wordpress\/ -->\n<title>Fenntarthat\u00f3s\u00e1g a j\u00f6v\u0151 gener\u00e1ci\u00f3\u00e9rt - Csepel \u00f6nkorm\u00e1nyzati \u00f3vod\u00e1j\u00e1nak korszer\u0171s\u00edt\u00e9se - \u00e9p\u00fcletautomatika - Elektro Kamleithner<\/title>\n<meta name=\"description\" content=\"Feladatunk a Botaniq Turai Kast\u00e9ly fel\u00faj\u00edt\u00e1s\u00e1n\u00e1l a megtervezett KNX \u00e9p\u00fcletautomatika programoz\u00e1sa \u00e9s egyedi vez\u00e9rl\u0151k gy\u00e1rt\u00e1sa volt.\" \/>\n<meta name=\"robots\" content=\"index, follow, max-snippet:-1, max-image-preview:large, max-video-preview:-1\" \/>\n<link rel=\"canonical\" href=\"https:\/\/elektro-kamleithner.hu\/en\/fenntarthatosag-a-jovo-generacioert-csepel-onkormanyzati-ovodajanak-korszerusitese\/\" \/>\n<meta property=\"og:locale\" content=\"en_GB\" \/>\n<meta property=\"og:type\" content=\"article\" \/>\n<meta property=\"og:title\" content=\"Fenntarthat\u00f3s\u00e1g a j\u00f6v\u0151 gener\u00e1ci\u00f3\u00e9rt - Csepel \u00f6nkorm\u00e1nyzati \u00f3vod\u00e1j\u00e1nak korszer\u0171s\u00edt\u00e9se - \u00e9p\u00fcletautomatika - Elektro Kamleithner\" \/>\n<meta property=\"og:description\" content=\"Feladatunk a Botaniq Turai Kast\u00e9ly fel\u00faj\u00edt\u00e1s\u00e1n\u00e1l a megtervezett KNX \u00e9p\u00fcletautomatika programoz\u00e1sa \u00e9s egyedi vez\u00e9rl\u0151k gy\u00e1rt\u00e1sa volt.\" \/>\n<meta property=\"og:url\" content=\"https:\/\/elektro-kamleithner.hu\/en\/fenntarthatosag-a-jovo-generacioert-csepel-onkormanyzati-ovodajanak-korszerusitese\/\" \/>\n<meta property=\"og:site_name\" content=\"Elektro Kamleithner\" \/>\n<meta property=\"article:publisher\" content=\"https:\/\/www.facebook.com\/ElektroKamleithnerKft\/\" \/>\n<meta property=\"article:published_time\" content=\"2024-11-26T15:33:44+00:00\" \/>\n<meta property=\"article:modified_time\" content=\"2026-04-09T07:28:09+00:00\" \/>\n<meta property=\"og:image\" content=\"https:\/\/elektro-kamleithner.hu\/wp-content\/uploads\/2024\/11\/aprajafalva-1200-x-628.jpg\" \/>\n\t<meta property=\"og:image:width\" content=\"1200\" \/>\n\t<meta property=\"og:image:height\" content=\"628\" \/>\n\t<meta property=\"og:image:type\" content=\"image\/jpeg\" \/>\n<meta name=\"author\" content=\"Balogh Zolt\u00e1n\" \/>\n<meta name=\"twitter:card\" content=\"summary_large_image\" \/>\n<meta name=\"twitter:label1\" content=\"Written by\" \/>\n\t<meta name=\"twitter:data1\" content=\"Balogh Zolt\u00e1n\" \/>\n\t<meta name=\"twitter:label2\" content=\"Estimated reading time\" \/>\n\t<meta name=\"twitter:data2\" content=\"3 minutes\" \/>\n<script type=\"application\/ld+json\" class=\"yoast-schema-graph\">{\"@context\":\"https:\\\/\\\/schema.org\",\"@graph\":[{\"@type\":\"Article\",\"@id\":\"https:\\\/\\\/elektro-kamleithner.hu\\\/fenntarthatosag-a-jovo-generacioert-csepel-onkormanyzati-ovodajanak-korszerusitese\\\/#article\",\"isPartOf\":{\"@id\":\"https:\\\/\\\/elektro-kamleithner.hu\\\/fenntarthatosag-a-jovo-generacioert-csepel-onkormanyzati-ovodajanak-korszerusitese\\\/\"},\"author\":{\"name\":\"Balogh Zolt\u00e1n\",\"@id\":\"https:\\\/\\\/elektro-kamleithner.hu\\\/#\\\/schema\\\/person\\\/6bee347fe0f99bcff222317c89ff8c51\"},\"headline\":\"Fenntarthat\u00f3s\u00e1g a j\u00f6v\u0151 gener\u00e1ci\u00f3\u00e9rt &#8211; Csepel \u00f6nkorm\u00e1nyzati \u00f3vod\u00e1j\u00e1nak korszer\u0171s\u00edt\u00e9se\",\"datePublished\":\"2024-11-26T15:33:44+00:00\",\"dateModified\":\"2026-04-09T07:28:09+00:00\",\"mainEntityOfPage\":{\"@id\":\"https:\\\/\\\/elektro-kamleithner.hu\\\/fenntarthatosag-a-jovo-generacioert-csepel-onkormanyzati-ovodajanak-korszerusitese\\\/\"},\"wordCount\":753,\"publisher\":{\"@id\":\"https:\\\/\\\/elektro-kamleithner.hu\\\/#organization\"},\"image\":{\"@id\":\"https:\\\/\\\/elektro-kamleithner.hu\\\/fenntarthatosag-a-jovo-generacioert-csepel-onkormanyzati-ovodajanak-korszerusitese\\\/#primaryimage\"},\"thumbnailUrl\":\"https:\\\/\\\/elektro-kamleithner.hu\\\/wp-content\\\/uploads\\\/2024\\\/11\\\/aprajafalva-1200-x-628.jpg\",\"articleSection\":[\"Blog\"],\"inLanguage\":\"en-GB\"},{\"@type\":\"WebPage\",\"@id\":\"https:\\\/\\\/elektro-kamleithner.hu\\\/fenntarthatosag-a-jovo-generacioert-csepel-onkormanyzati-ovodajanak-korszerusitese\\\/\",\"url\":\"https:\\\/\\\/elektro-kamleithner.hu\\\/fenntarthatosag-a-jovo-generacioert-csepel-onkormanyzati-ovodajanak-korszerusitese\\\/\",\"name\":\"Fenntarthat\u00f3s\u00e1g a j\u00f6v\u0151 gener\u00e1ci\u00f3\u00e9rt - Csepel \u00f6nkorm\u00e1nyzati \u00f3vod\u00e1j\u00e1nak korszer\u0171s\u00edt\u00e9se - \u00e9p\u00fcletautomatika - Elektro Kamleithner\",\"isPartOf\":{\"@id\":\"https:\\\/\\\/elektro-kamleithner.hu\\\/#website\"},\"primaryImageOfPage\":{\"@id\":\"https:\\\/\\\/elektro-kamleithner.hu\\\/fenntarthatosag-a-jovo-generacioert-csepel-onkormanyzati-ovodajanak-korszerusitese\\\/#primaryimage\"},\"image\":{\"@id\":\"https:\\\/\\\/elektro-kamleithner.hu\\\/fenntarthatosag-a-jovo-generacioert-csepel-onkormanyzati-ovodajanak-korszerusitese\\\/#primaryimage\"},\"thumbnailUrl\":\"https:\\\/\\\/elektro-kamleithner.hu\\\/wp-content\\\/uploads\\\/2024\\\/11\\\/aprajafalva-1200-x-628.jpg\",\"datePublished\":\"2024-11-26T15:33:44+00:00\",\"dateModified\":\"2026-04-09T07:28:09+00:00\",\"description\":\"Feladatunk a Botaniq Turai Kast\u00e9ly fel\u00faj\u00edt\u00e1s\u00e1n\u00e1l a megtervezett KNX \u00e9p\u00fcletautomatika programoz\u00e1sa \u00e9s egyedi vez\u00e9rl\u0151k gy\u00e1rt\u00e1sa volt.\",\"breadcrumb\":{\"@id\":\"https:\\\/\\\/elektro-kamleithner.hu\\\/fenntarthatosag-a-jovo-generacioert-csepel-onkormanyzati-ovodajanak-korszerusitese\\\/#breadcrumb\"},\"inLanguage\":\"en-GB\",\"potentialAction\":[{\"@type\":\"ReadAction\",\"target\":[\"https:\\\/\\\/elektro-kamleithner.hu\\\/fenntarthatosag-a-jovo-generacioert-csepel-onkormanyzati-ovodajanak-korszerusitese\\\/\"]}]},{\"@type\":\"ImageObject\",\"inLanguage\":\"en-GB\",\"@id\":\"https:\\\/\\\/elektro-kamleithner.hu\\\/fenntarthatosag-a-jovo-generacioert-csepel-onkormanyzati-ovodajanak-korszerusitese\\\/#primaryimage\",\"url\":\"https:\\\/\\\/elektro-kamleithner.hu\\\/wp-content\\\/uploads\\\/2024\\\/11\\\/aprajafalva-1200-x-628.jpg\",\"contentUrl\":\"https:\\\/\\\/elektro-kamleithner.hu\\\/wp-content\\\/uploads\\\/2024\\\/11\\\/aprajafalva-1200-x-628.jpg\",\"width\":1200,\"height\":628,\"caption\":\"aprajafalva 1200 x 628\"},{\"@type\":\"BreadcrumbList\",\"@id\":\"https:\\\/\\\/elektro-kamleithner.hu\\\/fenntarthatosag-a-jovo-generacioert-csepel-onkormanyzati-ovodajanak-korszerusitese\\\/#breadcrumb\",\"itemListElement\":[{\"@type\":\"ListItem\",\"position\":1,\"name\":\"Kezd\u0151lap\",\"item\":\"https:\\\/\\\/elektro-kamleithner.hu\\\/\"},{\"@type\":\"ListItem\",\"position\":2,\"name\":\"Fenntarthat\u00f3s\u00e1g a j\u00f6v\u0151 gener\u00e1ci\u00f3\u00e9rt &#8211; Csepel \u00f6nkorm\u00e1nyzati \u00f3vod\u00e1j\u00e1nak korszer\u0171s\u00edt\u00e9se\"}]},{\"@type\":\"WebSite\",\"@id\":\"https:\\\/\\\/elektro-kamleithner.hu\\\/#website\",\"url\":\"https:\\\/\\\/elektro-kamleithner.hu\\\/\",\"name\":\"Elektro Kamleithner\",\"description\":\"Elektro Kamleithner\",\"publisher\":{\"@id\":\"https:\\\/\\\/elektro-kamleithner.hu\\\/#organization\"},\"potentialAction\":[{\"@type\":\"SearchAction\",\"target\":{\"@type\":\"EntryPoint\",\"urlTemplate\":\"https:\\\/\\\/elektro-kamleithner.hu\\\/?s={search_term_string}\"},\"query-input\":{\"@type\":\"PropertyValueSpecification\",\"valueRequired\":true,\"valueName\":\"search_term_string\"}}],\"inLanguage\":\"en-GB\"},{\"@type\":\"Organization\",\"@id\":\"https:\\\/\\\/elektro-kamleithner.hu\\\/#organization\",\"name\":\"Elektro Kamleithner\",\"url\":\"https:\\\/\\\/elektro-kamleithner.hu\\\/\",\"logo\":{\"@type\":\"ImageObject\",\"inLanguage\":\"en-GB\",\"@id\":\"https:\\\/\\\/elektro-kamleithner.hu\\\/#\\\/schema\\\/logo\\\/image\\\/\",\"url\":\"https:\\\/\\\/elektro-kamleithner.hu\\\/wp-content\\\/uploads\\\/2024\\\/09\\\/elektro-white-001.svg\",\"contentUrl\":\"https:\\\/\\\/elektro-kamleithner.hu\\\/wp-content\\\/uploads\\\/2024\\\/09\\\/elektro-white-001.svg\",\"width\":382,\"height\":131,\"caption\":\"Elektro Kamleithner\"},\"image\":{\"@id\":\"https:\\\/\\\/elektro-kamleithner.hu\\\/#\\\/schema\\\/logo\\\/image\\\/\"},\"sameAs\":[\"https:\\\/\\\/www.facebook.com\\\/ElektroKamleithnerKft\\\/\",\"https:\\\/\\\/www.youtube.com\\\/channel\\\/UCdDdwY5NIU2nmN9MjvqnFqg\",\"https:\\\/\\\/www.instagram.com\\\/berker.hu\\\/\"]},{\"@type\":\"Person\",\"@id\":\"https:\\\/\\\/elektro-kamleithner.hu\\\/#\\\/schema\\\/person\\\/6bee347fe0f99bcff222317c89ff8c51\",\"name\":\"Balogh Zolt\u00e1n\",\"image\":{\"@type\":\"ImageObject\",\"inLanguage\":\"en-GB\",\"@id\":\"https:\\\/\\\/secure.gravatar.com\\\/avatar\\\/83c725ba6ed0c327cf067a335b7156b3cb23f8585104d5ab2cd7bc81e6b47877?s=96&d=mm&r=g\",\"url\":\"https:\\\/\\\/secure.gravatar.com\\\/avatar\\\/83c725ba6ed0c327cf067a335b7156b3cb23f8585104d5ab2cd7bc81e6b47877?s=96&d=mm&r=g\",\"contentUrl\":\"https:\\\/\\\/secure.gravatar.com\\\/avatar\\\/83c725ba6ed0c327cf067a335b7156b3cb23f8585104d5ab2cd7bc81e6b47877?s=96&d=mm&r=g\",\"caption\":\"Balogh Zolt\u00e1n\"},\"url\":\"https:\\\/\\\/elektro-kamleithner.hu\\\/en\\\/author\\\/admin\\\/\"}]}<\/script>\n<!-- \/ Yoast SEO plugin. -->","yoast_head_json":{"title":"Fenntarthat\u00f3s\u00e1g a j\u00f6v\u0151 gener\u00e1ci\u00f3\u00e9rt - Csepel \u00f6nkorm\u00e1nyzati \u00f3vod\u00e1j\u00e1nak korszer\u0171s\u00edt\u00e9se - \u00e9p\u00fcletautomatika - Elektro Kamleithner","description":"Feladatunk a Botaniq Turai Kast\u00e9ly fel\u00faj\u00edt\u00e1s\u00e1n\u00e1l a megtervezett KNX \u00e9p\u00fcletautomatika programoz\u00e1sa \u00e9s egyedi vez\u00e9rl\u0151k gy\u00e1rt\u00e1sa volt.","robots":{"index":"index","follow":"follow","max-snippet":"max-snippet:-1","max-image-preview":"max-image-preview:large","max-video-preview":"max-video-preview:-1"},"canonical":"https:\/\/elektro-kamleithner.hu\/en\/fenntarthatosag-a-jovo-generacioert-csepel-onkormanyzati-ovodajanak-korszerusitese\/","og_locale":"en_GB","og_type":"article","og_title":"Fenntarthat\u00f3s\u00e1g a j\u00f6v\u0151 gener\u00e1ci\u00f3\u00e9rt - Csepel \u00f6nkorm\u00e1nyzati \u00f3vod\u00e1j\u00e1nak korszer\u0171s\u00edt\u00e9se - \u00e9p\u00fcletautomatika - Elektro Kamleithner","og_description":"Feladatunk a Botaniq Turai Kast\u00e9ly fel\u00faj\u00edt\u00e1s\u00e1n\u00e1l a megtervezett KNX \u00e9p\u00fcletautomatika programoz\u00e1sa \u00e9s egyedi vez\u00e9rl\u0151k gy\u00e1rt\u00e1sa volt.","og_url":"https:\/\/elektro-kamleithner.hu\/en\/fenntarthatosag-a-jovo-generacioert-csepel-onkormanyzati-ovodajanak-korszerusitese\/","og_site_name":"Elektro Kamleithner","article_publisher":"https:\/\/www.facebook.com\/ElektroKamleithnerKft\/","article_published_time":"2024-11-26T15:33:44+00:00","article_modified_time":"2026-04-09T07:28:09+00:00","og_image":[{"width":1200,"height":628,"url":"https:\/\/elektro-kamleithner.hu\/wp-content\/uploads\/2024\/11\/aprajafalva-1200-x-628.jpg","type":"image\/jpeg"}],"author":"Balogh Zolt\u00e1n","twitter_card":"summary_large_image","twitter_misc":{"Written by":"Balogh Zolt\u00e1n","Estimated reading time":"3 minutes"},"schema":{"@context":"https:\/\/schema.org","@graph":[{"@type":"Article","@id":"https:\/\/elektro-kamleithner.hu\/fenntarthatosag-a-jovo-generacioert-csepel-onkormanyzati-ovodajanak-korszerusitese\/#article","isPartOf":{"@id":"https:\/\/elektro-kamleithner.hu\/fenntarthatosag-a-jovo-generacioert-csepel-onkormanyzati-ovodajanak-korszerusitese\/"},"author":{"name":"Balogh Zolt\u00e1n","@id":"https:\/\/elektro-kamleithner.hu\/#\/schema\/person\/6bee347fe0f99bcff222317c89ff8c51"},"headline":"Fenntarthat\u00f3s\u00e1g a j\u00f6v\u0151 gener\u00e1ci\u00f3\u00e9rt &#8211; Csepel \u00f6nkorm\u00e1nyzati \u00f3vod\u00e1j\u00e1nak korszer\u0171s\u00edt\u00e9se","datePublished":"2024-11-26T15:33:44+00:00","dateModified":"2026-04-09T07:28:09+00:00","mainEntityOfPage":{"@id":"https:\/\/elektro-kamleithner.hu\/fenntarthatosag-a-jovo-generacioert-csepel-onkormanyzati-ovodajanak-korszerusitese\/"},"wordCount":753,"publisher":{"@id":"https:\/\/elektro-kamleithner.hu\/#organization"},"image":{"@id":"https:\/\/elektro-kamleithner.hu\/fenntarthatosag-a-jovo-generacioert-csepel-onkormanyzati-ovodajanak-korszerusitese\/#primaryimage"},"thumbnailUrl":"https:\/\/elektro-kamleithner.hu\/wp-content\/uploads\/2024\/11\/aprajafalva-1200-x-628.jpg","articleSection":["Blog"],"inLanguage":"en-GB"},{"@type":"WebPage","@id":"https:\/\/elektro-kamleithner.hu\/fenntarthatosag-a-jovo-generacioert-csepel-onkormanyzati-ovodajanak-korszerusitese\/","url":"https:\/\/elektro-kamleithner.hu\/fenntarthatosag-a-jovo-generacioert-csepel-onkormanyzati-ovodajanak-korszerusitese\/","name":"Fenntarthat\u00f3s\u00e1g a j\u00f6v\u0151 gener\u00e1ci\u00f3\u00e9rt - Csepel \u00f6nkorm\u00e1nyzati \u00f3vod\u00e1j\u00e1nak korszer\u0171s\u00edt\u00e9se - \u00e9p\u00fcletautomatika - Elektro Kamleithner","isPartOf":{"@id":"https:\/\/elektro-kamleithner.hu\/#website"},"primaryImageOfPage":{"@id":"https:\/\/elektro-kamleithner.hu\/fenntarthatosag-a-jovo-generacioert-csepel-onkormanyzati-ovodajanak-korszerusitese\/#primaryimage"},"image":{"@id":"https:\/\/elektro-kamleithner.hu\/fenntarthatosag-a-jovo-generacioert-csepel-onkormanyzati-ovodajanak-korszerusitese\/#primaryimage"},"thumbnailUrl":"https:\/\/elektro-kamleithner.hu\/wp-content\/uploads\/2024\/11\/aprajafalva-1200-x-628.jpg","datePublished":"2024-11-26T15:33:44+00:00","dateModified":"2026-04-09T07:28:09+00:00","description":"Feladatunk a Botaniq Turai Kast\u00e9ly fel\u00faj\u00edt\u00e1s\u00e1n\u00e1l a megtervezett KNX \u00e9p\u00fcletautomatika programoz\u00e1sa \u00e9s egyedi vez\u00e9rl\u0151k gy\u00e1rt\u00e1sa volt.","breadcrumb":{"@id":"https:\/\/elektro-kamleithner.hu\/fenntarthatosag-a-jovo-generacioert-csepel-onkormanyzati-ovodajanak-korszerusitese\/#breadcrumb"},"inLanguage":"en-GB","potentialAction":[{"@type":"ReadAction","target":["https:\/\/elektro-kamleithner.hu\/fenntarthatosag-a-jovo-generacioert-csepel-onkormanyzati-ovodajanak-korszerusitese\/"]}]},{"@type":"ImageObject","inLanguage":"en-GB","@id":"https:\/\/elektro-kamleithner.hu\/fenntarthatosag-a-jovo-generacioert-csepel-onkormanyzati-ovodajanak-korszerusitese\/#primaryimage","url":"https:\/\/elektro-kamleithner.hu\/wp-content\/uploads\/2024\/11\/aprajafalva-1200-x-628.jpg","contentUrl":"https:\/\/elektro-kamleithner.hu\/wp-content\/uploads\/2024\/11\/aprajafalva-1200-x-628.jpg","width":1200,"height":628,"caption":"aprajafalva 1200 x 628"},{"@type":"BreadcrumbList","@id":"https:\/\/elektro-kamleithner.hu\/fenntarthatosag-a-jovo-generacioert-csepel-onkormanyzati-ovodajanak-korszerusitese\/#breadcrumb","itemListElement":[{"@type":"ListItem","position":1,"name":"Kezd\u0151lap","item":"https:\/\/elektro-kamleithner.hu\/"},{"@type":"ListItem","position":2,"name":"Fenntarthat\u00f3s\u00e1g a j\u00f6v\u0151 gener\u00e1ci\u00f3\u00e9rt &#8211; Csepel \u00f6nkorm\u00e1nyzati \u00f3vod\u00e1j\u00e1nak korszer\u0171s\u00edt\u00e9se"}]},{"@type":"WebSite","@id":"https:\/\/elektro-kamleithner.hu\/#website","url":"https:\/\/elektro-kamleithner.hu\/","name":"Elektro Kamleithner","description":"Elektro Kamleithner","publisher":{"@id":"https:\/\/elektro-kamleithner.hu\/#organization"},"potentialAction":[{"@type":"SearchAction","target":{"@type":"EntryPoint","urlTemplate":"https:\/\/elektro-kamleithner.hu\/?s={search_term_string}"},"query-input":{"@type":"PropertyValueSpecification","valueRequired":true,"valueName":"search_term_string"}}],"inLanguage":"en-GB"},{"@type":"Organization","@id":"https:\/\/elektro-kamleithner.hu\/#organization","name":"Elektro Kamleithner","url":"https:\/\/elektro-kamleithner.hu\/","logo":{"@type":"ImageObject","inLanguage":"en-GB","@id":"https:\/\/elektro-kamleithner.hu\/#\/schema\/logo\/image\/","url":"https:\/\/elektro-kamleithner.hu\/wp-content\/uploads\/2024\/09\/elektro-white-001.svg","contentUrl":"https:\/\/elektro-kamleithner.hu\/wp-content\/uploads\/2024\/09\/elektro-white-001.svg","width":382,"height":131,"caption":"Elektro Kamleithner"},"image":{"@id":"https:\/\/elektro-kamleithner.hu\/#\/schema\/logo\/image\/"},"sameAs":["https:\/\/www.facebook.com\/ElektroKamleithnerKft\/","https:\/\/www.youtube.com\/channel\/UCdDdwY5NIU2nmN9MjvqnFqg","https:\/\/www.instagram.com\/berker.hu\/"]},{"@type":"Person","@id":"https:\/\/elektro-kamleithner.hu\/#\/schema\/person\/6bee347fe0f99bcff222317c89ff8c51","name":"Balogh Zolt\u00e1n","image":{"@type":"ImageObject","inLanguage":"en-GB","@id":"https:\/\/secure.gravatar.com\/avatar\/83c725ba6ed0c327cf067a335b7156b3cb23f8585104d5ab2cd7bc81e6b47877?s=96&d=mm&r=g","url":"https:\/\/secure.gravatar.com\/avatar\/83c725ba6ed0c327cf067a335b7156b3cb23f8585104d5ab2cd7bc81e6b47877?s=96&d=mm&r=g","contentUrl":"https:\/\/secure.gravatar.com\/avatar\/83c725ba6ed0c327cf067a335b7156b3cb23f8585104d5ab2cd7bc81e6b47877?s=96&d=mm&r=g","caption":"Balogh Zolt\u00e1n"},"url":"https:\/\/elektro-kamleithner.hu\/en\/author\/admin\/"}]}},"_links":{"self":[{"href":"https:\/\/elektro-kamleithner.hu\/en\/wp-json\/wp\/v2\/posts\/7367","targetHints":{"allow":["GET"]}}],"collection":[{"href":"https:\/\/elektro-kamleithner.hu\/en\/wp-json\/wp\/v2\/posts"}],"about":[{"href":"https:\/\/elektro-kamleithner.hu\/en\/wp-json\/wp\/v2\/types\/post"}],"author":[{"embeddable":true,"href":"https:\/\/elektro-kamleithner.hu\/en\/wp-json\/wp\/v2\/users\/2"}],"replies":[{"embeddable":true,"href":"https:\/\/elektro-kamleithner.hu\/en\/wp-json\/wp\/v2\/comments?post=7367"}],"version-history":[{"count":1,"href":"https:\/\/elektro-kamleithner.hu\/en\/wp-json\/wp\/v2\/posts\/7367\/revisions"}],"predecessor-version":[{"id":8702,"href":"https:\/\/elektro-kamleithner.hu\/en\/wp-json\/wp\/v2\/posts\/7367\/revisions\/8702"}],"wp:featuredmedia":[{"embeddable":true,"href":"https:\/\/elektro-kamleithner.hu\/en\/wp-json\/wp\/v2\/media\/9742"}],"wp:attachment":[{"href":"https:\/\/elektro-kamleithner.hu\/en\/wp-json\/wp\/v2\/media?parent=7367"}],"wp:term":[{"taxonomy":"category","embeddable":true,"href":"https:\/\/elektro-kamleithner.hu\/en\/wp-json\/wp\/v2\/categories?post=7367"},{"taxonomy":"post_tag","embeddable":true,"href":"https:\/\/elektro-kamleithner.hu\/en\/wp-json\/wp\/v2\/tags?post=7367"}],"curies":[{"name":"wp","href":"https:\/\/api.w.org\/{rel}","templated":true}]}}