{"id":7151,"date":"2024-10-24T09:01:40","date_gmt":"2024-10-24T08:01:40","guid":{"rendered":"https:\/\/evernox.hu\/hogyan-allitsuk-mas-dimenzioba-az-okos-epuletek-uzemelteteset-epuletautomatizalas-mesterfokon-2\/"},"modified":"2026-01-28T16:11:05","modified_gmt":"2026-01-28T15:11:05","slug":"hogyan-allitsuk-mas-dimenzioba-az-okos-epuletek-uzemelteteset-epuletautomatizalas-mesterfokon-2","status":"publish","type":"post","link":"https:\/\/elektro-kamleithner.hu\/en\/hogyan-allitsuk-mas-dimenzioba-az-okos-epuletek-uzemelteteset-epuletautomatizalas-mesterfokon-2\/","title":{"rendered":"Hogyan \u00e1ll\u00edtsuk m\u00e1s dimenzi\u00f3ba az okos \u00e9p\u00fcletek \u00fczemeltet\u00e9s\u00e9t? \u00c9p\u00fcletautomatiz\u00e1l\u00e1s mesterfokon!"},"content":{"rendered":"<h3>Hogyan \u00e1ll\u00edtsuk m\u00e1s dimenzi\u00f3ba az okos \u00e9p\u00fcletek \u00fczemeltet\u00e9s\u00e9t? \u00c9p\u00fcletautomatiz\u00e1l\u00e1s mesterfokon!<\/h3>\n<p><strong>A 2000-ben megalakult Elektro-Kamleithner Kft. a kezdetekt\u0151l fogva az \u00e9p\u00fcletautomatiz\u00e1l\u00e1sra specializ\u00e1l\u00f3dott, els\u0151sorban a KNX rendszerrel foglalkozik hat\u00e9konyan \u00e9s eredm\u00e9nyesen. Ma m\u00e1r nem az a k\u00e9rd\u00e9s, hogy sz\u00fcks\u00e9ges-e az automatika, hanem az, hogy milyen \u00e9s mennyire kifinomult rendszer seg\u00edt az energiafelhaszn\u00e1l\u00e1s cs\u00f6kkent\u00e9s\u00e9ben megfelelve a j\u00f6v\u0151beni szab\u00e1lyoz\u00e1soknak.<\/strong>\u00a0<strong>Balogh Zolt\u00e1nnal, az Elektro-Kamleithner Kft. \u00fcgyvezet\u0151 igazgat\u00f3j\u00e1val besz\u00e9lgett\u00fcnk a KNX szabv\u00e1ny kialakul\u00e1s\u00e1r\u00f3l \u00e9s a fenntarthat\u00f3 \u00e9p\u00fclet\u00fczemeltet\u00e9s rejtelmeir\u0151l.<\/strong><\/p>\n<h3>\u2013 Kezdj\u00fck azzal, hogy mit is jelent val\u00f3j\u00e1ban az \u00e9p\u00fcletautomatiz\u00e1l\u00e1s, hiszen a digitaliz\u00e1ci\u00f3 fejl\u0151d\u00e9s\u00e9vel egy\u00fctt az ingatlanok lassan m\u00e1r \u00f6n\u00e1ll\u00f3 \u00e9letre kelnek?<\/h3>\n<p>\u2013 Az \u00e9p\u00fcletautomatiz\u00e1l\u00e1s fogalma r\u00e9gi, de az elm\u00falt 28 \u00e9vben t\u00f6bbf\u00e9le n\u00e9ven illett\u00e9k. Eleinte \u00e9p\u00fcletfel\u00fcgyeleti rendszernek h\u00edvt\u00e1k, k\u00e9s\u0151bb intelligens \u00e9p\u00fcletnek nevezt\u00e9k, ma m\u00e1r ink\u00e1bb a smart building, azaz az okos\u00e9p\u00fclet kifejez\u00e9s terjedt el. Az angol terminol\u00f3gi\u00e1ban a smart building helyt\u00e1ll\u00f3, de Magyarorsz\u00e1gon az okos\u00e9p\u00fclet nem mindig egy\u00e9rtelm\u0171 fogalom. Az \u00e9p\u00fcletautomatiz\u00e1l\u00e1si vagy smart building megold\u00e1sok az \u00e9p\u00fclet teljes \u00fczemeltet\u00e9s\u00e9t jelentik, vagyis ide tartozik az alapg\u00e9p\u00e9szet, a l\u00e9gtechnika, a h\u0171t\u00e9s-f\u0171t\u00e9s, az \u00e1rny\u00e9kol\u00e1s, az eloszt\u00f3 szekr\u00e9nyek fel\u00fcgyelete, a liftek, illetve egy\u00e9b g\u00e9p\u00e9szeti vagy elektromos berendez\u00e9sek integr\u00e1l\u00e1sa egyetlen kompakt rendszerbe.<\/p>\n<p>Ez rengeteg hardvert ig\u00e9nyel, hiszen sok eszk\u00f6z sz\u00fcks\u00e9ges ahhoz, hogy k\u00fcl\u00f6nb\u00f6z\u0151 fogyaszt\u00f3kat vez\u00e9reljenek az \u00e9p\u00fcletben. Term\u00e9szetesen ezeket az eszk\u00f6z\u00f6ket egy egys\u00e9ges rendszerbe kell foglalni, amelynek van egy vizualiz\u00e1ci\u00f3s fel\u00fclete. Egy t\u00f6bb t\u00edzezer n\u00e9gyzetm\u00e9teres \u00e9p\u00fcletet nem lehet hat\u00e9konyan \u00fczemeltetni fel\u00fcgyeleti szoftver n\u00e9lk\u00fcl, amely megjelen\u00edti az \u00f6sszes funkci\u00f3t: az aktu\u00e1lis param\u00e9tereket, be\u00e1ll\u00edt\u00e1sokat, energiafogyaszt\u00e1sokat, hibajelz\u00e9seket stb., \u00e9s mindezt napl\u00f3zza. K\u00e9s\u0151bb a napl\u00f3zott adatokb\u00f3l grafikonokat lehet k\u00e9sz\u00edteni, amelyek seg\u00edtenek el\u0151rejelz\u00e9seket \u00e9s tov\u00e1bbi energiamegtakar\u00edt\u00e1si lehet\u0151s\u00e9geket azonos\u00edtani.<\/p>\n<h3>\u2013 Hogyan j\u00f6tt az \u00f6tlet, hogy az \u00e9p\u00fcletautomatiz\u00e1l\u00e1sra f\u00f3kusz\u00e1ljanak, hiszen j\u00f3 h\u00fasz \u00e9ve gyerekcip\u0151jen j\u00e1rt a technol\u00f3gia \u00e9s a magyar kereskedelmiingatlan-piac is m\u00e9g meglehet\u0151sen fejletlennek sz\u00e1m\u00edtott?<\/h3>\n<p>\u2013 Az Elektro-Kamleithner Kft. 2000-ben alakul meg jelenlegi form\u00e1j\u00e1ban, de m\u00e1r 1996 \u00f3ta foglalkozom \u00e9p\u00fcletautomatiz\u00e1l\u00e1ssal. Akkor kezdtem el dolgozni a Kamleithner Budapestn\u00e9l, amely n\u00e9gy n\u00e9met villamosipari gy\u00e1rt\u00f3t k\u00e9pviselt Magyarorsz\u00e1gon, ebb\u0151l kett\u0151 foglalkozott \u00e9p\u00fcletautomatiz\u00e1l\u00e1ssal: a Berker \u00e9s a Theben. Annak idej\u00e9n EIB (European Installation Bus) n\u00e9ven egy gy\u00e1rt\u00f3f\u00fcggetlen rendszerrel foglalkoztak, amit 2000 \u00f3ta KNX-nek h\u00edvnak \u00e9s a Berker egyike volt annak az \u00f6t gy\u00e1rt\u00f3nak, akik ezt a szabv\u00e1nyt l\u00e9trehozt\u00e1k.\u00a0 Az Elektro-Kamleithner az\u00f3ta is els\u0151sorban KNX-szel foglalkozik.<\/p>\n<h3>\u2013 Hogyan b\u0151v\u00fclt az id\u0151k folyam\u00e1n a tev\u00e9kenys\u00e9g\u00fck?<\/h3>\n<p>\u2013 A kezdeti 4 gy\u00e1rt\u00f3 mellett tov\u00e1bbi 6-8 gy\u00e1rt\u00f3val b\u0151v\u00edtett\u00fck a portf\u00f3li\u00f3nkat, \u00e9s most m\u00e1r 10-12 gy\u00e1rt\u00f3val foglalkozunk, akik k\u00fcl\u00f6nb\u00f6z\u0151 eszk\u00f6z\u00f6ket k\u00e9sz\u00edtenek az \u00e9p\u00fcletautomatiz\u00e1l\u00e1shoz. Az\u00e9rt dolgozunk a KNX-szel a mai napig, mert Eur\u00f3p\u00e1ban, \u00c1zsi\u00e1ban, \u00c9szak-Amerik\u00e1ban \u00e9s Ausztr\u00e1li\u00e1ban is egy \u00e1ltal\u00e1nosan elterjedt szabv\u00e1nyos rendszer. T\u00f6bb mint 500 gy\u00e1rt\u00f3 k\u00e9sz\u00edt k\u00fcl\u00f6nb\u00f6z\u0151 eszk\u00f6z\u00f6ket a rendszerhez, \u00edgy mindig lesznek \u00faj megold\u00e1sok \u00e9s eszk\u00f6z\u00f6k. A KNX egy olyan kommunik\u00e1ci\u00f3s protokoll \u00e9s platform, amelyen kereszt\u00fcl b\u00e1rmely gy\u00e1rt\u00f3 k\u00e9sz\u00fcl\u00e9kei egy\u00fctt tudnak m\u0171k\u00f6dni m\u00e1s gy\u00e1rt\u00f3k term\u00e9keivel.<\/p>\n<p>Az 1990-es \u00e9vek v\u00e9g\u00e9n \u00e9s a 2000-es \u00e9vek elej\u00e9n befejezett projektjeink a mai napig sikeresek, vagyis a jellemz\u0151en n\u00e9met term\u00e9kek garanci\u00e1t jelentenek arra, hogy \u00e9vtizedekig m\u0171k\u00f6djenek hiba n\u00e9lk\u00fcl. Azonban a kor el\u0151rehaladt\u00e1val m\u00e1r sz\u00fcks\u00e9g lehet \u00faj\u00edt\u00e1sokra \u00e9s \u00faj funkci\u00f3kra, hiszen p\u00e9ld\u00e1ul h\u00fasz \u00e9vvel ezel\u0151tt nem voltak el\u00e9rhet\u0151k olyan megold\u00e1sok a csal\u00e1di h\u00e1zak eset\u00e9ben, mint az alvez\u00e9rl\u00e9s, vagy a nagyobb irodah\u00e1zakban sz\u00fcks\u00e9ges fejlett funkci\u00f3k. A r\u00e9gebbi rendszereket azonban az \u00faj funkci\u00f3kkal kieg\u00e9sz\u00edtve tov\u00e1bb lehet fejleszteni.<\/p>\n<figure><img decoding=\"async\" src=\"\\&quot;https:\/\/elektro-kamleithner.hu\/wp-content\/uploads\/2026\/01\/e-villamos-6.-jpg.jpgwp-content\/uploads\/2025\/12\/12-_DSC7322-scaled-1.jpgwp-content\/uploads\/2025\/11\/Nevtelen-terv-7.jpgwp-content\/uploads\/2024\/10\/Balogh-Zoltan-200x300.jpg\\&quot;\" sizes=\"\\&quot;(max-width:\" srcset=\"\\&quot;https:\/\/www.elektro-kamleithner.hu\/wp-content\/uploads\/2024\/10\/Balogh-Zoltan-200x300.jpg\" alt=\"\\&quot;\\&quot;\" width=\"\\&quot;200\\&quot;\" height=\"\\&quot;300\\&quot;\" \/><figcaption>Balogh Zolt\u00e1n, az Elektro-Kamleithner Kft. \u00fcgyvezet\u0151 igazgat\u00f3ja<\/figcaption><\/figure>\n<h3>\u2013 Ma a legfontosabb fogalmak az ingatlanpiacon a fenntarthat\u00f3s\u00e1g \u00e9s az energiahat\u00e9konys\u00e1g. Az \u00e9p\u00fcletautomatiz\u00e1l\u00e1s eset\u00e9ben hogyan \u00e9rv\u00e9nyes\u00fclnek ezek a szempontok?<\/h3>\n<p>\u2013 Mi k\u00e9t aspektusb\u00f3l k\u00f6zel\u00edtj\u00fck meg a fenntarthat\u00f3s\u00e1got. Az egyik az, hogy az automatiz\u00e1lt \u00e9p\u00fclet legyen fenntarthat\u00f3, vagyis a felhaszn\u00e1lt energi\u00e1t a lehet\u0151 legminim\u00e1lisabbra cs\u00f6kkents\u00fck. Az automatiz\u00e1l\u00e1s nem alternat\u00edv energiatermel\u00e9st jelent, hanem a megl\u00e9v\u0151 energia felhaszn\u00e1l\u00e1s\u00e1nak cs\u00f6kkent\u00e9s\u00e9t c\u00e9lozza, amely nagys\u00e1grendileg ak\u00e1r 30%-os megtakar\u00edt\u00e1s is lehet. A fenntarthat\u00f3s\u00e1g m\u00e1sik oldala az, amir\u0151l kevesebben besz\u00e9lnek, hogy b\u00e1r egy \u00e9p\u00fcletautomatiz\u00e1l\u00e1si rendszer 30%-os megtakar\u00edt\u00e1st \u00e9rhet el, de ha a rendszer nem fenntarthat\u00f3 \u2013 p\u00e9ld\u00e1ul az eszk\u00f6z\u00f6k 5 \u00e9vn\u00e9l tov\u00e1bb nem m\u0171k\u00f6dnek, t\u00f6nkre mennek vagy cser\u00e9re szorulnak \u2013, akkor az \u00e9p\u00fclet sem lesz fenntarthat\u00f3. Ez\u00e9rt mindenk\u00e9ppen \u00e9rdemes olyan eszk\u00f6z\u00f6ket haszn\u00e1lni, amelyek \u00e9vtizedekig k\u00e9pesek m\u0171k\u00f6dni. Az \u00e9p\u00fcleteket nem 5-10 \u00e9vre tervezik, ez\u00e9rt a haszn\u00e1lt berendez\u00e9sek \u00e9s elektronikai rendszereket is n\u00e9h\u00e1ny \u00e9vtizedes \u00e9lettartamra kell megtervezn\u00fcnk.<\/p>\n<figure><img decoding=\"async\" src=\"\\&quot;https:\/\/elektro-kamleithner.hu\/wp-content\/uploads\/2026\/01\/e-villamos-6.-jpg.jpgwp-content\/uploads\/2025\/12\/12-_DSC7322-scaled-1.jpgwp-content\/uploads\/2025\/11\/Nevtelen-terv-7.jpgwp-content\/uploads\/2024\/10\/Lezeres-Kutatointezet-300x149.jpg\\&quot;\" sizes=\"\\&quot;(max-width:\" srcset=\"\\&quot;https:\/\/www.elektro-kamleithner.hu\/wp-content\/uploads\/2024\/10\/Lezeres-Kutatointezet-300x149.jpg\" alt=\"\\&quot;\\&quot;\" width=\"\\&quot;300\\&quot;\" height=\"\\&quot;149\\&quot;\" \/><figcaption>ELI-ALPS L\u00e9zeres Kutat\u00f3int\u00e9zet<\/figcaption><\/figure>\n<h3>\u2013 Mennyire fontos az innov\u00e1ci\u00f3 szerepe az \u00e9p\u00fcletautomatiz\u00e1l\u00e1sban?<\/h3>\n<p>\u2013 A gy\u00e1rt\u00f3k folyamatosan figyelik a piacot, vizsg\u00e1lj\u00e1k az ig\u00e9nyeket \u00e9s a lehet\u0151s\u00e9geket, \u00e9s ennek megfelel\u0151en mindig pr\u00f3b\u00e1lnak innovat\u00edv \u00faj eszk\u00f6z\u00f6ket \u00e9s megold\u00e1sokat k\u00edn\u00e1lni. Mivel egy szabv\u00e1nyos protokollr\u00f3l van sz\u00f3, az \u00faj eszk\u00f6z\u00f6ket gond n\u00e9lk\u00fcl lehet integr\u00e1lni ak\u00e1r 20-30 \u00e9vvel ezel\u0151tti rendszerekbe is, \u00edgy mindig a legmodernebb eszk\u00f6z\u00f6ket haszn\u00e1ljuk. Vagyis azok sem maradnak le, akik 20 \u00e9ve v\u00e1s\u00e1roltak ilyen rendszert, hiszen n\u00e9h\u00e1ny eszk\u00f6z behelyez\u00e9s\u00e9vel a r\u00e9gebbi megold\u00e1sokat friss\u00edteni lehet.<\/p>\n<h3>\u2013 Az elm\u00falt \u00e9vek projektjei k\u00f6z\u00fcl melyeket \u00e9rdemes kiemelni, amelyek fontosak voltak a c\u00e9g \u00e9let\u00e9ben?<\/h3>\n<p>\u2013 Az elm\u00falt 20-30 \u00e9vben sz\u00e1mos k\u00fcl\u00f6nb\u00f6z\u0151 t\u00edpus\u00fa \u00e9p\u00fclettel foglalkoztunk a luxus csal\u00e1di h\u00e1zakt\u00f3l kezdve az ipari csarnokokon \u00e1t a sz\u00e1llod\u00e1kig \u00e9s irodah\u00e1zakig. Az elm\u00falt \u00e9vek kiemelked\u0151 referenci\u00e1i k\u00f6z\u00e9 tartoznak a Bosch irod\u00e1i \u00e9s ipari csarnokai, az \u00faj Richter Gedeon irodah\u00e1z, valamint a tavaly \u00e1tadott W Budapest Hotel. Emellett a Szegedi L\u00e9zerkutat\u00f3 Int\u00e9zetre is b\u00fcszk\u00e9k vagyunk, amelynek rendszere mind a mai napig t\u00f6k\u00e9letesen m\u0171k\u00f6dik, de id\u0151nk\u00e9nt \u00fajabb \u00f6tletek megval\u00f3s\u00edt\u00e1s\u00e1ra is sz\u00fcks\u00e9g van.<\/p>\n<figure><img decoding=\"async\" src=\"\\&quot;https:\/\/elektro-kamleithner.hu\/wp-content\/uploads\/2026\/01\/e-villamos-6.-jpg.jpgwp-content\/uploads\/2025\/12\/12-_DSC7322-scaled-1.jpgwp-content\/uploads\/2025\/11\/Nevtelen-terv-7.jpgwp-content\/uploads\/2024\/10\/Richter-Gedeon-szekhaz-300x200.jpg\\&quot;\" sizes=\"\\&quot;(max-width:\" srcset=\"\\&quot;https:\/\/www.elektro-kamleithner.hu\/wp-content\/uploads\/2024\/10\/Richter-Gedeon-szekhaz-300x200.jpg\" alt=\"\\&quot;\\&quot;\" width=\"\\&quot;300\\&quot;\" height=\"\\&quot;200\\&quot;\" \/><figcaption>Richter Gedeon sz\u00e9kh\u00e1z<\/figcaption><\/figure>\n<h3>\u2013 Robban\u00e1sszer\u0171en fejl\u0151dik a technol\u00f3gia, de ez hogyan \u00e9rv\u00e9nyes\u00fcl az \u00e9p\u00fcletautomatiz\u00e1l\u00e1si rendszerekben?<\/h3>\n<p>\u2013 Mi is k\u00f6vetj\u00fck a gy\u00e1rt\u00f3k leg\u00fajabb fejleszt\u00e9seit, hiszen amint az \u00faj eszk\u00f6z\u00f6k megjelennek, igyeksz\u00fcnk be\u00e9p\u00edteni \u0151ket a projektjeinkbe. Gy\u00e1rt\u00f3i k\u00e9pviseletk\u00e9nt el\u0151re tudunk arr\u00f3l, hogy milyen \u00fajdons\u00e1gok v\u00e1rhat\u00f3k a k\u00f6vetkez\u0151 \u00e9vben. 28 \u00e9vvel ezel\u0151tt az \u00e9p\u00fcletautomatiz\u00e1l\u00e1s m\u00e9g \u201e\u00fari huncuts\u00e1gnak\u201d sz\u00e1m\u00edtott, de az\u00e9rt a k\u00f6z\u00e9p\u00fcletekbe akkor is be kellett \u00e9p\u00edteni, hiszen egy t\u00f6bb t\u00edzezer n\u00e9gyzetm\u00e9teres ingatlant nem lehet en\u00e9lk\u00fcl \u00fczemeltetni. Az\u00f3ta a piaci helyzet sokat v\u00e1ltozott, \u00e9s ez a n\u00f6vekv\u0151 energia\u00e1rak mellett az egyik leggyorsabban megt\u00e9r\u00fcl\u0151 beruh\u00e1z\u00e1s lett.<\/p>\n<p>Emellett bizonyos nagy fogyaszt\u00e1s\u00fa \u00e9p\u00fcletekn\u00e9l m\u00e1r k\u00f6telez\u0151 valamilyen \u00e9p\u00fcletautomatiz\u00e1l\u00e1si rendszer alkalmaz\u00e1sa. B\u00e1r 2050 m\u00e9g t\u00e1volinak t\u0171nik, a teljes \u00e9p\u00fclet\u00e1llom\u00e1ny meg\u00faj\u00edt\u00e1sa \u00f3ri\u00e1si feladat. Vagyis m\u00e1r nem az a k\u00e9rd\u00e9s, hogy sz\u00fcks\u00e9ges-e automatika, hanem az, hogy milyen \u00e9s mennyire kifinomult rendszerre van sz\u00fcks\u00e9g, amely seg\u00edt az energiafelhaszn\u00e1l\u00e1s cs\u00f6kkent\u00e9s\u00e9ben \u00e9s megfelel a j\u00f6v\u0151beni szab\u00e1lyoz\u00e1soknak. Az \u00faj \u00e9p\u00edt\u00e9s\u0171 \u00e9p\u00fcletekn\u00e9l ez egyre ink\u00e1bb alapk\u00f6vetelm\u00e9nny\u00e9 v\u00e1lik.<\/p>\n<p><em>Bor\u00edt\u00f3k\u00e9p: W Budapest Hotel<\/em><\/p>\n<p><em>A cikk megjelent a <a href=\"\/en\/\\&quot;https:\/\/realista.ingatlan.com\/\\&quot;\/\" target=\"\\&quot;_new\\&quot;\" rel=\"\\&quot;noopener\\&quot;\">https:\/\/realista.ingatlan.com\/<\/a>: <a href=\"\/en\/\\&quot;https:\/\/realista.ingatlan.com\/epuletautomatizacio\/hogyan-allitsuk-mas-dimenzioba-az-okos-epuletek-uzemelteteset-epuletautomatizalas-mesterfokon\/\\&quot;\/\" target=\"\\&quot;_new\\&quot;\" rel=\"\\&quot;noopener\\&quot;\">https:\/\/realista.ingatlan.com\/epuletautomatizacio\/hogyan-allitsuk-mas-dimenzioba-az-okos-epuletek-uzemelteteset-epuletautomatizalas-mesterfokon\/<\/a><\/em><\/p>","protected":false},"excerpt":{"rendered":"<p>Hogyan \u00e1ll\u00edtsuk m\u00e1s dimenzi\u00f3ba az okos \u00e9p\u00fcletek \u00fczemeltet\u00e9s\u00e9t? \u00c9p\u00fcletautomatiz\u00e1l\u00e1s mesterfokon! A 2000-ben megalakult Elektro-Kamleithner Kft. a kezdetekt\u0151l fogva az \u00e9p\u00fcletautomatiz\u00e1l\u00e1sra [&hellip;]<\/p>\n","protected":false},"author":2,"featured_media":8704,"comment_status":"closed","ping_status":"open","sticky":false,"template":"","format":"standard","meta":{"_acf_changed":false,"site-sidebar-layout":"default","site-content-layout":"default","ast-site-content-layout":"default","site-content-style":"default","site-sidebar-style":"default","ast-global-header-display":"","ast-banner-title-visibility":"","ast-main-header-display":"","ast-hfb-above-header-display":"","ast-hfb-below-header-display":"","ast-hfb-mobile-header-display":"","site-post-title":"","ast-breadcrumbs-content":"","ast-featured-img":"","footer-sml-layout":"","ast-disable-related-posts":"","theme-transparent-header-meta":"default","adv-header-id-meta":"","stick-header-meta":"default","header-above-stick-meta":"","header-main-stick-meta":"","header-below-stick-meta":"","astra-migrate-meta-layouts":"set","ast-page-background-enabled":"default","ast-page-background-meta":{"desktop":{"background-color":"var(--ast-global-color-4)","background-image":"","background-repeat":"repeat","background-position":"center center","background-size":"auto","background-attachment":"scroll","background-type":"","background-media":"","overlay-type":"","overlay-color":"","overlay-opacity":"","overlay-gradient":""},"tablet":{"background-color":"","background-image":"","background-repeat":"repeat","background-position":"center center","background-size":"auto","background-attachment":"scroll","background-type":"","background-media":"","overlay-type":"","overlay-color":"","overlay-opacity":"","overlay-gradient":""},"mobile":{"background-color":"","background-image":"","background-repeat":"repeat","background-position":"center center","background-size":"auto","background-attachment":"scroll","background-type":"","background-media":"","overlay-type":"","overlay-color":"","overlay-opacity":"","overlay-gradient":""}},"ast-content-background-meta":{"desktop":{"background-color":"var(--ast-global-color-5)","background-image":"","background-repeat":"repeat","background-position":"center center","background-size":"auto","background-attachment":"scroll","background-type":"","background-media":"","overlay-type":"","overlay-color":"","overlay-opacity":"","overlay-gradient":""},"tablet":{"background-color":"var(--ast-global-color-5)","background-image":"","background-repeat":"repeat","background-position":"center center","background-size":"auto","background-attachment":"scroll","background-type":"","background-media":"","overlay-type":"","overlay-color":"","overlay-opacity":"","overlay-gradient":""},"mobile":{"background-color":"var(--ast-global-color-5)","background-image":"","background-repeat":"repeat","background-position":"center center","background-size":"auto","background-attachment":"scroll","background-type":"","background-media":"","overlay-type":"","overlay-color":"","overlay-opacity":"","overlay-gradient":""}},"footnotes":""},"categories":[1],"tags":[],"class_list":["post-7151","post","type-post","status-publish","format-standard","has-post-thumbnail","hentry","category-blog"],"acf":[],"yoast_head":"<!-- This site is optimized with the Yoast SEO plugin v28.3 - https:\/\/yoast.com\/product\/yoast-seo-wordpress\/ -->\n<title>Hogyan \u00e1ll\u00edtsuk m\u00e1s dimenzi\u00f3ba az okos \u00e9p\u00fcletek \u00fczemeltet\u00e9s\u00e9t? \u00c9p\u00fcletautomatiz\u00e1l\u00e1s mesterfokon! - \u00e9p\u00fcletautomatika - Elektro Kamleithner<\/title>\n<meta name=\"description\" content=\"Feladatunk a Botaniq Turai Kast\u00e9ly fel\u00faj\u00edt\u00e1s\u00e1n\u00e1l a megtervezett KNX \u00e9p\u00fcletautomatika programoz\u00e1sa \u00e9s egyedi vez\u00e9rl\u0151k gy\u00e1rt\u00e1sa volt.\" \/>\n<meta name=\"robots\" content=\"index, follow, max-snippet:-1, max-image-preview:large, max-video-preview:-1\" \/>\n<link rel=\"canonical\" href=\"https:\/\/elektro-kamleithner.hu\/en\/hogyan-allitsuk-mas-dimenzioba-az-okos-epuletek-uzemelteteset-epuletautomatizalas-mesterfokon-2\/\" \/>\n<meta property=\"og:locale\" content=\"en_GB\" \/>\n<meta property=\"og:type\" content=\"article\" \/>\n<meta property=\"og:title\" content=\"Hogyan \u00e1ll\u00edtsuk m\u00e1s dimenzi\u00f3ba az okos \u00e9p\u00fcletek \u00fczemeltet\u00e9s\u00e9t? \u00c9p\u00fcletautomatiz\u00e1l\u00e1s mesterfokon! - \u00e9p\u00fcletautomatika - Elektro Kamleithner\" \/>\n<meta property=\"og:description\" content=\"Feladatunk a Botaniq Turai Kast\u00e9ly fel\u00faj\u00edt\u00e1s\u00e1n\u00e1l a megtervezett KNX \u00e9p\u00fcletautomatika programoz\u00e1sa \u00e9s egyedi vez\u00e9rl\u0151k gy\u00e1rt\u00e1sa volt.\" \/>\n<meta property=\"og:url\" content=\"https:\/\/elektro-kamleithner.hu\/en\/hogyan-allitsuk-mas-dimenzioba-az-okos-epuletek-uzemelteteset-epuletautomatizalas-mesterfokon-2\/\" \/>\n<meta property=\"og:site_name\" content=\"Elektro Kamleithner\" \/>\n<meta property=\"article:publisher\" content=\"https:\/\/www.facebook.com\/ElektroKamleithnerKft\/\" \/>\n<meta property=\"article:published_time\" content=\"2024-10-24T08:01:40+00:00\" \/>\n<meta property=\"article:modified_time\" content=\"2026-01-28T15:11:05+00:00\" \/>\n<meta property=\"og:image\" content=\"https:\/\/elektro-kamleithner.hu\/wp-content\/uploads\/2024\/10\/hogyan-allitsuk-mas-dimenzioba.png\" \/>\n\t<meta property=\"og:image:width\" content=\"1200\" \/>\n\t<meta property=\"og:image:height\" content=\"900\" \/>\n\t<meta property=\"og:image:type\" content=\"image\/png\" \/>\n<meta name=\"author\" content=\"Balogh Zolt\u00e1n\" \/>\n<meta name=\"twitter:card\" content=\"summary_large_image\" \/>\n<meta name=\"twitter:label1\" content=\"Written by\" \/>\n\t<meta name=\"twitter:data1\" content=\"Balogh Zolt\u00e1n\" \/>\n\t<meta name=\"twitter:label2\" content=\"Estimated reading time\" \/>\n\t<meta name=\"twitter:data2\" content=\"4 minutes\" \/>\n<script type=\"application\/ld+json\" class=\"yoast-schema-graph\">{\"@context\":\"https:\\\/\\\/schema.org\",\"@graph\":[{\"@type\":\"Article\",\"@id\":\"https:\\\/\\\/elektro-kamleithner.hu\\\/hogyan-allitsuk-mas-dimenzioba-az-okos-epuletek-uzemelteteset-epuletautomatizalas-mesterfokon-2\\\/#article\",\"isPartOf\":{\"@id\":\"https:\\\/\\\/elektro-kamleithner.hu\\\/hogyan-allitsuk-mas-dimenzioba-az-okos-epuletek-uzemelteteset-epuletautomatizalas-mesterfokon-2\\\/\"},\"author\":{\"name\":\"Balogh Zolt\u00e1n\",\"@id\":\"https:\\\/\\\/elektro-kamleithner.hu\\\/#\\\/schema\\\/person\\\/6bee347fe0f99bcff222317c89ff8c51\"},\"headline\":\"Hogyan \u00e1ll\u00edtsuk m\u00e1s dimenzi\u00f3ba az okos \u00e9p\u00fcletek \u00fczemeltet\u00e9s\u00e9t? \u00c9p\u00fcletautomatiz\u00e1l\u00e1s mesterfokon!\",\"datePublished\":\"2024-10-24T08:01:40+00:00\",\"dateModified\":\"2026-01-28T15:11:05+00:00\",\"mainEntityOfPage\":{\"@id\":\"https:\\\/\\\/elektro-kamleithner.hu\\\/hogyan-allitsuk-mas-dimenzioba-az-okos-epuletek-uzemelteteset-epuletautomatizalas-mesterfokon-2\\\/\"},\"wordCount\":1570,\"publisher\":{\"@id\":\"https:\\\/\\\/elektro-kamleithner.hu\\\/#organization\"},\"image\":{\"@id\":\"https:\\\/\\\/elektro-kamleithner.hu\\\/hogyan-allitsuk-mas-dimenzioba-az-okos-epuletek-uzemelteteset-epuletautomatizalas-mesterfokon-2\\\/#primaryimage\"},\"thumbnailUrl\":\"https:\\\/\\\/elektro-kamleithner.hu\\\/wp-content\\\/uploads\\\/2024\\\/10\\\/hogyan-allitsuk-mas-dimenzioba.png\",\"articleSection\":[\"Blog\"],\"inLanguage\":\"en-GB\"},{\"@type\":\"WebPage\",\"@id\":\"https:\\\/\\\/elektro-kamleithner.hu\\\/hogyan-allitsuk-mas-dimenzioba-az-okos-epuletek-uzemelteteset-epuletautomatizalas-mesterfokon-2\\\/\",\"url\":\"https:\\\/\\\/elektro-kamleithner.hu\\\/hogyan-allitsuk-mas-dimenzioba-az-okos-epuletek-uzemelteteset-epuletautomatizalas-mesterfokon-2\\\/\",\"name\":\"Hogyan \u00e1ll\u00edtsuk m\u00e1s dimenzi\u00f3ba az okos \u00e9p\u00fcletek \u00fczemeltet\u00e9s\u00e9t? \u00c9p\u00fcletautomatiz\u00e1l\u00e1s mesterfokon! - \u00e9p\u00fcletautomatika - Elektro Kamleithner\",\"isPartOf\":{\"@id\":\"https:\\\/\\\/elektro-kamleithner.hu\\\/#website\"},\"primaryImageOfPage\":{\"@id\":\"https:\\\/\\\/elektro-kamleithner.hu\\\/hogyan-allitsuk-mas-dimenzioba-az-okos-epuletek-uzemelteteset-epuletautomatizalas-mesterfokon-2\\\/#primaryimage\"},\"image\":{\"@id\":\"https:\\\/\\\/elektro-kamleithner.hu\\\/hogyan-allitsuk-mas-dimenzioba-az-okos-epuletek-uzemelteteset-epuletautomatizalas-mesterfokon-2\\\/#primaryimage\"},\"thumbnailUrl\":\"https:\\\/\\\/elektro-kamleithner.hu\\\/wp-content\\\/uploads\\\/2024\\\/10\\\/hogyan-allitsuk-mas-dimenzioba.png\",\"datePublished\":\"2024-10-24T08:01:40+00:00\",\"dateModified\":\"2026-01-28T15:11:05+00:00\",\"description\":\"Feladatunk a Botaniq Turai Kast\u00e9ly fel\u00faj\u00edt\u00e1s\u00e1n\u00e1l a megtervezett KNX \u00e9p\u00fcletautomatika programoz\u00e1sa \u00e9s egyedi vez\u00e9rl\u0151k gy\u00e1rt\u00e1sa volt.\",\"breadcrumb\":{\"@id\":\"https:\\\/\\\/elektro-kamleithner.hu\\\/hogyan-allitsuk-mas-dimenzioba-az-okos-epuletek-uzemelteteset-epuletautomatizalas-mesterfokon-2\\\/#breadcrumb\"},\"inLanguage\":\"en-GB\",\"potentialAction\":[{\"@type\":\"ReadAction\",\"target\":[\"https:\\\/\\\/elektro-kamleithner.hu\\\/hogyan-allitsuk-mas-dimenzioba-az-okos-epuletek-uzemelteteset-epuletautomatizalas-mesterfokon-2\\\/\"]}]},{\"@type\":\"ImageObject\",\"inLanguage\":\"en-GB\",\"@id\":\"https:\\\/\\\/elektro-kamleithner.hu\\\/hogyan-allitsuk-mas-dimenzioba-az-okos-epuletek-uzemelteteset-epuletautomatizalas-mesterfokon-2\\\/#primaryimage\",\"url\":\"https:\\\/\\\/elektro-kamleithner.hu\\\/wp-content\\\/uploads\\\/2024\\\/10\\\/hogyan-allitsuk-mas-dimenzioba.png\",\"contentUrl\":\"https:\\\/\\\/elektro-kamleithner.hu\\\/wp-content\\\/uploads\\\/2024\\\/10\\\/hogyan-allitsuk-mas-dimenzioba.png\",\"width\":1200,\"height\":900,\"caption\":\"hogyan allitsuk mas dimenzioba\"},{\"@type\":\"BreadcrumbList\",\"@id\":\"https:\\\/\\\/elektro-kamleithner.hu\\\/hogyan-allitsuk-mas-dimenzioba-az-okos-epuletek-uzemelteteset-epuletautomatizalas-mesterfokon-2\\\/#breadcrumb\",\"itemListElement\":[{\"@type\":\"ListItem\",\"position\":1,\"name\":\"Kezd\u0151lap\",\"item\":\"https:\\\/\\\/elektro-kamleithner.hu\\\/\"},{\"@type\":\"ListItem\",\"position\":2,\"name\":\"Hogyan \u00e1ll\u00edtsuk m\u00e1s dimenzi\u00f3ba az okos \u00e9p\u00fcletek \u00fczemeltet\u00e9s\u00e9t? \u00c9p\u00fcletautomatiz\u00e1l\u00e1s mesterfokon!\"}]},{\"@type\":\"WebSite\",\"@id\":\"https:\\\/\\\/elektro-kamleithner.hu\\\/#website\",\"url\":\"https:\\\/\\\/elektro-kamleithner.hu\\\/\",\"name\":\"Elektro Kamleithner\",\"description\":\"Elektro Kamleithner\",\"publisher\":{\"@id\":\"https:\\\/\\\/elektro-kamleithner.hu\\\/#organization\"},\"potentialAction\":[{\"@type\":\"SearchAction\",\"target\":{\"@type\":\"EntryPoint\",\"urlTemplate\":\"https:\\\/\\\/elektro-kamleithner.hu\\\/?s={search_term_string}\"},\"query-input\":{\"@type\":\"PropertyValueSpecification\",\"valueRequired\":true,\"valueName\":\"search_term_string\"}}],\"inLanguage\":\"en-GB\"},{\"@type\":\"Organization\",\"@id\":\"https:\\\/\\\/elektro-kamleithner.hu\\\/#organization\",\"name\":\"Elektro Kamleithner\",\"url\":\"https:\\\/\\\/elektro-kamleithner.hu\\\/\",\"logo\":{\"@type\":\"ImageObject\",\"inLanguage\":\"en-GB\",\"@id\":\"https:\\\/\\\/elektro-kamleithner.hu\\\/#\\\/schema\\\/logo\\\/image\\\/\",\"url\":\"https:\\\/\\\/elektro-kamleithner.hu\\\/wp-content\\\/uploads\\\/2024\\\/09\\\/elektro-white-001.svg\",\"contentUrl\":\"https:\\\/\\\/elektro-kamleithner.hu\\\/wp-content\\\/uploads\\\/2024\\\/09\\\/elektro-white-001.svg\",\"width\":382,\"height\":131,\"caption\":\"Elektro Kamleithner\"},\"image\":{\"@id\":\"https:\\\/\\\/elektro-kamleithner.hu\\\/#\\\/schema\\\/logo\\\/image\\\/\"},\"sameAs\":[\"https:\\\/\\\/www.facebook.com\\\/ElektroKamleithnerKft\\\/\",\"https:\\\/\\\/www.youtube.com\\\/channel\\\/UCdDdwY5NIU2nmN9MjvqnFqg\",\"https:\\\/\\\/www.instagram.com\\\/berker.hu\\\/\"]},{\"@type\":\"Person\",\"@id\":\"https:\\\/\\\/elektro-kamleithner.hu\\\/#\\\/schema\\\/person\\\/6bee347fe0f99bcff222317c89ff8c51\",\"name\":\"Balogh Zolt\u00e1n\",\"image\":{\"@type\":\"ImageObject\",\"inLanguage\":\"en-GB\",\"@id\":\"https:\\\/\\\/secure.gravatar.com\\\/avatar\\\/83c725ba6ed0c327cf067a335b7156b3cb23f8585104d5ab2cd7bc81e6b47877?s=96&d=mm&r=g\",\"url\":\"https:\\\/\\\/secure.gravatar.com\\\/avatar\\\/83c725ba6ed0c327cf067a335b7156b3cb23f8585104d5ab2cd7bc81e6b47877?s=96&d=mm&r=g\",\"contentUrl\":\"https:\\\/\\\/secure.gravatar.com\\\/avatar\\\/83c725ba6ed0c327cf067a335b7156b3cb23f8585104d5ab2cd7bc81e6b47877?s=96&d=mm&r=g\",\"caption\":\"Balogh Zolt\u00e1n\"},\"url\":\"https:\\\/\\\/elektro-kamleithner.hu\\\/en\\\/author\\\/admin\\\/\"}]}<\/script>\n<!-- \/ Yoast SEO plugin. -->","yoast_head_json":{"title":"Hogyan \u00e1ll\u00edtsuk m\u00e1s dimenzi\u00f3ba az okos \u00e9p\u00fcletek \u00fczemeltet\u00e9s\u00e9t? \u00c9p\u00fcletautomatiz\u00e1l\u00e1s mesterfokon! - \u00e9p\u00fcletautomatika - Elektro Kamleithner","description":"Feladatunk a Botaniq Turai Kast\u00e9ly fel\u00faj\u00edt\u00e1s\u00e1n\u00e1l a megtervezett KNX \u00e9p\u00fcletautomatika programoz\u00e1sa \u00e9s egyedi vez\u00e9rl\u0151k gy\u00e1rt\u00e1sa volt.","robots":{"index":"index","follow":"follow","max-snippet":"max-snippet:-1","max-image-preview":"max-image-preview:large","max-video-preview":"max-video-preview:-1"},"canonical":"https:\/\/elektro-kamleithner.hu\/en\/hogyan-allitsuk-mas-dimenzioba-az-okos-epuletek-uzemelteteset-epuletautomatizalas-mesterfokon-2\/","og_locale":"en_GB","og_type":"article","og_title":"Hogyan \u00e1ll\u00edtsuk m\u00e1s dimenzi\u00f3ba az okos \u00e9p\u00fcletek \u00fczemeltet\u00e9s\u00e9t? \u00c9p\u00fcletautomatiz\u00e1l\u00e1s mesterfokon! - \u00e9p\u00fcletautomatika - Elektro Kamleithner","og_description":"Feladatunk a Botaniq Turai Kast\u00e9ly fel\u00faj\u00edt\u00e1s\u00e1n\u00e1l a megtervezett KNX \u00e9p\u00fcletautomatika programoz\u00e1sa \u00e9s egyedi vez\u00e9rl\u0151k gy\u00e1rt\u00e1sa volt.","og_url":"https:\/\/elektro-kamleithner.hu\/en\/hogyan-allitsuk-mas-dimenzioba-az-okos-epuletek-uzemelteteset-epuletautomatizalas-mesterfokon-2\/","og_site_name":"Elektro Kamleithner","article_publisher":"https:\/\/www.facebook.com\/ElektroKamleithnerKft\/","article_published_time":"2024-10-24T08:01:40+00:00","article_modified_time":"2026-01-28T15:11:05+00:00","og_image":[{"width":1200,"height":900,"url":"https:\/\/elektro-kamleithner.hu\/wp-content\/uploads\/2024\/10\/hogyan-allitsuk-mas-dimenzioba.png","type":"image\/png"}],"author":"Balogh Zolt\u00e1n","twitter_card":"summary_large_image","twitter_misc":{"Written by":"Balogh Zolt\u00e1n","Estimated reading time":"4 minutes"},"schema":{"@context":"https:\/\/schema.org","@graph":[{"@type":"Article","@id":"https:\/\/elektro-kamleithner.hu\/hogyan-allitsuk-mas-dimenzioba-az-okos-epuletek-uzemelteteset-epuletautomatizalas-mesterfokon-2\/#article","isPartOf":{"@id":"https:\/\/elektro-kamleithner.hu\/hogyan-allitsuk-mas-dimenzioba-az-okos-epuletek-uzemelteteset-epuletautomatizalas-mesterfokon-2\/"},"author":{"name":"Balogh Zolt\u00e1n","@id":"https:\/\/elektro-kamleithner.hu\/#\/schema\/person\/6bee347fe0f99bcff222317c89ff8c51"},"headline":"Hogyan \u00e1ll\u00edtsuk m\u00e1s dimenzi\u00f3ba az okos \u00e9p\u00fcletek \u00fczemeltet\u00e9s\u00e9t? \u00c9p\u00fcletautomatiz\u00e1l\u00e1s mesterfokon!","datePublished":"2024-10-24T08:01:40+00:00","dateModified":"2026-01-28T15:11:05+00:00","mainEntityOfPage":{"@id":"https:\/\/elektro-kamleithner.hu\/hogyan-allitsuk-mas-dimenzioba-az-okos-epuletek-uzemelteteset-epuletautomatizalas-mesterfokon-2\/"},"wordCount":1570,"publisher":{"@id":"https:\/\/elektro-kamleithner.hu\/#organization"},"image":{"@id":"https:\/\/elektro-kamleithner.hu\/hogyan-allitsuk-mas-dimenzioba-az-okos-epuletek-uzemelteteset-epuletautomatizalas-mesterfokon-2\/#primaryimage"},"thumbnailUrl":"https:\/\/elektro-kamleithner.hu\/wp-content\/uploads\/2024\/10\/hogyan-allitsuk-mas-dimenzioba.png","articleSection":["Blog"],"inLanguage":"en-GB"},{"@type":"WebPage","@id":"https:\/\/elektro-kamleithner.hu\/hogyan-allitsuk-mas-dimenzioba-az-okos-epuletek-uzemelteteset-epuletautomatizalas-mesterfokon-2\/","url":"https:\/\/elektro-kamleithner.hu\/hogyan-allitsuk-mas-dimenzioba-az-okos-epuletek-uzemelteteset-epuletautomatizalas-mesterfokon-2\/","name":"Hogyan \u00e1ll\u00edtsuk m\u00e1s dimenzi\u00f3ba az okos \u00e9p\u00fcletek \u00fczemeltet\u00e9s\u00e9t? \u00c9p\u00fcletautomatiz\u00e1l\u00e1s mesterfokon! - \u00e9p\u00fcletautomatika - Elektro Kamleithner","isPartOf":{"@id":"https:\/\/elektro-kamleithner.hu\/#website"},"primaryImageOfPage":{"@id":"https:\/\/elektro-kamleithner.hu\/hogyan-allitsuk-mas-dimenzioba-az-okos-epuletek-uzemelteteset-epuletautomatizalas-mesterfokon-2\/#primaryimage"},"image":{"@id":"https:\/\/elektro-kamleithner.hu\/hogyan-allitsuk-mas-dimenzioba-az-okos-epuletek-uzemelteteset-epuletautomatizalas-mesterfokon-2\/#primaryimage"},"thumbnailUrl":"https:\/\/elektro-kamleithner.hu\/wp-content\/uploads\/2024\/10\/hogyan-allitsuk-mas-dimenzioba.png","datePublished":"2024-10-24T08:01:40+00:00","dateModified":"2026-01-28T15:11:05+00:00","description":"Feladatunk a Botaniq Turai Kast\u00e9ly fel\u00faj\u00edt\u00e1s\u00e1n\u00e1l a megtervezett KNX \u00e9p\u00fcletautomatika programoz\u00e1sa \u00e9s egyedi vez\u00e9rl\u0151k gy\u00e1rt\u00e1sa volt.","breadcrumb":{"@id":"https:\/\/elektro-kamleithner.hu\/hogyan-allitsuk-mas-dimenzioba-az-okos-epuletek-uzemelteteset-epuletautomatizalas-mesterfokon-2\/#breadcrumb"},"inLanguage":"en-GB","potentialAction":[{"@type":"ReadAction","target":["https:\/\/elektro-kamleithner.hu\/hogyan-allitsuk-mas-dimenzioba-az-okos-epuletek-uzemelteteset-epuletautomatizalas-mesterfokon-2\/"]}]},{"@type":"ImageObject","inLanguage":"en-GB","@id":"https:\/\/elektro-kamleithner.hu\/hogyan-allitsuk-mas-dimenzioba-az-okos-epuletek-uzemelteteset-epuletautomatizalas-mesterfokon-2\/#primaryimage","url":"https:\/\/elektro-kamleithner.hu\/wp-content\/uploads\/2024\/10\/hogyan-allitsuk-mas-dimenzioba.png","contentUrl":"https:\/\/elektro-kamleithner.hu\/wp-content\/uploads\/2024\/10\/hogyan-allitsuk-mas-dimenzioba.png","width":1200,"height":900,"caption":"hogyan allitsuk mas dimenzioba"},{"@type":"BreadcrumbList","@id":"https:\/\/elektro-kamleithner.hu\/hogyan-allitsuk-mas-dimenzioba-az-okos-epuletek-uzemelteteset-epuletautomatizalas-mesterfokon-2\/#breadcrumb","itemListElement":[{"@type":"ListItem","position":1,"name":"Kezd\u0151lap","item":"https:\/\/elektro-kamleithner.hu\/"},{"@type":"ListItem","position":2,"name":"Hogyan \u00e1ll\u00edtsuk m\u00e1s dimenzi\u00f3ba az okos \u00e9p\u00fcletek \u00fczemeltet\u00e9s\u00e9t? \u00c9p\u00fcletautomatiz\u00e1l\u00e1s mesterfokon!"}]},{"@type":"WebSite","@id":"https:\/\/elektro-kamleithner.hu\/#website","url":"https:\/\/elektro-kamleithner.hu\/","name":"Elektro Kamleithner","description":"Elektro Kamleithner","publisher":{"@id":"https:\/\/elektro-kamleithner.hu\/#organization"},"potentialAction":[{"@type":"SearchAction","target":{"@type":"EntryPoint","urlTemplate":"https:\/\/elektro-kamleithner.hu\/?s={search_term_string}"},"query-input":{"@type":"PropertyValueSpecification","valueRequired":true,"valueName":"search_term_string"}}],"inLanguage":"en-GB"},{"@type":"Organization","@id":"https:\/\/elektro-kamleithner.hu\/#organization","name":"Elektro Kamleithner","url":"https:\/\/elektro-kamleithner.hu\/","logo":{"@type":"ImageObject","inLanguage":"en-GB","@id":"https:\/\/elektro-kamleithner.hu\/#\/schema\/logo\/image\/","url":"https:\/\/elektro-kamleithner.hu\/wp-content\/uploads\/2024\/09\/elektro-white-001.svg","contentUrl":"https:\/\/elektro-kamleithner.hu\/wp-content\/uploads\/2024\/09\/elektro-white-001.svg","width":382,"height":131,"caption":"Elektro Kamleithner"},"image":{"@id":"https:\/\/elektro-kamleithner.hu\/#\/schema\/logo\/image\/"},"sameAs":["https:\/\/www.facebook.com\/ElektroKamleithnerKft\/","https:\/\/www.youtube.com\/channel\/UCdDdwY5NIU2nmN9MjvqnFqg","https:\/\/www.instagram.com\/berker.hu\/"]},{"@type":"Person","@id":"https:\/\/elektro-kamleithner.hu\/#\/schema\/person\/6bee347fe0f99bcff222317c89ff8c51","name":"Balogh Zolt\u00e1n","image":{"@type":"ImageObject","inLanguage":"en-GB","@id":"https:\/\/secure.gravatar.com\/avatar\/83c725ba6ed0c327cf067a335b7156b3cb23f8585104d5ab2cd7bc81e6b47877?s=96&d=mm&r=g","url":"https:\/\/secure.gravatar.com\/avatar\/83c725ba6ed0c327cf067a335b7156b3cb23f8585104d5ab2cd7bc81e6b47877?s=96&d=mm&r=g","contentUrl":"https:\/\/secure.gravatar.com\/avatar\/83c725ba6ed0c327cf067a335b7156b3cb23f8585104d5ab2cd7bc81e6b47877?s=96&d=mm&r=g","caption":"Balogh Zolt\u00e1n"},"url":"https:\/\/elektro-kamleithner.hu\/en\/author\/admin\/"}]}},"_links":{"self":[{"href":"https:\/\/elektro-kamleithner.hu\/en\/wp-json\/wp\/v2\/posts\/7151","targetHints":{"allow":["GET"]}}],"collection":[{"href":"https:\/\/elektro-kamleithner.hu\/en\/wp-json\/wp\/v2\/posts"}],"about":[{"href":"https:\/\/elektro-kamleithner.hu\/en\/wp-json\/wp\/v2\/types\/post"}],"author":[{"embeddable":true,"href":"https:\/\/elektro-kamleithner.hu\/en\/wp-json\/wp\/v2\/users\/2"}],"replies":[{"embeddable":true,"href":"https:\/\/elektro-kamleithner.hu\/en\/wp-json\/wp\/v2\/comments?post=7151"}],"version-history":[{"count":1,"href":"https:\/\/elektro-kamleithner.hu\/en\/wp-json\/wp\/v2\/posts\/7151\/revisions"}],"predecessor-version":[{"id":8711,"href":"https:\/\/elektro-kamleithner.hu\/en\/wp-json\/wp\/v2\/posts\/7151\/revisions\/8711"}],"wp:featuredmedia":[{"embeddable":true,"href":"https:\/\/elektro-kamleithner.hu\/en\/wp-json\/wp\/v2\/media\/8704"}],"wp:attachment":[{"href":"https:\/\/elektro-kamleithner.hu\/en\/wp-json\/wp\/v2\/media?parent=7151"}],"wp:term":[{"taxonomy":"category","embeddable":true,"href":"https:\/\/elektro-kamleithner.hu\/en\/wp-json\/wp\/v2\/categories?post=7151"},{"taxonomy":"post_tag","embeddable":true,"href":"https:\/\/elektro-kamleithner.hu\/en\/wp-json\/wp\/v2\/tags?post=7151"}],"curies":[{"name":"wp","href":"https:\/\/api.w.org\/{rel}","templated":true}]}}