{"id":7067,"date":"2021-11-24T10:27:22","date_gmt":"2021-11-24T09:27:22","guid":{"rendered":"https:\/\/evernox.hu\/termekbemutato-dimax-544-plus-p-dimmer\/"},"modified":"2026-01-28T16:24:17","modified_gmt":"2026-01-28T15:24:17","slug":"termekbemutato-dimax-544-plus-p-dimmer","status":"publish","type":"post","link":"https:\/\/elektro-kamleithner.hu\/en\/termekbemutato-dimax-544-plus-p-dimmer\/","title":{"rendered":"Term\u00e9kbemutat\u00f3: DIMAX 544 plus P dimmer"},"content":{"rendered":"<h5>Egyszer\u0171en telep\u00edthet\u0151, applik\u00e1ci\u00f3val vez\u00e9rlehet\u0151, t\u00f6k\u00e9letes a LED-ekhez is: DIMAX 544 plus P szabv\u00e1nyos szerelv\u00e9nydobozba szerelhet\u0151, univerz\u00e1lis f\u00e9nyer\u0151szab\u00e1lyz\u00f3<\/h5>\n<p>A Theben \u00fajdons\u00e1ga a DIMAX 544 plus P szerelv\u00e9nydobozba s\u00fcllyeszthet\u0151 univerz\u00e1lis f\u00e9nyer\u0151szab\u00e1lyz\u00f3. Kompakt kialak\u00edt\u00e1sa jelent\u0151sen megk\u00f6nny\u00edti a telep\u00edt\u00e9st. Az integr\u00e1lt Bluetooth technol\u00f3gia seg\u00edts\u00e9g\u00e9vel k\u00e9nyelmesen kezelhet\u0151 t\u00e1blag\u00e9pekr\u0151l \u00e9s okostelefonokr\u00f3l (iOS, Android) a MAXplus alkalmaz\u00e1son kereszt\u00fcl. Emellett ezeket a dimmereket a LED-ek szab\u00e1lyz\u00e1s\u00e1ra is optimaliz\u00e1lt\u00e1k.<\/p>\n<h4>A DIMAX 544 plus P s\u00fcllyesztett univerz\u00e1lis f\u00e9nyer\u0151szab\u00e1lyz\u00f3k legfontosabb jellemz\u0151i:<\/h4>\n<h3>K\u00f6nny\u0171 telep\u00edt\u00e9s:<\/h3>\n<p>A rendk\u00edv\u00fcl kompakt kialak\u00edt\u00e1snak k\u00f6sz\u00f6nhet\u0151en (44,4 x 44,4 x 20 mm)<\/p>\n<h3>Applik\u00e1ci\u00f3val vez\u00e9rlehet\u0151:<\/h3>\n<p>A vil\u00e1g\u00edt\u00e1si k\u00e9pek, a f\u00e9nyer\u0151 \u00e9rt\u00e9kek, a l\u00e9pcs\u0151h\u00e1zi vil\u00e1g\u00edt\u00e1s \u00e9s a szundi funkci\u00f3k, stb k\u00e9nyelmes be\u00e1ll\u00edt\u00e1sa<\/p>\n<h3>Terhel\u00e9s felismer\u00e9s<\/h3>\n<p>R, L \u00e9s C t\u00edpus\u00fa fogyaszt\u00f3kn\u00e1l.<br \/>\nSzell\u0151ztet\u0151 rendszerek vez\u00e9rl\u00e9s\u00e9hez<\/p>\n<h3>\u00c9breszt\u0151 l\u00e1mpa:<\/h3>\n<p>A f\u00e9nyer\u0151 fokozatosan n\u00f6velhet\u0151 a megadott \u00e9breszt\u00e9si id\u0151pontokban (okostelefon seg\u00edts\u00e9g\u00e9vel adhat\u00f3 meg az id\u0151pont)<\/p>\n<h3>T\u00f6k\u00e9letes LED-ekhez:<\/h3>\n<p>A minim\u00e1lis\/maxim\u00e1lis f\u00e9nyer\u0151, a bekapcsol\u00e1si f\u00e9nyer\u0151 \u00e9s a tomp\u00edt\u00e1si reakci\u00f3 konfigur\u00e1l\u00e1sa<\/p>\n<p><img decoding=\"async\" src=\"\\&quot;https:\/\/elektro-kamleithner.hu\/wp-content\/uploads\/2026\/01\/e-villamos-6.-jpg.jpgwp-content\/uploads\/2025\/12\/12-_DSC7322-scaled-1.jpgwp-content\/uploads\/2025\/11\/Nevtelen-terv-7.jpgwp-content\/uploads\/2019\/12\/DIMAX-544-plus-P-Header-1290x726-2-EN-1024x576.jpg\\&quot;\" sizes=\"\\&quot;(max-width:\" srcset=\"\\&quot;https:\/\/www.elektro-kamleithner.hu\/wp-content\/uploads\/2019\/12\/DIMAX-544-plus-P-Header-1290x726-2-EN-1024x576.jpg\" alt=\"\\&quot;\\&quot;\" width=\"\\&quot;1024\\&quot;\" height=\"\\&quot;576\\&quot;\" \/><\/p>\n<table>\n<thead>\n<tr>\n<td colspan=\"\\&quot;2\\&quot;\">\n<h3><\/h3>\n<h3><strong>Funkci\u00f3k<\/strong><strong><br \/>\n<\/strong><\/h3>\n<\/td>\n<td><strong><br \/>\n<\/strong><strong><br \/>\n<\/strong><strong>\u00a0 541 plus E \u00a0 <\/strong><\/td>\n<td><strong><br \/>\n<\/strong><strong><br \/>\n<\/strong><strong>\u00a0 542 plus S \u00a0 <\/strong><\/td>\n<td><strong><br \/>\n<\/strong><strong><br \/>\n<\/strong><strong>\u00a0 544 plus P \u00a0 <\/strong><\/td>\n<\/tr>\n<\/thead>\n<tbody>\n<tr>\n<td><img decoding=\"async\" src=\"\\&quot;https:\/\/elektro-kamleithner.hu\/wp-content\/uploads\/2026\/01\/e-villamos-6.-jpg.jpgwp-content\/uploads\/2025\/12\/12-_DSC7322-scaled-1.jpgwp-content\/uploads\/2025\/11\/Nevtelen-terv-7.jpgwp-content\/uploads\/2019\/12\/ikon1.jpg\\&quot;\" alt=\"\\&quot;\\&quot;\" width=\"\\&quot;100\\&quot;\" height=\"\\&quot;100\\&quot;\" \/><\/td>\n<td><strong>\u00a0 Kompakt h\u00e1z<\/strong><br \/>\nA szerel\u0151dobozba k\u00f6nnyen beszerelhet\u0151<\/td>\n<td>\u00a0 \u25cf<\/td>\n<td>\u00a0 \u25cf<\/td>\n<td>\u00a0 \u25cf<\/td>\n<\/tr>\n<tr>\n<td><img decoding=\"async\" src=\"\\&quot;https:\/\/elektro-kamleithner.hu\/wp-content\/uploads\/2026\/01\/e-villamos-6.-jpg.jpgwp-content\/uploads\/2025\/12\/12-_DSC7322-scaled-1.jpgwp-content\/uploads\/2025\/11\/Nevtelen-terv-7.jpgwp-content\/uploads\/2019\/12\/led1.jpg\\&quot;\" alt=\"\\&quot;\\&quot;\" width=\"\\&quot;100\\&quot;\" height=\"\\&quot;100\\&quot;\" \/><\/td>\n<td><strong>\u00a0\u00a0 Optim\u00e1lis a LED-ekhez<\/strong><br \/>\nAz kapcsol\u00e1s null\u00e1tmenetben t\u00f6rt\u00e9nik, \u00edgy optimaliz\u00e1lva a m\u0171k\u00f6d\u00e9st.<\/td>\n<td>\u00a0 \u25cf<\/td>\n<td>\u00a0 \u25cf<\/td>\n<td>\u00a0 \u25cf<\/td>\n<\/tr>\n<tr>\n<td><img decoding=\"async\" src=\"\\&quot;https:\/\/elektro-kamleithner.hu\/wp-content\/uploads\/2026\/01\/e-villamos-6.-jpg.jpgwp-content\/uploads\/2025\/12\/12-_DSC7322-scaled-1.jpgwp-content\/uploads\/2025\/11\/Nevtelen-terv-7.jpgwp-content\/uploads\/2019\/12\/memoria.jpg\\&quot;\" alt=\"\\&quot;\\&quot;\" width=\"\\&quot;100\\&quot;\" height=\"\\&quot;100\\&quot;\" \/><\/td>\n<td><strong>\u00a0\u00a0 Praktikus mem\u00f3ria funkci\u00f3<\/strong><br \/>\nMenti a legut\u00f3bb be\u00e1ll\u00edtott f\u00e9nyszint-\u00e9rt\u00e9ket<\/td>\n<td>\u00a0 \u25cf<\/td>\n<td>\u00a0 <strong>\u25cf<\/strong><\/td>\n<td>\u00a0 <strong>\u25cf<\/strong><\/td>\n<\/tr>\n<tr>\n<td><img decoding=\"async\" src=\"\\&quot;https:\/\/elektro-kamleithner.hu\/wp-content\/uploads\/2026\/01\/e-villamos-6.-jpg.jpgwp-content\/uploads\/2025\/12\/12-_DSC7322-scaled-1.jpgwp-content\/uploads\/2025\/11\/Nevtelen-terv-7.jpgwp-content\/uploads\/2019\/12\/szellozes_ikon.png\\&quot;\" alt=\"\\&quot;\\&quot;\" width=\"\\&quot;100\\&quot;\" height=\"\\&quot;100\\&quot;\" \/><\/td>\n<td><strong>\u00a0\u00a0 Automatikus terhel\u00e9s felismer\u00e9s <\/strong><strong>\u00a0R, L \u00e9s C t\u00edpus\u00fa fogyaszt\u00f3khoz<\/strong><br \/>\nSzell\u0151ztet\u0151 rendszerek vez\u00e9rl\u00e9s\u00e9hez<\/td>\n<td>\u00a0 \u25cf<\/td>\n<td>\u00a0 \u25cf<\/td>\n<td>\u00a0 \u25cf<\/td>\n<\/tr>\n<tr>\n<td><img decoding=\"async\" src=\"\\&quot;https:\/\/elektro-kamleithner.hu\/wp-content\/uploads\/2026\/01\/e-villamos-6.-jpg.jpgwp-content\/uploads\/2025\/12\/12-_DSC7322-scaled-1.jpgwp-content\/uploads\/2025\/11\/Nevtelen-terv-7.jpgwp-content\/uploads\/2019\/12\/agy_ikon.png\\&quot;\" alt=\"\\&quot;\\&quot;\" width=\"\\&quot;100\\&quot;\" height=\"\\&quot;100\\&quot;\" \/><\/td>\n<td><strong>\u00a0 \u00a0K\u00e9nyelmes szundi funkci\u00f3<\/strong><br \/>\nA b\u00e9k\u00e9s \u00e1lom\u00e9rt<\/td>\n<td>\u00a0 \u25cf<\/td>\n<td>\u00a0 \u25cf<\/td>\n<td>\u00a0 \u25cf<\/td>\n<\/tr>\n<tr>\n<td><img decoding=\"async\" src=\"\\&quot;https:\/\/elektro-kamleithner.hu\/wp-content\/uploads\/2026\/01\/e-villamos-6.-jpg.jpgwp-content\/uploads\/2025\/12\/12-_DSC7322-scaled-1.jpgwp-content\/uploads\/2025\/11\/Nevtelen-terv-7.jpgwp-content\/uploads\/2019\/12\/led_ikon.png\\&quot;\" alt=\"\\&quot;\\&quot;\" width=\"\\&quot;100\\&quot;\" height=\"\\&quot;100\\&quot;\" \/><\/td>\n<td><strong>\u00a0\u00a0 Konfigur\u00e1lhat\u00f3 szab\u00e1lyoz\u00e1si g\u00f6rbe<\/strong><strong>\u00a0\u00a0 <\/strong><br \/>\nKiv\u00e1l\u00f3an alkalmas LED-ek szab\u00e1lyz\u00e1s\u00e1hoz<\/td>\n<td><\/td>\n<td>\u00a0 \u25cf<\/td>\n<td>\u00a0 <strong>\u25cf<\/strong><\/td>\n<\/tr>\n<tr>\n<td><img decoding=\"async\" src=\"\\&quot;https:\/\/elektro-kamleithner.hu\/wp-content\/uploads\/2026\/01\/e-villamos-6.-jpg.jpgwp-content\/uploads\/2025\/12\/12-_DSC7322-scaled-1.jpgwp-content\/uploads\/2025\/11\/Nevtelen-terv-7.jpgwp-content\/uploads\/2019\/12\/jelszo_ikon.png\\&quot;\" alt=\"\\&quot;\\&quot;\" width=\"\\&quot;100\\&quot;\" height=\"\\&quot;100\\&quot;\" \/><\/td>\n<td><strong>\u00a0 <\/strong>\u00a0 <strong>Jelszavas v\u00e9delem<\/strong><br \/>\nMegakad\u00e1lyozza az eszk\u00f6zeihez val\u00f3 jogosulatlan hozz\u00e1f\u00e9r\u00e9st<\/td>\n<td><\/td>\n<td><\/td>\n<td>\u00a0 \u25cf<\/td>\n<\/tr>\n<tr>\n<td><img decoding=\"async\" src=\"\\&quot;https:\/\/elektro-kamleithner.hu\/wp-content\/uploads\/2026\/01\/e-villamos-6.-jpg.jpgwp-content\/uploads\/2025\/12\/12-_DSC7322-scaled-1.jpgwp-content\/uploads\/2025\/11\/Nevtelen-terv-7.jpgwp-content\/uploads\/2019\/12\/tablet_ikon.png\\&quot;\" alt=\"\\&quot;\\&quot;\" width=\"\\&quot;100\\&quot;\" height=\"\\&quot;100\\&quot;\" \/><\/td>\n<td><strong>\u00a0\u00a0\u00a0 Android \u00e9s iOS<\/strong> <strong>applik\u00e1ci\u00f3<\/strong><br \/>\nK\u00e9nyelmes kezel\u00e9s az alkalmaz\u00e1son kereszt\u00fcl<\/td>\n<td><\/td>\n<td><\/td>\n<td>\u00a0 \u25cf<\/td>\n<\/tr>\n<tr>\n<td><img decoding=\"async\" src=\"\\&quot;https:\/\/elektro-kamleithner.hu\/wp-content\/uploads\/2026\/01\/e-villamos-6.-jpg.jpgwp-content\/uploads\/2025\/12\/12-_DSC7322-scaled-1.jpgwp-content\/uploads\/2025\/11\/Nevtelen-terv-7.jpgwp-content\/uploads\/2019\/12\/scenario_ikon.png\\&quot;\" alt=\"\\&quot;\\&quot;\" width=\"\\&quot;100\\&quot;\" height=\"\\&quot;100\\&quot;\" \/><\/td>\n<td><strong>\u00a0 \u00a0 Egyedi vil\u00e1g\u00edt\u00e1si k\u00e9pek<\/strong><br \/>\nEgyszer\u0171en be\u00e1ll\u00edthat\u00f3 \u00e9s aktiv\u00e1lhat\u00f3 okostelefonon kereszt\u00fcl<\/td>\n<td><\/td>\n<td><\/td>\n<td>\u00a0 \u25cf<\/td>\n<\/tr>\n<tr>\n<td><img decoding=\"async\" src=\"\\&quot;https:\/\/elektro-kamleithner.hu\/wp-content\/uploads\/2026\/01\/e-villamos-6.-jpg.jpgwp-content\/uploads\/2025\/12\/12-_DSC7322-scaled-1.jpgwp-content\/uploads\/2025\/11\/Nevtelen-terv-7.jpgwp-content\/uploads\/2019\/12\/lepcso_ikon.png\\&quot;\" alt=\"\\&quot;\\&quot;\" width=\"\\&quot;100\\&quot;\" height=\"\\&quot;100\\&quot;\" \/><\/td>\n<td><strong>\u00a0 \u00a0 \u00c1ll\u00edthat\u00f3 l\u00e9pcs\u0151h\u00e1zi vil\u00e1g\u00edt\u00e1s funkci\u00f3<\/strong><br \/>\nEl\u0151zetes kikapcsol\u00e1s-figyelmeztet\u00e9ssel<\/td>\n<td><\/td>\n<td><\/td>\n<td>\u00a0 \u25cf<\/td>\n<\/tr>\n<\/tbody>\n<\/table>\n<p><img decoding=\"async\" src=\"\\&quot;https:\/\/elektro-kamleithner.hu\/wp-content\/uploads\/2026\/01\/e-villamos-6.-jpg.jpgwp-content\/uploads\/2025\/12\/12-_DSC7322-scaled-1.jpgwp-content\/uploads\/2025\/11\/Nevtelen-terv-7.jpgwp-content\/uploads\/2019\/12\/DIMAX-544-plus-P-Header-1290x726-3-EN-1024x576.jpg\\&quot;\" sizes=\"\\&quot;(max-width:\" srcset=\"\\&quot;https:\/\/www.elektro-kamleithner.hu\/wp-content\/uploads\/2019\/12\/DIMAX-544-plus-P-Header-1290x726-3-EN-1024x576.jpg\" alt=\"\\&quot;\\&quot;\" width=\"\\&quot;1024\\&quot;\" height=\"\\&quot;576\\&quot;\" \/><\/p>","protected":false},"excerpt":{"rendered":"<p>Egyszer\u0171en telep\u00edthet\u0151, applik\u00e1ci\u00f3val vez\u00e9rlehet\u0151, t\u00f6k\u00e9letes a LED-ekhez is: DIMAX 544 plus P szabv\u00e1nyos szerelv\u00e9nydobozba szerelhet\u0151, univerz\u00e1lis f\u00e9nyer\u0151szab\u00e1lyz\u00f3 A Theben \u00fajdons\u00e1ga [&hellip;]<\/p>\n","protected":false},"author":2,"featured_media":8740,"comment_status":"closed","ping_status":"open","sticky":false,"template":"","format":"standard","meta":{"_acf_changed":false,"site-sidebar-layout":"default","site-content-layout":"default","ast-site-content-layout":"default","site-content-style":"default","site-sidebar-style":"default","ast-global-header-display":"","ast-banner-title-visibility":"","ast-main-header-display":"","ast-hfb-above-header-display":"","ast-hfb-below-header-display":"","ast-hfb-mobile-header-display":"","site-post-title":"","ast-breadcrumbs-content":"","ast-featured-img":"","footer-sml-layout":"","ast-disable-related-posts":"","theme-transparent-header-meta":"default","adv-header-id-meta":"","stick-header-meta":"default","header-above-stick-meta":"","header-main-stick-meta":"","header-below-stick-meta":"","astra-migrate-meta-layouts":"set","ast-page-background-enabled":"default","ast-page-background-meta":{"desktop":{"background-color":"var(--ast-global-color-4)","background-image":"","background-repeat":"repeat","background-position":"center center","background-size":"auto","background-attachment":"scroll","background-type":"","background-media":"","overlay-type":"","overlay-color":"","overlay-opacity":"","overlay-gradient":""},"tablet":{"background-color":"","background-image":"","background-repeat":"repeat","background-position":"center center","background-size":"auto","background-attachment":"scroll","background-type":"","background-media":"","overlay-type":"","overlay-color":"","overlay-opacity":"","overlay-gradient":""},"mobile":{"background-color":"","background-image":"","background-repeat":"repeat","background-position":"center center","background-size":"auto","background-attachment":"scroll","background-type":"","background-media":"","overlay-type":"","overlay-color":"","overlay-opacity":"","overlay-gradient":""}},"ast-content-background-meta":{"desktop":{"background-color":"var(--ast-global-color-5)","background-image":"","background-repeat":"repeat","background-position":"center center","background-size":"auto","background-attachment":"scroll","background-type":"","background-media":"","overlay-type":"","overlay-color":"","overlay-opacity":"","overlay-gradient":""},"tablet":{"background-color":"var(--ast-global-color-5)","background-image":"","background-repeat":"repeat","background-position":"center center","background-size":"auto","background-attachment":"scroll","background-type":"","background-media":"","overlay-type":"","overlay-color":"","overlay-opacity":"","overlay-gradient":""},"mobile":{"background-color":"var(--ast-global-color-5)","background-image":"","background-repeat":"repeat","background-position":"center center","background-size":"auto","background-attachment":"scroll","background-type":"","background-media":"","overlay-type":"","overlay-color":"","overlay-opacity":"","overlay-gradient":""}},"footnotes":""},"categories":[1],"tags":[],"class_list":["post-7067","post","type-post","status-publish","format-standard","has-post-thumbnail","hentry","category-blog"],"acf":[],"yoast_head":"<!-- This site is optimized with the Yoast SEO plugin v28.3 - https:\/\/yoast.com\/product\/yoast-seo-wordpress\/ -->\n<title>Term\u00e9kbemutat\u00f3: DIMAX 544 plus P dimmer - Elektro Kamleithner<\/title>\n<meta name=\"description\" content=\"DIMAX 544 plus P szabv\u00e1nyos szerelv\u00e9nydobozba szerelhet\u0151 f\u00e9nyer\u0151szab\u00e1lyz\u00f3. Egyszer\u0171en telep\u00edthet\u0151, applik\u00e1ci\u00f3val vez\u00e9rlehet\u0151, t\u00f6k\u00e9letes a LED-ekhez is.\" \/>\n<meta name=\"robots\" content=\"index, follow, max-snippet:-1, max-image-preview:large, max-video-preview:-1\" \/>\n<link rel=\"canonical\" href=\"https:\/\/elektro-kamleithner.hu\/en\/termekbemutato-dimax-544-plus-p-dimmer\/\" \/>\n<meta property=\"og:locale\" content=\"en_GB\" \/>\n<meta property=\"og:type\" content=\"article\" \/>\n<meta property=\"og:title\" content=\"Term\u00e9kbemutat\u00f3: DIMAX 544 plus P dimmer - Elektro Kamleithner\" \/>\n<meta property=\"og:description\" content=\"DIMAX 544 plus P szabv\u00e1nyos szerelv\u00e9nydobozba szerelhet\u0151 f\u00e9nyer\u0151szab\u00e1lyz\u00f3. Egyszer\u0171en telep\u00edthet\u0151, applik\u00e1ci\u00f3val vez\u00e9rlehet\u0151, t\u00f6k\u00e9letes a LED-ekhez is.\" \/>\n<meta property=\"og:url\" content=\"https:\/\/elektro-kamleithner.hu\/en\/termekbemutato-dimax-544-plus-p-dimmer\/\" \/>\n<meta property=\"og:site_name\" content=\"Elektro Kamleithner\" \/>\n<meta property=\"article:publisher\" content=\"https:\/\/www.facebook.com\/ElektroKamleithnerKft\/\" \/>\n<meta property=\"article:published_time\" content=\"2021-11-24T09:27:22+00:00\" \/>\n<meta property=\"article:modified_time\" content=\"2026-01-28T15:24:17+00:00\" \/>\n<meta property=\"og:image\" content=\"https:\/\/elektro-kamleithner.hu\/wp-content\/uploads\/2021\/11\/DIMAX-544-plus-P-Header-1290x726-1-EN.jpg\" \/>\n\t<meta property=\"og:image:width\" content=\"1290\" \/>\n\t<meta property=\"og:image:height\" content=\"726\" \/>\n\t<meta property=\"og:image:type\" content=\"image\/jpeg\" \/>\n<meta name=\"author\" content=\"Balogh Zolt\u00e1n\" \/>\n<meta name=\"twitter:card\" content=\"summary_large_image\" \/>\n<meta name=\"twitter:label1\" content=\"Written by\" \/>\n\t<meta name=\"twitter:data1\" content=\"Balogh Zolt\u00e1n\" \/>\n\t<meta name=\"twitter:label2\" content=\"Estimated reading time\" \/>\n\t<meta name=\"twitter:data2\" content=\"4 minutes\" \/>\n<script type=\"application\/ld+json\" class=\"yoast-schema-graph\">{\"@context\":\"https:\\\/\\\/schema.org\",\"@graph\":[{\"@type\":\"Article\",\"@id\":\"https:\\\/\\\/elektro-kamleithner.hu\\\/termekbemutato-dimax-544-plus-p-dimmer\\\/#article\",\"isPartOf\":{\"@id\":\"https:\\\/\\\/elektro-kamleithner.hu\\\/termekbemutato-dimax-544-plus-p-dimmer\\\/\"},\"author\":{\"name\":\"Balogh Zolt\u00e1n\",\"@id\":\"https:\\\/\\\/elektro-kamleithner.hu\\\/#\\\/schema\\\/person\\\/6bee347fe0f99bcff222317c89ff8c51\"},\"headline\":\"Term\u00e9kbemutat\u00f3: DIMAX 544 plus P dimmer\",\"datePublished\":\"2021-11-24T09:27:22+00:00\",\"dateModified\":\"2026-01-28T15:24:17+00:00\",\"mainEntityOfPage\":{\"@id\":\"https:\\\/\\\/elektro-kamleithner.hu\\\/termekbemutato-dimax-544-plus-p-dimmer\\\/\"},\"wordCount\":412,\"publisher\":{\"@id\":\"https:\\\/\\\/elektro-kamleithner.hu\\\/#organization\"},\"image\":{\"@id\":\"https:\\\/\\\/elektro-kamleithner.hu\\\/termekbemutato-dimax-544-plus-p-dimmer\\\/#primaryimage\"},\"thumbnailUrl\":\"https:\\\/\\\/elektro-kamleithner.hu\\\/wp-content\\\/uploads\\\/2021\\\/11\\\/DIMAX-544-plus-P-Header-1290x726-1-EN.jpg\",\"articleSection\":[\"Blog\"],\"inLanguage\":\"en-GB\"},{\"@type\":\"WebPage\",\"@id\":\"https:\\\/\\\/elektro-kamleithner.hu\\\/termekbemutato-dimax-544-plus-p-dimmer\\\/\",\"url\":\"https:\\\/\\\/elektro-kamleithner.hu\\\/termekbemutato-dimax-544-plus-p-dimmer\\\/\",\"name\":\"Term\u00e9kbemutat\u00f3: DIMAX 544 plus P dimmer - Elektro Kamleithner\",\"isPartOf\":{\"@id\":\"https:\\\/\\\/elektro-kamleithner.hu\\\/#website\"},\"primaryImageOfPage\":{\"@id\":\"https:\\\/\\\/elektro-kamleithner.hu\\\/termekbemutato-dimax-544-plus-p-dimmer\\\/#primaryimage\"},\"image\":{\"@id\":\"https:\\\/\\\/elektro-kamleithner.hu\\\/termekbemutato-dimax-544-plus-p-dimmer\\\/#primaryimage\"},\"thumbnailUrl\":\"https:\\\/\\\/elektro-kamleithner.hu\\\/wp-content\\\/uploads\\\/2021\\\/11\\\/DIMAX-544-plus-P-Header-1290x726-1-EN.jpg\",\"datePublished\":\"2021-11-24T09:27:22+00:00\",\"dateModified\":\"2026-01-28T15:24:17+00:00\",\"description\":\"DIMAX 544 plus P szabv\u00e1nyos szerelv\u00e9nydobozba szerelhet\u0151 f\u00e9nyer\u0151szab\u00e1lyz\u00f3. Egyszer\u0171en telep\u00edthet\u0151, applik\u00e1ci\u00f3val vez\u00e9rlehet\u0151, t\u00f6k\u00e9letes a LED-ekhez is.\",\"breadcrumb\":{\"@id\":\"https:\\\/\\\/elektro-kamleithner.hu\\\/termekbemutato-dimax-544-plus-p-dimmer\\\/#breadcrumb\"},\"inLanguage\":\"en-GB\",\"potentialAction\":[{\"@type\":\"ReadAction\",\"target\":[\"https:\\\/\\\/elektro-kamleithner.hu\\\/termekbemutato-dimax-544-plus-p-dimmer\\\/\"]}]},{\"@type\":\"ImageObject\",\"inLanguage\":\"en-GB\",\"@id\":\"https:\\\/\\\/elektro-kamleithner.hu\\\/termekbemutato-dimax-544-plus-p-dimmer\\\/#primaryimage\",\"url\":\"https:\\\/\\\/elektro-kamleithner.hu\\\/wp-content\\\/uploads\\\/2021\\\/11\\\/DIMAX-544-plus-P-Header-1290x726-1-EN.jpg\",\"contentUrl\":\"https:\\\/\\\/elektro-kamleithner.hu\\\/wp-content\\\/uploads\\\/2021\\\/11\\\/DIMAX-544-plus-P-Header-1290x726-1-EN.jpg\",\"width\":1290,\"height\":726,\"caption\":\"DIMAX 544 plus P Header 1290x726 1 EN\"},{\"@type\":\"BreadcrumbList\",\"@id\":\"https:\\\/\\\/elektro-kamleithner.hu\\\/termekbemutato-dimax-544-plus-p-dimmer\\\/#breadcrumb\",\"itemListElement\":[{\"@type\":\"ListItem\",\"position\":1,\"name\":\"Kezd\u0151lap\",\"item\":\"https:\\\/\\\/elektro-kamleithner.hu\\\/\"},{\"@type\":\"ListItem\",\"position\":2,\"name\":\"Term\u00e9kbemutat\u00f3: DIMAX 544 plus P dimmer\"}]},{\"@type\":\"WebSite\",\"@id\":\"https:\\\/\\\/elektro-kamleithner.hu\\\/#website\",\"url\":\"https:\\\/\\\/elektro-kamleithner.hu\\\/\",\"name\":\"Elektro Kamleithner\",\"description\":\"Elektro Kamleithner\",\"publisher\":{\"@id\":\"https:\\\/\\\/elektro-kamleithner.hu\\\/#organization\"},\"potentialAction\":[{\"@type\":\"SearchAction\",\"target\":{\"@type\":\"EntryPoint\",\"urlTemplate\":\"https:\\\/\\\/elektro-kamleithner.hu\\\/?s={search_term_string}\"},\"query-input\":{\"@type\":\"PropertyValueSpecification\",\"valueRequired\":true,\"valueName\":\"search_term_string\"}}],\"inLanguage\":\"en-GB\"},{\"@type\":\"Organization\",\"@id\":\"https:\\\/\\\/elektro-kamleithner.hu\\\/#organization\",\"name\":\"Elektro Kamleithner\",\"url\":\"https:\\\/\\\/elektro-kamleithner.hu\\\/\",\"logo\":{\"@type\":\"ImageObject\",\"inLanguage\":\"en-GB\",\"@id\":\"https:\\\/\\\/elektro-kamleithner.hu\\\/#\\\/schema\\\/logo\\\/image\\\/\",\"url\":\"https:\\\/\\\/elektro-kamleithner.hu\\\/wp-content\\\/uploads\\\/2024\\\/09\\\/elektro-white-001.svg\",\"contentUrl\":\"https:\\\/\\\/elektro-kamleithner.hu\\\/wp-content\\\/uploads\\\/2024\\\/09\\\/elektro-white-001.svg\",\"width\":382,\"height\":131,\"caption\":\"Elektro Kamleithner\"},\"image\":{\"@id\":\"https:\\\/\\\/elektro-kamleithner.hu\\\/#\\\/schema\\\/logo\\\/image\\\/\"},\"sameAs\":[\"https:\\\/\\\/www.facebook.com\\\/ElektroKamleithnerKft\\\/\",\"https:\\\/\\\/www.youtube.com\\\/channel\\\/UCdDdwY5NIU2nmN9MjvqnFqg\",\"https:\\\/\\\/www.instagram.com\\\/berker.hu\\\/\"]},{\"@type\":\"Person\",\"@id\":\"https:\\\/\\\/elektro-kamleithner.hu\\\/#\\\/schema\\\/person\\\/6bee347fe0f99bcff222317c89ff8c51\",\"name\":\"Balogh Zolt\u00e1n\",\"image\":{\"@type\":\"ImageObject\",\"inLanguage\":\"en-GB\",\"@id\":\"https:\\\/\\\/secure.gravatar.com\\\/avatar\\\/83c725ba6ed0c327cf067a335b7156b3cb23f8585104d5ab2cd7bc81e6b47877?s=96&d=mm&r=g\",\"url\":\"https:\\\/\\\/secure.gravatar.com\\\/avatar\\\/83c725ba6ed0c327cf067a335b7156b3cb23f8585104d5ab2cd7bc81e6b47877?s=96&d=mm&r=g\",\"contentUrl\":\"https:\\\/\\\/secure.gravatar.com\\\/avatar\\\/83c725ba6ed0c327cf067a335b7156b3cb23f8585104d5ab2cd7bc81e6b47877?s=96&d=mm&r=g\",\"caption\":\"Balogh Zolt\u00e1n\"},\"url\":\"https:\\\/\\\/elektro-kamleithner.hu\\\/en\\\/author\\\/admin\\\/\"}]}<\/script>\n<!-- \/ Yoast SEO plugin. -->","yoast_head_json":{"title":"Term\u00e9kbemutat\u00f3: DIMAX 544 plus P dimmer - Elektro Kamleithner","description":"DIMAX 544 plus P szabv\u00e1nyos szerelv\u00e9nydobozba szerelhet\u0151 f\u00e9nyer\u0151szab\u00e1lyz\u00f3. Egyszer\u0171en telep\u00edthet\u0151, applik\u00e1ci\u00f3val vez\u00e9rlehet\u0151, t\u00f6k\u00e9letes a LED-ekhez is.","robots":{"index":"index","follow":"follow","max-snippet":"max-snippet:-1","max-image-preview":"max-image-preview:large","max-video-preview":"max-video-preview:-1"},"canonical":"https:\/\/elektro-kamleithner.hu\/en\/termekbemutato-dimax-544-plus-p-dimmer\/","og_locale":"en_GB","og_type":"article","og_title":"Term\u00e9kbemutat\u00f3: DIMAX 544 plus P dimmer - Elektro Kamleithner","og_description":"DIMAX 544 plus P szabv\u00e1nyos szerelv\u00e9nydobozba szerelhet\u0151 f\u00e9nyer\u0151szab\u00e1lyz\u00f3. Egyszer\u0171en telep\u00edthet\u0151, applik\u00e1ci\u00f3val vez\u00e9rlehet\u0151, t\u00f6k\u00e9letes a LED-ekhez is.","og_url":"https:\/\/elektro-kamleithner.hu\/en\/termekbemutato-dimax-544-plus-p-dimmer\/","og_site_name":"Elektro Kamleithner","article_publisher":"https:\/\/www.facebook.com\/ElektroKamleithnerKft\/","article_published_time":"2021-11-24T09:27:22+00:00","article_modified_time":"2026-01-28T15:24:17+00:00","og_image":[{"width":1290,"height":726,"url":"https:\/\/elektro-kamleithner.hu\/wp-content\/uploads\/2021\/11\/DIMAX-544-plus-P-Header-1290x726-1-EN.jpg","type":"image\/jpeg"}],"author":"Balogh Zolt\u00e1n","twitter_card":"summary_large_image","twitter_misc":{"Written by":"Balogh Zolt\u00e1n","Estimated reading time":"4 minutes"},"schema":{"@context":"https:\/\/schema.org","@graph":[{"@type":"Article","@id":"https:\/\/elektro-kamleithner.hu\/termekbemutato-dimax-544-plus-p-dimmer\/#article","isPartOf":{"@id":"https:\/\/elektro-kamleithner.hu\/termekbemutato-dimax-544-plus-p-dimmer\/"},"author":{"name":"Balogh Zolt\u00e1n","@id":"https:\/\/elektro-kamleithner.hu\/#\/schema\/person\/6bee347fe0f99bcff222317c89ff8c51"},"headline":"Term\u00e9kbemutat\u00f3: DIMAX 544 plus P dimmer","datePublished":"2021-11-24T09:27:22+00:00","dateModified":"2026-01-28T15:24:17+00:00","mainEntityOfPage":{"@id":"https:\/\/elektro-kamleithner.hu\/termekbemutato-dimax-544-plus-p-dimmer\/"},"wordCount":412,"publisher":{"@id":"https:\/\/elektro-kamleithner.hu\/#organization"},"image":{"@id":"https:\/\/elektro-kamleithner.hu\/termekbemutato-dimax-544-plus-p-dimmer\/#primaryimage"},"thumbnailUrl":"https:\/\/elektro-kamleithner.hu\/wp-content\/uploads\/2021\/11\/DIMAX-544-plus-P-Header-1290x726-1-EN.jpg","articleSection":["Blog"],"inLanguage":"en-GB"},{"@type":"WebPage","@id":"https:\/\/elektro-kamleithner.hu\/termekbemutato-dimax-544-plus-p-dimmer\/","url":"https:\/\/elektro-kamleithner.hu\/termekbemutato-dimax-544-plus-p-dimmer\/","name":"Term\u00e9kbemutat\u00f3: DIMAX 544 plus P dimmer - Elektro Kamleithner","isPartOf":{"@id":"https:\/\/elektro-kamleithner.hu\/#website"},"primaryImageOfPage":{"@id":"https:\/\/elektro-kamleithner.hu\/termekbemutato-dimax-544-plus-p-dimmer\/#primaryimage"},"image":{"@id":"https:\/\/elektro-kamleithner.hu\/termekbemutato-dimax-544-plus-p-dimmer\/#primaryimage"},"thumbnailUrl":"https:\/\/elektro-kamleithner.hu\/wp-content\/uploads\/2021\/11\/DIMAX-544-plus-P-Header-1290x726-1-EN.jpg","datePublished":"2021-11-24T09:27:22+00:00","dateModified":"2026-01-28T15:24:17+00:00","description":"DIMAX 544 plus P szabv\u00e1nyos szerelv\u00e9nydobozba szerelhet\u0151 f\u00e9nyer\u0151szab\u00e1lyz\u00f3. Egyszer\u0171en telep\u00edthet\u0151, applik\u00e1ci\u00f3val vez\u00e9rlehet\u0151, t\u00f6k\u00e9letes a LED-ekhez is.","breadcrumb":{"@id":"https:\/\/elektro-kamleithner.hu\/termekbemutato-dimax-544-plus-p-dimmer\/#breadcrumb"},"inLanguage":"en-GB","potentialAction":[{"@type":"ReadAction","target":["https:\/\/elektro-kamleithner.hu\/termekbemutato-dimax-544-plus-p-dimmer\/"]}]},{"@type":"ImageObject","inLanguage":"en-GB","@id":"https:\/\/elektro-kamleithner.hu\/termekbemutato-dimax-544-plus-p-dimmer\/#primaryimage","url":"https:\/\/elektro-kamleithner.hu\/wp-content\/uploads\/2021\/11\/DIMAX-544-plus-P-Header-1290x726-1-EN.jpg","contentUrl":"https:\/\/elektro-kamleithner.hu\/wp-content\/uploads\/2021\/11\/DIMAX-544-plus-P-Header-1290x726-1-EN.jpg","width":1290,"height":726,"caption":"DIMAX 544 plus P Header 1290x726 1 EN"},{"@type":"BreadcrumbList","@id":"https:\/\/elektro-kamleithner.hu\/termekbemutato-dimax-544-plus-p-dimmer\/#breadcrumb","itemListElement":[{"@type":"ListItem","position":1,"name":"Kezd\u0151lap","item":"https:\/\/elektro-kamleithner.hu\/"},{"@type":"ListItem","position":2,"name":"Term\u00e9kbemutat\u00f3: DIMAX 544 plus P dimmer"}]},{"@type":"WebSite","@id":"https:\/\/elektro-kamleithner.hu\/#website","url":"https:\/\/elektro-kamleithner.hu\/","name":"Elektro Kamleithner","description":"Elektro Kamleithner","publisher":{"@id":"https:\/\/elektro-kamleithner.hu\/#organization"},"potentialAction":[{"@type":"SearchAction","target":{"@type":"EntryPoint","urlTemplate":"https:\/\/elektro-kamleithner.hu\/?s={search_term_string}"},"query-input":{"@type":"PropertyValueSpecification","valueRequired":true,"valueName":"search_term_string"}}],"inLanguage":"en-GB"},{"@type":"Organization","@id":"https:\/\/elektro-kamleithner.hu\/#organization","name":"Elektro Kamleithner","url":"https:\/\/elektro-kamleithner.hu\/","logo":{"@type":"ImageObject","inLanguage":"en-GB","@id":"https:\/\/elektro-kamleithner.hu\/#\/schema\/logo\/image\/","url":"https:\/\/elektro-kamleithner.hu\/wp-content\/uploads\/2024\/09\/elektro-white-001.svg","contentUrl":"https:\/\/elektro-kamleithner.hu\/wp-content\/uploads\/2024\/09\/elektro-white-001.svg","width":382,"height":131,"caption":"Elektro Kamleithner"},"image":{"@id":"https:\/\/elektro-kamleithner.hu\/#\/schema\/logo\/image\/"},"sameAs":["https:\/\/www.facebook.com\/ElektroKamleithnerKft\/","https:\/\/www.youtube.com\/channel\/UCdDdwY5NIU2nmN9MjvqnFqg","https:\/\/www.instagram.com\/berker.hu\/"]},{"@type":"Person","@id":"https:\/\/elektro-kamleithner.hu\/#\/schema\/person\/6bee347fe0f99bcff222317c89ff8c51","name":"Balogh Zolt\u00e1n","image":{"@type":"ImageObject","inLanguage":"en-GB","@id":"https:\/\/secure.gravatar.com\/avatar\/83c725ba6ed0c327cf067a335b7156b3cb23f8585104d5ab2cd7bc81e6b47877?s=96&d=mm&r=g","url":"https:\/\/secure.gravatar.com\/avatar\/83c725ba6ed0c327cf067a335b7156b3cb23f8585104d5ab2cd7bc81e6b47877?s=96&d=mm&r=g","contentUrl":"https:\/\/secure.gravatar.com\/avatar\/83c725ba6ed0c327cf067a335b7156b3cb23f8585104d5ab2cd7bc81e6b47877?s=96&d=mm&r=g","caption":"Balogh Zolt\u00e1n"},"url":"https:\/\/elektro-kamleithner.hu\/en\/author\/admin\/"}]}},"_links":{"self":[{"href":"https:\/\/elektro-kamleithner.hu\/en\/wp-json\/wp\/v2\/posts\/7067","targetHints":{"allow":["GET"]}}],"collection":[{"href":"https:\/\/elektro-kamleithner.hu\/en\/wp-json\/wp\/v2\/posts"}],"about":[{"href":"https:\/\/elektro-kamleithner.hu\/en\/wp-json\/wp\/v2\/types\/post"}],"author":[{"embeddable":true,"href":"https:\/\/elektro-kamleithner.hu\/en\/wp-json\/wp\/v2\/users\/2"}],"replies":[{"embeddable":true,"href":"https:\/\/elektro-kamleithner.hu\/en\/wp-json\/wp\/v2\/comments?post=7067"}],"version-history":[{"count":1,"href":"https:\/\/elektro-kamleithner.hu\/en\/wp-json\/wp\/v2\/posts\/7067\/revisions"}],"predecessor-version":[{"id":8741,"href":"https:\/\/elektro-kamleithner.hu\/en\/wp-json\/wp\/v2\/posts\/7067\/revisions\/8741"}],"wp:featuredmedia":[{"embeddable":true,"href":"https:\/\/elektro-kamleithner.hu\/en\/wp-json\/wp\/v2\/media\/8740"}],"wp:attachment":[{"href":"https:\/\/elektro-kamleithner.hu\/en\/wp-json\/wp\/v2\/media?parent=7067"}],"wp:term":[{"taxonomy":"category","embeddable":true,"href":"https:\/\/elektro-kamleithner.hu\/en\/wp-json\/wp\/v2\/categories?post=7067"},{"taxonomy":"post_tag","embeddable":true,"href":"https:\/\/elektro-kamleithner.hu\/en\/wp-json\/wp\/v2\/tags?post=7067"}],"curies":[{"name":"wp","href":"https:\/\/api.w.org\/{rel}","templated":true}]}}