{"id":7062,"date":"2019-11-06T15:13:46","date_gmt":"2019-11-06T14:13:46","guid":{"rendered":"https:\/\/evernox.hu\/balogh-zoltan-a-losz-akademian\/"},"modified":"2026-02-11T13:09:01","modified_gmt":"2026-02-11T12:09:01","slug":"balogh-zoltan-a-losz-akademian","status":"publish","type":"post","link":"https:\/\/elektro-kamleithner.hu\/en\/balogh-zoltan-a-losz-akademian\/","title":{"rendered":"Balogh Zolt\u00e1n el\u0151ad\u00e1sa a LOSZ Akad\u00e9mi\u00e1n"},"content":{"rendered":"<p>Tegnap el\u0151ad\u00f3k\u00e9nt r\u00e9sztvett\u00fcnk a Lakberendez\u0151k Orsz\u00e1gos Sz\u00f6vets\u00e9ge \u00e1ltal szervezett LOSZ Akad\u00e9mia novemberi oktat\u00e1ski napj\u00e1n, amelyet \\&#8221;Okosh\u00e1zak A-Z-ig\\&#8221; c\u00edmmel tartottak. M\u00e1s, a szakm\u00e1b\u00f3l megh\u00edvott el\u0151ad\u00f3k mellett mi arra t\u00f6rekedt\u00fcnk, hogy lakberendez\u0151k sz\u00e1m\u00e1ra \u00e9rthet\u0151en, haszn\u00e1lhat\u00f3 form\u00e1ban adjuk \u00e1t tud\u00e1sunkat az okosotthonok ter\u00fclet\u00e9n.<\/p>\n<p>Azoknak a lakberendez\u0151knek, akik nem tudtak ott lenni a tegnapi napon, egy saj\u00e1t szervez\u00e9s\u0171 Okosotthon Cafe-val k\u00e9sz\u00fcl\u00f6nk: november 12.-\u00e9n, kedden Tak\u00e1ch-Batta Tibor lakberendez\u0151 vend\u00e9gel\u0151ad\u00e1s\u00e1val \u00e9s sok m\u00e1s hasznos inform\u00e1ci\u00f3val v\u00e1runk T\u00e9ged is!<\/p>\n<p>Regisztr\u00e1ci\u00f3:<br \/>\n<a href=\"\\&quot;https:\/\/elektro-kamleithner.hu\/wp-content\/uploads\/2026\/01\/e-villamos-6.-jpg.jpgwp-content\/uploads\/2025\/12\/12-_DSC7322-scaled-1.jpgwp-content\/uploads\/2025\/11\/Nevtelen-terv-7.jpgokosotthon-cafe-special-edition-lakberendezoknek\/\\&quot;\">https:\/\/elektro-kamleithner.hu\/wp-content\/uploads\/2026\/01\/e-villamos-6.-jpg.jpgwp-content\/uploads\/2025\/12\/12-_DSC7322-scaled-1.jpgwp-content\/uploads\/2025\/11\/Nevtelen-terv-7.jpgokosotthon-cafe-special-edition-lakberendezoknek\/<\/a><\/p>\n<p><iframe src=\"\\&quot;https:\/\/www.youtube.com\/embed\/GIcbmxYRzEc\\&quot;\" width=\"\\&quot;560\\&quot;\" height=\"\\&quot;315\\&quot;\" frameborder=\"\\&quot;0\\&quot;\" allowfullscreen=\"allowfullscreen\"><\/iframe><\/p>","protected":false},"excerpt":{"rendered":"<p>Tegnap el\u0151ad\u00f3k\u00e9nt r\u00e9sztvett\u00fcnk a Lakberendez\u0151k Orsz\u00e1gos Sz\u00f6vets\u00e9ge \u00e1ltal szervezett LOSZ Akad\u00e9mia novemberi oktat\u00e1ski napj\u00e1n, amelyet \\&#8221;Okosh\u00e1zak A-Z-ig\\&#8221; c\u00edmmel tartottak. M\u00e1s, [&hellip;]<\/p>\n","protected":false},"author":2,"featured_media":9360,"comment_status":"closed","ping_status":"open","sticky":false,"template":"","format":"standard","meta":{"_acf_changed":false,"site-sidebar-layout":"default","site-content-layout":"","ast-site-content-layout":"default","site-content-style":"default","site-sidebar-style":"default","ast-global-header-display":"","ast-banner-title-visibility":"","ast-main-header-display":"","ast-hfb-above-header-display":"","ast-hfb-below-header-display":"","ast-hfb-mobile-header-display":"","site-post-title":"","ast-breadcrumbs-content":"","ast-featured-img":"","footer-sml-layout":"","ast-disable-related-posts":"","theme-transparent-header-meta":"default","adv-header-id-meta":"","stick-header-meta":"","header-above-stick-meta":"","header-main-stick-meta":"","header-below-stick-meta":"","astra-migrate-meta-layouts":"set","ast-page-background-enabled":"default","ast-page-background-meta":{"desktop":{"background-color":"var(--ast-global-color-4)","background-image":"","background-repeat":"repeat","background-position":"center center","background-size":"auto","background-attachment":"scroll","background-type":"","background-media":"","overlay-type":"","overlay-color":"","overlay-opacity":"","overlay-gradient":""},"tablet":{"background-color":"","background-image":"","background-repeat":"repeat","background-position":"center center","background-size":"auto","background-attachment":"scroll","background-type":"","background-media":"","overlay-type":"","overlay-color":"","overlay-opacity":"","overlay-gradient":""},"mobile":{"background-color":"","background-image":"","background-repeat":"repeat","background-position":"center center","background-size":"auto","background-attachment":"scroll","background-type":"","background-media":"","overlay-type":"","overlay-color":"","overlay-opacity":"","overlay-gradient":""}},"ast-content-background-meta":{"desktop":{"background-color":"var(--ast-global-color-5)","background-image":"","background-repeat":"repeat","background-position":"center center","background-size":"auto","background-attachment":"scroll","background-type":"","background-media":"","overlay-type":"","overlay-color":"","overlay-opacity":"","overlay-gradient":""},"tablet":{"background-color":"var(--ast-global-color-5)","background-image":"","background-repeat":"repeat","background-position":"center center","background-size":"auto","background-attachment":"scroll","background-type":"","background-media":"","overlay-type":"","overlay-color":"","overlay-opacity":"","overlay-gradient":""},"mobile":{"background-color":"var(--ast-global-color-5)","background-image":"","background-repeat":"repeat","background-position":"center center","background-size":"auto","background-attachment":"scroll","background-type":"","background-media":"","overlay-type":"","overlay-color":"","overlay-opacity":"","overlay-gradient":""}},"footnotes":""},"categories":[1],"tags":[],"class_list":["post-7062","post","type-post","status-publish","format-standard","has-post-thumbnail","hentry","category-blog"],"acf":[],"yoast_head":"<!-- This site is optimized with the Yoast SEO plugin v28.3 - https:\/\/yoast.com\/product\/yoast-seo-wordpress\/ -->\n<title>Balogh Zolt\u00e1n el\u0151ad\u00e1sa a LOSZ Akad\u00e9mi\u00e1n - Elektro Kamleithner<\/title>\n<meta name=\"robots\" content=\"index, follow, max-snippet:-1, max-image-preview:large, max-video-preview:-1\" \/>\n<link rel=\"canonical\" href=\"https:\/\/elektro-kamleithner.hu\/en\/balogh-zoltan-a-losz-akademian\/\" \/>\n<meta property=\"og:locale\" content=\"en_GB\" \/>\n<meta property=\"og:type\" content=\"article\" \/>\n<meta property=\"og:title\" content=\"Balogh Zolt\u00e1n el\u0151ad\u00e1sa a LOSZ Akad\u00e9mi\u00e1n - Elektro Kamleithner\" \/>\n<meta property=\"og:description\" content=\"Tegnap el\u0151ad\u00f3k\u00e9nt r\u00e9sztvett\u00fcnk a Lakberendez\u0151k Orsz\u00e1gos Sz\u00f6vets\u00e9ge \u00e1ltal szervezett LOSZ Akad\u00e9mia novemberi oktat\u00e1ski napj\u00e1n, amelyet &#8221;Okosh\u00e1zak A-Z-ig&#8221; c\u00edmmel tartottak. M\u00e1s, [&hellip;]\" \/>\n<meta property=\"og:url\" content=\"https:\/\/elektro-kamleithner.hu\/en\/balogh-zoltan-a-losz-akademian\/\" \/>\n<meta property=\"og:site_name\" content=\"Elektro Kamleithner\" \/>\n<meta property=\"article:publisher\" content=\"https:\/\/www.facebook.com\/ElektroKamleithnerKft\/\" \/>\n<meta property=\"article:published_time\" content=\"2019-11-06T14:13:46+00:00\" \/>\n<meta property=\"article:modified_time\" content=\"2026-02-11T12:09:01+00:00\" \/>\n<meta property=\"og:image\" content=\"https:\/\/elektro-kamleithner.hu\/wp-content\/uploads\/2019\/11\/losz-akademia-2019-11-05-berker-video-index-1.jpg\" \/>\n\t<meta property=\"og:image:width\" content=\"800\" \/>\n\t<meta property=\"og:image:height\" content=\"578\" \/>\n\t<meta property=\"og:image:type\" content=\"image\/jpeg\" \/>\n<meta name=\"author\" content=\"Balogh Zolt\u00e1n\" \/>\n<meta name=\"twitter:card\" content=\"summary_large_image\" \/>\n<meta name=\"twitter:label1\" content=\"Written by\" \/>\n\t<meta name=\"twitter:data1\" content=\"Balogh Zolt\u00e1n\" \/>\n\t<meta name=\"twitter:label2\" content=\"Estimated reading time\" \/>\n\t<meta name=\"twitter:data2\" content=\"1 minute\" \/>\n<script type=\"application\/ld+json\" class=\"yoast-schema-graph\">{\"@context\":\"https:\\\/\\\/schema.org\",\"@graph\":[{\"@type\":\"Article\",\"@id\":\"https:\\\/\\\/elektro-kamleithner.hu\\\/balogh-zoltan-a-losz-akademian\\\/#article\",\"isPartOf\":{\"@id\":\"https:\\\/\\\/elektro-kamleithner.hu\\\/balogh-zoltan-a-losz-akademian\\\/\"},\"author\":{\"name\":\"Balogh Zolt\u00e1n\",\"@id\":\"https:\\\/\\\/elektro-kamleithner.hu\\\/#\\\/schema\\\/person\\\/6bee347fe0f99bcff222317c89ff8c51\"},\"headline\":\"Balogh Zolt\u00e1n el\u0151ad\u00e1sa a LOSZ Akad\u00e9mi\u00e1n\",\"datePublished\":\"2019-11-06T14:13:46+00:00\",\"dateModified\":\"2026-02-11T12:09:01+00:00\",\"mainEntityOfPage\":{\"@id\":\"https:\\\/\\\/elektro-kamleithner.hu\\\/balogh-zoltan-a-losz-akademian\\\/\"},\"wordCount\":149,\"publisher\":{\"@id\":\"https:\\\/\\\/elektro-kamleithner.hu\\\/#organization\"},\"image\":{\"@id\":\"https:\\\/\\\/elektro-kamleithner.hu\\\/balogh-zoltan-a-losz-akademian\\\/#primaryimage\"},\"thumbnailUrl\":\"https:\\\/\\\/elektro-kamleithner.hu\\\/wp-content\\\/uploads\\\/2019\\\/11\\\/losz-akademia-2019-11-05-berker-video-index-1.jpg\",\"articleSection\":[\"Blog\"],\"inLanguage\":\"en-GB\"},{\"@type\":\"WebPage\",\"@id\":\"https:\\\/\\\/elektro-kamleithner.hu\\\/balogh-zoltan-a-losz-akademian\\\/\",\"url\":\"https:\\\/\\\/elektro-kamleithner.hu\\\/balogh-zoltan-a-losz-akademian\\\/\",\"name\":\"Balogh Zolt\u00e1n el\u0151ad\u00e1sa a LOSZ Akad\u00e9mi\u00e1n - Elektro Kamleithner\",\"isPartOf\":{\"@id\":\"https:\\\/\\\/elektro-kamleithner.hu\\\/#website\"},\"primaryImageOfPage\":{\"@id\":\"https:\\\/\\\/elektro-kamleithner.hu\\\/balogh-zoltan-a-losz-akademian\\\/#primaryimage\"},\"image\":{\"@id\":\"https:\\\/\\\/elektro-kamleithner.hu\\\/balogh-zoltan-a-losz-akademian\\\/#primaryimage\"},\"thumbnailUrl\":\"https:\\\/\\\/elektro-kamleithner.hu\\\/wp-content\\\/uploads\\\/2019\\\/11\\\/losz-akademia-2019-11-05-berker-video-index-1.jpg\",\"datePublished\":\"2019-11-06T14:13:46+00:00\",\"dateModified\":\"2026-02-11T12:09:01+00:00\",\"breadcrumb\":{\"@id\":\"https:\\\/\\\/elektro-kamleithner.hu\\\/balogh-zoltan-a-losz-akademian\\\/#breadcrumb\"},\"inLanguage\":\"en-GB\",\"potentialAction\":[{\"@type\":\"ReadAction\",\"target\":[\"https:\\\/\\\/elektro-kamleithner.hu\\\/balogh-zoltan-a-losz-akademian\\\/\"]}]},{\"@type\":\"ImageObject\",\"inLanguage\":\"en-GB\",\"@id\":\"https:\\\/\\\/elektro-kamleithner.hu\\\/balogh-zoltan-a-losz-akademian\\\/#primaryimage\",\"url\":\"https:\\\/\\\/elektro-kamleithner.hu\\\/wp-content\\\/uploads\\\/2019\\\/11\\\/losz-akademia-2019-11-05-berker-video-index-1.jpg\",\"contentUrl\":\"https:\\\/\\\/elektro-kamleithner.hu\\\/wp-content\\\/uploads\\\/2019\\\/11\\\/losz-akademia-2019-11-05-berker-video-index-1.jpg\",\"width\":800,\"height\":578,\"caption\":\"losz akademia 2019 11 05 berker video index\"},{\"@type\":\"BreadcrumbList\",\"@id\":\"https:\\\/\\\/elektro-kamleithner.hu\\\/balogh-zoltan-a-losz-akademian\\\/#breadcrumb\",\"itemListElement\":[{\"@type\":\"ListItem\",\"position\":1,\"name\":\"Kezd\u0151lap\",\"item\":\"https:\\\/\\\/elektro-kamleithner.hu\\\/\"},{\"@type\":\"ListItem\",\"position\":2,\"name\":\"Balogh Zolt\u00e1n el\u0151ad\u00e1sa a LOSZ Akad\u00e9mi\u00e1n\"}]},{\"@type\":\"WebSite\",\"@id\":\"https:\\\/\\\/elektro-kamleithner.hu\\\/#website\",\"url\":\"https:\\\/\\\/elektro-kamleithner.hu\\\/\",\"name\":\"Elektro Kamleithner\",\"description\":\"Elektro Kamleithner\",\"publisher\":{\"@id\":\"https:\\\/\\\/elektro-kamleithner.hu\\\/#organization\"},\"potentialAction\":[{\"@type\":\"SearchAction\",\"target\":{\"@type\":\"EntryPoint\",\"urlTemplate\":\"https:\\\/\\\/elektro-kamleithner.hu\\\/?s={search_term_string}\"},\"query-input\":{\"@type\":\"PropertyValueSpecification\",\"valueRequired\":true,\"valueName\":\"search_term_string\"}}],\"inLanguage\":\"en-GB\"},{\"@type\":\"Organization\",\"@id\":\"https:\\\/\\\/elektro-kamleithner.hu\\\/#organization\",\"name\":\"Elektro Kamleithner\",\"url\":\"https:\\\/\\\/elektro-kamleithner.hu\\\/\",\"logo\":{\"@type\":\"ImageObject\",\"inLanguage\":\"en-GB\",\"@id\":\"https:\\\/\\\/elektro-kamleithner.hu\\\/#\\\/schema\\\/logo\\\/image\\\/\",\"url\":\"https:\\\/\\\/elektro-kamleithner.hu\\\/wp-content\\\/uploads\\\/2024\\\/09\\\/elektro-white-001.svg\",\"contentUrl\":\"https:\\\/\\\/elektro-kamleithner.hu\\\/wp-content\\\/uploads\\\/2024\\\/09\\\/elektro-white-001.svg\",\"width\":382,\"height\":131,\"caption\":\"Elektro Kamleithner\"},\"image\":{\"@id\":\"https:\\\/\\\/elektro-kamleithner.hu\\\/#\\\/schema\\\/logo\\\/image\\\/\"},\"sameAs\":[\"https:\\\/\\\/www.facebook.com\\\/ElektroKamleithnerKft\\\/\",\"https:\\\/\\\/www.youtube.com\\\/channel\\\/UCdDdwY5NIU2nmN9MjvqnFqg\",\"https:\\\/\\\/www.instagram.com\\\/berker.hu\\\/\"]},{\"@type\":\"Person\",\"@id\":\"https:\\\/\\\/elektro-kamleithner.hu\\\/#\\\/schema\\\/person\\\/6bee347fe0f99bcff222317c89ff8c51\",\"name\":\"Balogh Zolt\u00e1n\",\"image\":{\"@type\":\"ImageObject\",\"inLanguage\":\"en-GB\",\"@id\":\"https:\\\/\\\/secure.gravatar.com\\\/avatar\\\/83c725ba6ed0c327cf067a335b7156b3cb23f8585104d5ab2cd7bc81e6b47877?s=96&d=mm&r=g\",\"url\":\"https:\\\/\\\/secure.gravatar.com\\\/avatar\\\/83c725ba6ed0c327cf067a335b7156b3cb23f8585104d5ab2cd7bc81e6b47877?s=96&d=mm&r=g\",\"contentUrl\":\"https:\\\/\\\/secure.gravatar.com\\\/avatar\\\/83c725ba6ed0c327cf067a335b7156b3cb23f8585104d5ab2cd7bc81e6b47877?s=96&d=mm&r=g\",\"caption\":\"Balogh Zolt\u00e1n\"},\"url\":\"https:\\\/\\\/elektro-kamleithner.hu\\\/en\\\/author\\\/admin\\\/\"}]}<\/script>\n<!-- \/ Yoast SEO plugin. -->","yoast_head_json":{"title":"Balogh Zolt\u00e1n el\u0151ad\u00e1sa a LOSZ Akad\u00e9mi\u00e1n - Elektro Kamleithner","robots":{"index":"index","follow":"follow","max-snippet":"max-snippet:-1","max-image-preview":"max-image-preview:large","max-video-preview":"max-video-preview:-1"},"canonical":"https:\/\/elektro-kamleithner.hu\/en\/balogh-zoltan-a-losz-akademian\/","og_locale":"en_GB","og_type":"article","og_title":"Balogh Zolt\u00e1n el\u0151ad\u00e1sa a LOSZ Akad\u00e9mi\u00e1n - Elektro Kamleithner","og_description":"Tegnap el\u0151ad\u00f3k\u00e9nt r\u00e9sztvett\u00fcnk a Lakberendez\u0151k Orsz\u00e1gos Sz\u00f6vets\u00e9ge \u00e1ltal szervezett LOSZ Akad\u00e9mia novemberi oktat\u00e1ski napj\u00e1n, amelyet &#8221;Okosh\u00e1zak A-Z-ig&#8221; c\u00edmmel tartottak. M\u00e1s, [&hellip;]","og_url":"https:\/\/elektro-kamleithner.hu\/en\/balogh-zoltan-a-losz-akademian\/","og_site_name":"Elektro Kamleithner","article_publisher":"https:\/\/www.facebook.com\/ElektroKamleithnerKft\/","article_published_time":"2019-11-06T14:13:46+00:00","article_modified_time":"2026-02-11T12:09:01+00:00","og_image":[{"width":800,"height":578,"url":"https:\/\/elektro-kamleithner.hu\/wp-content\/uploads\/2019\/11\/losz-akademia-2019-11-05-berker-video-index-1.jpg","type":"image\/jpeg"}],"author":"Balogh Zolt\u00e1n","twitter_card":"summary_large_image","twitter_misc":{"Written by":"Balogh Zolt\u00e1n","Estimated reading time":"1 minute"},"schema":{"@context":"https:\/\/schema.org","@graph":[{"@type":"Article","@id":"https:\/\/elektro-kamleithner.hu\/balogh-zoltan-a-losz-akademian\/#article","isPartOf":{"@id":"https:\/\/elektro-kamleithner.hu\/balogh-zoltan-a-losz-akademian\/"},"author":{"name":"Balogh Zolt\u00e1n","@id":"https:\/\/elektro-kamleithner.hu\/#\/schema\/person\/6bee347fe0f99bcff222317c89ff8c51"},"headline":"Balogh Zolt\u00e1n el\u0151ad\u00e1sa a LOSZ Akad\u00e9mi\u00e1n","datePublished":"2019-11-06T14:13:46+00:00","dateModified":"2026-02-11T12:09:01+00:00","mainEntityOfPage":{"@id":"https:\/\/elektro-kamleithner.hu\/balogh-zoltan-a-losz-akademian\/"},"wordCount":149,"publisher":{"@id":"https:\/\/elektro-kamleithner.hu\/#organization"},"image":{"@id":"https:\/\/elektro-kamleithner.hu\/balogh-zoltan-a-losz-akademian\/#primaryimage"},"thumbnailUrl":"https:\/\/elektro-kamleithner.hu\/wp-content\/uploads\/2019\/11\/losz-akademia-2019-11-05-berker-video-index-1.jpg","articleSection":["Blog"],"inLanguage":"en-GB"},{"@type":"WebPage","@id":"https:\/\/elektro-kamleithner.hu\/balogh-zoltan-a-losz-akademian\/","url":"https:\/\/elektro-kamleithner.hu\/balogh-zoltan-a-losz-akademian\/","name":"Balogh Zolt\u00e1n el\u0151ad\u00e1sa a LOSZ Akad\u00e9mi\u00e1n - Elektro Kamleithner","isPartOf":{"@id":"https:\/\/elektro-kamleithner.hu\/#website"},"primaryImageOfPage":{"@id":"https:\/\/elektro-kamleithner.hu\/balogh-zoltan-a-losz-akademian\/#primaryimage"},"image":{"@id":"https:\/\/elektro-kamleithner.hu\/balogh-zoltan-a-losz-akademian\/#primaryimage"},"thumbnailUrl":"https:\/\/elektro-kamleithner.hu\/wp-content\/uploads\/2019\/11\/losz-akademia-2019-11-05-berker-video-index-1.jpg","datePublished":"2019-11-06T14:13:46+00:00","dateModified":"2026-02-11T12:09:01+00:00","breadcrumb":{"@id":"https:\/\/elektro-kamleithner.hu\/balogh-zoltan-a-losz-akademian\/#breadcrumb"},"inLanguage":"en-GB","potentialAction":[{"@type":"ReadAction","target":["https:\/\/elektro-kamleithner.hu\/balogh-zoltan-a-losz-akademian\/"]}]},{"@type":"ImageObject","inLanguage":"en-GB","@id":"https:\/\/elektro-kamleithner.hu\/balogh-zoltan-a-losz-akademian\/#primaryimage","url":"https:\/\/elektro-kamleithner.hu\/wp-content\/uploads\/2019\/11\/losz-akademia-2019-11-05-berker-video-index-1.jpg","contentUrl":"https:\/\/elektro-kamleithner.hu\/wp-content\/uploads\/2019\/11\/losz-akademia-2019-11-05-berker-video-index-1.jpg","width":800,"height":578,"caption":"losz akademia 2019 11 05 berker video index"},{"@type":"BreadcrumbList","@id":"https:\/\/elektro-kamleithner.hu\/balogh-zoltan-a-losz-akademian\/#breadcrumb","itemListElement":[{"@type":"ListItem","position":1,"name":"Kezd\u0151lap","item":"https:\/\/elektro-kamleithner.hu\/"},{"@type":"ListItem","position":2,"name":"Balogh Zolt\u00e1n el\u0151ad\u00e1sa a LOSZ Akad\u00e9mi\u00e1n"}]},{"@type":"WebSite","@id":"https:\/\/elektro-kamleithner.hu\/#website","url":"https:\/\/elektro-kamleithner.hu\/","name":"Elektro Kamleithner","description":"Elektro Kamleithner","publisher":{"@id":"https:\/\/elektro-kamleithner.hu\/#organization"},"potentialAction":[{"@type":"SearchAction","target":{"@type":"EntryPoint","urlTemplate":"https:\/\/elektro-kamleithner.hu\/?s={search_term_string}"},"query-input":{"@type":"PropertyValueSpecification","valueRequired":true,"valueName":"search_term_string"}}],"inLanguage":"en-GB"},{"@type":"Organization","@id":"https:\/\/elektro-kamleithner.hu\/#organization","name":"Elektro Kamleithner","url":"https:\/\/elektro-kamleithner.hu\/","logo":{"@type":"ImageObject","inLanguage":"en-GB","@id":"https:\/\/elektro-kamleithner.hu\/#\/schema\/logo\/image\/","url":"https:\/\/elektro-kamleithner.hu\/wp-content\/uploads\/2024\/09\/elektro-white-001.svg","contentUrl":"https:\/\/elektro-kamleithner.hu\/wp-content\/uploads\/2024\/09\/elektro-white-001.svg","width":382,"height":131,"caption":"Elektro Kamleithner"},"image":{"@id":"https:\/\/elektro-kamleithner.hu\/#\/schema\/logo\/image\/"},"sameAs":["https:\/\/www.facebook.com\/ElektroKamleithnerKft\/","https:\/\/www.youtube.com\/channel\/UCdDdwY5NIU2nmN9MjvqnFqg","https:\/\/www.instagram.com\/berker.hu\/"]},{"@type":"Person","@id":"https:\/\/elektro-kamleithner.hu\/#\/schema\/person\/6bee347fe0f99bcff222317c89ff8c51","name":"Balogh Zolt\u00e1n","image":{"@type":"ImageObject","inLanguage":"en-GB","@id":"https:\/\/secure.gravatar.com\/avatar\/83c725ba6ed0c327cf067a335b7156b3cb23f8585104d5ab2cd7bc81e6b47877?s=96&d=mm&r=g","url":"https:\/\/secure.gravatar.com\/avatar\/83c725ba6ed0c327cf067a335b7156b3cb23f8585104d5ab2cd7bc81e6b47877?s=96&d=mm&r=g","contentUrl":"https:\/\/secure.gravatar.com\/avatar\/83c725ba6ed0c327cf067a335b7156b3cb23f8585104d5ab2cd7bc81e6b47877?s=96&d=mm&r=g","caption":"Balogh Zolt\u00e1n"},"url":"https:\/\/elektro-kamleithner.hu\/en\/author\/admin\/"}]}},"_links":{"self":[{"href":"https:\/\/elektro-kamleithner.hu\/en\/wp-json\/wp\/v2\/posts\/7062","targetHints":{"allow":["GET"]}}],"collection":[{"href":"https:\/\/elektro-kamleithner.hu\/en\/wp-json\/wp\/v2\/posts"}],"about":[{"href":"https:\/\/elektro-kamleithner.hu\/en\/wp-json\/wp\/v2\/types\/post"}],"author":[{"embeddable":true,"href":"https:\/\/elektro-kamleithner.hu\/en\/wp-json\/wp\/v2\/users\/2"}],"replies":[{"embeddable":true,"href":"https:\/\/elektro-kamleithner.hu\/en\/wp-json\/wp\/v2\/comments?post=7062"}],"version-history":[{"count":1,"href":"https:\/\/elektro-kamleithner.hu\/en\/wp-json\/wp\/v2\/posts\/7062\/revisions"}],"predecessor-version":[{"id":9361,"href":"https:\/\/elektro-kamleithner.hu\/en\/wp-json\/wp\/v2\/posts\/7062\/revisions\/9361"}],"wp:featuredmedia":[{"embeddable":true,"href":"https:\/\/elektro-kamleithner.hu\/en\/wp-json\/wp\/v2\/media\/9360"}],"wp:attachment":[{"href":"https:\/\/elektro-kamleithner.hu\/en\/wp-json\/wp\/v2\/media?parent=7062"}],"wp:term":[{"taxonomy":"category","embeddable":true,"href":"https:\/\/elektro-kamleithner.hu\/en\/wp-json\/wp\/v2\/categories?post=7062"},{"taxonomy":"post_tag","embeddable":true,"href":"https:\/\/elektro-kamleithner.hu\/en\/wp-json\/wp\/v2\/tags?post=7062"}],"curies":[{"name":"wp","href":"https:\/\/api.w.org\/{rel}","templated":true}]}}