{"id":702,"date":"2019-03-11T23:30:41","date_gmt":"2019-03-11T22:30:41","guid":{"rendered":"https:\/\/evernox.hu\/berker-r-8\/"},"modified":"2019-03-11T23:30:41","modified_gmt":"2019-03-11T22:30:41","slug":"berker-r-8","status":"publish","type":"post","link":"https:\/\/elektro-kamleithner.hu\/en\/berker-r-8\/","title":{"rendered":"A Berker R.8 extra lapos szerelv\u00e9nycsal\u00e1d"},"content":{"rendered":"<h1>A Berker R.8 extra lapos szerelv\u00e9nycsal\u00e1d<\/h1>\n<p>A kevesebb t\u00f6bb \u00e9s az \u00faj Berker R.8 kit\u0171n\u0151 kialak\u00edt\u00e1s\u00e1val ezt a vonalat hivatott k\u00f6vetni. Ak\u00e1r s\u00edkk\u00e9perny\u0151s TV, tablet vagy okos telefon, a trend a lapos kialak\u00edt\u00e1s fel\u00e9 halad. \u00cdgy van ez a kapcsol\u00f3kkal \u00e9s dugaljakkal is. A Berker R.8 mind\u00f6ssze 3 mm-es keretmagass\u00e1ggal, a piac egyik legv\u00e9konyabb szerelv\u00e9nye. Az \u00faj 3 mm-es \u00fcvegkeret csak a Berker k\u00edn\u00e1lat\u00e1ban kaphat\u00f3. Az \u00fcveg mellett m\u00e1s kiv\u00e1l\u00f3 min\u0151s\u00e9g\u0171 anyagok, mint p\u00e9ld\u00e1ul az alum\u00ednium \u00e9s a rozsdamentes ac\u00e9l is el\u00e9rhet\u0151. Eleg\u00e1nsan belesimul az enteri\u0151rbe.<br \/>\nFedezze fel a Berker R.8 extra lapos szerelv\u00e9ny sorozatot.<\/p>\n<h2>A Berker R.8 a t\u00f6k\u00e9letes csal\u00e1di harm\u00f3nia<\/h2>\n<p>Az R.8 \u00faj kapcsol\u00f3program k\u00f6veti az R.3 vonal\u00e1t. Pontosabban laposabb, a keret magass\u00e1ga 7 mm-r\u0151l 3 mm-re v\u00e1ltozott, ami szinte beleolvad a fals\u00edkba. A forma a kontraszt erej\u00e9t \u00fcnnepli: k\u00f6r alak\u00fa bels\u0151 r\u00e9szek egy folytonos \u00e9les keretben (saroksz\u00e9less\u00e9g: 0,5 mm). Mindk\u00e9t program t\u00f6k\u00e9letesen kombin\u00e1lhat\u00f3: az R.8 a folyos\u00f3kra \u00a0\u00e9s nappalikba, az R.3 a kev\u00e9sb\u00e9 frekvent\u00e1lt szob\u00e1kban. A l\u00e9nyeg, hogy maradjon a csal\u00e1dban!<\/p>\n<p>H\u00f6lgyeim \u00e9s uraim,<br \/>\na Chicago-i Athenaeum \u00e9p\u00edt\u00e9szeti \u00e9s formatervez\u00e9si m\u00fazeum \u00e9s az Eur\u00f3pai \u00c9p\u00edt\u0151m\u0171v\u00e9szeti \u00e9s v\u00e1rosi tanulm\u00e1nyok k\u00f6zpontja inform\u00e1lt minket, hogy a Berker R.8 elnyerte a 2018-as <strong>GOOD DESIGN D\u00edjat<\/strong>.<\/p>\n<h3>A Hager Group \\&#8221;Berker R.8\\&#8221; \u00faj term\u00e9k csal\u00e1dja megkapta a German Design Award 2019 Arany fokozatot a kiv\u00e1l\u00f3 term\u00e9ktervez\u00e9s az \\&#8221;\u00e9p\u00fclet \u00e9s elemek\\&#8221; kateg\u00f3ri\u00e1ban.<\/h3>\n<img class=\"\\\"size-medium\" wp-image-704\\\" src=\"\\\"https:>\n<p>A d\u00f6nt\u0151bizotts\u00e1g k\u00f6zlem\u00e9nye:<br \/>\n\\&#8221;Az \u00faj Berker R.8 kapcsol\u00f3k t\u00f6k\u00e9letesen ar\u00e1nyosak, pontos geometriai alakzatok, kiv\u00e1l\u00f3 min\u0151s\u00e9g\u0171 fel\u00fcletek \u00e9s rendk\u00edv\u00fcl lapos kialak\u00edt\u00e1s\u00faak. Az elemek pontosan \u00f6sszekapcsol\u00f3dnak egym\u00e1ssal, \u00edgy alig l\u00e1that\u00f3 az elemek illeszked\u00e9se.<br \/>\nAz a tulajdons\u00e1g, amely al\u00e1h\u00fazza a term\u00e9k kiv\u00e1l\u00f3 min\u0151s\u00e9g\u0171 megjelen\u00e9s\u00e9t: a val\u00f3di anyagok, p\u00e9ld\u00e1ul \u00fcveg, alum\u00ednium \u00e9s rozsdamentes ac\u00e9l haszn\u00e1lata hozza l\u00e9tre a hiteles tapint\u00e1st. M\u00e9g a kapcsol\u00e1s hangja is a kiv\u00e1l\u00f3 min\u0151s\u00e9gr\u0151l \u00e1rulkodik. A rendk\u00edv\u00fcl sz\u00e9p\u00a0kapcsol\u00f3 csal\u00e1d meglep\u0151en \u00faj m\u00f3don megism\u00e9tli a klasszikus tervez\u00e9si koncepci\u00f3t, \u00e9s harmonikusan illeszkedik a k\u00fcl\u00f6nb\u00f6z\u0151 \u00e9p\u00edt\u00e9szeti k\u00f6rnyezetben. \\&#8221;<\/p>\n<h4>A Berker R.8 term\u00e9kkel is megismerkedhet az idei Construma ki\u00e1ll\u00edt\u00e1son, ha ell\u00e1togat standunkra. Az A pavilon 106\/D standj\u00e1n v\u00e1rjuk szeretettel!<\/h4>\n<p>Tov\u00e1bbi Berker term\u00e9kek megtekint\u00e9s\u00e9re, <a href=\"\/en\/\"https:>a Berker.hu oldalunkon<\/a>, van lehet\u0151s\u00e9g.<\/p>\n<p>\u00cdr\u00e1saink:<\/p>\n<ul>\n<li><a href=\"\/en\/\"https:>A Fairhair Alliance specifik\u00e1ci\u00f3kat hoz l\u00e9tre<\/a><\/li>\n<li><a href=\"\/en\/\"https:>KNX \u00e9p\u00fcletfel\u00fcgyeleti rendszer bevezet\u0151<\/a><\/li>\n<li><a href=\"\/en\/\"https:>IoT vez\u00e9rl\u0151 &#8211; mir\u0151l is sz\u00f3l?<\/a><\/li>\n<\/ul>","protected":false},"excerpt":{"rendered":"<p>A Berker R.8 extra lapos szerelv\u00e9nycsal\u00e1d A kevesebb t\u00f6bb \u00e9s az \u00faj Berker R.8 kit\u0171n\u0151 kialak\u00edt\u00e1s\u00e1val ezt a vonalat hivatott [&hellip;]<\/p>\n","protected":false},"author":2,"featured_media":711,"comment_status":"closed","ping_status":"open","sticky":false,"template":"","format":"standard","meta":{"_acf_changed":false,"site-sidebar-layout":"default","site-content-layout":"","ast-site-content-layout":"default","site-content-style":"default","site-sidebar-style":"default","ast-global-header-display":"","ast-banner-title-visibility":"","ast-main-header-display":"","ast-hfb-above-header-display":"","ast-hfb-below-header-display":"","ast-hfb-mobile-header-display":"","site-post-title":"","ast-breadcrumbs-content":"","ast-featured-img":"","footer-sml-layout":"","ast-disable-related-posts":"","theme-transparent-header-meta":"","adv-header-id-meta":"","stick-header-meta":"","header-above-stick-meta":"","header-main-stick-meta":"","header-below-stick-meta":"","astra-migrate-meta-layouts":"default","ast-page-background-enabled":"default","ast-page-background-meta":{"desktop":{"background-color":"var(--ast-global-color-4)","background-image":"","background-repeat":"repeat","background-position":"center center","background-size":"auto","background-attachment":"scroll","background-type":"","background-media":"","overlay-type":"","overlay-color":"","overlay-opacity":"","overlay-gradient":""},"tablet":{"background-color":"","background-image":"","background-repeat":"repeat","background-position":"center center","background-size":"auto","background-attachment":"scroll","background-type":"","background-media":"","overlay-type":"","overlay-color":"","overlay-opacity":"","overlay-gradient":""},"mobile":{"background-color":"","background-image":"","background-repeat":"repeat","background-position":"center center","background-size":"auto","background-attachment":"scroll","background-type":"","background-media":"","overlay-type":"","overlay-color":"","overlay-opacity":"","overlay-gradient":""}},"ast-content-background-meta":{"desktop":{"background-color":"var(--ast-global-color-5)","background-image":"","background-repeat":"repeat","background-position":"center center","background-size":"auto","background-attachment":"scroll","background-type":"","background-media":"","overlay-type":"","overlay-color":"","overlay-opacity":"","overlay-gradient":""},"tablet":{"background-color":"var(--ast-global-color-5)","background-image":"","background-repeat":"repeat","background-position":"center center","background-size":"auto","background-attachment":"scroll","background-type":"","background-media":"","overlay-type":"","overlay-color":"","overlay-opacity":"","overlay-gradient":""},"mobile":{"background-color":"var(--ast-global-color-5)","background-image":"","background-repeat":"repeat","background-position":"center center","background-size":"auto","background-attachment":"scroll","background-type":"","background-media":"","overlay-type":"","overlay-color":"","overlay-opacity":"","overlay-gradient":""}},"footnotes":""},"categories":[1],"tags":[35,36],"class_list":["post-702","post","type-post","status-publish","format-standard","has-post-thumbnail","hentry","category-blog","tag-berker-r-8","tag-good-design-dij-2019"],"acf":[],"yoast_head":"<!-- This site is optimized with the Yoast SEO plugin v28.3 - https:\/\/yoast.com\/product\/yoast-seo-wordpress\/ -->\n<title>A Berker R.8 extra lapos szerelv\u00e9nycsal\u00e1d - Elektro Kamleithner<\/title>\n<meta name=\"description\" content=\"A kevesebb t\u00f6bb \u00e9s az \u00faj Berker R.8 kit\u0171n\u0151 kialak\u00edt\u00e1s\u00e1val, ezt a vonalat hivatott k\u00f6vetni. Ak\u00e1r TV, vagy telefon, a trend a lapos kialak\u00edt\u00e1s fel\u00e9 halad.\" \/>\n<meta name=\"robots\" content=\"index, follow, max-snippet:-1, max-image-preview:large, max-video-preview:-1\" \/>\n<link rel=\"canonical\" href=\"https:\/\/elektro-kamleithner.hu\/en\/berker-r-8\/\" \/>\n<meta property=\"og:locale\" content=\"en_GB\" \/>\n<meta property=\"og:type\" content=\"article\" \/>\n<meta property=\"og:title\" content=\"A Berker R.8 extra lapos szerelv\u00e9nycsal\u00e1d - Elektro Kamleithner\" \/>\n<meta property=\"og:description\" content=\"A kevesebb t\u00f6bb \u00e9s az \u00faj Berker R.8 kit\u0171n\u0151 kialak\u00edt\u00e1s\u00e1val, ezt a vonalat hivatott k\u00f6vetni. Ak\u00e1r TV, vagy telefon, a trend a lapos kialak\u00edt\u00e1s fel\u00e9 halad.\" \/>\n<meta property=\"og:url\" content=\"https:\/\/elektro-kamleithner.hu\/en\/berker-r-8\/\" \/>\n<meta property=\"og:site_name\" content=\"Elektro Kamleithner\" \/>\n<meta property=\"article:publisher\" content=\"https:\/\/www.facebook.com\/ElektroKamleithnerKft\/\" \/>\n<meta property=\"article:published_time\" content=\"2019-03-11T22:30:41+00:00\" \/>\n<meta property=\"og:image\" content=\"https:\/\/elektro-kamleithner.hu\/wp-content\/uploads\/2019\/03\/www.elektro-kamleitner.hu-2-min.jpg\" \/>\n\t<meta property=\"og:image:width\" content=\"600\" \/>\n\t<meta property=\"og:image:height\" content=\"400\" \/>\n\t<meta property=\"og:image:type\" content=\"image\/jpeg\" \/>\n<meta name=\"author\" content=\"Balogh Zolt\u00e1n\" \/>\n<meta name=\"twitter:card\" content=\"summary_large_image\" \/>\n<meta name=\"twitter:label1\" content=\"Written by\" \/>\n\t<meta name=\"twitter:data1\" content=\"Balogh Zolt\u00e1n\" \/>\n\t<meta name=\"twitter:label2\" content=\"Estimated reading time\" \/>\n\t<meta name=\"twitter:data2\" content=\"3 minutes\" \/>\n<script type=\"application\/ld+json\" class=\"yoast-schema-graph\">{\"@context\":\"https:\\\/\\\/schema.org\",\"@graph\":[{\"@type\":\"Article\",\"@id\":\"https:\\\/\\\/elektro-kamleithner.hu\\\/berker-r-8\\\/#article\",\"isPartOf\":{\"@id\":\"https:\\\/\\\/elektro-kamleithner.hu\\\/berker-r-8\\\/\"},\"author\":{\"name\":\"Balogh Zolt\u00e1n\",\"@id\":\"https:\\\/\\\/elektro-kamleithner.hu\\\/#\\\/schema\\\/person\\\/6bee347fe0f99bcff222317c89ff8c51\"},\"headline\":\"A Berker R.8 extra lapos szerelv\u00e9nycsal\u00e1d\",\"datePublished\":\"2019-03-11T22:30:41+00:00\",\"mainEntityOfPage\":{\"@id\":\"https:\\\/\\\/elektro-kamleithner.hu\\\/berker-r-8\\\/\"},\"wordCount\":526,\"publisher\":{\"@id\":\"https:\\\/\\\/elektro-kamleithner.hu\\\/#organization\"},\"image\":{\"@id\":\"https:\\\/\\\/elektro-kamleithner.hu\\\/berker-r-8\\\/#primaryimage\"},\"thumbnailUrl\":\"https:\\\/\\\/elektro-kamleithner.hu\\\/wp-content\\\/uploads\\\/2019\\\/03\\\/www.elektro-kamleitner.hu-2-min.jpg\",\"keywords\":[\"Berker R.8\",\"Good Design d\u00edj 2019\"],\"articleSection\":[\"Blog\"],\"inLanguage\":\"en-GB\"},{\"@type\":\"WebPage\",\"@id\":\"https:\\\/\\\/elektro-kamleithner.hu\\\/berker-r-8\\\/\",\"url\":\"https:\\\/\\\/elektro-kamleithner.hu\\\/berker-r-8\\\/\",\"name\":\"A Berker R.8 extra lapos szerelv\u00e9nycsal\u00e1d - Elektro Kamleithner\",\"isPartOf\":{\"@id\":\"https:\\\/\\\/elektro-kamleithner.hu\\\/#website\"},\"primaryImageOfPage\":{\"@id\":\"https:\\\/\\\/elektro-kamleithner.hu\\\/berker-r-8\\\/#primaryimage\"},\"image\":{\"@id\":\"https:\\\/\\\/elektro-kamleithner.hu\\\/berker-r-8\\\/#primaryimage\"},\"thumbnailUrl\":\"https:\\\/\\\/elektro-kamleithner.hu\\\/wp-content\\\/uploads\\\/2019\\\/03\\\/www.elektro-kamleitner.hu-2-min.jpg\",\"datePublished\":\"2019-03-11T22:30:41+00:00\",\"description\":\"A kevesebb t\u00f6bb \u00e9s az \u00faj Berker R.8 kit\u0171n\u0151 kialak\u00edt\u00e1s\u00e1val, ezt a vonalat hivatott k\u00f6vetni. Ak\u00e1r TV, vagy telefon, a trend a lapos kialak\u00edt\u00e1s fel\u00e9 halad.\",\"breadcrumb\":{\"@id\":\"https:\\\/\\\/elektro-kamleithner.hu\\\/berker-r-8\\\/#breadcrumb\"},\"inLanguage\":\"en-GB\",\"potentialAction\":[{\"@type\":\"ReadAction\",\"target\":[\"https:\\\/\\\/elektro-kamleithner.hu\\\/berker-r-8\\\/\"]}]},{\"@type\":\"ImageObject\",\"inLanguage\":\"en-GB\",\"@id\":\"https:\\\/\\\/elektro-kamleithner.hu\\\/berker-r-8\\\/#primaryimage\",\"url\":\"https:\\\/\\\/elektro-kamleithner.hu\\\/wp-content\\\/uploads\\\/2019\\\/03\\\/www.elektro-kamleitner.hu-2-min.jpg\",\"contentUrl\":\"https:\\\/\\\/elektro-kamleithner.hu\\\/wp-content\\\/uploads\\\/2019\\\/03\\\/www.elektro-kamleitner.hu-2-min.jpg\",\"width\":600,\"height\":400,\"caption\":\"Berker R.8\"},{\"@type\":\"BreadcrumbList\",\"@id\":\"https:\\\/\\\/elektro-kamleithner.hu\\\/berker-r-8\\\/#breadcrumb\",\"itemListElement\":[{\"@type\":\"ListItem\",\"position\":1,\"name\":\"Kezd\u0151lap\",\"item\":\"https:\\\/\\\/elektro-kamleithner.hu\\\/\"},{\"@type\":\"ListItem\",\"position\":2,\"name\":\"A Berker R.8 extra lapos szerelv\u00e9nycsal\u00e1d\"}]},{\"@type\":\"WebSite\",\"@id\":\"https:\\\/\\\/elektro-kamleithner.hu\\\/#website\",\"url\":\"https:\\\/\\\/elektro-kamleithner.hu\\\/\",\"name\":\"Elektro Kamleithner\",\"description\":\"Elektro Kamleithner\",\"publisher\":{\"@id\":\"https:\\\/\\\/elektro-kamleithner.hu\\\/#organization\"},\"potentialAction\":[{\"@type\":\"SearchAction\",\"target\":{\"@type\":\"EntryPoint\",\"urlTemplate\":\"https:\\\/\\\/elektro-kamleithner.hu\\\/?s={search_term_string}\"},\"query-input\":{\"@type\":\"PropertyValueSpecification\",\"valueRequired\":true,\"valueName\":\"search_term_string\"}}],\"inLanguage\":\"en-GB\"},{\"@type\":\"Organization\",\"@id\":\"https:\\\/\\\/elektro-kamleithner.hu\\\/#organization\",\"name\":\"Elektro Kamleithner\",\"url\":\"https:\\\/\\\/elektro-kamleithner.hu\\\/\",\"logo\":{\"@type\":\"ImageObject\",\"inLanguage\":\"en-GB\",\"@id\":\"https:\\\/\\\/elektro-kamleithner.hu\\\/#\\\/schema\\\/logo\\\/image\\\/\",\"url\":\"https:\\\/\\\/elektro-kamleithner.hu\\\/wp-content\\\/uploads\\\/2024\\\/09\\\/elektro-white-001.svg\",\"contentUrl\":\"https:\\\/\\\/elektro-kamleithner.hu\\\/wp-content\\\/uploads\\\/2024\\\/09\\\/elektro-white-001.svg\",\"width\":382,\"height\":131,\"caption\":\"Elektro Kamleithner\"},\"image\":{\"@id\":\"https:\\\/\\\/elektro-kamleithner.hu\\\/#\\\/schema\\\/logo\\\/image\\\/\"},\"sameAs\":[\"https:\\\/\\\/www.facebook.com\\\/ElektroKamleithnerKft\\\/\",\"https:\\\/\\\/www.youtube.com\\\/channel\\\/UCdDdwY5NIU2nmN9MjvqnFqg\",\"https:\\\/\\\/www.instagram.com\\\/berker.hu\\\/\"]},{\"@type\":\"Person\",\"@id\":\"https:\\\/\\\/elektro-kamleithner.hu\\\/#\\\/schema\\\/person\\\/6bee347fe0f99bcff222317c89ff8c51\",\"name\":\"Balogh Zolt\u00e1n\",\"image\":{\"@type\":\"ImageObject\",\"inLanguage\":\"en-GB\",\"@id\":\"https:\\\/\\\/secure.gravatar.com\\\/avatar\\\/83c725ba6ed0c327cf067a335b7156b3cb23f8585104d5ab2cd7bc81e6b47877?s=96&d=mm&r=g\",\"url\":\"https:\\\/\\\/secure.gravatar.com\\\/avatar\\\/83c725ba6ed0c327cf067a335b7156b3cb23f8585104d5ab2cd7bc81e6b47877?s=96&d=mm&r=g\",\"contentUrl\":\"https:\\\/\\\/secure.gravatar.com\\\/avatar\\\/83c725ba6ed0c327cf067a335b7156b3cb23f8585104d5ab2cd7bc81e6b47877?s=96&d=mm&r=g\",\"caption\":\"Balogh Zolt\u00e1n\"},\"url\":\"https:\\\/\\\/elektro-kamleithner.hu\\\/en\\\/author\\\/admin\\\/\"}]}<\/script>\n<!-- \/ Yoast SEO plugin. -->","yoast_head_json":{"title":"A Berker R.8 extra lapos szerelv\u00e9nycsal\u00e1d - Elektro Kamleithner","description":"A kevesebb t\u00f6bb \u00e9s az \u00faj Berker R.8 kit\u0171n\u0151 kialak\u00edt\u00e1s\u00e1val, ezt a vonalat hivatott k\u00f6vetni. Ak\u00e1r TV, vagy telefon, a trend a lapos kialak\u00edt\u00e1s fel\u00e9 halad.","robots":{"index":"index","follow":"follow","max-snippet":"max-snippet:-1","max-image-preview":"max-image-preview:large","max-video-preview":"max-video-preview:-1"},"canonical":"https:\/\/elektro-kamleithner.hu\/en\/berker-r-8\/","og_locale":"en_GB","og_type":"article","og_title":"A Berker R.8 extra lapos szerelv\u00e9nycsal\u00e1d - Elektro Kamleithner","og_description":"A kevesebb t\u00f6bb \u00e9s az \u00faj Berker R.8 kit\u0171n\u0151 kialak\u00edt\u00e1s\u00e1val, ezt a vonalat hivatott k\u00f6vetni. Ak\u00e1r TV, vagy telefon, a trend a lapos kialak\u00edt\u00e1s fel\u00e9 halad.","og_url":"https:\/\/elektro-kamleithner.hu\/en\/berker-r-8\/","og_site_name":"Elektro Kamleithner","article_publisher":"https:\/\/www.facebook.com\/ElektroKamleithnerKft\/","article_published_time":"2019-03-11T22:30:41+00:00","og_image":[{"width":600,"height":400,"url":"https:\/\/elektro-kamleithner.hu\/wp-content\/uploads\/2019\/03\/www.elektro-kamleitner.hu-2-min.jpg","type":"image\/jpeg"}],"author":"Balogh Zolt\u00e1n","twitter_card":"summary_large_image","twitter_misc":{"Written by":"Balogh Zolt\u00e1n","Estimated reading time":"3 minutes"},"schema":{"@context":"https:\/\/schema.org","@graph":[{"@type":"Article","@id":"https:\/\/elektro-kamleithner.hu\/berker-r-8\/#article","isPartOf":{"@id":"https:\/\/elektro-kamleithner.hu\/berker-r-8\/"},"author":{"name":"Balogh Zolt\u00e1n","@id":"https:\/\/elektro-kamleithner.hu\/#\/schema\/person\/6bee347fe0f99bcff222317c89ff8c51"},"headline":"A Berker R.8 extra lapos szerelv\u00e9nycsal\u00e1d","datePublished":"2019-03-11T22:30:41+00:00","mainEntityOfPage":{"@id":"https:\/\/elektro-kamleithner.hu\/berker-r-8\/"},"wordCount":526,"publisher":{"@id":"https:\/\/elektro-kamleithner.hu\/#organization"},"image":{"@id":"https:\/\/elektro-kamleithner.hu\/berker-r-8\/#primaryimage"},"thumbnailUrl":"https:\/\/elektro-kamleithner.hu\/wp-content\/uploads\/2019\/03\/www.elektro-kamleitner.hu-2-min.jpg","keywords":["Berker R.8","Good Design d\u00edj 2019"],"articleSection":["Blog"],"inLanguage":"en-GB"},{"@type":"WebPage","@id":"https:\/\/elektro-kamleithner.hu\/berker-r-8\/","url":"https:\/\/elektro-kamleithner.hu\/berker-r-8\/","name":"A Berker R.8 extra lapos szerelv\u00e9nycsal\u00e1d - Elektro Kamleithner","isPartOf":{"@id":"https:\/\/elektro-kamleithner.hu\/#website"},"primaryImageOfPage":{"@id":"https:\/\/elektro-kamleithner.hu\/berker-r-8\/#primaryimage"},"image":{"@id":"https:\/\/elektro-kamleithner.hu\/berker-r-8\/#primaryimage"},"thumbnailUrl":"https:\/\/elektro-kamleithner.hu\/wp-content\/uploads\/2019\/03\/www.elektro-kamleitner.hu-2-min.jpg","datePublished":"2019-03-11T22:30:41+00:00","description":"A kevesebb t\u00f6bb \u00e9s az \u00faj Berker R.8 kit\u0171n\u0151 kialak\u00edt\u00e1s\u00e1val, ezt a vonalat hivatott k\u00f6vetni. Ak\u00e1r TV, vagy telefon, a trend a lapos kialak\u00edt\u00e1s fel\u00e9 halad.","breadcrumb":{"@id":"https:\/\/elektro-kamleithner.hu\/berker-r-8\/#breadcrumb"},"inLanguage":"en-GB","potentialAction":[{"@type":"ReadAction","target":["https:\/\/elektro-kamleithner.hu\/berker-r-8\/"]}]},{"@type":"ImageObject","inLanguage":"en-GB","@id":"https:\/\/elektro-kamleithner.hu\/berker-r-8\/#primaryimage","url":"https:\/\/elektro-kamleithner.hu\/wp-content\/uploads\/2019\/03\/www.elektro-kamleitner.hu-2-min.jpg","contentUrl":"https:\/\/elektro-kamleithner.hu\/wp-content\/uploads\/2019\/03\/www.elektro-kamleitner.hu-2-min.jpg","width":600,"height":400,"caption":"Berker R.8"},{"@type":"BreadcrumbList","@id":"https:\/\/elektro-kamleithner.hu\/berker-r-8\/#breadcrumb","itemListElement":[{"@type":"ListItem","position":1,"name":"Kezd\u0151lap","item":"https:\/\/elektro-kamleithner.hu\/"},{"@type":"ListItem","position":2,"name":"A Berker R.8 extra lapos szerelv\u00e9nycsal\u00e1d"}]},{"@type":"WebSite","@id":"https:\/\/elektro-kamleithner.hu\/#website","url":"https:\/\/elektro-kamleithner.hu\/","name":"Elektro Kamleithner","description":"Elektro Kamleithner","publisher":{"@id":"https:\/\/elektro-kamleithner.hu\/#organization"},"potentialAction":[{"@type":"SearchAction","target":{"@type":"EntryPoint","urlTemplate":"https:\/\/elektro-kamleithner.hu\/?s={search_term_string}"},"query-input":{"@type":"PropertyValueSpecification","valueRequired":true,"valueName":"search_term_string"}}],"inLanguage":"en-GB"},{"@type":"Organization","@id":"https:\/\/elektro-kamleithner.hu\/#organization","name":"Elektro Kamleithner","url":"https:\/\/elektro-kamleithner.hu\/","logo":{"@type":"ImageObject","inLanguage":"en-GB","@id":"https:\/\/elektro-kamleithner.hu\/#\/schema\/logo\/image\/","url":"https:\/\/elektro-kamleithner.hu\/wp-content\/uploads\/2024\/09\/elektro-white-001.svg","contentUrl":"https:\/\/elektro-kamleithner.hu\/wp-content\/uploads\/2024\/09\/elektro-white-001.svg","width":382,"height":131,"caption":"Elektro Kamleithner"},"image":{"@id":"https:\/\/elektro-kamleithner.hu\/#\/schema\/logo\/image\/"},"sameAs":["https:\/\/www.facebook.com\/ElektroKamleithnerKft\/","https:\/\/www.youtube.com\/channel\/UCdDdwY5NIU2nmN9MjvqnFqg","https:\/\/www.instagram.com\/berker.hu\/"]},{"@type":"Person","@id":"https:\/\/elektro-kamleithner.hu\/#\/schema\/person\/6bee347fe0f99bcff222317c89ff8c51","name":"Balogh Zolt\u00e1n","image":{"@type":"ImageObject","inLanguage":"en-GB","@id":"https:\/\/secure.gravatar.com\/avatar\/83c725ba6ed0c327cf067a335b7156b3cb23f8585104d5ab2cd7bc81e6b47877?s=96&d=mm&r=g","url":"https:\/\/secure.gravatar.com\/avatar\/83c725ba6ed0c327cf067a335b7156b3cb23f8585104d5ab2cd7bc81e6b47877?s=96&d=mm&r=g","contentUrl":"https:\/\/secure.gravatar.com\/avatar\/83c725ba6ed0c327cf067a335b7156b3cb23f8585104d5ab2cd7bc81e6b47877?s=96&d=mm&r=g","caption":"Balogh Zolt\u00e1n"},"url":"https:\/\/elektro-kamleithner.hu\/en\/author\/admin\/"}]}},"_links":{"self":[{"href":"https:\/\/elektro-kamleithner.hu\/en\/wp-json\/wp\/v2\/posts\/702","targetHints":{"allow":["GET"]}}],"collection":[{"href":"https:\/\/elektro-kamleithner.hu\/en\/wp-json\/wp\/v2\/posts"}],"about":[{"href":"https:\/\/elektro-kamleithner.hu\/en\/wp-json\/wp\/v2\/types\/post"}],"author":[{"embeddable":true,"href":"https:\/\/elektro-kamleithner.hu\/en\/wp-json\/wp\/v2\/users\/2"}],"replies":[{"embeddable":true,"href":"https:\/\/elektro-kamleithner.hu\/en\/wp-json\/wp\/v2\/comments?post=702"}],"version-history":[{"count":0,"href":"https:\/\/elektro-kamleithner.hu\/en\/wp-json\/wp\/v2\/posts\/702\/revisions"}],"wp:featuredmedia":[{"embeddable":true,"href":"https:\/\/elektro-kamleithner.hu\/en\/wp-json\/wp\/v2\/media\/711"}],"wp:attachment":[{"href":"https:\/\/elektro-kamleithner.hu\/en\/wp-json\/wp\/v2\/media?parent=702"}],"wp:term":[{"taxonomy":"category","embeddable":true,"href":"https:\/\/elektro-kamleithner.hu\/en\/wp-json\/wp\/v2\/categories?post=702"},{"taxonomy":"post_tag","embeddable":true,"href":"https:\/\/elektro-kamleithner.hu\/en\/wp-json\/wp\/v2\/tags?post=702"}],"curies":[{"name":"wp","href":"https:\/\/api.w.org\/{rel}","templated":true}]}}