{"id":6933,"date":"2024-07-17T13:21:47","date_gmt":"2024-07-17T12:21:47","guid":{"rendered":"https:\/\/evernox.hu\/richter-gedeon-nyrt-szekhaz\/"},"modified":"2026-02-11T18:13:25","modified_gmt":"2026-02-11T17:13:25","slug":"richter-gedeon-nyrt-szekhaz","status":"publish","type":"post","link":"https:\/\/elektro-kamleithner.hu\/en\/richter-gedeon-nyrt-szekhaz\/","title":{"rendered":"Richter Gedeon Nyrt. sz\u00e9kh\u00e1z"},"content":{"rendered":"<h2><strong>Richter Gedeon Nyrt. \u00faj sz\u00e9kh\u00e1za<\/strong><\/h2>\n<p><b>Fenntarthat\u00f3s\u00e1g, energiahat\u00e9konys\u00e1g \u00e9s innov\u00e1ci\u00f3 az \u00e9p\u00fcletautomatiz\u00e1l\u00e1sban<\/b><\/p>\n<p>A Richter Gedeon Nyrt. \u00faj sz\u00e9kh\u00e1za a fenntarthat\u00f3s\u00e1g, az energiahat\u00e9konys\u00e1g \u00e9s az innov\u00e1ci\u00f3 mintap\u00e9ld\u00e1ja. Az \u00e9p\u00fclet megfelel a nemzetk\u00f6zileg elismert LEED Gold min\u0151s\u00edt\u00e9s szigor\u00fa el\u0151\u00edr\u00e1sainak, amelyek cs\u00f6kkentett \u00f6kol\u00f3giai l\u00e1bnyomot \u00e9s korszer\u0171 technol\u00f3giai megold\u00e1sokat k\u00f6vetelnek meg. A LEED Gold min\u0151s\u00edt\u00e9s egy nemzetk\u00f6zileg elismert rendszer, amely az \u00e9p\u00fcletek k\u00f6rnyezettudatos \u00e9s fenntarthat\u00f3 m\u0171k\u00f6d\u00e9s\u00e9t \u00e9rt\u00e9keli. Ezek az energiatakar\u00e9kos rendszerek jelent\u0151sen cs\u00f6kkentik az \u00fczemeltet\u00e9si k\u00f6lts\u00e9geket \u00e9s a k\u00f6rnyezeti terhel\u00e9st, mik\u00f6zben az \u00e9p\u00fclet m\u00e9rt\u00e9ktart\u00f3 formavil\u00e1ga \u00e9s \u00e1tgondolt bels\u0151 elrendez\u00e9se a v\u00e1llalat filoz\u00f3fi\u00e1j\u00e1t t\u00fckr\u00f6zi. A tervez\u00e9s sor\u00e1n k\u00fcl\u00f6n figyelmet ford\u00edtottak a munkat\u00e1rsak komfort\u00e9rzet\u00e9re, \u00edgy az \u00e9p\u00fclet er\u0151s, hull\u00e1mz\u00f3 dinamik\u00e1j\u00fa megjelen\u00e9se egyszerre testes\u00edti meg a modern innov\u00e1ci\u00f3t \u00e9s a harm\u00f3ni\u00e1t.<\/p>\n<p>Az Elektro-Kamleithner Kft. \u00e9p\u00fcletautomatiz\u00e1l\u00e1si megold\u00e1saival jelent\u0151s m\u00e9rt\u00e9kben hozz\u00e1j\u00e1rult a fenntarthat\u00f3s\u00e1gi c\u00e9lok el\u00e9r\u00e9s\u00e9hez. Az intelligens \u00e9p\u00fcletautomatiz\u00e1l\u00e1s seg\u00edt minimaliz\u00e1lni az energiafogyaszt\u00e1st, optimaliz\u00e1lja a vil\u00e1g\u00edt\u00e1st, a f\u0171t\u00e9st, a h\u0171t\u00e9st \u00e9s a l\u00e9gtechnikai rendszereket, ez\u00e1ltal maximaliz\u00e1lva az energiahat\u00e9konys\u00e1got \u00e9s cs\u00f6kkentve az \u00e9p\u00fclet \u00f6kol\u00f3giai l\u00e1bnyom\u00e1t.<\/p>\n<p><b>Az \u00e9p\u00fcletautomatiz\u00e1l\u00e1s megold\u00e1sai<\/b><\/p>\n<p>Az \u00e9p\u00fcletautomatiz\u00e1l\u00e1s tervez\u00e9se \u00e9s kivitelez\u00e9se sor\u00e1n sz\u00e1mos egyedi kih\u00edv\u00e1ssal kellett szemben\u00e9zni. A Richter sz\u00e9kh\u00e1z eset\u00e9ben az egyik legnagyobb feladat az volt, hogy egy integr\u00e1lt rendszert hozzunk l\u00e9tre, amely k\u00e9pes a k\u00fcl\u00f6nb\u00f6z\u0151 alrendszerek, mint p\u00e9ld\u00e1ul a vil\u00e1g\u00edt\u00e1s, \u00e1rny\u00e9kol\u00e1s, h\u0171t\u00e9s-f\u0171t\u00e9s \u00e9s l\u00e9gtechnika, \u00f6sszehangolt m\u0171k\u00f6d\u00e9s\u00e9t biztos\u00edtani.<\/p>\n<p>Az \u00e9p\u00fclet hat szintj\u00e9n mintegy 2 500 eszk\u00f6z biztos\u00edtja az energiahat\u00e9konys\u00e1got az Elektro-Kamleithner Kft. \u00e9p\u00fcletautomatika rendszere \u00e1ltal. A term\u00e9szetes sz\u00f3rt f\u00e9ny mellett energiatakar\u00e9kos vil\u00e1g\u00edt\u00e1si rendszereket ker\u00fcltek kialak\u00edt\u00e1sra az \u00e9p\u00fcletben, az irodai vil\u00e1g\u00edt\u00e1s pedig meghat\u00e1rozott LUX (f\u00e9nyer\u0151) szerint m\u0171k\u00f6dik.<\/p>\n<p>Az egyik legfontosabb eszk\u00f6z, amelyet integr\u00e1ltunk, egy speci\u00e1lis jelenl\u00e9t\u00e9rz\u00e9kel\u0151, amely t\u00f6bb funkci\u00f3t is ell\u00e1t egyszerre. Ez az \u00e9rz\u00e9kel\u0151 k\u00e9pes a CO2-szint, a p\u00e1ratartalom, a f\u00e9nyer\u0151 \u00e9s a h\u0151m\u00e9rs\u00e9klet m\u00e9r\u00e9s\u00e9re, valamint a jelenl\u00e9t \u00e9rz\u00e9kel\u00e9s\u00e9re. Az \u00edgy nyert adatok alapvet\u0151ek a h\u0171t\u00e9si \u00e9s f\u0171t\u00e9si rendszerek optimaliz\u00e1l\u00e1s\u00e1hoz, a v\u00e1ltoz\u00f3 l\u00e9gtechnikai t\u00e9rfogat\u00e1ram szab\u00e1lyoz\u00f3k (VAV) be\u00e1ll\u00edt\u00e1s\u00e1hoz, valamint a bef\u00fajt \u00e9s elsz\u00edvott leveg\u0151 szab\u00e1lyoz\u00e1s\u00e1hoz. Ezen t\u00falmen\u0151en ez az \u00e9rz\u00e9kel\u0151 biztos\u00edtja az \u00e1lland\u00f3 f\u00e9nyer\u0151 szab\u00e1lyoz\u00e1s\u00e1t is, ami k\u00fcl\u00f6n\u00f6sen fontos az energiatakar\u00e9koss\u00e1g szempontj\u00e1b\u00f3l.<\/p>\n<p>A komfort\u00e9rzet maximaliz\u00e1l\u00e1sa \u00e9rdek\u00e9ben h\u0171t\u0151-f\u0171t\u0151 mennyezetek gondoskodnak a megfelel\u0151 h\u0151m\u00e9rs\u00e9kletr\u0151l, elker\u00fclve a hagyom\u00e1nyos l\u00e9gkondicion\u00e1l\u00f3k okozta zavar\u00f3 t\u00e9nyez\u0151ket. A GPS-es id\u0151j\u00e1r\u00e1s \u00e1llom\u00e1s napk\u00f6vet\u00e9ssel gondoskodik arr\u00f3l, hogy a nap ne meleg\u00edtse t\u00fal az irod\u00e1kat.<\/p>\n<p><b>Rendszerintegr\u00e1ci\u00f3 \u00e9s kommunik\u00e1ci\u00f3s technol\u00f3gi\u00e1k<\/b><\/p>\n<p>A komplex \u00e9p\u00fcletautomatiz\u00e1l\u00e1si rendszer integr\u00e1l\u00e1sa az \u00e9p\u00fclet t\u00f6bbi infrastrukt\u00far\u00e1j\u00e1val szint\u00e9n kulcsfontoss\u00e1g\u00fa volt. Az \u00e9p\u00fcletben elhelyez\u00e9sre ker\u00fclt egy t\u0171zjelz\u0151 rendszer, amely, ha t\u0171zjelet ad, annak hat\u00e1s\u00e1ra a menek\u00fcl\u00e9si \u00fatvonal ny\u00edl\u00e1sz\u00e1r\u00f3inak \u00e9s egy\u00e9b kil\u00e1t\u00e1st biztos\u00edt\u00f3 \u00e1rny\u00e9kol\u00f3i felh\u00faz\u00f3dnak, hogy biztos\u00edts\u00e1k a be- \u00e9s kil\u00e1t\u00e1st az \u00e9p\u00fcletbe, illetve az \u00e9p\u00fcletb\u0151l az \u00fcvegport\u00e1lon kereszt\u00fcl.<\/p>\n<p>A f\u0171t\u00e9st, h\u0171t\u00e9st, l\u00e9gtechnik\u00e1t \u00e9s vil\u00e1g\u00edt\u00e1st \u00f6sszeintegr\u00e1ltuk, mindez a KNX \u00e9p\u00fcletautomatikai rendszerrel m\u0171k\u00f6dik. Az \u00e9p\u00fcletben tal\u00e1lhat\u00f3 audiovizu\u00e1lis (AV) rendszer szint\u00e9n \u00f6ssze lett kapcsolva az \u00e9p\u00fcletautomatiz\u00e1l\u00e1si rendszerrel. Ez lehet\u0151v\u00e9 teszi, hogy a t\u00e1rgyal\u00f3k vil\u00e1g\u00edt\u00e1sa, \u00e1rny\u00e9kol\u00e1sa \u00e9s m\u00e1s funkci\u00f3k egyszer\u0171en vez\u00e9relhet\u0151k legyenek, n\u00f6velve ezzel a felhaszn\u00e1l\u00f3i \u00e9lm\u00e9nyt \u00e9s a hat\u00e9konys\u00e1got. Az ilyen t\u00edpus\u00fa integr\u00e1ci\u00f3khoz kifinomult kommunik\u00e1ci\u00f3s technol\u00f3gi\u00e1kra van sz\u00fcks\u00e9g, amelyeket a KNX rendszer biztos\u00edt.<\/p>\n<p><a href=\"\\&quot;https:\/\/elektro-kamleithner.hu\/wp-content\/uploads\/2026\/01\/e-villamos-6.-jpg.jpgwp-content\/uploads\/2025\/12\/12-_DSC7322-scaled-1.jpgwp-content\/uploads\/2025\/11\/Nevtelen-terv-7.jpgwp-content\/uploads\/2024\/07\/r1_.jpg\\&quot;\" data-elementor-open-lightbox=\"\\&quot;yes\\&quot;\" data-elementor-lightbox-slideshow=\"\\&quot;2877f97\\&quot;\" data-elementor-lightbox-title=\"\\&quot;r1_\\&quot;\" data-e-action-hash=\"\\&quot;#elementor-action%3Aaction%3Dlightbox%26settings%3DeyJpZCI6Njk0MywidXJsIjoiaHR0cHM6XC9cL3d3dy5lbGVrdHJvLWthbWxlaXRobmVyLmh1XC93cC1jb250ZW50XC91cGxvYWRzXC8yMDI0XC8wN1wvcjFfLmpwZyIsInNsaWRlc2hvdyI6IjI4NzdmOTcifQ%3D%3D\\&quot;\"><br \/>\n<\/a><br \/>\n<a href=\"\\&quot;https:\/\/elektro-kamleithner.hu\/wp-content\/uploads\/2026\/01\/e-villamos-6.-jpg.jpgwp-content\/uploads\/2025\/12\/12-_DSC7322-scaled-1.jpgwp-content\/uploads\/2025\/11\/Nevtelen-terv-7.jpgwp-content\/uploads\/2024\/07\/56804603_b92f30d14f04458608c21912b0a84204_y.jpg\\&quot;\" data-elementor-open-lightbox=\"\\&quot;yes\\&quot;\" data-elementor-lightbox-slideshow=\"\\&quot;2877f97\\&quot;\" data-elementor-lightbox-title=\"\\&quot;56804603_b92f30d14f04458608c21912b0a84204_y\\&quot;\" data-e-action-hash=\"\\&quot;#elementor-action%3Aaction%3Dlightbox%26settings%3DeyJpZCI6NjkzNywidXJsIjoiaHR0cHM6XC9cL3d3dy5lbGVrdHJvLWthbWxlaXRobmVyLmh1XC93cC1jb250ZW50XC91cGxvYWRzXC8yMDI0XC8wN1wvNTY4MDQ2MDNfYjkyZjMwZDE0ZjA0NDU4NjA4YzIxOTEyYjBhODQyMDRfeS5qcGciLCJzbGlkZXNob3ciOiIyODc3Zjk3In0%3D\\&quot;\"><br \/>\n<\/a><br \/>\n<a href=\"\\&quot;https:\/\/elektro-kamleithner.hu\/wp-content\/uploads\/2026\/01\/e-villamos-6.-jpg.jpgwp-content\/uploads\/2025\/12\/12-_DSC7322-scaled-1.jpgwp-content\/uploads\/2025\/11\/Nevtelen-terv-7.jpgwp-content\/uploads\/2024\/07\/56804611_1c69fcc911276a5b796bc221d61254f6_y.jpg\\&quot;\" data-elementor-open-lightbox=\"\\&quot;yes\\&quot;\" data-elementor-lightbox-slideshow=\"\\&quot;2877f97\\&quot;\" data-elementor-lightbox-title=\"\\&quot;56804611_1c69fcc911276a5b796bc221d61254f6_y\\&quot;\" data-e-action-hash=\"\\&quot;#elementor-action%3Aaction%3Dlightbox%26settings%3DeyJpZCI6Njk0MCwidXJsIjoiaHR0cHM6XC9cL3d3dy5lbGVrdHJvLWthbWxlaXRobmVyLmh1XC93cC1jb250ZW50XC91cGxvYWRzXC8yMDI0XC8wN1wvNTY4MDQ2MTFfMWM2OWZjYzkxMTI3NmE1Yjc5NmJjMjIxZDYxMjU0ZjZfeS5qcGciLCJzbGlkZXNob3ciOiIyODc3Zjk3In0%3D\\&quot;\"><br \/>\n<\/a><br \/>\n<a href=\"\\&quot;https:\/\/elektro-kamleithner.hu\/wp-content\/uploads\/2026\/01\/e-villamos-6.-jpg.jpgwp-content\/uploads\/2025\/12\/12-_DSC7322-scaled-1.jpgwp-content\/uploads\/2025\/11\/Nevtelen-terv-7.jpgwp-content\/uploads\/2024\/07\/56804607_ab5fe64fc215fb3b64aeb631eaaa365a_y.jpg\\&quot;\" data-elementor-open-lightbox=\"\\&quot;yes\\&quot;\" data-elementor-lightbox-slideshow=\"\\&quot;2877f97\\&quot;\" data-elementor-lightbox-title=\"\\&quot;56804607_ab5fe64fc215fb3b64aeb631eaaa365a_y\\&quot;\" data-e-action-hash=\"\\&quot;#elementor-action%3Aaction%3Dlightbox%26settings%3DeyJpZCI6NjkzOCwidXJsIjoiaHR0cHM6XC9cL3d3dy5lbGVrdHJvLWthbWxlaXRobmVyLmh1XC93cC1jb250ZW50XC91cGxvYWRzXC8yMDI0XC8wN1wvNTY4MDQ2MDdfYWI1ZmU2NGZjMjE1ZmIzYjY0YWViNjMxZWFhYTM2NWFfeS5qcGciLCJzbGlkZXNob3ciOiIyODc3Zjk3In0%3D\\&quot;\"><br \/>\n<\/a><br \/>\n<a href=\"\\&quot;https:\/\/elektro-kamleithner.hu\/wp-content\/uploads\/2026\/01\/e-villamos-6.-jpg.jpgwp-content\/uploads\/2025\/12\/12-_DSC7322-scaled-1.jpgwp-content\/uploads\/2025\/11\/Nevtelen-terv-7.jpgwp-content\/uploads\/2024\/07\/56804609_7e1912ad06421a87064740f6ba334511_y.jpg\\&quot;\" data-elementor-open-lightbox=\"\\&quot;yes\\&quot;\" data-elementor-lightbox-slideshow=\"\\&quot;2877f97\\&quot;\" data-elementor-lightbox-title=\"\\&quot;56804609_7e1912ad06421a87064740f6ba334511_y\\&quot;\" data-e-action-hash=\"\\&quot;#elementor-action%3Aaction%3Dlightbox%26settings%3DeyJpZCI6NjkzOSwidXJsIjoiaHR0cHM6XC9cL3d3dy5lbGVrdHJvLWthbWxlaXRobmVyLmh1XC93cC1jb250ZW50XC91cGxvYWRzXC8yMDI0XC8wN1wvNTY4MDQ2MDlfN2UxOTEyYWQwNjQyMWE4NzA2NDc0MGY2YmEzMzQ1MTFfeS5qcGciLCJzbGlkZXNob3ciOiIyODc3Zjk3In0%3D\\&quot;\"><br \/>\n<\/a><br \/>\n<a href=\"\\&quot;https:\/\/elektro-kamleithner.hu\/wp-content\/uploads\/2026\/01\/e-villamos-6.-jpg.jpgwp-content\/uploads\/2025\/12\/12-_DSC7322-scaled-1.jpgwp-content\/uploads\/2025\/11\/Nevtelen-terv-7.jpgwp-content\/uploads\/2024\/07\/56804621_87223d53c5f5610f3707449597d79729_y.jpg\\&quot;\" data-elementor-open-lightbox=\"\\&quot;yes\\&quot;\" data-elementor-lightbox-slideshow=\"\\&quot;2877f97\\&quot;\" data-elementor-lightbox-title=\"\\&quot;56804621_87223d53c5f5610f3707449597d79729_y\\&quot;\" data-e-action-hash=\"\\&quot;#elementor-action%3Aaction%3Dlightbox%26settings%3DeyJpZCI6Njk0MSwidXJsIjoiaHR0cHM6XC9cL3d3dy5lbGVrdHJvLWthbWxlaXRobmVyLmh1XC93cC1jb250ZW50XC91cGxvYWRzXC8yMDI0XC8wN1wvNTY4MDQ2MjFfODcyMjNkNTNjNWY1NjEwZjM3MDc0NDk1OTdkNzk3MjlfeS5qcGciLCJzbGlkZXNob3ciOiIyODc3Zjk3In0%3D\\&quot;\"><br \/>\n<\/a><br \/>\n<a href=\"\\&quot;https:\/\/elektro-kamleithner.hu\/wp-content\/uploads\/2026\/01\/e-villamos-6.-jpg.jpgwp-content\/uploads\/2025\/12\/12-_DSC7322-scaled-1.jpgwp-content\/uploads\/2025\/11\/Nevtelen-terv-7.jpgwp-content\/uploads\/2024\/07\/56804625_4931677bcdf731a1a4c9e3e78dc31730_y.jpg\\&quot;\" data-elementor-open-lightbox=\"\\&quot;yes\\&quot;\" data-elementor-lightbox-slideshow=\"\\&quot;2877f97\\&quot;\" data-elementor-lightbox-title=\"\\&quot;56804625_4931677bcdf731a1a4c9e3e78dc31730_y\\&quot;\" data-e-action-hash=\"\\&quot;#elementor-action%3Aaction%3Dlightbox%26settings%3DeyJpZCI6Njk0MiwidXJsIjoiaHR0cHM6XC9cL3d3dy5lbGVrdHJvLWthbWxlaXRobmVyLmh1XC93cC1jb250ZW50XC91cGxvYWRzXC8yMDI0XC8wN1wvNTY4MDQ2MjVfNDkzMTY3N2JjZGY3MzFhMWE0YzllM2U3OGRjMzE3MzBfeS5qcGciLCJzbGlkZXNob3ciOiIyODc3Zjk3In0%3D\\&quot;\"><br \/>\n<\/a><br \/>\n<a href=\"\\&quot;https:\/\/elektro-kamleithner.hu\/wp-content\/uploads\/2026\/01\/e-villamos-6.-jpg.jpgwp-content\/uploads\/2025\/12\/12-_DSC7322-scaled-1.jpgwp-content\/uploads\/2025\/11\/Nevtelen-terv-7.jpgwp-content\/uploads\/2024\/07\/r2.jpg\\&quot;\" data-elementor-open-lightbox=\"\\&quot;yes\\&quot;\" data-elementor-lightbox-slideshow=\"\\&quot;2877f97\\&quot;\" data-elementor-lightbox-title=\"\\&quot;r2\\&quot;\" data-e-action-hash=\"\\&quot;#elementor-action%3Aaction%3Dlightbox%26settings%3DeyJpZCI6Njk0NCwidXJsIjoiaHR0cHM6XC9cL3d3dy5lbGVrdHJvLWthbWxlaXRobmVyLmh1XC93cC1jb250ZW50XC91cGxvYWRzXC8yMDI0XC8wN1wvcjIuanBnIiwic2xpZGVzaG93IjoiMjg3N2Y5NyJ9\\&quot;\"><br \/>\n<\/a><\/p>\n<p><b>\u00a0<\/b><\/p>\n<p><b>A NetX vizualiz\u00e1ci\u00f3s szoftver \u00e9s az okosvez\u00e9rl\u0151panelek szerepe <\/b><\/p>\n<p>A nagyobb irod\u00e1k \u00e9s t\u00e1rgyal\u00f3k h\u0151m\u00e9rs\u00e9klet\u00e9nek pontos ir\u00e1ny\u00edt\u00e1sa \u00e9rdek\u00e9ben a Richter Gedeon Nyrt. sz\u00e9kh\u00e1z\u00e1ban NetX vizualiz\u00e1ci\u00f3s szoftvert \u00e9s okosvez\u00e9rl\u0151paneleket alkalmaztak. Ezek az eszk\u00f6z\u00f6k lehet\u0151v\u00e9 teszik a felhaszn\u00e1l\u00f3k sz\u00e1m\u00e1ra, hogy intuit\u00edv m\u00f3don ir\u00e1ny\u00edts\u00e1k a helyis\u00e9gek h\u0151m\u00e9rs\u00e9klet\u00e9t, vil\u00e1g\u00edt\u00e1s\u00e1t \u00e9s \u00e1rny\u00e9kol\u00e1s\u00e1t, ez\u00e1ltal n\u00f6velve a k\u00e9nyelmet \u00e9s a hat\u00e9konys\u00e1got. A vizualiz\u00e1ci\u00f3s szoftver fel\u00fclete k\u00f6nnyen \u00e1tl\u00e1that\u00f3, \u00e9s lehet\u0151v\u00e9 teszi a rendszerek val\u00f3s idej\u0171 monitoroz\u00e1s\u00e1t \u00e9s szab\u00e1lyoz\u00e1s\u00e1t, amely k\u00fcl\u00f6n\u00f6sen hasznos a nagyobb, \u00f6sszetett \u00e9p\u00fcletek eset\u00e9ben.<\/p>\n<p><b>A KNX \u00e9p\u00fcletautomatikai rendszer: a j\u00f6v\u0151 technol\u00f3gi\u00e1ja<\/b><\/p>\n<p>A KNX \u00e9p\u00fcletautomatiz\u00e1l\u00e1si rendszer a modern \u00e9p\u00fcletekben alkalmazott intelligens megold\u00e1sok cs\u00facspontja, amely lehet\u0151v\u00e9 teszi az \u00e9p\u00fclet k\u00fcl\u00f6nb\u00f6z\u0151 rendszereinek integr\u00e1l\u00e1s\u00e1t \u00e9s optimaliz\u00e1l\u00e1s\u00e1t. Az al\u00e1bbiakban bemutatjuk a rendszer legfontosabb tulajdons\u00e1gait \u00e9s el\u0151nyeit.<\/p>\n<p><b>Gy\u00e1rt\u00f3f\u00fcggetlens\u00e9g \u00e9s kompatibilit\u00e1s<\/b><\/p>\n<p>A KNX rendszer egyik legfontosabb el\u0151nye a gy\u00e1rt\u00f3f\u00fcggetlens\u00e9g, amely biztos\u00edtja, hogy a rendszerbe integr\u00e1lt k\u00fcl\u00f6nb\u00f6z\u0151 gy\u00e1rt\u00f3k k\u00e9sz\u00fcl\u00e9kei teljes m\u00e9rt\u00e9kben kompatibilisek egym\u00e1ssal. A KNX log\u00f3val ell\u00e1tott k\u00e9sz\u00fcl\u00e9kek z\u00f6kken\u0151mentesen m\u0171k\u00f6dnek egy\u00fctt, f\u00fcggetlen\u00fcl att\u00f3l, hogy melyik gy\u00e1rt\u00f3t\u00f3l sz\u00e1rmaznak. Ez a nyitotts\u00e1g lehet\u0151v\u00e9 teszi, hogy az \u00e9p\u00fcletautomatiz\u00e1l\u00e1si megold\u00e1sok sz\u00e9les sk\u00e1l\u00e1j\u00e1t k\u00edn\u00e1ljuk, amelyek a k\u00fcl\u00f6nb\u00f6z\u0151 ig\u00e9nyeknek \u00e9s k\u00f6vetelm\u00e9nyeknek is megfelelnek.<\/p>\n<p><b>Decentraliz\u00e1lt fel\u00e9p\u00edt\u00e9s \u00e9s rugalmass\u00e1g<\/b><\/p>\n<p>A KNX rendszer decentraliz\u00e1lt fel\u00e9p\u00edt\u00e9se lehet\u0151v\u00e9 teszi, hogy a k\u00fcl\u00f6nb\u00f6z\u0151 funkci\u00f3k egym\u00e1st\u00f3l f\u00fcggetlen\u00fcl, de \u00f6sszhangban m\u0171k\u00f6djenek. Ez a modul\u00e1ris fel\u00e9p\u00edt\u00e9s rendk\u00edv\u00fcli rugalmass\u00e1got ny\u00fajt a haszn\u00e1l\u00f3knak, mivel a rendszer k\u00f6nnyen b\u0151v\u00edthet\u0151, \u00e9s \u00faj funkci\u00f3k hozz\u00e1ad\u00e1sakor sem sz\u00fcks\u00e9ges a teljes rendszer \u00e1talak\u00edt\u00e1sa. Az ipari min\u0151s\u00e9g\u0171 alkatr\u00e9szek alkalmaz\u00e1sa tov\u00e1bb n\u00f6veli az \u00fczemel\u00e9si stabilit\u00e1st \u00e9s tart\u00f3ss\u00e1got, biztos\u00edtva a hossz\u00fa t\u00e1v\u00fa megb\u00edzhat\u00f3s\u00e1got.<\/p>\n<p><b>Energiahat\u00e9konys\u00e1g \u00e9s fenntarthat\u00f3s\u00e1g<\/b><\/p>\n<p>A KNX rendszer kiemelked\u0151 energiahat\u00e9konys\u00e1gi tulajdons\u00e1gokkal rendelkezik, amely lehet\u0151v\u00e9 teszi a vil\u00e1g\u00edt\u00e1s, f\u0171t\u00e9s, h\u0171t\u00e9s \u00e9s egy\u00e9b \u00e9p\u00fcletg\u00e9p\u00e9szeti rendszerek pontos szab\u00e1lyoz\u00e1s\u00e1t. Az MSZ EN 52120-1 szabv\u00e1nynak val\u00f3 megfelel\u00e9s garant\u00e1lja, hogy a rendszer jav\u00edtja az \u00e9p\u00fcletek energetikai teljes\u00edt\u0151k\u00e9pess\u00e9g\u00e9t, ez\u00e1ltal cs\u00f6kkentve a k\u00f6rnyezeti terhel\u00e9st \u00e9s a m\u0171k\u00f6d\u00e9si k\u00f6lts\u00e9geket.<\/p>\n<p><b>J\u00f6v\u0151\u00e1ll\u00f3s\u00e1g \u00e9s technol\u00f3giai fejl\u0151d\u00e9s<\/b><\/p>\n<p>A KNX rendszer j\u00f6v\u0151\u00e1ll\u00f3 technol\u00f3gi\u00e1t k\u00edn\u00e1l, amely folyamatosan alkalmazkodik a leg\u00fajabb innov\u00e1ci\u00f3khoz. Ez a rugalmass\u00e1g lehet\u0151v\u00e9 teszi, hogy a rendszer a technol\u00f3giai fejl\u0151d\u00e9snek megfelel\u0151en b\u0151v\u00edthet\u0151 \u00e9s friss\u00edthet\u0151 legyen, an\u00e9lk\u00fcl, hogy teljes rendszercser\u00e9re lenne sz\u00fcks\u00e9g. Ez k\u00fcl\u00f6n\u00f6sen fontos egy dinamikusan v\u00e1ltoz\u00f3 ipar\u00e1gban, mint az \u00e9p\u00fcletautomatiz\u00e1l\u00e1s, ahol az innov\u00e1ci\u00f3 \u00e9s a fenntarthat\u00f3s\u00e1g kulcsfontoss\u00e1g\u00fa t\u00e9nyez\u0151k.<\/p>\n<p><b>Karbantart\u00e1s \u00e9s t\u00e1mogat\u00e1s<\/b><\/p>\n<p>Az \u00e9p\u00fcletautomatiz\u00e1l\u00e1si rendszer karbantart\u00e1sa alapvet\u0151 fontoss\u00e1g\u00fa a hossz\u00fa t\u00e1v\u00fa megb\u00edzhat\u00f3s\u00e1g biztos\u00edt\u00e1sa \u00e9rdek\u00e9ben. A javasolt karbantart\u00e1si ciklus f\u00e9l \u00e9vente t\u00f6rt\u00e9nik, amely mag\u00e1ban foglalja a buszh\u00e1l\u00f3zat ellen\u0151rz\u00e9s\u00e9t, a k\u00e9sz\u00fcl\u00e9kek \u00e9s szenzorok tesztel\u00e9s\u00e9t, valamint a g\u00e9p\u00e9szeti berendez\u00e9sek \u00e1llapot\u00e1nak fel\u00fclvizsg\u00e1lat\u00e1t. B\u00e1r a rendszer szoftverfriss\u00edt\u00e9st nem ig\u00e9nyel, a rendszeres ellen\u0151rz\u00e9sek biztos\u00edtj\u00e1k, hogy az \u00e9p\u00fcletautomatiz\u00e1l\u00e1si megold\u00e1sok mindig a legmagasabb szint\u0171 hat\u00e9konys\u00e1got ny\u00fajts\u00e1k.<\/p>\n<p><b>K\u00f6rnyezettudatoss\u00e1g \u00e9s hossz\u00fa t\u00e1v\u00fa megb\u00edzhat\u00f3s\u00e1g<\/b><\/p>\n<p>A Richter Gedeon Nyrt. \u00faj sz\u00e9kh\u00e1za egy olyan modern \u00e9p\u00fclet, amely nemcsak a v\u00e1llalat filoz\u00f3fi\u00e1j\u00e1t t\u00fckr\u00f6zi, hanem a j\u00f6v\u0151be mutat\u00f3 technol\u00f3giai megold\u00e1sokat is mag\u00e1ban foglalja. Az \u00e9p\u00fcletautomatiz\u00e1l\u00e1si rendszer, k\u00fcl\u00f6n\u00f6sen a KNX rendszer alkalmaz\u00e1sa r\u00e9v\u00e9n, az iroda nemcsak k\u00f6rnyezetbar\u00e1t \u00e9s energiatakar\u00e9kos, hanem hossz\u00fa t\u00e1von gazdas\u00e1gosan \u00fczemeltethet\u0151 is. Ez a megk\u00f6zel\u00edt\u00e9s t\u00fckr\u00f6zi a v\u00e1llalat elk\u00f6telezetts\u00e9g\u00e9t a fenntarthat\u00f3s\u00e1g \u00e9s a t\u00e1rsadalmi felel\u0151ss\u00e9gv\u00e1llal\u00e1s ir\u00e1nt, mik\u00f6zben a leg\u00fajabb innov\u00e1ci\u00f3kat \u00f6tv\u00f6zi a megb\u00edzhat\u00f3 m\u0171k\u00f6d\u00e9ssel.<\/p>","protected":false},"excerpt":{"rendered":"<p>Richter Gedeon Nyrt. \u00faj sz\u00e9kh\u00e1za Fenntarthat\u00f3s\u00e1g, energiahat\u00e9konys\u00e1g \u00e9s innov\u00e1ci\u00f3 az \u00e9p\u00fcletautomatiz\u00e1l\u00e1sban A Richter Gedeon Nyrt. \u00faj sz\u00e9kh\u00e1za a fenntarthat\u00f3s\u00e1g, az [&hellip;]<\/p>\n","protected":false},"author":2,"featured_media":9566,"comment_status":"closed","ping_status":"open","sticky":false,"template":"","format":"standard","meta":{"_acf_changed":false,"site-sidebar-layout":"default","site-content-layout":"default","ast-site-content-layout":"default","site-content-style":"default","site-sidebar-style":"default","ast-global-header-display":"","ast-banner-title-visibility":"","ast-main-header-display":"","ast-hfb-above-header-display":"","ast-hfb-below-header-display":"","ast-hfb-mobile-header-display":"","site-post-title":"","ast-breadcrumbs-content":"","ast-featured-img":"","footer-sml-layout":"","ast-disable-related-posts":"","theme-transparent-header-meta":"default","adv-header-id-meta":"","stick-header-meta":"default","header-above-stick-meta":"","header-main-stick-meta":"","header-below-stick-meta":"","astra-migrate-meta-layouts":"set","ast-page-background-enabled":"default","ast-page-background-meta":{"desktop":{"background-color":"var(--ast-global-color-4)","background-image":"","background-repeat":"repeat","background-position":"center center","background-size":"auto","background-attachment":"scroll","background-type":"","background-media":"","overlay-type":"","overlay-color":"","overlay-opacity":"","overlay-gradient":""},"tablet":{"background-color":"","background-image":"","background-repeat":"repeat","background-position":"center center","background-size":"auto","background-attachment":"scroll","background-type":"","background-media":"","overlay-type":"","overlay-color":"","overlay-opacity":"","overlay-gradient":""},"mobile":{"background-color":"","background-image":"","background-repeat":"repeat","background-position":"center center","background-size":"auto","background-attachment":"scroll","background-type":"","background-media":"","overlay-type":"","overlay-color":"","overlay-opacity":"","overlay-gradient":""}},"ast-content-background-meta":{"desktop":{"background-color":"var(--ast-global-color-5)","background-image":"","background-repeat":"repeat","background-position":"center center","background-size":"auto","background-attachment":"scroll","background-type":"","background-media":"","overlay-type":"","overlay-color":"","overlay-opacity":"","overlay-gradient":""},"tablet":{"background-color":"var(--ast-global-color-5)","background-image":"","background-repeat":"repeat","background-position":"center center","background-size":"auto","background-attachment":"scroll","background-type":"","background-media":"","overlay-type":"","overlay-color":"","overlay-opacity":"","overlay-gradient":""},"mobile":{"background-color":"var(--ast-global-color-5)","background-image":"","background-repeat":"repeat","background-position":"center center","background-size":"auto","background-attachment":"scroll","background-type":"","background-media":"","overlay-type":"","overlay-color":"","overlay-opacity":"","overlay-gradient":""}},"footnotes":""},"categories":[1,60],"tags":[],"class_list":["post-6933","post","type-post","status-publish","format-standard","has-post-thumbnail","hentry","category-blog","category-referenciaink"],"acf":[],"yoast_head":"<!-- This site is optimized with the Yoast SEO plugin v28.3 - https:\/\/yoast.com\/product\/yoast-seo-wordpress\/ -->\n<title>Richter Gedeon Nyrt. sz\u00e9kh\u00e1z - Elektro Kamleithner<\/title>\n<meta name=\"robots\" content=\"index, follow, max-snippet:-1, max-image-preview:large, max-video-preview:-1\" \/>\n<link rel=\"canonical\" href=\"https:\/\/elektro-kamleithner.hu\/en\/richter-gedeon-nyrt-szekhaz\/\" \/>\n<meta property=\"og:locale\" content=\"en_GB\" \/>\n<meta property=\"og:type\" content=\"article\" \/>\n<meta property=\"og:title\" content=\"Richter Gedeon Nyrt. sz\u00e9kh\u00e1z - Elektro Kamleithner\" \/>\n<meta property=\"og:description\" content=\"Richter Gedeon Nyrt. \u00faj sz\u00e9kh\u00e1za Fenntarthat\u00f3s\u00e1g, energiahat\u00e9konys\u00e1g \u00e9s innov\u00e1ci\u00f3 az \u00e9p\u00fcletautomatiz\u00e1l\u00e1sban A Richter Gedeon Nyrt. \u00faj sz\u00e9kh\u00e1za a fenntarthat\u00f3s\u00e1g, az [&hellip;]\" \/>\n<meta property=\"og:url\" content=\"https:\/\/elektro-kamleithner.hu\/en\/richter-gedeon-nyrt-szekhaz\/\" \/>\n<meta property=\"og:site_name\" content=\"Elektro Kamleithner\" \/>\n<meta property=\"article:publisher\" content=\"https:\/\/www.facebook.com\/ElektroKamleithnerKft\/\" \/>\n<meta property=\"article:published_time\" content=\"2024-07-17T12:21:47+00:00\" \/>\n<meta property=\"article:modified_time\" content=\"2026-02-11T17:13:25+00:00\" \/>\n<meta property=\"og:image\" content=\"https:\/\/elektro-kamleithner.hu\/wp-content\/uploads\/2025\/12\/referencia-03.webp\" \/>\n\t<meta property=\"og:image:width\" content=\"1200\" \/>\n\t<meta property=\"og:image:height\" content=\"628\" \/>\n\t<meta property=\"og:image:type\" content=\"image\/webp\" \/>\n<meta name=\"author\" content=\"Balogh Zolt\u00e1n\" \/>\n<meta name=\"twitter:card\" content=\"summary_large_image\" \/>\n<meta name=\"twitter:label1\" content=\"Written by\" \/>\n\t<meta name=\"twitter:data1\" content=\"Balogh Zolt\u00e1n\" \/>\n\t<meta name=\"twitter:label2\" content=\"Estimated reading time\" \/>\n\t<meta name=\"twitter:data2\" content=\"3 minutes\" \/>\n<script type=\"application\/ld+json\" class=\"yoast-schema-graph\">{\"@context\":\"https:\\\/\\\/schema.org\",\"@graph\":[{\"@type\":\"Article\",\"@id\":\"https:\\\/\\\/elektro-kamleithner.hu\\\/richter-gedeon-nyrt-szekhaz\\\/#article\",\"isPartOf\":{\"@id\":\"https:\\\/\\\/elektro-kamleithner.hu\\\/richter-gedeon-nyrt-szekhaz\\\/\"},\"author\":{\"name\":\"Balogh Zolt\u00e1n\",\"@id\":\"https:\\\/\\\/elektro-kamleithner.hu\\\/#\\\/schema\\\/person\\\/6bee347fe0f99bcff222317c89ff8c51\"},\"headline\":\"Richter Gedeon Nyrt. sz\u00e9kh\u00e1z\",\"datePublished\":\"2024-07-17T12:21:47+00:00\",\"dateModified\":\"2026-02-11T17:13:25+00:00\",\"mainEntityOfPage\":{\"@id\":\"https:\\\/\\\/elektro-kamleithner.hu\\\/richter-gedeon-nyrt-szekhaz\\\/\"},\"wordCount\":1706,\"publisher\":{\"@id\":\"https:\\\/\\\/elektro-kamleithner.hu\\\/#organization\"},\"image\":{\"@id\":\"https:\\\/\\\/elektro-kamleithner.hu\\\/richter-gedeon-nyrt-szekhaz\\\/#primaryimage\"},\"thumbnailUrl\":\"https:\\\/\\\/elektro-kamleithner.hu\\\/wp-content\\\/uploads\\\/2025\\\/12\\\/referencia-03.webp\",\"articleSection\":[\"Blog\",\"Referenci\u00e1ink\"],\"inLanguage\":\"en-GB\"},{\"@type\":\"WebPage\",\"@id\":\"https:\\\/\\\/elektro-kamleithner.hu\\\/richter-gedeon-nyrt-szekhaz\\\/\",\"url\":\"https:\\\/\\\/elektro-kamleithner.hu\\\/richter-gedeon-nyrt-szekhaz\\\/\",\"name\":\"Richter Gedeon Nyrt. sz\u00e9kh\u00e1z - Elektro Kamleithner\",\"isPartOf\":{\"@id\":\"https:\\\/\\\/elektro-kamleithner.hu\\\/#website\"},\"primaryImageOfPage\":{\"@id\":\"https:\\\/\\\/elektro-kamleithner.hu\\\/richter-gedeon-nyrt-szekhaz\\\/#primaryimage\"},\"image\":{\"@id\":\"https:\\\/\\\/elektro-kamleithner.hu\\\/richter-gedeon-nyrt-szekhaz\\\/#primaryimage\"},\"thumbnailUrl\":\"https:\\\/\\\/elektro-kamleithner.hu\\\/wp-content\\\/uploads\\\/2025\\\/12\\\/referencia-03.webp\",\"datePublished\":\"2024-07-17T12:21:47+00:00\",\"dateModified\":\"2026-02-11T17:13:25+00:00\",\"breadcrumb\":{\"@id\":\"https:\\\/\\\/elektro-kamleithner.hu\\\/richter-gedeon-nyrt-szekhaz\\\/#breadcrumb\"},\"inLanguage\":\"en-GB\",\"potentialAction\":[{\"@type\":\"ReadAction\",\"target\":[\"https:\\\/\\\/elektro-kamleithner.hu\\\/richter-gedeon-nyrt-szekhaz\\\/\"]}]},{\"@type\":\"ImageObject\",\"inLanguage\":\"en-GB\",\"@id\":\"https:\\\/\\\/elektro-kamleithner.hu\\\/richter-gedeon-nyrt-szekhaz\\\/#primaryimage\",\"url\":\"https:\\\/\\\/elektro-kamleithner.hu\\\/wp-content\\\/uploads\\\/2025\\\/12\\\/referencia-03.webp\",\"contentUrl\":\"https:\\\/\\\/elektro-kamleithner.hu\\\/wp-content\\\/uploads\\\/2025\\\/12\\\/referencia-03.webp\",\"width\":1200,\"height\":628,\"caption\":\"referencia 03\"},{\"@type\":\"BreadcrumbList\",\"@id\":\"https:\\\/\\\/elektro-kamleithner.hu\\\/richter-gedeon-nyrt-szekhaz\\\/#breadcrumb\",\"itemListElement\":[{\"@type\":\"ListItem\",\"position\":1,\"name\":\"Kezd\u0151lap\",\"item\":\"https:\\\/\\\/elektro-kamleithner.hu\\\/\"},{\"@type\":\"ListItem\",\"position\":2,\"name\":\"Richter Gedeon Nyrt. sz\u00e9kh\u00e1z\"}]},{\"@type\":\"WebSite\",\"@id\":\"https:\\\/\\\/elektro-kamleithner.hu\\\/#website\",\"url\":\"https:\\\/\\\/elektro-kamleithner.hu\\\/\",\"name\":\"Elektro Kamleithner\",\"description\":\"Elektro Kamleithner\",\"publisher\":{\"@id\":\"https:\\\/\\\/elektro-kamleithner.hu\\\/#organization\"},\"potentialAction\":[{\"@type\":\"SearchAction\",\"target\":{\"@type\":\"EntryPoint\",\"urlTemplate\":\"https:\\\/\\\/elektro-kamleithner.hu\\\/?s={search_term_string}\"},\"query-input\":{\"@type\":\"PropertyValueSpecification\",\"valueRequired\":true,\"valueName\":\"search_term_string\"}}],\"inLanguage\":\"en-GB\"},{\"@type\":\"Organization\",\"@id\":\"https:\\\/\\\/elektro-kamleithner.hu\\\/#organization\",\"name\":\"Elektro Kamleithner\",\"url\":\"https:\\\/\\\/elektro-kamleithner.hu\\\/\",\"logo\":{\"@type\":\"ImageObject\",\"inLanguage\":\"en-GB\",\"@id\":\"https:\\\/\\\/elektro-kamleithner.hu\\\/#\\\/schema\\\/logo\\\/image\\\/\",\"url\":\"https:\\\/\\\/elektro-kamleithner.hu\\\/wp-content\\\/uploads\\\/2024\\\/09\\\/elektro-white-001.svg\",\"contentUrl\":\"https:\\\/\\\/elektro-kamleithner.hu\\\/wp-content\\\/uploads\\\/2024\\\/09\\\/elektro-white-001.svg\",\"width\":382,\"height\":131,\"caption\":\"Elektro Kamleithner\"},\"image\":{\"@id\":\"https:\\\/\\\/elektro-kamleithner.hu\\\/#\\\/schema\\\/logo\\\/image\\\/\"},\"sameAs\":[\"https:\\\/\\\/www.facebook.com\\\/ElektroKamleithnerKft\\\/\",\"https:\\\/\\\/www.youtube.com\\\/channel\\\/UCdDdwY5NIU2nmN9MjvqnFqg\",\"https:\\\/\\\/www.instagram.com\\\/berker.hu\\\/\"]},{\"@type\":\"Person\",\"@id\":\"https:\\\/\\\/elektro-kamleithner.hu\\\/#\\\/schema\\\/person\\\/6bee347fe0f99bcff222317c89ff8c51\",\"name\":\"Balogh Zolt\u00e1n\",\"image\":{\"@type\":\"ImageObject\",\"inLanguage\":\"en-GB\",\"@id\":\"https:\\\/\\\/secure.gravatar.com\\\/avatar\\\/83c725ba6ed0c327cf067a335b7156b3cb23f8585104d5ab2cd7bc81e6b47877?s=96&d=mm&r=g\",\"url\":\"https:\\\/\\\/secure.gravatar.com\\\/avatar\\\/83c725ba6ed0c327cf067a335b7156b3cb23f8585104d5ab2cd7bc81e6b47877?s=96&d=mm&r=g\",\"contentUrl\":\"https:\\\/\\\/secure.gravatar.com\\\/avatar\\\/83c725ba6ed0c327cf067a335b7156b3cb23f8585104d5ab2cd7bc81e6b47877?s=96&d=mm&r=g\",\"caption\":\"Balogh Zolt\u00e1n\"},\"url\":\"https:\\\/\\\/elektro-kamleithner.hu\\\/en\\\/author\\\/admin\\\/\"}]}<\/script>\n<!-- \/ Yoast SEO plugin. -->","yoast_head_json":{"title":"Richter Gedeon Nyrt. sz\u00e9kh\u00e1z - Elektro Kamleithner","robots":{"index":"index","follow":"follow","max-snippet":"max-snippet:-1","max-image-preview":"max-image-preview:large","max-video-preview":"max-video-preview:-1"},"canonical":"https:\/\/elektro-kamleithner.hu\/en\/richter-gedeon-nyrt-szekhaz\/","og_locale":"en_GB","og_type":"article","og_title":"Richter Gedeon Nyrt. sz\u00e9kh\u00e1z - Elektro Kamleithner","og_description":"Richter Gedeon Nyrt. \u00faj sz\u00e9kh\u00e1za Fenntarthat\u00f3s\u00e1g, energiahat\u00e9konys\u00e1g \u00e9s innov\u00e1ci\u00f3 az \u00e9p\u00fcletautomatiz\u00e1l\u00e1sban A Richter Gedeon Nyrt. \u00faj sz\u00e9kh\u00e1za a fenntarthat\u00f3s\u00e1g, az [&hellip;]","og_url":"https:\/\/elektro-kamleithner.hu\/en\/richter-gedeon-nyrt-szekhaz\/","og_site_name":"Elektro Kamleithner","article_publisher":"https:\/\/www.facebook.com\/ElektroKamleithnerKft\/","article_published_time":"2024-07-17T12:21:47+00:00","article_modified_time":"2026-02-11T17:13:25+00:00","og_image":[{"width":1200,"height":628,"url":"https:\/\/elektro-kamleithner.hu\/wp-content\/uploads\/2025\/12\/referencia-03.webp","type":"image\/webp"}],"author":"Balogh Zolt\u00e1n","twitter_card":"summary_large_image","twitter_misc":{"Written by":"Balogh Zolt\u00e1n","Estimated reading time":"3 minutes"},"schema":{"@context":"https:\/\/schema.org","@graph":[{"@type":"Article","@id":"https:\/\/elektro-kamleithner.hu\/richter-gedeon-nyrt-szekhaz\/#article","isPartOf":{"@id":"https:\/\/elektro-kamleithner.hu\/richter-gedeon-nyrt-szekhaz\/"},"author":{"name":"Balogh Zolt\u00e1n","@id":"https:\/\/elektro-kamleithner.hu\/#\/schema\/person\/6bee347fe0f99bcff222317c89ff8c51"},"headline":"Richter Gedeon Nyrt. sz\u00e9kh\u00e1z","datePublished":"2024-07-17T12:21:47+00:00","dateModified":"2026-02-11T17:13:25+00:00","mainEntityOfPage":{"@id":"https:\/\/elektro-kamleithner.hu\/richter-gedeon-nyrt-szekhaz\/"},"wordCount":1706,"publisher":{"@id":"https:\/\/elektro-kamleithner.hu\/#organization"},"image":{"@id":"https:\/\/elektro-kamleithner.hu\/richter-gedeon-nyrt-szekhaz\/#primaryimage"},"thumbnailUrl":"https:\/\/elektro-kamleithner.hu\/wp-content\/uploads\/2025\/12\/referencia-03.webp","articleSection":["Blog","Referenci\u00e1ink"],"inLanguage":"en-GB"},{"@type":"WebPage","@id":"https:\/\/elektro-kamleithner.hu\/richter-gedeon-nyrt-szekhaz\/","url":"https:\/\/elektro-kamleithner.hu\/richter-gedeon-nyrt-szekhaz\/","name":"Richter Gedeon Nyrt. sz\u00e9kh\u00e1z - Elektro Kamleithner","isPartOf":{"@id":"https:\/\/elektro-kamleithner.hu\/#website"},"primaryImageOfPage":{"@id":"https:\/\/elektro-kamleithner.hu\/richter-gedeon-nyrt-szekhaz\/#primaryimage"},"image":{"@id":"https:\/\/elektro-kamleithner.hu\/richter-gedeon-nyrt-szekhaz\/#primaryimage"},"thumbnailUrl":"https:\/\/elektro-kamleithner.hu\/wp-content\/uploads\/2025\/12\/referencia-03.webp","datePublished":"2024-07-17T12:21:47+00:00","dateModified":"2026-02-11T17:13:25+00:00","breadcrumb":{"@id":"https:\/\/elektro-kamleithner.hu\/richter-gedeon-nyrt-szekhaz\/#breadcrumb"},"inLanguage":"en-GB","potentialAction":[{"@type":"ReadAction","target":["https:\/\/elektro-kamleithner.hu\/richter-gedeon-nyrt-szekhaz\/"]}]},{"@type":"ImageObject","inLanguage":"en-GB","@id":"https:\/\/elektro-kamleithner.hu\/richter-gedeon-nyrt-szekhaz\/#primaryimage","url":"https:\/\/elektro-kamleithner.hu\/wp-content\/uploads\/2025\/12\/referencia-03.webp","contentUrl":"https:\/\/elektro-kamleithner.hu\/wp-content\/uploads\/2025\/12\/referencia-03.webp","width":1200,"height":628,"caption":"referencia 03"},{"@type":"BreadcrumbList","@id":"https:\/\/elektro-kamleithner.hu\/richter-gedeon-nyrt-szekhaz\/#breadcrumb","itemListElement":[{"@type":"ListItem","position":1,"name":"Kezd\u0151lap","item":"https:\/\/elektro-kamleithner.hu\/"},{"@type":"ListItem","position":2,"name":"Richter Gedeon Nyrt. sz\u00e9kh\u00e1z"}]},{"@type":"WebSite","@id":"https:\/\/elektro-kamleithner.hu\/#website","url":"https:\/\/elektro-kamleithner.hu\/","name":"Elektro Kamleithner","description":"Elektro Kamleithner","publisher":{"@id":"https:\/\/elektro-kamleithner.hu\/#organization"},"potentialAction":[{"@type":"SearchAction","target":{"@type":"EntryPoint","urlTemplate":"https:\/\/elektro-kamleithner.hu\/?s={search_term_string}"},"query-input":{"@type":"PropertyValueSpecification","valueRequired":true,"valueName":"search_term_string"}}],"inLanguage":"en-GB"},{"@type":"Organization","@id":"https:\/\/elektro-kamleithner.hu\/#organization","name":"Elektro Kamleithner","url":"https:\/\/elektro-kamleithner.hu\/","logo":{"@type":"ImageObject","inLanguage":"en-GB","@id":"https:\/\/elektro-kamleithner.hu\/#\/schema\/logo\/image\/","url":"https:\/\/elektro-kamleithner.hu\/wp-content\/uploads\/2024\/09\/elektro-white-001.svg","contentUrl":"https:\/\/elektro-kamleithner.hu\/wp-content\/uploads\/2024\/09\/elektro-white-001.svg","width":382,"height":131,"caption":"Elektro Kamleithner"},"image":{"@id":"https:\/\/elektro-kamleithner.hu\/#\/schema\/logo\/image\/"},"sameAs":["https:\/\/www.facebook.com\/ElektroKamleithnerKft\/","https:\/\/www.youtube.com\/channel\/UCdDdwY5NIU2nmN9MjvqnFqg","https:\/\/www.instagram.com\/berker.hu\/"]},{"@type":"Person","@id":"https:\/\/elektro-kamleithner.hu\/#\/schema\/person\/6bee347fe0f99bcff222317c89ff8c51","name":"Balogh Zolt\u00e1n","image":{"@type":"ImageObject","inLanguage":"en-GB","@id":"https:\/\/secure.gravatar.com\/avatar\/83c725ba6ed0c327cf067a335b7156b3cb23f8585104d5ab2cd7bc81e6b47877?s=96&d=mm&r=g","url":"https:\/\/secure.gravatar.com\/avatar\/83c725ba6ed0c327cf067a335b7156b3cb23f8585104d5ab2cd7bc81e6b47877?s=96&d=mm&r=g","contentUrl":"https:\/\/secure.gravatar.com\/avatar\/83c725ba6ed0c327cf067a335b7156b3cb23f8585104d5ab2cd7bc81e6b47877?s=96&d=mm&r=g","caption":"Balogh Zolt\u00e1n"},"url":"https:\/\/elektro-kamleithner.hu\/en\/author\/admin\/"}]}},"_links":{"self":[{"href":"https:\/\/elektro-kamleithner.hu\/en\/wp-json\/wp\/v2\/posts\/6933","targetHints":{"allow":["GET"]}}],"collection":[{"href":"https:\/\/elektro-kamleithner.hu\/en\/wp-json\/wp\/v2\/posts"}],"about":[{"href":"https:\/\/elektro-kamleithner.hu\/en\/wp-json\/wp\/v2\/types\/post"}],"author":[{"embeddable":true,"href":"https:\/\/elektro-kamleithner.hu\/en\/wp-json\/wp\/v2\/users\/2"}],"replies":[{"embeddable":true,"href":"https:\/\/elektro-kamleithner.hu\/en\/wp-json\/wp\/v2\/comments?post=6933"}],"version-history":[{"count":1,"href":"https:\/\/elektro-kamleithner.hu\/en\/wp-json\/wp\/v2\/posts\/6933\/revisions"}],"predecessor-version":[{"id":8714,"href":"https:\/\/elektro-kamleithner.hu\/en\/wp-json\/wp\/v2\/posts\/6933\/revisions\/8714"}],"wp:featuredmedia":[{"embeddable":true,"href":"https:\/\/elektro-kamleithner.hu\/en\/wp-json\/wp\/v2\/media\/9566"}],"wp:attachment":[{"href":"https:\/\/elektro-kamleithner.hu\/en\/wp-json\/wp\/v2\/media?parent=6933"}],"wp:term":[{"taxonomy":"category","embeddable":true,"href":"https:\/\/elektro-kamleithner.hu\/en\/wp-json\/wp\/v2\/categories?post=6933"},{"taxonomy":"post_tag","embeddable":true,"href":"https:\/\/elektro-kamleithner.hu\/en\/wp-json\/wp\/v2\/tags?post=6933"}],"curies":[{"name":"wp","href":"https:\/\/api.w.org\/{rel}","templated":true}]}}