{"id":4417,"date":"2022-02-18T10:14:34","date_gmt":"2022-02-18T09:14:34","guid":{"rendered":"https:\/\/evernox.hu\/a-knx-piacvezeto-helyen-vegzett-az-okosotthon-technologiakat-osszehasonlito-fuggetlen-felmeresben\/"},"modified":"2026-01-28T16:20:53","modified_gmt":"2026-01-28T15:20:53","slug":"a-knx-piacvezeto-helyen-vegzett-az-okosotthon-technologiakat-osszehasonlito-fuggetlen-felmeresben","status":"publish","type":"post","link":"https:\/\/elektro-kamleithner.hu\/en\/a-knx-piacvezeto-helyen-vegzett-az-okosotthon-technologiakat-osszehasonlito-fuggetlen-felmeresben\/","title":{"rendered":"A KNX piacvezet\u0151 helyen v\u00e9gzett az okosotthon technol\u00f3gi\u00e1kat \u00f6sszehasonl\u00edt\u00f3 f\u00fcggetlen felm\u00e9r\u00e9sben"},"content":{"rendered":"<p>A vil\u00e1gj\u00e1rv\u00e1ny &#8211; mik\u00f6zben negat\u00edv hat\u00e1ssal volt sz\u00e1mos n\u00e9pszer\u0171 ipar\u00e1gra, p\u00e9ld\u00e1ul az utaz\u00e1sra \u00e9s a sz\u00f3rakoztat\u00f3iparra \u2013 n\u00f6veked\u00e9st hozott a lak\u00e1s piacon, mivel az emberek t\u00f6bb id\u0151t t\u00f6lt\u00f6ttek otthon. A k\u00e9rd\u00e9s az, hogy ez csak \u00e1tmeneti, vagy a val\u00f3di v\u00e1ltoz\u00e1s jele? A vezet\u0151 okosotthon magazin, a HiddenWires ezt szerette volna kider\u00edteni, ez\u00e9rt nemr\u00e9g nemzetk\u00f6zi felm\u00e9r\u00e9st v\u00e9gzett az okosotthon ipar\u00e1g helyzet\u00e9r\u0151l. Nem meglep\u0151 a hozz\u00e1\u00e9rt\u0151k sz\u00e1m\u00e1ra, hogy a <strong>KNX az ismerts\u00e9g \u00e9s az elfogadotts\u00e1g tekintet\u00e9ben az els\u0151 helyen v\u00e9gzett.<\/strong><\/p>\n<h3>A felm\u00e9r\u00e9s hat\u00f3k\u00f6re<\/h3>\n<p>A felm\u00e9r\u00e9s c\u00e9lja az volt, hogy kider\u00fclj\u00f6n, hogy hol tart jelenleg az intelligens otthonok piaca, \u00e9s hogyan v\u00e9lekednek az emberek annak j\u00f6v\u0151j\u00e9r\u0151l. A felm\u00e9r\u00e9st 2021 szeptember\u00e9ben v\u00e9gezt\u00e9k \u00e9s t\u00f6bb mint 8000 v\u00e1lasz \u00e9rkezett az intelligens otthonok piac\u00e1n dolgoz\u00f3 szakemberekt\u0151l. A v\u00e1laszad\u00f3k t\u00f6bb mint k\u00e9tharmada rendszerintegr\u00e1tor vagy telep\u00edt\u0151 volt. A t\u00f6bbiek tervez\u0151k, gy\u00e1rt\u00f3k, forgalmaz\u00f3k, \u00e9p\u00edt\u00e9szek, bels\u0151\u00e9p\u00edt\u00e9szek \u00e9s egy\u00e9b felhaszn\u00e1l\u00f3k voltak.<\/p>\n<p>T\u00f6bbs\u00e9g\u00fck t\u00f6bbnyire Eur\u00f3pa-szerte dolgozik. A m\u00e1sodik legn\u00e9pszer\u0171bb r\u00e9gi\u00f3 (3%) a K\u00f6zel-Kelet volt, ezt k\u00f6vette az \u00c1zsia-csendes-\u00f3ce\u00e1ni t\u00e9rs\u00e9g, Ausztr\u00e1lia, Afrika, Oroszorsz\u00e1g, D\u00e9l-Amerika \u00e9s \u00c9szak-Amerika. A v\u00e1laszad\u00f3k mind\u00f6ssze 17%-a mondta azt, hogy t\u00f6bbet telep\u00edt megl\u00e9v\u0151 lak\u00e1sokba, m\u00edg 82%-uk azt \u00e1ll\u00edtotta, hogy f\u0151k\u00e9nt \u00faj \u00e9p\u00edt\u00e9s\u0171 lak\u00e1sokban dolgozik.<\/p>\n<h3>A KNX az \u00e9len j\u00e1r<\/h3>\n<p>A HiddenWires felm\u00e9r\u00e9se az okosotthon-technol\u00f3gi\u00e1k teljes palett\u00e1j\u00e1t fel\u00f6lelte, sz\u00e1mos szabadalmaztatott vez\u00e9rl\u0151protokollt, valamint a ny\u00edlt protokollokat, p\u00e9ld\u00e1ul a KNX-et, tov\u00e1bb\u00e1 k\u00fcl\u00f6nb\u00f6z\u0151 t\u00edpus\u00fa kommunik\u00e1ci\u00f3s m\u00e9diumokat, p\u00e9ld\u00e1ul vezet\u00e9kes \u00e9s vezet\u00e9k n\u00e9lk\u00fcli kommunik\u00e1ci\u00f3s eszk\u00f6z\u00f6ket mag\u00e1ba foglalva. A nagy v\u00e1laszt\u00e9k ellen\u00e9re vil\u00e1goss\u00e1 v\u00e1lt, hogy van egy er\u0151s piacvezet\u0151, mind az ismerts\u00e9g, mind az elfogadotts\u00e1g tekintet\u00e9ben, \u00e9s ez a KNX.<\/p>\n<h3>A felm\u00e9r\u00e9s f\u0151 meg\u00e1llap\u00edt\u00e1sai a k\u00f6vetkez\u0151k voltak:<\/h3>\n<ul>\n<li>\u00a0\u00a0\u00a0 A KNX az els\u0151 helyen \u00e1ll az intelligens otthonok piac\u00e1n az ipar\u00e1gi szakemberek \u00e1ltal ismert kommunik\u00e1ci\u00f3s protokoll\/\u00f6kosziszt\u00e9ma tekintet\u00e9ben.<\/li>\n<li>\u00a0\u00a0\u00a0 N\u00e9gyb\u0151l h\u00e1rom ipar\u00e1gi szakember (75%) ismeri a KNX technol\u00f3gi\u00e1t, ami 21%-kal el\u0151z meg b\u00e1rmely \u00a0m\u00e1s technol\u00f3gi\u00e1t.<\/li>\n<li>\u00a0\u00a0\u00a0 A KNX a vezet\u0151 vez\u00e9rl\u0151rendszer a lakoss\u00e1gi projektekben, az okosotthon-szakemberek k\u00f6zel k\u00e9tharmada (62%) szerint, ami h\u00e1romszor n\u00e9pszer\u0171bb, mint a legk\u00f6zelebbi versenyt\u00e1rs.<\/li>\n<\/ul>\n<h3>Alkalmaz\u00e1sok<\/h3>\n<p>Az is \u00e9rdekes, hogy mi kapja a legnagyobb figyelmet, amikor az otthonok intelligenss\u00e9 t\u00e9tel\u00e9r\u0151l van sz\u00f3. A felm\u00e9r\u00e9sb\u0151l kider\u00fclt, hogy a projektek legink\u00e1bb automatiz\u00e1lt ter\u00fclete a vil\u00e1g\u00edt\u00e1s, amelyet szorosan k\u00f6vet a h\u0151m\u00e9rs\u00e9klet-szab\u00e1lyz\u00e1s \u00e9s a red\u0151nyvez\u00e9rl\u00e9s. Az energiagazd\u00e1lkod\u00e1s egyre n\u00e9pszer\u0171bb, ahogy az intelligens biztons\u00e1g is, m\u00edg az otthoni sz\u00f3rakoztat\u00e1s a list\u00e1n h\u00e1tr\u00e9bb ker\u00fclt, mint azt v\u00e1rtuk volna. A kev\u00e9sb\u00e9 kiemelt ter\u00fcletek k\u00f6z\u00e9 tartoztak m\u00e9g a f\u00fcst- \u00e9s CO-\u00e9rz\u00e9kel\u0151kkel kapcsolatos intelligens megold\u00e1sok \u00e9s az intelligens k\u00e9sz\u00fcl\u00e9kek.<\/p>\n<figure><img decoding=\"async\" src=\"\\&quot;https:\/\/elektro-kamleithner.hu\/wp-content\/uploads\/2026\/01\/e-villamos-6.-jpg.jpgwp-content\/uploads\/2025\/12\/12-_DSC7322-scaled-1.jpgwp-content\/uploads\/2025\/11\/Nevtelen-terv-7.jpgwp-content\/uploads\/2022\/02\/results-1-HUN.jpg\\&quot;\" sizes=\"\\&quot;(max-width:\" srcset=\"\\&quot;https:\/\/www.elektro-kamleithner.hu\/wp-content\/uploads\/2022\/02\/results-1-HUN.jpg\" alt=\"\\&quot;\\&quot;\" width=\"\\&quot;600\\&quot;\" height=\"\\&quot;266\\&quot;\" \/><figcaption>A vil\u00e1g\u00edt\u00e1s \u00e9s a h\u0151m\u00e9rs\u00e9klet az intelligens otthon vez\u00e9rl\u00e9s\u00e9nek k\u00e9t legfontosabb ter\u00fclete.<\/figcaption><\/figure>\n<p><img decoding=\"async\" src=\"\\&quot;https:\/\/elektro-kamleithner.hu\/wp-content\/uploads\/2026\/01\/e-villamos-6.-jpg.jpgwp-content\/uploads\/2025\/12\/12-_DSC7322-scaled-1.jpgwp-content\/uploads\/2025\/11\/Nevtelen-terv-7.jpgwp-content\/uploads\/2022\/02\/KNX-column.jpg\\&quot;\" alt=\"\\&quot;\\&quot;\" width=\"\\&quot;149\\&quot;\" height=\"\\&quot;777\\&quot;\" \/><\/p>\n<h3>Piaci n\u00f6veked\u00e9s<\/h3>\n<p>A v\u00e1laszad\u00f3k t\u00f6bbs\u00e9ge (59%) azt is elmondta, hogy az elm\u00falt \u00f6t \u00e9vben n\u0151tt az \u00e9rdekl\u0151d\u00e9s az intelligens otthonok ir\u00e1nt a r\u00e9gi\u00f3jukban, 28%-uk pedig azt mondta, hogy az \u00e9rdekl\u0151d\u00e9s jelent\u0151sen, azaz t\u00f6bb mint k\u00e9tszeres\u00e9re n\u0151tt. A v\u00e1laszad\u00f3k 10%-a szerint az \u00e9rdekl\u0151d\u00e9s a r\u00e9gi\u00f3j\u00e1ban nem v\u00e1ltozott, m\u00edg mind\u00f6ssze 1% szerint cs\u00f6kkent \u00e9s 0,39% szerint jelent\u0151sen, azaz t\u00f6bb mint a fel\u00e9re cs\u00f6kkent.<\/p>\n<p>Ami a n\u00f6veked\u00e9s okait illeti, a legt\u00f6bben azt mondt\u00e1k, hogy <strong>az okosotthon-technol\u00f3gi\u00e1val kapcsolatos ismeretek b\u0151v\u00fcl\u00e9se a legnagyobb hozz\u00e1j\u00e1rul\u00f3 t\u00e9nyez\u0151.<\/strong> Az energiagazd\u00e1lkod\u00e1s szint\u00e9n fontos szempont, valamint az, hogy az \u00fcgyfelek eg\u00e9sz otthonra kiterjed\u0151 megold\u00e1sokat szeretn\u00e9nek. \u00c9rdekes m\u00f3don a v\u00e1laszad\u00f3k k\u00f6r\u00fclbel\u00fcl egy\u00f6t\u00f6de szerint a vil\u00e1gj\u00e1rv\u00e1ny hat\u00e1sai \u00e9s az otthon t\u00f6lt\u00f6tt t\u00f6bb id\u0151 a legnagyobb t\u00e9nyez\u0151, amely az intelligens otthonok piac\u00e1nak n\u00f6veked\u00e9s\u00e9hez hozz\u00e1j\u00e1rult.<\/p>\n<figure><img decoding=\"async\" src=\"\\&quot;https:\/\/elektro-kamleithner.hu\/wp-content\/uploads\/2026\/01\/e-villamos-6.-jpg.jpgwp-content\/uploads\/2025\/12\/12-_DSC7322-scaled-1.jpgwp-content\/uploads\/2025\/11\/Nevtelen-terv-7.jpgwp-content\/uploads\/2022\/02\/results-3HUN.jpg\\&quot;\" sizes=\"\\&quot;(max-width:\" srcset=\"\\&quot;https:\/\/www.elektro-kamleithner.hu\/wp-content\/uploads\/2022\/02\/results-3HUN.jpg\" alt=\"\\&quot;\\&quot;\" width=\"\\&quot;787\\&quot;\" height=\"\\&quot;365\\&quot;\" \/><figcaption>Az okosotthon technol\u00f3gi\u00e1k nagyobb ismerts\u00e9ge \u00f6szt\u00f6nzi a n\u00f6veked\u00e9st.<\/figcaption><\/figure>\n<h3>K\u00f6vetkeztet\u00e9s<\/h3>\n<p>\u00c9s mi\u00e9rt a KNX lett a gy\u0151ztes? Ezt a k\u00e9rd\u00e9st a felm\u00e9r\u00e9s nem tette fel konkr\u00e9tan, de b\u00e1tran k\u00f6vetkeztethet\u00fcnk arra, hogy a KNX h\u00edrnev\u00e9nek, a t\u00f6bb mint 8000 tan\u00fas\u00edtott KNX term\u00e9k leny\u0171g\u00f6z\u0151 v\u00e1laszt\u00e9k\u00e1nak, megb\u00edzhat\u00f3s\u00e1g\u00e1nak, rugalmass\u00e1g\u00e1nak, hossz\u00fa \u00e9lettartam\u00e1nak \u00e9s biztons\u00e1g\u00e1nak, valamint a KNX Sz\u00f6vets\u00e9g \u00e9s a t\u00f6bb mint 500 gy\u00e1rt\u00f3i tagot, 100 000 tan\u00fas\u00edtott telep\u00edt\u0151 partnert, sz\u00e1mos nemzeti csoportot, felhaszn\u00e1l\u00f3i csoportot, k\u00e9pz\u00e9si k\u00f6zpontot, forgalmaz\u00f3t \u00e9s besz\u00e1ll\u00edt\u00f3t mag\u00e1ban foglal\u00f3 vil\u00e1gm\u00e9ret\u0171 k\u00f6z\u00f6ss\u00e9g lelkesed\u00e9s\u00e9nek, t\u00e1mogat\u00e1s\u00e1nak \u00e9s marketingtev\u00e9kenys\u00e9g\u00e9nek k\u00f6sz\u00f6nhet\u0151en, valamint&#8230; <strong>mert val\u00f3ban ez a legjobb.<\/strong><\/p>\n<p><em>A cikk Yasmin Hashmi, a KNXtoday magazin szerkeszt\u0151j\u00e9nek cikke alapj\u00e1n k\u00e9sz\u00fclt. <\/em><br \/>\n<em>Tov\u00e1bbi inform\u00e1ci\u00f3k a felm\u00e9r\u00e9sr\u0151l:<\/em> <a href=\"\/en\/\\&quot;https:\/\/hiddenwires.co.uk\/case-studies\/article\/state-of-the-smart-home\\&quot;\/\">https:\/\/hiddenwires.co.uk\/case-studies\/article\/state-of-the-smart-home<\/a><\/p>","protected":false},"excerpt":{"rendered":"<p>A vil\u00e1gj\u00e1rv\u00e1ny &#8211; mik\u00f6zben negat\u00edv hat\u00e1ssal volt sz\u00e1mos n\u00e9pszer\u0171 ipar\u00e1gra, p\u00e9ld\u00e1ul az utaz\u00e1sra \u00e9s a sz\u00f3rakoztat\u00f3iparra \u2013 n\u00f6veked\u00e9st hozott a [&hellip;]<\/p>\n","protected":false},"author":2,"featured_media":8653,"comment_status":"closed","ping_status":"open","sticky":false,"template":"","format":"standard","meta":{"_acf_changed":false,"site-sidebar-layout":"default","site-content-layout":"default","ast-site-content-layout":"default","site-content-style":"default","site-sidebar-style":"default","ast-global-header-display":"","ast-banner-title-visibility":"","ast-main-header-display":"","ast-hfb-above-header-display":"","ast-hfb-below-header-display":"","ast-hfb-mobile-header-display":"","site-post-title":"","ast-breadcrumbs-content":"","ast-featured-img":"","footer-sml-layout":"","ast-disable-related-posts":"","theme-transparent-header-meta":"default","adv-header-id-meta":"","stick-header-meta":"default","header-above-stick-meta":"","header-main-stick-meta":"","header-below-stick-meta":"","astra-migrate-meta-layouts":"set","ast-page-background-enabled":"default","ast-page-background-meta":{"desktop":{"background-color":"var(--ast-global-color-4)","background-image":"","background-repeat":"repeat","background-position":"center center","background-size":"auto","background-attachment":"scroll","background-type":"","background-media":"","overlay-type":"","overlay-color":"","overlay-opacity":"","overlay-gradient":""},"tablet":{"background-color":"","background-image":"","background-repeat":"repeat","background-position":"center center","background-size":"auto","background-attachment":"scroll","background-type":"","background-media":"","overlay-type":"","overlay-color":"","overlay-opacity":"","overlay-gradient":""},"mobile":{"background-color":"","background-image":"","background-repeat":"repeat","background-position":"center center","background-size":"auto","background-attachment":"scroll","background-type":"","background-media":"","overlay-type":"","overlay-color":"","overlay-opacity":"","overlay-gradient":""}},"ast-content-background-meta":{"desktop":{"background-color":"var(--ast-global-color-5)","background-image":"","background-repeat":"repeat","background-position":"center center","background-size":"auto","background-attachment":"scroll","background-type":"","background-media":"","overlay-type":"","overlay-color":"","overlay-opacity":"","overlay-gradient":""},"tablet":{"background-color":"var(--ast-global-color-5)","background-image":"","background-repeat":"repeat","background-position":"center center","background-size":"auto","background-attachment":"scroll","background-type":"","background-media":"","overlay-type":"","overlay-color":"","overlay-opacity":"","overlay-gradient":""},"mobile":{"background-color":"var(--ast-global-color-5)","background-image":"","background-repeat":"repeat","background-position":"center center","background-size":"auto","background-attachment":"scroll","background-type":"","background-media":"","overlay-type":"","overlay-color":"","overlay-opacity":"","overlay-gradient":""}},"footnotes":""},"categories":[1],"tags":[],"class_list":["post-4417","post","type-post","status-publish","format-standard","has-post-thumbnail","hentry","category-blog"],"acf":[],"yoast_head":"<!-- This site is optimized with the Yoast SEO plugin v28.3 - https:\/\/yoast.com\/product\/yoast-seo-wordpress\/ -->\n<title>A KNX piacvezet\u0151 helyen v\u00e9gzett az okosotthon technol\u00f3gi\u00e1kat \u00f6sszehasonl\u00edt\u00f3 f\u00fcggetlen felm\u00e9r\u00e9sben - Elektro Kamleithner<\/title>\n<meta name=\"description\" content=\"KNX az ismerts\u00e9g \u00e9s az elfogadotts\u00e1g tekintet\u00e9ben az els\u0151 helyen v\u00e9gzett a HiddenWires felm\u00e9r\u00e9s\u00e9ben.\" \/>\n<meta name=\"robots\" content=\"index, follow, max-snippet:-1, max-image-preview:large, max-video-preview:-1\" \/>\n<link rel=\"canonical\" href=\"https:\/\/elektro-kamleithner.hu\/en\/a-knx-piacvezeto-helyen-vegzett-az-okosotthon-technologiakat-osszehasonlito-fuggetlen-felmeresben\/\" \/>\n<meta property=\"og:locale\" content=\"en_GB\" \/>\n<meta property=\"og:type\" content=\"article\" \/>\n<meta property=\"og:title\" content=\"A KNX piacvezet\u0151 helyen v\u00e9gzett az okosotthon technol\u00f3gi\u00e1kat \u00f6sszehasonl\u00edt\u00f3 f\u00fcggetlen felm\u00e9r\u00e9sben - Elektro Kamleithner\" \/>\n<meta property=\"og:description\" content=\"KNX az ismerts\u00e9g \u00e9s az elfogadotts\u00e1g tekintet\u00e9ben az els\u0151 helyen v\u00e9gzett a HiddenWires felm\u00e9r\u00e9s\u00e9ben.\" \/>\n<meta property=\"og:url\" content=\"https:\/\/elektro-kamleithner.hu\/en\/a-knx-piacvezeto-helyen-vegzett-az-okosotthon-technologiakat-osszehasonlito-fuggetlen-felmeresben\/\" \/>\n<meta property=\"og:site_name\" content=\"Elektro Kamleithner\" \/>\n<meta property=\"article:publisher\" content=\"https:\/\/www.facebook.com\/ElektroKamleithnerKft\/\" \/>\n<meta property=\"article:published_time\" content=\"2022-02-18T09:14:34+00:00\" \/>\n<meta property=\"article:modified_time\" content=\"2026-01-28T15:20:53+00:00\" \/>\n<meta property=\"og:image\" content=\"https:\/\/elektro-kamleithner.hu\/wp-content\/uploads\/2025\/11\/Nevtelen-terv-7.jpg\" \/>\n\t<meta property=\"og:image:width\" content=\"800\" \/>\n\t<meta property=\"og:image:height\" content=\"418\" \/>\n\t<meta property=\"og:image:type\" content=\"image\/jpeg\" \/>\n<meta name=\"author\" content=\"Balogh Zolt\u00e1n\" \/>\n<meta name=\"twitter:card\" content=\"summary_large_image\" \/>\n<meta name=\"twitter:label1\" content=\"Written by\" \/>\n\t<meta name=\"twitter:data1\" content=\"Balogh Zolt\u00e1n\" \/>\n\t<meta name=\"twitter:label2\" content=\"Estimated reading time\" \/>\n\t<meta name=\"twitter:data2\" content=\"4 minutes\" \/>\n<script type=\"application\/ld+json\" class=\"yoast-schema-graph\">{\"@context\":\"https:\\\/\\\/schema.org\",\"@graph\":[{\"@type\":\"Article\",\"@id\":\"https:\\\/\\\/elektro-kamleithner.hu\\\/a-knx-piacvezeto-helyen-vegzett-az-okosotthon-technologiakat-osszehasonlito-fuggetlen-felmeresben\\\/#article\",\"isPartOf\":{\"@id\":\"https:\\\/\\\/elektro-kamleithner.hu\\\/a-knx-piacvezeto-helyen-vegzett-az-okosotthon-technologiakat-osszehasonlito-fuggetlen-felmeresben\\\/\"},\"author\":{\"name\":\"Balogh Zolt\u00e1n\",\"@id\":\"https:\\\/\\\/elektro-kamleithner.hu\\\/#\\\/schema\\\/person\\\/6bee347fe0f99bcff222317c89ff8c51\"},\"headline\":\"A KNX piacvezet\u0151 helyen v\u00e9gzett az okosotthon technol\u00f3gi\u00e1kat \u00f6sszehasonl\u00edt\u00f3 f\u00fcggetlen felm\u00e9r\u00e9sben\",\"datePublished\":\"2022-02-18T09:14:34+00:00\",\"dateModified\":\"2026-01-28T15:20:53+00:00\",\"mainEntityOfPage\":{\"@id\":\"https:\\\/\\\/elektro-kamleithner.hu\\\/a-knx-piacvezeto-helyen-vegzett-az-okosotthon-technologiakat-osszehasonlito-fuggetlen-felmeresben\\\/\"},\"wordCount\":1043,\"publisher\":{\"@id\":\"https:\\\/\\\/elektro-kamleithner.hu\\\/#organization\"},\"image\":{\"@id\":\"https:\\\/\\\/elektro-kamleithner.hu\\\/a-knx-piacvezeto-helyen-vegzett-az-okosotthon-technologiakat-osszehasonlito-fuggetlen-felmeresben\\\/#primaryimage\"},\"thumbnailUrl\":\"https:\\\/\\\/elektro-kamleithner.hu\\\/wp-content\\\/uploads\\\/2025\\\/11\\\/Nevtelen-terv-7.jpg\",\"articleSection\":[\"Blog\"],\"inLanguage\":\"en-GB\"},{\"@type\":\"WebPage\",\"@id\":\"https:\\\/\\\/elektro-kamleithner.hu\\\/a-knx-piacvezeto-helyen-vegzett-az-okosotthon-technologiakat-osszehasonlito-fuggetlen-felmeresben\\\/\",\"url\":\"https:\\\/\\\/elektro-kamleithner.hu\\\/a-knx-piacvezeto-helyen-vegzett-az-okosotthon-technologiakat-osszehasonlito-fuggetlen-felmeresben\\\/\",\"name\":\"A KNX piacvezet\u0151 helyen v\u00e9gzett az okosotthon technol\u00f3gi\u00e1kat \u00f6sszehasonl\u00edt\u00f3 f\u00fcggetlen felm\u00e9r\u00e9sben - Elektro Kamleithner\",\"isPartOf\":{\"@id\":\"https:\\\/\\\/elektro-kamleithner.hu\\\/#website\"},\"primaryImageOfPage\":{\"@id\":\"https:\\\/\\\/elektro-kamleithner.hu\\\/a-knx-piacvezeto-helyen-vegzett-az-okosotthon-technologiakat-osszehasonlito-fuggetlen-felmeresben\\\/#primaryimage\"},\"image\":{\"@id\":\"https:\\\/\\\/elektro-kamleithner.hu\\\/a-knx-piacvezeto-helyen-vegzett-az-okosotthon-technologiakat-osszehasonlito-fuggetlen-felmeresben\\\/#primaryimage\"},\"thumbnailUrl\":\"https:\\\/\\\/elektro-kamleithner.hu\\\/wp-content\\\/uploads\\\/2025\\\/11\\\/Nevtelen-terv-7.jpg\",\"datePublished\":\"2022-02-18T09:14:34+00:00\",\"dateModified\":\"2026-01-28T15:20:53+00:00\",\"description\":\"KNX az ismerts\u00e9g \u00e9s az elfogadotts\u00e1g tekintet\u00e9ben az els\u0151 helyen v\u00e9gzett a HiddenWires felm\u00e9r\u00e9s\u00e9ben.\",\"breadcrumb\":{\"@id\":\"https:\\\/\\\/elektro-kamleithner.hu\\\/a-knx-piacvezeto-helyen-vegzett-az-okosotthon-technologiakat-osszehasonlito-fuggetlen-felmeresben\\\/#breadcrumb\"},\"inLanguage\":\"en-GB\",\"potentialAction\":[{\"@type\":\"ReadAction\",\"target\":[\"https:\\\/\\\/elektro-kamleithner.hu\\\/a-knx-piacvezeto-helyen-vegzett-az-okosotthon-technologiakat-osszehasonlito-fuggetlen-felmeresben\\\/\"]}]},{\"@type\":\"ImageObject\",\"inLanguage\":\"en-GB\",\"@id\":\"https:\\\/\\\/elektro-kamleithner.hu\\\/a-knx-piacvezeto-helyen-vegzett-az-okosotthon-technologiakat-osszehasonlito-fuggetlen-felmeresben\\\/#primaryimage\",\"url\":\"https:\\\/\\\/elektro-kamleithner.hu\\\/wp-content\\\/uploads\\\/2025\\\/11\\\/Nevtelen-terv-7.jpg\",\"contentUrl\":\"https:\\\/\\\/elektro-kamleithner.hu\\\/wp-content\\\/uploads\\\/2025\\\/11\\\/Nevtelen-terv-7.jpg\",\"width\":800,\"height\":418,\"caption\":\"N\u00e9vtelen terv (7)\"},{\"@type\":\"BreadcrumbList\",\"@id\":\"https:\\\/\\\/elektro-kamleithner.hu\\\/a-knx-piacvezeto-helyen-vegzett-az-okosotthon-technologiakat-osszehasonlito-fuggetlen-felmeresben\\\/#breadcrumb\",\"itemListElement\":[{\"@type\":\"ListItem\",\"position\":1,\"name\":\"Kezd\u0151lap\",\"item\":\"https:\\\/\\\/elektro-kamleithner.hu\\\/\"},{\"@type\":\"ListItem\",\"position\":2,\"name\":\"A KNX piacvezet\u0151 helyen v\u00e9gzett az okosotthon technol\u00f3gi\u00e1kat \u00f6sszehasonl\u00edt\u00f3 f\u00fcggetlen felm\u00e9r\u00e9sben\"}]},{\"@type\":\"WebSite\",\"@id\":\"https:\\\/\\\/elektro-kamleithner.hu\\\/#website\",\"url\":\"https:\\\/\\\/elektro-kamleithner.hu\\\/\",\"name\":\"Elektro Kamleithner\",\"description\":\"Elektro Kamleithner\",\"publisher\":{\"@id\":\"https:\\\/\\\/elektro-kamleithner.hu\\\/#organization\"},\"potentialAction\":[{\"@type\":\"SearchAction\",\"target\":{\"@type\":\"EntryPoint\",\"urlTemplate\":\"https:\\\/\\\/elektro-kamleithner.hu\\\/?s={search_term_string}\"},\"query-input\":{\"@type\":\"PropertyValueSpecification\",\"valueRequired\":true,\"valueName\":\"search_term_string\"}}],\"inLanguage\":\"en-GB\"},{\"@type\":\"Organization\",\"@id\":\"https:\\\/\\\/elektro-kamleithner.hu\\\/#organization\",\"name\":\"Elektro Kamleithner\",\"url\":\"https:\\\/\\\/elektro-kamleithner.hu\\\/\",\"logo\":{\"@type\":\"ImageObject\",\"inLanguage\":\"en-GB\",\"@id\":\"https:\\\/\\\/elektro-kamleithner.hu\\\/#\\\/schema\\\/logo\\\/image\\\/\",\"url\":\"https:\\\/\\\/elektro-kamleithner.hu\\\/wp-content\\\/uploads\\\/2024\\\/09\\\/elektro-white-001.svg\",\"contentUrl\":\"https:\\\/\\\/elektro-kamleithner.hu\\\/wp-content\\\/uploads\\\/2024\\\/09\\\/elektro-white-001.svg\",\"width\":382,\"height\":131,\"caption\":\"Elektro Kamleithner\"},\"image\":{\"@id\":\"https:\\\/\\\/elektro-kamleithner.hu\\\/#\\\/schema\\\/logo\\\/image\\\/\"},\"sameAs\":[\"https:\\\/\\\/www.facebook.com\\\/ElektroKamleithnerKft\\\/\",\"https:\\\/\\\/www.youtube.com\\\/channel\\\/UCdDdwY5NIU2nmN9MjvqnFqg\",\"https:\\\/\\\/www.instagram.com\\\/berker.hu\\\/\"]},{\"@type\":\"Person\",\"@id\":\"https:\\\/\\\/elektro-kamleithner.hu\\\/#\\\/schema\\\/person\\\/6bee347fe0f99bcff222317c89ff8c51\",\"name\":\"Balogh Zolt\u00e1n\",\"image\":{\"@type\":\"ImageObject\",\"inLanguage\":\"en-GB\",\"@id\":\"https:\\\/\\\/secure.gravatar.com\\\/avatar\\\/83c725ba6ed0c327cf067a335b7156b3cb23f8585104d5ab2cd7bc81e6b47877?s=96&d=mm&r=g\",\"url\":\"https:\\\/\\\/secure.gravatar.com\\\/avatar\\\/83c725ba6ed0c327cf067a335b7156b3cb23f8585104d5ab2cd7bc81e6b47877?s=96&d=mm&r=g\",\"contentUrl\":\"https:\\\/\\\/secure.gravatar.com\\\/avatar\\\/83c725ba6ed0c327cf067a335b7156b3cb23f8585104d5ab2cd7bc81e6b47877?s=96&d=mm&r=g\",\"caption\":\"Balogh Zolt\u00e1n\"},\"url\":\"https:\\\/\\\/elektro-kamleithner.hu\\\/en\\\/author\\\/admin\\\/\"}]}<\/script>\n<!-- \/ Yoast SEO plugin. -->","yoast_head_json":{"title":"A KNX piacvezet\u0151 helyen v\u00e9gzett az okosotthon technol\u00f3gi\u00e1kat \u00f6sszehasonl\u00edt\u00f3 f\u00fcggetlen felm\u00e9r\u00e9sben - Elektro Kamleithner","description":"KNX az ismerts\u00e9g \u00e9s az elfogadotts\u00e1g tekintet\u00e9ben az els\u0151 helyen v\u00e9gzett a HiddenWires felm\u00e9r\u00e9s\u00e9ben.","robots":{"index":"index","follow":"follow","max-snippet":"max-snippet:-1","max-image-preview":"max-image-preview:large","max-video-preview":"max-video-preview:-1"},"canonical":"https:\/\/elektro-kamleithner.hu\/en\/a-knx-piacvezeto-helyen-vegzett-az-okosotthon-technologiakat-osszehasonlito-fuggetlen-felmeresben\/","og_locale":"en_GB","og_type":"article","og_title":"A KNX piacvezet\u0151 helyen v\u00e9gzett az okosotthon technol\u00f3gi\u00e1kat \u00f6sszehasonl\u00edt\u00f3 f\u00fcggetlen felm\u00e9r\u00e9sben - Elektro Kamleithner","og_description":"KNX az ismerts\u00e9g \u00e9s az elfogadotts\u00e1g tekintet\u00e9ben az els\u0151 helyen v\u00e9gzett a HiddenWires felm\u00e9r\u00e9s\u00e9ben.","og_url":"https:\/\/elektro-kamleithner.hu\/en\/a-knx-piacvezeto-helyen-vegzett-az-okosotthon-technologiakat-osszehasonlito-fuggetlen-felmeresben\/","og_site_name":"Elektro Kamleithner","article_publisher":"https:\/\/www.facebook.com\/ElektroKamleithnerKft\/","article_published_time":"2022-02-18T09:14:34+00:00","article_modified_time":"2026-01-28T15:20:53+00:00","og_image":[{"width":800,"height":418,"url":"https:\/\/elektro-kamleithner.hu\/wp-content\/uploads\/2025\/11\/Nevtelen-terv-7.jpg","type":"image\/jpeg"}],"author":"Balogh Zolt\u00e1n","twitter_card":"summary_large_image","twitter_misc":{"Written by":"Balogh Zolt\u00e1n","Estimated reading time":"4 minutes"},"schema":{"@context":"https:\/\/schema.org","@graph":[{"@type":"Article","@id":"https:\/\/elektro-kamleithner.hu\/a-knx-piacvezeto-helyen-vegzett-az-okosotthon-technologiakat-osszehasonlito-fuggetlen-felmeresben\/#article","isPartOf":{"@id":"https:\/\/elektro-kamleithner.hu\/a-knx-piacvezeto-helyen-vegzett-az-okosotthon-technologiakat-osszehasonlito-fuggetlen-felmeresben\/"},"author":{"name":"Balogh Zolt\u00e1n","@id":"https:\/\/elektro-kamleithner.hu\/#\/schema\/person\/6bee347fe0f99bcff222317c89ff8c51"},"headline":"A KNX piacvezet\u0151 helyen v\u00e9gzett az okosotthon technol\u00f3gi\u00e1kat \u00f6sszehasonl\u00edt\u00f3 f\u00fcggetlen felm\u00e9r\u00e9sben","datePublished":"2022-02-18T09:14:34+00:00","dateModified":"2026-01-28T15:20:53+00:00","mainEntityOfPage":{"@id":"https:\/\/elektro-kamleithner.hu\/a-knx-piacvezeto-helyen-vegzett-az-okosotthon-technologiakat-osszehasonlito-fuggetlen-felmeresben\/"},"wordCount":1043,"publisher":{"@id":"https:\/\/elektro-kamleithner.hu\/#organization"},"image":{"@id":"https:\/\/elektro-kamleithner.hu\/a-knx-piacvezeto-helyen-vegzett-az-okosotthon-technologiakat-osszehasonlito-fuggetlen-felmeresben\/#primaryimage"},"thumbnailUrl":"https:\/\/elektro-kamleithner.hu\/wp-content\/uploads\/2025\/11\/Nevtelen-terv-7.jpg","articleSection":["Blog"],"inLanguage":"en-GB"},{"@type":"WebPage","@id":"https:\/\/elektro-kamleithner.hu\/a-knx-piacvezeto-helyen-vegzett-az-okosotthon-technologiakat-osszehasonlito-fuggetlen-felmeresben\/","url":"https:\/\/elektro-kamleithner.hu\/a-knx-piacvezeto-helyen-vegzett-az-okosotthon-technologiakat-osszehasonlito-fuggetlen-felmeresben\/","name":"A KNX piacvezet\u0151 helyen v\u00e9gzett az okosotthon technol\u00f3gi\u00e1kat \u00f6sszehasonl\u00edt\u00f3 f\u00fcggetlen felm\u00e9r\u00e9sben - Elektro Kamleithner","isPartOf":{"@id":"https:\/\/elektro-kamleithner.hu\/#website"},"primaryImageOfPage":{"@id":"https:\/\/elektro-kamleithner.hu\/a-knx-piacvezeto-helyen-vegzett-az-okosotthon-technologiakat-osszehasonlito-fuggetlen-felmeresben\/#primaryimage"},"image":{"@id":"https:\/\/elektro-kamleithner.hu\/a-knx-piacvezeto-helyen-vegzett-az-okosotthon-technologiakat-osszehasonlito-fuggetlen-felmeresben\/#primaryimage"},"thumbnailUrl":"https:\/\/elektro-kamleithner.hu\/wp-content\/uploads\/2025\/11\/Nevtelen-terv-7.jpg","datePublished":"2022-02-18T09:14:34+00:00","dateModified":"2026-01-28T15:20:53+00:00","description":"KNX az ismerts\u00e9g \u00e9s az elfogadotts\u00e1g tekintet\u00e9ben az els\u0151 helyen v\u00e9gzett a HiddenWires felm\u00e9r\u00e9s\u00e9ben.","breadcrumb":{"@id":"https:\/\/elektro-kamleithner.hu\/a-knx-piacvezeto-helyen-vegzett-az-okosotthon-technologiakat-osszehasonlito-fuggetlen-felmeresben\/#breadcrumb"},"inLanguage":"en-GB","potentialAction":[{"@type":"ReadAction","target":["https:\/\/elektro-kamleithner.hu\/a-knx-piacvezeto-helyen-vegzett-az-okosotthon-technologiakat-osszehasonlito-fuggetlen-felmeresben\/"]}]},{"@type":"ImageObject","inLanguage":"en-GB","@id":"https:\/\/elektro-kamleithner.hu\/a-knx-piacvezeto-helyen-vegzett-az-okosotthon-technologiakat-osszehasonlito-fuggetlen-felmeresben\/#primaryimage","url":"https:\/\/elektro-kamleithner.hu\/wp-content\/uploads\/2025\/11\/Nevtelen-terv-7.jpg","contentUrl":"https:\/\/elektro-kamleithner.hu\/wp-content\/uploads\/2025\/11\/Nevtelen-terv-7.jpg","width":800,"height":418,"caption":"N\u00e9vtelen terv (7)"},{"@type":"BreadcrumbList","@id":"https:\/\/elektro-kamleithner.hu\/a-knx-piacvezeto-helyen-vegzett-az-okosotthon-technologiakat-osszehasonlito-fuggetlen-felmeresben\/#breadcrumb","itemListElement":[{"@type":"ListItem","position":1,"name":"Kezd\u0151lap","item":"https:\/\/elektro-kamleithner.hu\/"},{"@type":"ListItem","position":2,"name":"A KNX piacvezet\u0151 helyen v\u00e9gzett az okosotthon technol\u00f3gi\u00e1kat \u00f6sszehasonl\u00edt\u00f3 f\u00fcggetlen felm\u00e9r\u00e9sben"}]},{"@type":"WebSite","@id":"https:\/\/elektro-kamleithner.hu\/#website","url":"https:\/\/elektro-kamleithner.hu\/","name":"Elektro Kamleithner","description":"Elektro Kamleithner","publisher":{"@id":"https:\/\/elektro-kamleithner.hu\/#organization"},"potentialAction":[{"@type":"SearchAction","target":{"@type":"EntryPoint","urlTemplate":"https:\/\/elektro-kamleithner.hu\/?s={search_term_string}"},"query-input":{"@type":"PropertyValueSpecification","valueRequired":true,"valueName":"search_term_string"}}],"inLanguage":"en-GB"},{"@type":"Organization","@id":"https:\/\/elektro-kamleithner.hu\/#organization","name":"Elektro Kamleithner","url":"https:\/\/elektro-kamleithner.hu\/","logo":{"@type":"ImageObject","inLanguage":"en-GB","@id":"https:\/\/elektro-kamleithner.hu\/#\/schema\/logo\/image\/","url":"https:\/\/elektro-kamleithner.hu\/wp-content\/uploads\/2024\/09\/elektro-white-001.svg","contentUrl":"https:\/\/elektro-kamleithner.hu\/wp-content\/uploads\/2024\/09\/elektro-white-001.svg","width":382,"height":131,"caption":"Elektro Kamleithner"},"image":{"@id":"https:\/\/elektro-kamleithner.hu\/#\/schema\/logo\/image\/"},"sameAs":["https:\/\/www.facebook.com\/ElektroKamleithnerKft\/","https:\/\/www.youtube.com\/channel\/UCdDdwY5NIU2nmN9MjvqnFqg","https:\/\/www.instagram.com\/berker.hu\/"]},{"@type":"Person","@id":"https:\/\/elektro-kamleithner.hu\/#\/schema\/person\/6bee347fe0f99bcff222317c89ff8c51","name":"Balogh Zolt\u00e1n","image":{"@type":"ImageObject","inLanguage":"en-GB","@id":"https:\/\/secure.gravatar.com\/avatar\/83c725ba6ed0c327cf067a335b7156b3cb23f8585104d5ab2cd7bc81e6b47877?s=96&d=mm&r=g","url":"https:\/\/secure.gravatar.com\/avatar\/83c725ba6ed0c327cf067a335b7156b3cb23f8585104d5ab2cd7bc81e6b47877?s=96&d=mm&r=g","contentUrl":"https:\/\/secure.gravatar.com\/avatar\/83c725ba6ed0c327cf067a335b7156b3cb23f8585104d5ab2cd7bc81e6b47877?s=96&d=mm&r=g","caption":"Balogh Zolt\u00e1n"},"url":"https:\/\/elektro-kamleithner.hu\/en\/author\/admin\/"}]}},"_links":{"self":[{"href":"https:\/\/elektro-kamleithner.hu\/en\/wp-json\/wp\/v2\/posts\/4417","targetHints":{"allow":["GET"]}}],"collection":[{"href":"https:\/\/elektro-kamleithner.hu\/en\/wp-json\/wp\/v2\/posts"}],"about":[{"href":"https:\/\/elektro-kamleithner.hu\/en\/wp-json\/wp\/v2\/types\/post"}],"author":[{"embeddable":true,"href":"https:\/\/elektro-kamleithner.hu\/en\/wp-json\/wp\/v2\/users\/2"}],"replies":[{"embeddable":true,"href":"https:\/\/elektro-kamleithner.hu\/en\/wp-json\/wp\/v2\/comments?post=4417"}],"version-history":[{"count":1,"href":"https:\/\/elektro-kamleithner.hu\/en\/wp-json\/wp\/v2\/posts\/4417\/revisions"}],"predecessor-version":[{"id":8734,"href":"https:\/\/elektro-kamleithner.hu\/en\/wp-json\/wp\/v2\/posts\/4417\/revisions\/8734"}],"wp:featuredmedia":[{"embeddable":true,"href":"https:\/\/elektro-kamleithner.hu\/en\/wp-json\/wp\/v2\/media\/8653"}],"wp:attachment":[{"href":"https:\/\/elektro-kamleithner.hu\/en\/wp-json\/wp\/v2\/media?parent=4417"}],"wp:term":[{"taxonomy":"category","embeddable":true,"href":"https:\/\/elektro-kamleithner.hu\/en\/wp-json\/wp\/v2\/categories?post=4417"},{"taxonomy":"post_tag","embeddable":true,"href":"https:\/\/elektro-kamleithner.hu\/en\/wp-json\/wp\/v2\/tags?post=4417"}],"curies":[{"name":"wp","href":"https:\/\/api.w.org\/{rel}","templated":true}]}}