{"id":3676,"date":"2021-06-21T08:50:37","date_gmt":"2021-06-21T07:50:37","guid":{"rendered":"https:\/\/evernox.hu\/elektromos-autok-intelligens-toltese-knx-szel\/"},"modified":"2021-06-21T08:50:37","modified_gmt":"2021-06-21T07:50:37","slug":"elektromos-autok-intelligens-toltese-knx-szel","status":"publish","type":"post","link":"https:\/\/elektro-kamleithner.hu\/en\/elektromos-autok-intelligens-toltese-knx-szel\/","title":{"rendered":"Elektromos aut\u00f3k intelligens t\u00f6lt\u00e9se KNX-szel"},"content":{"rendered":"<p>Az elm\u00falt \u00e9vekben hatalmas v\u00e1ltoz\u00e1st tapasztaltunk az aut\u00f3iparban. A fogyaszt\u00f3k egyre sz\u00edvesebben v\u00e1s\u00e1rolnak fenntarthat\u00f3bb elektromos j\u00e1rm\u0171veket, \u00e9s sz\u00e1mos m\u00e1s piaci szerepl\u0151 is r\u00e9szt vesz ebben a forradalomban, fontos k\u00e9rd\u00e9s p\u00e9ld\u00e1ul az elektromos aut\u00f3k t\u00f6lt\u00e9se.<\/p>\n<p>El\u0151sz\u00f6r is, az Eur\u00f3pai Bizotts\u00e1g egy\u00e9rtelm\u0171 ir\u00e1nyokat jel\u00f6lt ki egy olyan gazdas\u00e1g kialak\u00edt\u00e1s\u00e1ra, amely 2050-re a k\u00f6zleked\u00e9s nett\u00f3 nulla kibocs\u00e1t\u00e1s\u00e1t tervezi.<\/p>\n<p>M\u00e1sodszor, olyan \u00faj szervezetek j\u00f6nnek l\u00e9tre, amelyek hangs\u00falyozz\u00e1k ennek a v\u00e1ltoz\u00e1snak az el\u0151nyeit. J\u00f3 p\u00e9lda erre az \u201eElektromobilit\u00e1si Platform\u201d, amelynek c\u00e9lja az emberek \u00e9s az \u00e1ruk fenntarthat\u00f3 villamos energia felhaszn\u00e1l\u00e1s\u00e1val t\u00f6rt\u00e9n\u0151 sz\u00e1ll\u00edt\u00e1sa. Az Elektromobilit\u00e1si Platform becsl\u00e9se szerint 2030-ig 1 milli\u00f3 \u00faj munkahely j\u00f6n l\u00e9tre az e-mobilit\u00e1s szektor\u00e1ban, \u00e9s ami m\u00e9g fontosabb, naponta egymilli\u00e1rd eur\u00f3val cs\u00f6kken majd az olaj k\u00f6lts\u00e9ge Eur\u00f3p\u00e1ban.<\/p>\n<p>\t\t\t\t\t\t\t\t\t\t<img width=\"\\\"600\\\"\" height=\"\\\"304\\\"\" src=\"\\\"https:>\t\t\t\t\t\t\t\t\t\t\t<\/p>\n<p style=\"\\\"text-align:\" center;\\\"><em>Az elektromos j\u00e1rm\u0171vek piac\u00e1nak t\u00e9nyleges \u00e9s v\u00e1rhat\u00f3 n\u00f6veked\u00e9se r\u00e9gi\u00f3nk\u00e9nt (forr\u00e1s: MarketsandMarkets &#8211; Jelent\u00e9s: Elektromos j\u00e1rm\u0171vek piaca).<\/em><\/p>\n<p>V\u00e9g\u00fcl a kutat\u00e1sok az elektromos j\u00e1rm\u0171vek piac\u00e1nak jelent\u0151s n\u00f6veked\u00e9s\u00e9t jelzik az elk\u00f6vetkez\u0151 \u00e9vekben. A MarketsandMarkets becsl\u00e9se szerint 2030-ra 27 milli\u00f3 elektromos j\u00e1rm\u0171vet \u00e9rt\u00e9kes\u00edtenek majd vil\u00e1gszerte. Ez \u00f6sszehasonl\u00edthat\u00f3 a 2020 v\u00e9g\u00e9ig eladott kevesebb, mint 9 milli\u00f3 elektromos aut\u00f3val.<\/p>\n<h3>A f\u00e9kek m\u00e9g mindig m\u0171k\u00f6dnek?<\/h3>\n<p>A pozit\u00edv jelek ellen\u00e9re vannak olyan k\u00e9rd\u00e9sek is, amelyek visszafogj\u00e1k a n\u00f6veked\u00e9st, \u00e9s ezek els\u0151sorban az elektromos j\u00e1rm\u0171vek \u00e9p\u00edt\u00e9s\u00e9b\u0151l fakad\u00f3 CO2-kibocs\u00e1t\u00e1sokhoz \u00e9s az aut\u00f3k \u00e1r\u00e1hoz kapcsol\u00f3dnak. K\u00fcl\u00f6nb\u00f6z\u0151 okok miatt az elektromos aut\u00f3k jelenlegi k\u00f6lts\u00e9ge magasabb, mint a bels\u0151\u00e9g\u00e9s\u0171 motoros aut\u00f3k\u00e9, ez\u00e9rt sok v\u00e1s\u00e1rl\u00f3 tov\u00e1bbra is m\u00e1s alternat\u00edv\u00e1t v\u00e1laszt. Alapszab\u00e1ly: ha \u00e9vente kevesebb mint 15000 km-t vezetsz, olcs\u00f3bb beszerezni egy nem elektromos aut\u00f3t. Ezenk\u00edv\u00fcl az elektromos aut\u00f3 gy\u00e1rt\u00e1sa sor\u00e1n keletkez\u0151 CO2-kibocs\u00e1t\u00e1s, bele\u00e9rtve az akkumul\u00e1tort \u00e9s az aut\u00f3t is, magasabb, mint egy bels\u0151\u00e9g\u00e9s\u0171 aut\u00f3 eset\u00e9n.<br \/>\u00a0<br \/>Vannak m\u00e1s t\u00e9nyez\u0151k, amelyek visszatarthatj\u00e1k az embereket az elektromos aut\u00f3kt\u00f3l, p\u00e9ld\u00e1ul a t\u00f6lt\u0151\u00e1llom\u00e1sok hi\u00e1nya, az akkumul\u00e1torokban felhaszn\u00e1lt anyagok \u00e9s a hat\u00f3t\u00e1vols\u00e1g\/fut\u00e1steljes\u00edtm\u00e9ny aggodalma. Mindazon\u00e1ltal, amint el\u00e9rik a m\u00e9retgazdas\u00e1goss\u00e1got, az \u00e1rak \u00e9s a CO2-kibocs\u00e1t\u00e1s cs\u00f6kkenni fog, \u00e9s az e-mobilit\u00e1s minden\u00fctt elterjed.<\/p>\n<h3>Intelligens t\u00f6lt\u00e9s a KNX-szel<\/h3>\n<p>A KNX Egyes\u00fclet az elektromos t\u00f6lt\u0151k integr\u00e1l\u00e1s\u00e1t a lak\u00e1sok \u00e9s \u00e9p\u00fcletek energiagazd\u00e1lkod\u00e1s\u00e1nak fontos r\u00e9sz\u00e9nek tekinti, ez\u00e9rt kib\u0151v\u00edtette a <a href=\"\/en\/\">KNX technol\u00f3gia<\/a> alkalmaz\u00e1si ter\u00fclet\u00e9t a t\u00f6lt\u0151\u00e1llom\u00e1sok integr\u00e1l\u00e1s\u00e1val a KNX energiagazd\u00e1lkod\u00e1si rendszerbe. M\u00e1r l\u00e9teznek olyan KNX-tagok \u00e1ltal kifejlesztett KNX-eszk\u00f6z\u00f6k, amelyek lehet\u0151v\u00e9 teszik sz\u00e1mos t\u00f6lt\u0151\u00e1llom\u00e1s-m\u00e1rka csatlakoztat\u00e1s\u00e1t a KNX-hez, bele\u00e9rtve az ABB, az ABL, az ebee, a KEBA, a Mennekes \u00e9s a St\u00f6hr \u00e1llom\u00e1sait, valamint tov\u00e1bbi csatlakoz\u00f3 eszk\u00f6z\u00f6ket \u00e9s t\u00f6lt\u0151m\u00e1rk\u00e1kat.<\/p>\n<h3>Az integr\u00e1ci\u00f3 \u00faj eszk\u00f6zei olyan funkci\u00f3kat tartalmaznak, mint:<\/h3>\n<p>\u2022 Mutatja, hogy a t\u00f6lt\u0151\u00e1llom\u00e1s foglalt vagy szabad.<br \/>\u2022 A t\u00f6lt\u00e9s el\u0151rehalad\u00e1s\u00e1nak megjelen\u00edt\u00e9se k\u00fcl\u00f6nf\u00e9le mobil eszk\u00f6z\u00f6kkel.<br \/>\u2022 Adott t\u00f6lt\u00e9si id\u0151 meghat\u00e1roz\u00e1sa vagy a t\u00f6lt\u00e9si teljes\u00edtm\u00e9ny korl\u00e1toz\u00e1sa a h\u00e1l\u00f3zaton \u00e9rv\u00e9nyes tarif\u00e1t\u00f3l, az otthoni vagy \u00e9p\u00fcletbeli aktu\u00e1lis saj\u00e1t energiatermel\u00e9st\u0151l vagy fogyaszt\u00e1st\u00f3l f\u00fcgg\u0151en.<br \/>\u2022 A teljes energiafogyaszt\u00e1s figyel\u00e9se \u00e9s jelent\u00e9se az utols\u00f3 t\u00f6lt\u00e9sr\u0151l \u00e9s egy\u00e9b fontos adatokr\u00f3l, p\u00e9ld\u00e1ul a hibajelent\u00e9sr\u0151l, amely nagyon hasznos az \u00e9p\u00fcletadminisztr\u00e1torok \u00e9s a felhaszn\u00e1l\u00f3k sz\u00e1m\u00e1ra.<br \/>\u2022 V\u00e9g\u00fcl mag\u00e1t\u00f3l \u00e9rtet\u0151dik, hogy ezeket az \u00faj term\u00e9kek \u00e9s funkci\u00f3k a KNX Secure-nak k\u00f6sz\u00f6nhet\u0151en \u00e9lvezik a hackerek elleni v\u00e9delmet.<\/p>\n<h3>\u00d6sszefoglal\u00e1s<\/h3>\n<p>Az elektromos j\u00e1rm\u0171vek piaca egy\u00e9rtelm\u0171en n\u00f6vekszik, \u00e9s a j\u00e1rm\u0171vek munkahelyen vagy otthon t\u00f6rt\u00e9n\u0151 t\u00f6lt\u00e9se ir\u00e1nti ig\u00e9ny is egyre n\u0151ni fog, ahogy a piac b\u0151v\u00fcl. A KNX intelligensen \u00e9s biztons\u00e1gosan integr\u00e1lja az elektromos aut\u00f3k t\u00f6lt\u00e9s\u00e9t az \u00e9p\u00fclet energiagazd\u00e1lkod\u00e1si rendszer\u00e9be, amely m\u00e1r lefedi az energiafogyaszt\u00e1s \u00e9s -termel\u00e9s minden szempontj\u00e1t.<\/p>\n<p style=\"\\\"text-align:\" right;\\\"><a href=\"\/en\/\"http:><em>www.knx.org<\/em><\/a><\/p>\n<p style=\"\\\"text-align:\" right;\\\"><em>Casto Ca\u00f1avate <br \/><\/em><em>KNX Association<\/em><\/p>","protected":false},"excerpt":{"rendered":"<p>Az elm\u00falt \u00e9vekben hatalmas v\u00e1ltoz\u00e1st tapasztaltunk az aut\u00f3iparban. A fogyaszt\u00f3k egyre sz\u00edvesebben v\u00e1s\u00e1rolnak fenntarthat\u00f3bb elektromos j\u00e1rm\u0171veket, \u00e9s sz\u00e1mos m\u00e1s piaci [&hellip;]<\/p>\n","protected":false},"author":2,"featured_media":3687,"comment_status":"closed","ping_status":"open","sticky":false,"template":"","format":"standard","meta":{"_acf_changed":false,"site-sidebar-layout":"default","site-content-layout":"default","ast-site-content-layout":"default","site-content-style":"default","site-sidebar-style":"default","ast-global-header-display":"","ast-banner-title-visibility":"","ast-main-header-display":"","ast-hfb-above-header-display":"","ast-hfb-below-header-display":"","ast-hfb-mobile-header-display":"","site-post-title":"","ast-breadcrumbs-content":"","ast-featured-img":"","footer-sml-layout":"","ast-disable-related-posts":"","theme-transparent-header-meta":"default","adv-header-id-meta":"","stick-header-meta":"default","header-above-stick-meta":"","header-main-stick-meta":"","header-below-stick-meta":"","astra-migrate-meta-layouts":"default","ast-page-background-enabled":"default","ast-page-background-meta":{"desktop":{"background-color":"var(--ast-global-color-4)","background-image":"","background-repeat":"repeat","background-position":"center center","background-size":"auto","background-attachment":"scroll","background-type":"","background-media":"","overlay-type":"","overlay-color":"","overlay-opacity":"","overlay-gradient":""},"tablet":{"background-color":"","background-image":"","background-repeat":"repeat","background-position":"center center","background-size":"auto","background-attachment":"scroll","background-type":"","background-media":"","overlay-type":"","overlay-color":"","overlay-opacity":"","overlay-gradient":""},"mobile":{"background-color":"","background-image":"","background-repeat":"repeat","background-position":"center center","background-size":"auto","background-attachment":"scroll","background-type":"","background-media":"","overlay-type":"","overlay-color":"","overlay-opacity":"","overlay-gradient":""}},"ast-content-background-meta":{"desktop":{"background-color":"var(--ast-global-color-5)","background-image":"","background-repeat":"repeat","background-position":"center center","background-size":"auto","background-attachment":"scroll","background-type":"","background-media":"","overlay-type":"","overlay-color":"","overlay-opacity":"","overlay-gradient":""},"tablet":{"background-color":"var(--ast-global-color-5)","background-image":"","background-repeat":"repeat","background-position":"center center","background-size":"auto","background-attachment":"scroll","background-type":"","background-media":"","overlay-type":"","overlay-color":"","overlay-opacity":"","overlay-gradient":""},"mobile":{"background-color":"var(--ast-global-color-5)","background-image":"","background-repeat":"repeat","background-position":"center center","background-size":"auto","background-attachment":"scroll","background-type":"","background-media":"","overlay-type":"","overlay-color":"","overlay-opacity":"","overlay-gradient":""}},"footnotes":""},"categories":[1],"tags":[],"class_list":["post-3676","post","type-post","status-publish","format-standard","has-post-thumbnail","hentry","category-blog"],"acf":[],"yoast_head":"<!-- This site is optimized with the Yoast SEO plugin v28.3 - https:\/\/yoast.com\/product\/yoast-seo-wordpress\/ -->\n<title>Elektromos aut\u00f3k intelligens t\u00f6lt\u00e9se KNX-szel - Elektro Kamleithner<\/title>\n<meta name=\"description\" content=\"A KNX intelligensen \u00e9s biztons\u00e1gosan integr\u00e1lja az elektromos aut\u00f3k t\u00f6lt\u00e9s\u00e9t az \u00e9p\u00fclet energiagazd\u00e1lkod\u00e1si rendszer\u00e9be\" \/>\n<meta name=\"robots\" content=\"index, follow, max-snippet:-1, max-image-preview:large, max-video-preview:-1\" \/>\n<link rel=\"canonical\" href=\"https:\/\/elektro-kamleithner.hu\/en\/elektromos-autok-intelligens-toltese-knx-szel\/\" \/>\n<meta property=\"og:locale\" content=\"en_GB\" \/>\n<meta property=\"og:type\" content=\"article\" \/>\n<meta property=\"og:title\" content=\"Elektromos aut\u00f3k intelligens t\u00f6lt\u00e9se KNX-szel - Elektro Kamleithner\" \/>\n<meta property=\"og:description\" content=\"A KNX intelligensen \u00e9s biztons\u00e1gosan integr\u00e1lja az elektromos aut\u00f3k t\u00f6lt\u00e9s\u00e9t az \u00e9p\u00fclet energiagazd\u00e1lkod\u00e1si rendszer\u00e9be\" \/>\n<meta property=\"og:url\" content=\"https:\/\/elektro-kamleithner.hu\/en\/elektromos-autok-intelligens-toltese-knx-szel\/\" \/>\n<meta property=\"og:site_name\" content=\"Elektro Kamleithner\" \/>\n<meta property=\"article:publisher\" content=\"https:\/\/www.facebook.com\/ElektroKamleithnerKft\/\" \/>\n<meta property=\"article:published_time\" content=\"2021-06-21T07:50:37+00:00\" \/>\n<meta property=\"og:image\" content=\"https:\/\/elektro-kamleithner.hu\/wp-content\/uploads\/2021\/06\/Casto-May-2021-feature.jpg\" \/>\n\t<meta property=\"og:image:width\" content=\"600\" \/>\n\t<meta property=\"og:image:height\" content=\"400\" \/>\n\t<meta property=\"og:image:type\" content=\"image\/jpeg\" \/>\n<meta name=\"author\" content=\"Balogh Zolt\u00e1n\" \/>\n<meta name=\"twitter:card\" content=\"summary_large_image\" \/>\n<meta name=\"twitter:label1\" content=\"Written by\" \/>\n\t<meta name=\"twitter:data1\" content=\"Balogh Zolt\u00e1n\" \/>\n\t<meta name=\"twitter:label2\" content=\"Estimated reading time\" \/>\n\t<meta name=\"twitter:data2\" content=\"3 minutes\" \/>\n<script type=\"application\/ld+json\" class=\"yoast-schema-graph\">{\"@context\":\"https:\\\/\\\/schema.org\",\"@graph\":[{\"@type\":\"Article\",\"@id\":\"https:\\\/\\\/elektro-kamleithner.hu\\\/elektromos-autok-intelligens-toltese-knx-szel\\\/#article\",\"isPartOf\":{\"@id\":\"https:\\\/\\\/elektro-kamleithner.hu\\\/elektromos-autok-intelligens-toltese-knx-szel\\\/\"},\"author\":{\"name\":\"Balogh Zolt\u00e1n\",\"@id\":\"https:\\\/\\\/elektro-kamleithner.hu\\\/#\\\/schema\\\/person\\\/6bee347fe0f99bcff222317c89ff8c51\"},\"headline\":\"Elektromos aut\u00f3k intelligens t\u00f6lt\u00e9se KNX-szel\",\"datePublished\":\"2021-06-21T07:50:37+00:00\",\"mainEntityOfPage\":{\"@id\":\"https:\\\/\\\/elektro-kamleithner.hu\\\/elektromos-autok-intelligens-toltese-knx-szel\\\/\"},\"wordCount\":861,\"publisher\":{\"@id\":\"https:\\\/\\\/elektro-kamleithner.hu\\\/#organization\"},\"image\":{\"@id\":\"https:\\\/\\\/elektro-kamleithner.hu\\\/elektromos-autok-intelligens-toltese-knx-szel\\\/#primaryimage\"},\"thumbnailUrl\":\"https:\\\/\\\/elektro-kamleithner.hu\\\/wp-content\\\/uploads\\\/2021\\\/06\\\/Casto-May-2021-feature.jpg\",\"articleSection\":[\"Blog\"],\"inLanguage\":\"en-GB\"},{\"@type\":\"WebPage\",\"@id\":\"https:\\\/\\\/elektro-kamleithner.hu\\\/elektromos-autok-intelligens-toltese-knx-szel\\\/\",\"url\":\"https:\\\/\\\/elektro-kamleithner.hu\\\/elektromos-autok-intelligens-toltese-knx-szel\\\/\",\"name\":\"Elektromos aut\u00f3k intelligens t\u00f6lt\u00e9se KNX-szel - Elektro Kamleithner\",\"isPartOf\":{\"@id\":\"https:\\\/\\\/elektro-kamleithner.hu\\\/#website\"},\"primaryImageOfPage\":{\"@id\":\"https:\\\/\\\/elektro-kamleithner.hu\\\/elektromos-autok-intelligens-toltese-knx-szel\\\/#primaryimage\"},\"image\":{\"@id\":\"https:\\\/\\\/elektro-kamleithner.hu\\\/elektromos-autok-intelligens-toltese-knx-szel\\\/#primaryimage\"},\"thumbnailUrl\":\"https:\\\/\\\/elektro-kamleithner.hu\\\/wp-content\\\/uploads\\\/2021\\\/06\\\/Casto-May-2021-feature.jpg\",\"datePublished\":\"2021-06-21T07:50:37+00:00\",\"description\":\"A KNX intelligensen \u00e9s biztons\u00e1gosan integr\u00e1lja az elektromos aut\u00f3k t\u00f6lt\u00e9s\u00e9t az \u00e9p\u00fclet energiagazd\u00e1lkod\u00e1si rendszer\u00e9be\",\"breadcrumb\":{\"@id\":\"https:\\\/\\\/elektro-kamleithner.hu\\\/elektromos-autok-intelligens-toltese-knx-szel\\\/#breadcrumb\"},\"inLanguage\":\"en-GB\",\"potentialAction\":[{\"@type\":\"ReadAction\",\"target\":[\"https:\\\/\\\/elektro-kamleithner.hu\\\/elektromos-autok-intelligens-toltese-knx-szel\\\/\"]}]},{\"@type\":\"ImageObject\",\"inLanguage\":\"en-GB\",\"@id\":\"https:\\\/\\\/elektro-kamleithner.hu\\\/elektromos-autok-intelligens-toltese-knx-szel\\\/#primaryimage\",\"url\":\"https:\\\/\\\/elektro-kamleithner.hu\\\/wp-content\\\/uploads\\\/2021\\\/06\\\/Casto-May-2021-feature.jpg\",\"contentUrl\":\"https:\\\/\\\/elektro-kamleithner.hu\\\/wp-content\\\/uploads\\\/2021\\\/06\\\/Casto-May-2021-feature.jpg\",\"width\":600,\"height\":400,\"caption\":\"20380933 - stylish apartment with solar panel systems\"},{\"@type\":\"BreadcrumbList\",\"@id\":\"https:\\\/\\\/elektro-kamleithner.hu\\\/elektromos-autok-intelligens-toltese-knx-szel\\\/#breadcrumb\",\"itemListElement\":[{\"@type\":\"ListItem\",\"position\":1,\"name\":\"Kezd\u0151lap\",\"item\":\"https:\\\/\\\/elektro-kamleithner.hu\\\/\"},{\"@type\":\"ListItem\",\"position\":2,\"name\":\"Elektromos aut\u00f3k intelligens t\u00f6lt\u00e9se KNX-szel\"}]},{\"@type\":\"WebSite\",\"@id\":\"https:\\\/\\\/elektro-kamleithner.hu\\\/#website\",\"url\":\"https:\\\/\\\/elektro-kamleithner.hu\\\/\",\"name\":\"Elektro Kamleithner\",\"description\":\"Elektro Kamleithner\",\"publisher\":{\"@id\":\"https:\\\/\\\/elektro-kamleithner.hu\\\/#organization\"},\"potentialAction\":[{\"@type\":\"SearchAction\",\"target\":{\"@type\":\"EntryPoint\",\"urlTemplate\":\"https:\\\/\\\/elektro-kamleithner.hu\\\/?s={search_term_string}\"},\"query-input\":{\"@type\":\"PropertyValueSpecification\",\"valueRequired\":true,\"valueName\":\"search_term_string\"}}],\"inLanguage\":\"en-GB\"},{\"@type\":\"Organization\",\"@id\":\"https:\\\/\\\/elektro-kamleithner.hu\\\/#organization\",\"name\":\"Elektro Kamleithner\",\"url\":\"https:\\\/\\\/elektro-kamleithner.hu\\\/\",\"logo\":{\"@type\":\"ImageObject\",\"inLanguage\":\"en-GB\",\"@id\":\"https:\\\/\\\/elektro-kamleithner.hu\\\/#\\\/schema\\\/logo\\\/image\\\/\",\"url\":\"https:\\\/\\\/elektro-kamleithner.hu\\\/wp-content\\\/uploads\\\/2024\\\/09\\\/elektro-white-001.svg\",\"contentUrl\":\"https:\\\/\\\/elektro-kamleithner.hu\\\/wp-content\\\/uploads\\\/2024\\\/09\\\/elektro-white-001.svg\",\"width\":382,\"height\":131,\"caption\":\"Elektro Kamleithner\"},\"image\":{\"@id\":\"https:\\\/\\\/elektro-kamleithner.hu\\\/#\\\/schema\\\/logo\\\/image\\\/\"},\"sameAs\":[\"https:\\\/\\\/www.facebook.com\\\/ElektroKamleithnerKft\\\/\",\"https:\\\/\\\/www.youtube.com\\\/channel\\\/UCdDdwY5NIU2nmN9MjvqnFqg\",\"https:\\\/\\\/www.instagram.com\\\/berker.hu\\\/\"]},{\"@type\":\"Person\",\"@id\":\"https:\\\/\\\/elektro-kamleithner.hu\\\/#\\\/schema\\\/person\\\/6bee347fe0f99bcff222317c89ff8c51\",\"name\":\"Balogh Zolt\u00e1n\",\"image\":{\"@type\":\"ImageObject\",\"inLanguage\":\"en-GB\",\"@id\":\"https:\\\/\\\/secure.gravatar.com\\\/avatar\\\/83c725ba6ed0c327cf067a335b7156b3cb23f8585104d5ab2cd7bc81e6b47877?s=96&d=mm&r=g\",\"url\":\"https:\\\/\\\/secure.gravatar.com\\\/avatar\\\/83c725ba6ed0c327cf067a335b7156b3cb23f8585104d5ab2cd7bc81e6b47877?s=96&d=mm&r=g\",\"contentUrl\":\"https:\\\/\\\/secure.gravatar.com\\\/avatar\\\/83c725ba6ed0c327cf067a335b7156b3cb23f8585104d5ab2cd7bc81e6b47877?s=96&d=mm&r=g\",\"caption\":\"Balogh Zolt\u00e1n\"},\"url\":\"https:\\\/\\\/elektro-kamleithner.hu\\\/en\\\/author\\\/admin\\\/\"}]}<\/script>\n<!-- \/ Yoast SEO plugin. -->","yoast_head_json":{"title":"Elektromos aut\u00f3k intelligens t\u00f6lt\u00e9se KNX-szel - Elektro Kamleithner","description":"A KNX intelligensen \u00e9s biztons\u00e1gosan integr\u00e1lja az elektromos aut\u00f3k t\u00f6lt\u00e9s\u00e9t az \u00e9p\u00fclet energiagazd\u00e1lkod\u00e1si rendszer\u00e9be","robots":{"index":"index","follow":"follow","max-snippet":"max-snippet:-1","max-image-preview":"max-image-preview:large","max-video-preview":"max-video-preview:-1"},"canonical":"https:\/\/elektro-kamleithner.hu\/en\/elektromos-autok-intelligens-toltese-knx-szel\/","og_locale":"en_GB","og_type":"article","og_title":"Elektromos aut\u00f3k intelligens t\u00f6lt\u00e9se KNX-szel - Elektro Kamleithner","og_description":"A KNX intelligensen \u00e9s biztons\u00e1gosan integr\u00e1lja az elektromos aut\u00f3k t\u00f6lt\u00e9s\u00e9t az \u00e9p\u00fclet energiagazd\u00e1lkod\u00e1si rendszer\u00e9be","og_url":"https:\/\/elektro-kamleithner.hu\/en\/elektromos-autok-intelligens-toltese-knx-szel\/","og_site_name":"Elektro Kamleithner","article_publisher":"https:\/\/www.facebook.com\/ElektroKamleithnerKft\/","article_published_time":"2021-06-21T07:50:37+00:00","og_image":[{"width":600,"height":400,"url":"https:\/\/elektro-kamleithner.hu\/wp-content\/uploads\/2021\/06\/Casto-May-2021-feature.jpg","type":"image\/jpeg"}],"author":"Balogh Zolt\u00e1n","twitter_card":"summary_large_image","twitter_misc":{"Written by":"Balogh Zolt\u00e1n","Estimated reading time":"3 minutes"},"schema":{"@context":"https:\/\/schema.org","@graph":[{"@type":"Article","@id":"https:\/\/elektro-kamleithner.hu\/elektromos-autok-intelligens-toltese-knx-szel\/#article","isPartOf":{"@id":"https:\/\/elektro-kamleithner.hu\/elektromos-autok-intelligens-toltese-knx-szel\/"},"author":{"name":"Balogh Zolt\u00e1n","@id":"https:\/\/elektro-kamleithner.hu\/#\/schema\/person\/6bee347fe0f99bcff222317c89ff8c51"},"headline":"Elektromos aut\u00f3k intelligens t\u00f6lt\u00e9se KNX-szel","datePublished":"2021-06-21T07:50:37+00:00","mainEntityOfPage":{"@id":"https:\/\/elektro-kamleithner.hu\/elektromos-autok-intelligens-toltese-knx-szel\/"},"wordCount":861,"publisher":{"@id":"https:\/\/elektro-kamleithner.hu\/#organization"},"image":{"@id":"https:\/\/elektro-kamleithner.hu\/elektromos-autok-intelligens-toltese-knx-szel\/#primaryimage"},"thumbnailUrl":"https:\/\/elektro-kamleithner.hu\/wp-content\/uploads\/2021\/06\/Casto-May-2021-feature.jpg","articleSection":["Blog"],"inLanguage":"en-GB"},{"@type":"WebPage","@id":"https:\/\/elektro-kamleithner.hu\/elektromos-autok-intelligens-toltese-knx-szel\/","url":"https:\/\/elektro-kamleithner.hu\/elektromos-autok-intelligens-toltese-knx-szel\/","name":"Elektromos aut\u00f3k intelligens t\u00f6lt\u00e9se KNX-szel - Elektro Kamleithner","isPartOf":{"@id":"https:\/\/elektro-kamleithner.hu\/#website"},"primaryImageOfPage":{"@id":"https:\/\/elektro-kamleithner.hu\/elektromos-autok-intelligens-toltese-knx-szel\/#primaryimage"},"image":{"@id":"https:\/\/elektro-kamleithner.hu\/elektromos-autok-intelligens-toltese-knx-szel\/#primaryimage"},"thumbnailUrl":"https:\/\/elektro-kamleithner.hu\/wp-content\/uploads\/2021\/06\/Casto-May-2021-feature.jpg","datePublished":"2021-06-21T07:50:37+00:00","description":"A KNX intelligensen \u00e9s biztons\u00e1gosan integr\u00e1lja az elektromos aut\u00f3k t\u00f6lt\u00e9s\u00e9t az \u00e9p\u00fclet energiagazd\u00e1lkod\u00e1si rendszer\u00e9be","breadcrumb":{"@id":"https:\/\/elektro-kamleithner.hu\/elektromos-autok-intelligens-toltese-knx-szel\/#breadcrumb"},"inLanguage":"en-GB","potentialAction":[{"@type":"ReadAction","target":["https:\/\/elektro-kamleithner.hu\/elektromos-autok-intelligens-toltese-knx-szel\/"]}]},{"@type":"ImageObject","inLanguage":"en-GB","@id":"https:\/\/elektro-kamleithner.hu\/elektromos-autok-intelligens-toltese-knx-szel\/#primaryimage","url":"https:\/\/elektro-kamleithner.hu\/wp-content\/uploads\/2021\/06\/Casto-May-2021-feature.jpg","contentUrl":"https:\/\/elektro-kamleithner.hu\/wp-content\/uploads\/2021\/06\/Casto-May-2021-feature.jpg","width":600,"height":400,"caption":"20380933 - stylish apartment with solar panel systems"},{"@type":"BreadcrumbList","@id":"https:\/\/elektro-kamleithner.hu\/elektromos-autok-intelligens-toltese-knx-szel\/#breadcrumb","itemListElement":[{"@type":"ListItem","position":1,"name":"Kezd\u0151lap","item":"https:\/\/elektro-kamleithner.hu\/"},{"@type":"ListItem","position":2,"name":"Elektromos aut\u00f3k intelligens t\u00f6lt\u00e9se KNX-szel"}]},{"@type":"WebSite","@id":"https:\/\/elektro-kamleithner.hu\/#website","url":"https:\/\/elektro-kamleithner.hu\/","name":"Elektro Kamleithner","description":"Elektro Kamleithner","publisher":{"@id":"https:\/\/elektro-kamleithner.hu\/#organization"},"potentialAction":[{"@type":"SearchAction","target":{"@type":"EntryPoint","urlTemplate":"https:\/\/elektro-kamleithner.hu\/?s={search_term_string}"},"query-input":{"@type":"PropertyValueSpecification","valueRequired":true,"valueName":"search_term_string"}}],"inLanguage":"en-GB"},{"@type":"Organization","@id":"https:\/\/elektro-kamleithner.hu\/#organization","name":"Elektro Kamleithner","url":"https:\/\/elektro-kamleithner.hu\/","logo":{"@type":"ImageObject","inLanguage":"en-GB","@id":"https:\/\/elektro-kamleithner.hu\/#\/schema\/logo\/image\/","url":"https:\/\/elektro-kamleithner.hu\/wp-content\/uploads\/2024\/09\/elektro-white-001.svg","contentUrl":"https:\/\/elektro-kamleithner.hu\/wp-content\/uploads\/2024\/09\/elektro-white-001.svg","width":382,"height":131,"caption":"Elektro Kamleithner"},"image":{"@id":"https:\/\/elektro-kamleithner.hu\/#\/schema\/logo\/image\/"},"sameAs":["https:\/\/www.facebook.com\/ElektroKamleithnerKft\/","https:\/\/www.youtube.com\/channel\/UCdDdwY5NIU2nmN9MjvqnFqg","https:\/\/www.instagram.com\/berker.hu\/"]},{"@type":"Person","@id":"https:\/\/elektro-kamleithner.hu\/#\/schema\/person\/6bee347fe0f99bcff222317c89ff8c51","name":"Balogh Zolt\u00e1n","image":{"@type":"ImageObject","inLanguage":"en-GB","@id":"https:\/\/secure.gravatar.com\/avatar\/83c725ba6ed0c327cf067a335b7156b3cb23f8585104d5ab2cd7bc81e6b47877?s=96&d=mm&r=g","url":"https:\/\/secure.gravatar.com\/avatar\/83c725ba6ed0c327cf067a335b7156b3cb23f8585104d5ab2cd7bc81e6b47877?s=96&d=mm&r=g","contentUrl":"https:\/\/secure.gravatar.com\/avatar\/83c725ba6ed0c327cf067a335b7156b3cb23f8585104d5ab2cd7bc81e6b47877?s=96&d=mm&r=g","caption":"Balogh Zolt\u00e1n"},"url":"https:\/\/elektro-kamleithner.hu\/en\/author\/admin\/"}]}},"_links":{"self":[{"href":"https:\/\/elektro-kamleithner.hu\/en\/wp-json\/wp\/v2\/posts\/3676","targetHints":{"allow":["GET"]}}],"collection":[{"href":"https:\/\/elektro-kamleithner.hu\/en\/wp-json\/wp\/v2\/posts"}],"about":[{"href":"https:\/\/elektro-kamleithner.hu\/en\/wp-json\/wp\/v2\/types\/post"}],"author":[{"embeddable":true,"href":"https:\/\/elektro-kamleithner.hu\/en\/wp-json\/wp\/v2\/users\/2"}],"replies":[{"embeddable":true,"href":"https:\/\/elektro-kamleithner.hu\/en\/wp-json\/wp\/v2\/comments?post=3676"}],"version-history":[{"count":0,"href":"https:\/\/elektro-kamleithner.hu\/en\/wp-json\/wp\/v2\/posts\/3676\/revisions"}],"wp:featuredmedia":[{"embeddable":true,"href":"https:\/\/elektro-kamleithner.hu\/en\/wp-json\/wp\/v2\/media\/3687"}],"wp:attachment":[{"href":"https:\/\/elektro-kamleithner.hu\/en\/wp-json\/wp\/v2\/media?parent=3676"}],"wp:term":[{"taxonomy":"category","embeddable":true,"href":"https:\/\/elektro-kamleithner.hu\/en\/wp-json\/wp\/v2\/categories?post=3676"},{"taxonomy":"post_tag","embeddable":true,"href":"https:\/\/elektro-kamleithner.hu\/en\/wp-json\/wp\/v2\/tags?post=3676"}],"curies":[{"name":"wp","href":"https:\/\/api.w.org\/{rel}","templated":true}]}}