{"id":340,"date":"2019-02-15T11:53:48","date_gmt":"2019-02-15T10:53:48","guid":{"rendered":"https:\/\/evernox.hu\/nest-termosztatok\/"},"modified":"2019-02-15T11:53:48","modified_gmt":"2019-02-15T10:53:48","slug":"nest-termosztatok","status":"publish","type":"post","link":"https:\/\/elektro-kamleithner.hu\/en\/nest-termosztatok\/","title":{"rendered":"A Nest termoszt\u00e1tok az egyik rekord hideg napon \u00e1lltak le"},"content":{"rendered":"<h1>A Nest termoszt\u00e1tok az egyik rekord hideg napon \u00e1lltak le<\/h1>\n<p>A Nest termoszt\u00e1tok, egy rekord hideg napon m\u0171k\u00f6d\u00e9sk\u00e9ptelenn\u00e9 v\u00e1ltak, az online szolg\u00e1ltat\u00e1s le\u00e1ll\u00e1sa miatt. Felhaszn\u00e1lok a vil\u00e1g minden t\u00e1j\u00e1n szembes\u00fcltek a probl\u00e9m\u00e1val, hogy nem tudj\u00e1k be\u00e1ll\u00edtani webhely-vez\u00e9relt f\u0171t\u00e9si rendszereiket, mivel az online szolg\u00e1ltat\u00e1s le\u00e1llt. Hasonl\u00f3 probl\u00e9m\u00e1k m\u00e1r kor\u00e1bban is felmer\u00fcltek.<\/p>\n<p>A probl\u00e9ma oka, hogy az Egyes\u00fclt \u00c1llamok, annak is legink\u00e1bb Chicago k\u00f6rny\u00e9k\u00e9n olyan hideg volt a leghidegebb napokon, hogy m\u00e9g az Antarktisz h\u0151m\u00e9rs\u00e9klet\u00e9t is alulm\u00falta. A tisztvisel\u0151k arra figyelmeztetnek, hogy a h\u0151m\u00e9rs\u00e9klet \u00e9letvesz\u00e9lyes lehet, \u00e9s hogy k\u00e1ros\u00edthatj\u00e1k az emberek h\u00e1zait, ha f\u0171t\u00e9si rendszereik nem tudnak megbirk\u00f3zni a feladatukkal.<\/p>\n<p>A Down Detector szerint a Nest probl\u00e9ma az eg\u00e9sz vil\u00e1gban megjelent.<\/p>\n<p><em>forr\u00e1s: independent.co.uk<\/em><\/p>\n<p>&nbsp;<\/p>\n<p><strong>Eml\u00edtettem m\u00e1r, hogy soha ne k\u00f6sse \u00f6ssze az alapvet\u0151 \u00e9p\u00fcletvez\u00e9rl\u0151 funkci\u00f3kat a felh\u0151 megold\u00e1sokkal? Ez\u00e9rt elengedhetetlen az osztott intelligencia \u00e9s a helyi m\u0171k\u00f6dtet\u00e9s \u00e9s logika. Nincs probl\u00e9ma a felh\u0151megold\u00e1sokkal, ha azok olyan kiterjesztett megold\u00e1sokat k\u00edn\u00e1lnak, melyek hozz\u00e1tesznek az alapm\u0171k\u00f6d\u00e9shez (p\u00e9ld\u00e1ul hangvez\u00e9rl\u00e9s), de k\u00f6zponti funkci\u00f3kat \u00e9s a stabilit\u00e1st esetlegesen vesz\u00e9lyeztet\u0151 feladatokat semmik\u00e9pp sem szabad felh\u0151megold\u00e1sokra b\u00edzni.<\/strong><\/p>\n<p><strong>Ha m\u00e9g a Google sem nem tudja rugalmasan kezelni a felh\u0151szerver megold\u00e1sait, akkor ki tudja? Megold\u00e1s: Ne t\u00e1maszkodjon a kiszolg\u00e1l\u00f3kra. Ne haszn\u00e1lja \u0151ket a legfontosabb funkci\u00f3kra!<\/strong><\/p>\n<p>K\u00f6vess minket az <a href=\"\/en\/\"https:>Elektro-Kamleithner facebook oldalon i<\/a>s, ahol mindig \u00faj inform\u00e1ci\u00f3kat tal\u00e1lsz.<\/p>","protected":false},"excerpt":{"rendered":"<p>A Nest termoszt\u00e1tok az egyik rekord hideg napon \u00e1lltak le A Nest termoszt\u00e1tok, egy rekord hideg napon m\u0171k\u00f6d\u00e9sk\u00e9ptelenn\u00e9 v\u00e1ltak, az [&hellip;]<\/p>\n","protected":false},"author":2,"featured_media":515,"comment_status":"closed","ping_status":"open","sticky":false,"template":"","format":"standard","meta":{"_acf_changed":false,"site-sidebar-layout":"default","site-content-layout":"","ast-site-content-layout":"default","site-content-style":"default","site-sidebar-style":"default","ast-global-header-display":"","ast-banner-title-visibility":"","ast-main-header-display":"","ast-hfb-above-header-display":"","ast-hfb-below-header-display":"","ast-hfb-mobile-header-display":"","site-post-title":"","ast-breadcrumbs-content":"","ast-featured-img":"","footer-sml-layout":"","ast-disable-related-posts":"","theme-transparent-header-meta":"","adv-header-id-meta":"","stick-header-meta":"","header-above-stick-meta":"","header-main-stick-meta":"","header-below-stick-meta":"","astra-migrate-meta-layouts":"default","ast-page-background-enabled":"default","ast-page-background-meta":{"desktop":{"background-color":"var(--ast-global-color-4)","background-image":"","background-repeat":"repeat","background-position":"center center","background-size":"auto","background-attachment":"scroll","background-type":"","background-media":"","overlay-type":"","overlay-color":"","overlay-opacity":"","overlay-gradient":""},"tablet":{"background-color":"","background-image":"","background-repeat":"repeat","background-position":"center center","background-size":"auto","background-attachment":"scroll","background-type":"","background-media":"","overlay-type":"","overlay-color":"","overlay-opacity":"","overlay-gradient":""},"mobile":{"background-color":"","background-image":"","background-repeat":"repeat","background-position":"center center","background-size":"auto","background-attachment":"scroll","background-type":"","background-media":"","overlay-type":"","overlay-color":"","overlay-opacity":"","overlay-gradient":""}},"ast-content-background-meta":{"desktop":{"background-color":"var(--ast-global-color-5)","background-image":"","background-repeat":"repeat","background-position":"center center","background-size":"auto","background-attachment":"scroll","background-type":"","background-media":"","overlay-type":"","overlay-color":"","overlay-opacity":"","overlay-gradient":""},"tablet":{"background-color":"var(--ast-global-color-5)","background-image":"","background-repeat":"repeat","background-position":"center center","background-size":"auto","background-attachment":"scroll","background-type":"","background-media":"","overlay-type":"","overlay-color":"","overlay-opacity":"","overlay-gradient":""},"mobile":{"background-color":"var(--ast-global-color-5)","background-image":"","background-repeat":"repeat","background-position":"center center","background-size":"auto","background-attachment":"scroll","background-type":"","background-media":"","overlay-type":"","overlay-color":"","overlay-opacity":"","overlay-gradient":""}},"footnotes":""},"categories":[1],"tags":[27,28,29,30],"class_list":["post-340","post","type-post","status-publish","format-standard","has-post-thumbnail","hentry","category-blog","tag-felho","tag-nest","tag-nest-termosztatok","tag-osztott-intelligencia"],"acf":[],"yoast_head":"<!-- This site is optimized with the Yoast SEO plugin v28.3 - https:\/\/yoast.com\/product\/yoast-seo-wordpress\/ -->\n<title>A Nest termoszt\u00e1tok az egyik rekord hideg napon \u00e1lltak le - Elektro Kamleithner<\/title>\n<meta name=\"description\" content=\"A Nest termoszt\u00e1tok, egy rekord hideg napon m\u0171k\u00f6d\u00e9sk\u00e9ptelenn\u00e9 v\u00e1ltak, az online szolg\u00e1ltat\u00e1s le\u00e1ll\u00e1sa miatt.A vil\u00e1g minden t\u00e1j\u00e1n szembes\u00fcltek a probl\u00e9m\u00e1val.\" \/>\n<meta name=\"robots\" content=\"index, follow, max-snippet:-1, max-image-preview:large, max-video-preview:-1\" \/>\n<link rel=\"canonical\" href=\"https:\/\/elektro-kamleithner.hu\/en\/nest-termosztatok\/\" \/>\n<meta property=\"og:locale\" content=\"en_GB\" \/>\n<meta property=\"og:type\" content=\"article\" \/>\n<meta property=\"og:title\" content=\"A Nest termoszt\u00e1tok az egyik rekord hideg napon \u00e1lltak le - Elektro Kamleithner\" \/>\n<meta property=\"og:description\" content=\"A Nest termoszt\u00e1tok, egy rekord hideg napon m\u0171k\u00f6d\u00e9sk\u00e9ptelenn\u00e9 v\u00e1ltak, az online szolg\u00e1ltat\u00e1s le\u00e1ll\u00e1sa miatt.A vil\u00e1g minden t\u00e1j\u00e1n szembes\u00fcltek a probl\u00e9m\u00e1val.\" \/>\n<meta property=\"og:url\" content=\"https:\/\/elektro-kamleithner.hu\/en\/nest-termosztatok\/\" \/>\n<meta property=\"og:site_name\" content=\"Elektro Kamleithner\" \/>\n<meta property=\"article:publisher\" content=\"https:\/\/www.facebook.com\/ElektroKamleithnerKft\/\" \/>\n<meta property=\"article:published_time\" content=\"2019-02-15T10:53:48+00:00\" \/>\n<meta name=\"author\" content=\"Balogh Zolt\u00e1n\" \/>\n<meta name=\"twitter:card\" content=\"summary_large_image\" \/>\n<meta name=\"twitter:label1\" content=\"Written by\" \/>\n\t<meta name=\"twitter:data1\" content=\"Balogh Zolt\u00e1n\" \/>\n\t<meta name=\"twitter:label2\" content=\"Estimated reading time\" \/>\n\t<meta name=\"twitter:data2\" content=\"2 minutes\" \/>\n<script type=\"application\/ld+json\" class=\"yoast-schema-graph\">{\"@context\":\"https:\\\/\\\/schema.org\",\"@graph\":[{\"@type\":\"Article\",\"@id\":\"https:\\\/\\\/elektro-kamleithner.hu\\\/nest-termosztatok\\\/#article\",\"isPartOf\":{\"@id\":\"https:\\\/\\\/elektro-kamleithner.hu\\\/nest-termosztatok\\\/\"},\"author\":{\"name\":\"Balogh Zolt\u00e1n\",\"@id\":\"https:\\\/\\\/elektro-kamleithner.hu\\\/#\\\/schema\\\/person\\\/6bee347fe0f99bcff222317c89ff8c51\"},\"headline\":\"A Nest termoszt\u00e1tok az egyik rekord hideg napon \u00e1lltak le\",\"datePublished\":\"2019-02-15T10:53:48+00:00\",\"mainEntityOfPage\":{\"@id\":\"https:\\\/\\\/elektro-kamleithner.hu\\\/nest-termosztatok\\\/\"},\"wordCount\":324,\"publisher\":{\"@id\":\"https:\\\/\\\/elektro-kamleithner.hu\\\/#organization\"},\"image\":{\"@id\":\"https:\\\/\\\/elektro-kamleithner.hu\\\/nest-termosztatok\\\/#primaryimage\"},\"thumbnailUrl\":\"\",\"keywords\":[\"felh\u0151\",\"Nest\",\"Nest termoszt\u00e1tok\",\"osztott intelligencia\"],\"articleSection\":[\"Blog\"],\"inLanguage\":\"en-GB\"},{\"@type\":\"WebPage\",\"@id\":\"https:\\\/\\\/elektro-kamleithner.hu\\\/nest-termosztatok\\\/\",\"url\":\"https:\\\/\\\/elektro-kamleithner.hu\\\/nest-termosztatok\\\/\",\"name\":\"A Nest termoszt\u00e1tok az egyik rekord hideg napon \u00e1lltak le - Elektro Kamleithner\",\"isPartOf\":{\"@id\":\"https:\\\/\\\/elektro-kamleithner.hu\\\/#website\"},\"primaryImageOfPage\":{\"@id\":\"https:\\\/\\\/elektro-kamleithner.hu\\\/nest-termosztatok\\\/#primaryimage\"},\"image\":{\"@id\":\"https:\\\/\\\/elektro-kamleithner.hu\\\/nest-termosztatok\\\/#primaryimage\"},\"thumbnailUrl\":\"\",\"datePublished\":\"2019-02-15T10:53:48+00:00\",\"description\":\"A Nest termoszt\u00e1tok, egy rekord hideg napon m\u0171k\u00f6d\u00e9sk\u00e9ptelenn\u00e9 v\u00e1ltak, az online szolg\u00e1ltat\u00e1s le\u00e1ll\u00e1sa miatt.A vil\u00e1g minden t\u00e1j\u00e1n szembes\u00fcltek a probl\u00e9m\u00e1val.\",\"breadcrumb\":{\"@id\":\"https:\\\/\\\/elektro-kamleithner.hu\\\/nest-termosztatok\\\/#breadcrumb\"},\"inLanguage\":\"en-GB\",\"potentialAction\":[{\"@type\":\"ReadAction\",\"target\":[\"https:\\\/\\\/elektro-kamleithner.hu\\\/nest-termosztatok\\\/\"]}]},{\"@type\":\"ImageObject\",\"inLanguage\":\"en-GB\",\"@id\":\"https:\\\/\\\/elektro-kamleithner.hu\\\/nest-termosztatok\\\/#primaryimage\",\"url\":\"\",\"contentUrl\":\"\"},{\"@type\":\"BreadcrumbList\",\"@id\":\"https:\\\/\\\/elektro-kamleithner.hu\\\/nest-termosztatok\\\/#breadcrumb\",\"itemListElement\":[{\"@type\":\"ListItem\",\"position\":1,\"name\":\"Kezd\u0151lap\",\"item\":\"https:\\\/\\\/elektro-kamleithner.hu\\\/\"},{\"@type\":\"ListItem\",\"position\":2,\"name\":\"A Nest termoszt\u00e1tok az egyik rekord hideg napon \u00e1lltak le\"}]},{\"@type\":\"WebSite\",\"@id\":\"https:\\\/\\\/elektro-kamleithner.hu\\\/#website\",\"url\":\"https:\\\/\\\/elektro-kamleithner.hu\\\/\",\"name\":\"Elektro Kamleithner\",\"description\":\"Elektro Kamleithner\",\"publisher\":{\"@id\":\"https:\\\/\\\/elektro-kamleithner.hu\\\/#organization\"},\"potentialAction\":[{\"@type\":\"SearchAction\",\"target\":{\"@type\":\"EntryPoint\",\"urlTemplate\":\"https:\\\/\\\/elektro-kamleithner.hu\\\/?s={search_term_string}\"},\"query-input\":{\"@type\":\"PropertyValueSpecification\",\"valueRequired\":true,\"valueName\":\"search_term_string\"}}],\"inLanguage\":\"en-GB\"},{\"@type\":\"Organization\",\"@id\":\"https:\\\/\\\/elektro-kamleithner.hu\\\/#organization\",\"name\":\"Elektro Kamleithner\",\"url\":\"https:\\\/\\\/elektro-kamleithner.hu\\\/\",\"logo\":{\"@type\":\"ImageObject\",\"inLanguage\":\"en-GB\",\"@id\":\"https:\\\/\\\/elektro-kamleithner.hu\\\/#\\\/schema\\\/logo\\\/image\\\/\",\"url\":\"https:\\\/\\\/elektro-kamleithner.hu\\\/wp-content\\\/uploads\\\/2024\\\/09\\\/elektro-white-001.svg\",\"contentUrl\":\"https:\\\/\\\/elektro-kamleithner.hu\\\/wp-content\\\/uploads\\\/2024\\\/09\\\/elektro-white-001.svg\",\"width\":382,\"height\":131,\"caption\":\"Elektro Kamleithner\"},\"image\":{\"@id\":\"https:\\\/\\\/elektro-kamleithner.hu\\\/#\\\/schema\\\/logo\\\/image\\\/\"},\"sameAs\":[\"https:\\\/\\\/www.facebook.com\\\/ElektroKamleithnerKft\\\/\",\"https:\\\/\\\/www.youtube.com\\\/channel\\\/UCdDdwY5NIU2nmN9MjvqnFqg\",\"https:\\\/\\\/www.instagram.com\\\/berker.hu\\\/\"]},{\"@type\":\"Person\",\"@id\":\"https:\\\/\\\/elektro-kamleithner.hu\\\/#\\\/schema\\\/person\\\/6bee347fe0f99bcff222317c89ff8c51\",\"name\":\"Balogh Zolt\u00e1n\",\"image\":{\"@type\":\"ImageObject\",\"inLanguage\":\"en-GB\",\"@id\":\"https:\\\/\\\/secure.gravatar.com\\\/avatar\\\/83c725ba6ed0c327cf067a335b7156b3cb23f8585104d5ab2cd7bc81e6b47877?s=96&d=mm&r=g\",\"url\":\"https:\\\/\\\/secure.gravatar.com\\\/avatar\\\/83c725ba6ed0c327cf067a335b7156b3cb23f8585104d5ab2cd7bc81e6b47877?s=96&d=mm&r=g\",\"contentUrl\":\"https:\\\/\\\/secure.gravatar.com\\\/avatar\\\/83c725ba6ed0c327cf067a335b7156b3cb23f8585104d5ab2cd7bc81e6b47877?s=96&d=mm&r=g\",\"caption\":\"Balogh Zolt\u00e1n\"},\"url\":\"https:\\\/\\\/elektro-kamleithner.hu\\\/en\\\/author\\\/admin\\\/\"}]}<\/script>\n<!-- \/ Yoast SEO plugin. -->","yoast_head_json":{"title":"A Nest termoszt\u00e1tok az egyik rekord hideg napon \u00e1lltak le - Elektro Kamleithner","description":"A Nest termoszt\u00e1tok, egy rekord hideg napon m\u0171k\u00f6d\u00e9sk\u00e9ptelenn\u00e9 v\u00e1ltak, az online szolg\u00e1ltat\u00e1s le\u00e1ll\u00e1sa miatt.A vil\u00e1g minden t\u00e1j\u00e1n szembes\u00fcltek a probl\u00e9m\u00e1val.","robots":{"index":"index","follow":"follow","max-snippet":"max-snippet:-1","max-image-preview":"max-image-preview:large","max-video-preview":"max-video-preview:-1"},"canonical":"https:\/\/elektro-kamleithner.hu\/en\/nest-termosztatok\/","og_locale":"en_GB","og_type":"article","og_title":"A Nest termoszt\u00e1tok az egyik rekord hideg napon \u00e1lltak le - Elektro Kamleithner","og_description":"A Nest termoszt\u00e1tok, egy rekord hideg napon m\u0171k\u00f6d\u00e9sk\u00e9ptelenn\u00e9 v\u00e1ltak, az online szolg\u00e1ltat\u00e1s le\u00e1ll\u00e1sa miatt.A vil\u00e1g minden t\u00e1j\u00e1n szembes\u00fcltek a probl\u00e9m\u00e1val.","og_url":"https:\/\/elektro-kamleithner.hu\/en\/nest-termosztatok\/","og_site_name":"Elektro Kamleithner","article_publisher":"https:\/\/www.facebook.com\/ElektroKamleithnerKft\/","article_published_time":"2019-02-15T10:53:48+00:00","author":"Balogh Zolt\u00e1n","twitter_card":"summary_large_image","twitter_misc":{"Written by":"Balogh Zolt\u00e1n","Estimated reading time":"2 minutes"},"schema":{"@context":"https:\/\/schema.org","@graph":[{"@type":"Article","@id":"https:\/\/elektro-kamleithner.hu\/nest-termosztatok\/#article","isPartOf":{"@id":"https:\/\/elektro-kamleithner.hu\/nest-termosztatok\/"},"author":{"name":"Balogh Zolt\u00e1n","@id":"https:\/\/elektro-kamleithner.hu\/#\/schema\/person\/6bee347fe0f99bcff222317c89ff8c51"},"headline":"A Nest termoszt\u00e1tok az egyik rekord hideg napon \u00e1lltak le","datePublished":"2019-02-15T10:53:48+00:00","mainEntityOfPage":{"@id":"https:\/\/elektro-kamleithner.hu\/nest-termosztatok\/"},"wordCount":324,"publisher":{"@id":"https:\/\/elektro-kamleithner.hu\/#organization"},"image":{"@id":"https:\/\/elektro-kamleithner.hu\/nest-termosztatok\/#primaryimage"},"thumbnailUrl":"","keywords":["felh\u0151","Nest","Nest termoszt\u00e1tok","osztott intelligencia"],"articleSection":["Blog"],"inLanguage":"en-GB"},{"@type":"WebPage","@id":"https:\/\/elektro-kamleithner.hu\/nest-termosztatok\/","url":"https:\/\/elektro-kamleithner.hu\/nest-termosztatok\/","name":"A Nest termoszt\u00e1tok az egyik rekord hideg napon \u00e1lltak le - Elektro Kamleithner","isPartOf":{"@id":"https:\/\/elektro-kamleithner.hu\/#website"},"primaryImageOfPage":{"@id":"https:\/\/elektro-kamleithner.hu\/nest-termosztatok\/#primaryimage"},"image":{"@id":"https:\/\/elektro-kamleithner.hu\/nest-termosztatok\/#primaryimage"},"thumbnailUrl":"","datePublished":"2019-02-15T10:53:48+00:00","description":"A Nest termoszt\u00e1tok, egy rekord hideg napon m\u0171k\u00f6d\u00e9sk\u00e9ptelenn\u00e9 v\u00e1ltak, az online szolg\u00e1ltat\u00e1s le\u00e1ll\u00e1sa miatt.A vil\u00e1g minden t\u00e1j\u00e1n szembes\u00fcltek a probl\u00e9m\u00e1val.","breadcrumb":{"@id":"https:\/\/elektro-kamleithner.hu\/nest-termosztatok\/#breadcrumb"},"inLanguage":"en-GB","potentialAction":[{"@type":"ReadAction","target":["https:\/\/elektro-kamleithner.hu\/nest-termosztatok\/"]}]},{"@type":"ImageObject","inLanguage":"en-GB","@id":"https:\/\/elektro-kamleithner.hu\/nest-termosztatok\/#primaryimage","url":"","contentUrl":""},{"@type":"BreadcrumbList","@id":"https:\/\/elektro-kamleithner.hu\/nest-termosztatok\/#breadcrumb","itemListElement":[{"@type":"ListItem","position":1,"name":"Kezd\u0151lap","item":"https:\/\/elektro-kamleithner.hu\/"},{"@type":"ListItem","position":2,"name":"A Nest termoszt\u00e1tok az egyik rekord hideg napon \u00e1lltak le"}]},{"@type":"WebSite","@id":"https:\/\/elektro-kamleithner.hu\/#website","url":"https:\/\/elektro-kamleithner.hu\/","name":"Elektro Kamleithner","description":"Elektro Kamleithner","publisher":{"@id":"https:\/\/elektro-kamleithner.hu\/#organization"},"potentialAction":[{"@type":"SearchAction","target":{"@type":"EntryPoint","urlTemplate":"https:\/\/elektro-kamleithner.hu\/?s={search_term_string}"},"query-input":{"@type":"PropertyValueSpecification","valueRequired":true,"valueName":"search_term_string"}}],"inLanguage":"en-GB"},{"@type":"Organization","@id":"https:\/\/elektro-kamleithner.hu\/#organization","name":"Elektro Kamleithner","url":"https:\/\/elektro-kamleithner.hu\/","logo":{"@type":"ImageObject","inLanguage":"en-GB","@id":"https:\/\/elektro-kamleithner.hu\/#\/schema\/logo\/image\/","url":"https:\/\/elektro-kamleithner.hu\/wp-content\/uploads\/2024\/09\/elektro-white-001.svg","contentUrl":"https:\/\/elektro-kamleithner.hu\/wp-content\/uploads\/2024\/09\/elektro-white-001.svg","width":382,"height":131,"caption":"Elektro Kamleithner"},"image":{"@id":"https:\/\/elektro-kamleithner.hu\/#\/schema\/logo\/image\/"},"sameAs":["https:\/\/www.facebook.com\/ElektroKamleithnerKft\/","https:\/\/www.youtube.com\/channel\/UCdDdwY5NIU2nmN9MjvqnFqg","https:\/\/www.instagram.com\/berker.hu\/"]},{"@type":"Person","@id":"https:\/\/elektro-kamleithner.hu\/#\/schema\/person\/6bee347fe0f99bcff222317c89ff8c51","name":"Balogh Zolt\u00e1n","image":{"@type":"ImageObject","inLanguage":"en-GB","@id":"https:\/\/secure.gravatar.com\/avatar\/83c725ba6ed0c327cf067a335b7156b3cb23f8585104d5ab2cd7bc81e6b47877?s=96&d=mm&r=g","url":"https:\/\/secure.gravatar.com\/avatar\/83c725ba6ed0c327cf067a335b7156b3cb23f8585104d5ab2cd7bc81e6b47877?s=96&d=mm&r=g","contentUrl":"https:\/\/secure.gravatar.com\/avatar\/83c725ba6ed0c327cf067a335b7156b3cb23f8585104d5ab2cd7bc81e6b47877?s=96&d=mm&r=g","caption":"Balogh Zolt\u00e1n"},"url":"https:\/\/elektro-kamleithner.hu\/en\/author\/admin\/"}]}},"_links":{"self":[{"href":"https:\/\/elektro-kamleithner.hu\/en\/wp-json\/wp\/v2\/posts\/340","targetHints":{"allow":["GET"]}}],"collection":[{"href":"https:\/\/elektro-kamleithner.hu\/en\/wp-json\/wp\/v2\/posts"}],"about":[{"href":"https:\/\/elektro-kamleithner.hu\/en\/wp-json\/wp\/v2\/types\/post"}],"author":[{"embeddable":true,"href":"https:\/\/elektro-kamleithner.hu\/en\/wp-json\/wp\/v2\/users\/2"}],"replies":[{"embeddable":true,"href":"https:\/\/elektro-kamleithner.hu\/en\/wp-json\/wp\/v2\/comments?post=340"}],"version-history":[{"count":0,"href":"https:\/\/elektro-kamleithner.hu\/en\/wp-json\/wp\/v2\/posts\/340\/revisions"}],"wp:attachment":[{"href":"https:\/\/elektro-kamleithner.hu\/en\/wp-json\/wp\/v2\/media?parent=340"}],"wp:term":[{"taxonomy":"category","embeddable":true,"href":"https:\/\/elektro-kamleithner.hu\/en\/wp-json\/wp\/v2\/categories?post=340"},{"taxonomy":"post_tag","embeddable":true,"href":"https:\/\/elektro-kamleithner.hu\/en\/wp-json\/wp\/v2\/tags?post=340"}],"curies":[{"name":"wp","href":"https:\/\/api.w.org\/{rel}","templated":true}]}}