{"id":317,"date":"2019-01-14T16:34:40","date_gmt":"2019-01-14T15:34:40","guid":{"rendered":"https:\/\/evernox.hu\/theben\/"},"modified":"2019-01-14T16:34:40","modified_gmt":"2019-01-14T15:34:40","slug":"theben","status":"publish","type":"post","link":"https:\/\/elektro-kamleithner.hu\/en\/theben\/","title":{"rendered":"Theben, Malajzia legmagasabb \u00e9p\u00fclet\u00e9ben"},"content":{"rendered":"<p>A Theben vil\u00e1gels\u0151 a kiv\u00e1l\u00f3 min\u0151s\u00e9g\u0171, \u00e9p\u00fcletvillamoss\u00e1gi term\u00e9kek gy\u00e1rt\u00e1s\u00e1ban. A \\&#8221;Merkeda 118\\&#8221; n\u00e9ven ismert projekt is Theben eszk\u00f6z\u00f6ket haszn\u00e1l \u00e9s 400 000 n\u00e9gyzetm\u00e9ter ter\u00fcletet foglal mag\u00e1ban. Az \u00e9p\u00fcletben megtal\u00e1lhat\u00f3 a lak\u00f3-, a sz\u00e1llodai \u00e9s a kereskedelmi tev\u00e9kenys\u00e9g is. M\u00e9g a parkol\u00f3 is leny\u0171g\u00f6z\u0151. Parkol\u00f3helyek t\u00f6bb mint 8,500 aut\u00f3 sz\u00e1m\u00e1ra. Az \u00e9p\u00fclet Malajzia legmagasabb \u00e9s a vil\u00e1g harmadik legmagasabb \u00e9p\u00fclete lesz, mely 2024-ben k\u00e9sz\u00fcl el.<\/p>\n<img class=\"\\\"wp-image-322\" size-full\\\" src=\"\\\"https:>\n<h3>Fenntarthat\u00f3 \u00e9p\u00fclet<\/h3>\n<p>A gigantikus m\u00e9retek ellen\u00e9re 3 z\u00f6ldmin\u0151s\u00edt\u0151 rendszer szerinti min\u0151s\u00edt\u00e9st kap az \u00e9p\u00fclet a k\u00f6rnyezetbar\u00e1t kivitelez\u00e9st elismerend\u0151: LEED, Green Building Index (GBI) \u00e9s a GreenRE.<\/p>\n<p><em>\\&#8221;K\u00fcl\u00f6n\u00f6sen b\u00fcszk\u00e9k vagyunk arra, hogy t\u00f6bbek k\u00f6z\u00f6tt mintegy 5800 Theben eszk\u00f6zt kell telep\u00edteni az id\u0151- \u00e9s vil\u00e1g\u00edt\u00e1svez\u00e9rl\u00e9s ter\u00fclet\u00e9n, ide\u00e9rtve az id\u0151eltol\u00f3d\u00e1s-vez\u00e9rl\u0151ket a parkol\u00f3ban, f\u00e9nyer\u0151szab\u00e1lyz\u00f3kat a p\u00f3dium ter\u00fclet\u00e9re \u00e9s \u00e1rny\u00e9kol\u00f3 vez\u00e9rl\u0151ket az \u00e9ttermi ter\u00fcletekre.\\&#8221;, jegyzi meg Paul Sebastian Schwenk vez\u00e9rigazgat\u00f3 (Theben AG). VARIA vez\u00e9rl\u0151 paneleken kereszt\u00fcl vez\u00e9relnek DALI \u00e9s KNX k\u00e9sz\u00fcl\u00e9keket a l\u00e9pcs\u0151h\u00e1zakban, folyos\u00f3kon, a mell\u00e9khelyis\u00e9gekben \u00e9s az irodai ter\u00fcleteken.<\/em><\/p>\n<h3>KNX: nyitott technol\u00f3gia<\/h3>\n<p>A nyitott technol\u00f3gia \u00e9s a j\u00f6v\u0151beni b\u0151v\u00edthet\u0151s\u00e9g \u00e9s flexibilit\u00e1s miatt a KNX az \u00e9p\u00fcletautomatiz\u00e1l\u00e1s szabv\u00e1ny\u00e1t v\u00e1lasztott\u00e1k az \u00e9p\u00fclet vez\u00e9rl\u00e9s\u00e9re. A tervez\u00e9st \u00e9s az integr\u00e1ci\u00f3t a tapasztalt KNX szakemberek v\u00e9gzik. M\u00e9g a projekt el\u0151tt sikeres egy\u00fcttm\u0171k\u00f6d\u00e9sre ker\u00fclt sor a Seikou Systec Sdn. Bhd \u00e9s a Theben AG k\u00f6z\u00f6tt. A Theben kiv\u00e1l\u00f3 h\u00edrn\u00e9vnek \u00f6rvend, mint vil\u00e1gels\u0151 az id\u0151- \u00e9s vil\u00e1g\u00edt\u00e1svez\u00e9rl\u00e9s, a kl\u00edmavez\u00e9rl\u00e9s \u00e9s a KNX \u00e9p\u00fcletautomatiz\u00e1l\u00e1s ter\u00fclet\u00e9n.<\/p>\n<p>A Theben magyarorsz\u00e1gi k\u00e9pviselet\u00e9t az Elektro-Kamleithner Kft. l\u00e1tja el.<\/p>\n<p><a href=\"\/en\/\"https:>Vegye fel vel\u00fcnk a kapcsolatot!<\/a><\/p>\n<p>Ez a blog is \u00e9rdekelhet t\u00e9ged: A <a href=\"\/en\/\"https:>Nest termoszt\u00e1tok az egyik leghidegebb napon \u00e1lltak le<\/a><\/p>\n<p>K\u00f6vess minket az <a href=\"\/en\/\"https:>Elektro-Kamleithner facebook oldalon i<\/a>s, ahol mindig \u00faj inform\u00e1ci\u00f3kat tal\u00e1lsz.<\/p>\n<p>&nbsp;<\/p>","protected":false},"excerpt":{"rendered":"<p>A Theben vil\u00e1gels\u0151 a kiv\u00e1l\u00f3 min\u0151s\u00e9g\u0171, \u00e9p\u00fcletvillamoss\u00e1gi term\u00e9kek gy\u00e1rt\u00e1s\u00e1ban. A \\&#8221;Merkeda 118\\&#8221; n\u00e9ven ismert projekt is Theben eszk\u00f6z\u00f6ket haszn\u00e1l \u00e9s [&hellip;]<\/p>\n","protected":false},"author":2,"featured_media":519,"comment_status":"closed","ping_status":"closed","sticky":false,"template":"","format":"standard","meta":{"_acf_changed":false,"site-sidebar-layout":"default","site-content-layout":"","ast-site-content-layout":"default","site-content-style":"default","site-sidebar-style":"default","ast-global-header-display":"","ast-banner-title-visibility":"","ast-main-header-display":"","ast-hfb-above-header-display":"","ast-hfb-below-header-display":"","ast-hfb-mobile-header-display":"","site-post-title":"","ast-breadcrumbs-content":"","ast-featured-img":"","footer-sml-layout":"","ast-disable-related-posts":"","theme-transparent-header-meta":"default","adv-header-id-meta":"","stick-header-meta":"default","header-above-stick-meta":"","header-main-stick-meta":"","header-below-stick-meta":"","astra-migrate-meta-layouts":"set","ast-page-background-enabled":"default","ast-page-background-meta":{"desktop":{"background-color":"var(--ast-global-color-4)","background-image":"","background-repeat":"repeat","background-position":"center center","background-size":"auto","background-attachment":"scroll","background-type":"","background-media":"","overlay-type":"","overlay-color":"","overlay-opacity":"","overlay-gradient":""},"tablet":{"background-color":"","background-image":"","background-repeat":"repeat","background-position":"center center","background-size":"auto","background-attachment":"scroll","background-type":"","background-media":"","overlay-type":"","overlay-color":"","overlay-opacity":"","overlay-gradient":""},"mobile":{"background-color":"","background-image":"","background-repeat":"repeat","background-position":"center center","background-size":"auto","background-attachment":"scroll","background-type":"","background-media":"","overlay-type":"","overlay-color":"","overlay-opacity":"","overlay-gradient":""}},"ast-content-background-meta":{"desktop":{"background-color":"var(--ast-global-color-5)","background-image":"","background-repeat":"repeat","background-position":"center center","background-size":"auto","background-attachment":"scroll","background-type":"","background-media":"","overlay-type":"","overlay-color":"","overlay-opacity":"","overlay-gradient":""},"tablet":{"background-color":"var(--ast-global-color-5)","background-image":"","background-repeat":"repeat","background-position":"center center","background-size":"auto","background-attachment":"scroll","background-type":"","background-media":"","overlay-type":"","overlay-color":"","overlay-opacity":"","overlay-gradient":""},"mobile":{"background-color":"var(--ast-global-color-5)","background-image":"","background-repeat":"repeat","background-position":"center center","background-size":"auto","background-attachment":"scroll","background-type":"","background-media":"","overlay-type":"","overlay-color":"","overlay-opacity":"","overlay-gradient":""}},"footnotes":""},"categories":[1],"tags":[25],"class_list":["post-317","post","type-post","status-publish","format-standard","has-post-thumbnail","hentry","category-blog","tag-theben"],"acf":[],"yoast_head":"<!-- This site is optimized with the Yoast SEO plugin v28.3 - https:\/\/yoast.com\/product\/yoast-seo-wordpress\/ -->\n<title>Theben, Malajzia legmagasabb \u00e9p\u00fclet\u00e9ben - Elektro Kamleithner<\/title>\n<meta name=\"description\" content=\"A Theben vil\u00e1gels\u0151 a kiv\u00e1l\u00f3 min\u0151s\u00e9g\u0171, \u00e9p\u00fcletvillamoss\u00e1gi term\u00e9kek gy\u00e1rt\u00e1s\u00e1ban. A &quot;Merkeda 118&quot; n\u00e9ven ismert projekt is Theben eszk\u00f6z\u00f6ket haszn\u00e1l.\" \/>\n<meta name=\"robots\" content=\"index, follow, max-snippet:-1, max-image-preview:large, max-video-preview:-1\" \/>\n<link rel=\"canonical\" href=\"https:\/\/elektro-kamleithner.hu\/en\/theben\/\" \/>\n<meta property=\"og:locale\" content=\"en_GB\" \/>\n<meta property=\"og:type\" content=\"article\" \/>\n<meta property=\"og:title\" content=\"Theben, Malajzia legmagasabb \u00e9p\u00fclet\u00e9ben - Elektro Kamleithner\" \/>\n<meta property=\"og:description\" content=\"A Theben vil\u00e1gels\u0151 a kiv\u00e1l\u00f3 min\u0151s\u00e9g\u0171, \u00e9p\u00fcletvillamoss\u00e1gi term\u00e9kek gy\u00e1rt\u00e1s\u00e1ban. A &quot;Merkeda 118&quot; n\u00e9ven ismert projekt is Theben eszk\u00f6z\u00f6ket haszn\u00e1l.\" \/>\n<meta property=\"og:url\" content=\"https:\/\/elektro-kamleithner.hu\/en\/theben\/\" \/>\n<meta property=\"og:site_name\" content=\"Elektro Kamleithner\" \/>\n<meta property=\"article:publisher\" content=\"https:\/\/www.facebook.com\/ElektroKamleithnerKft\/\" \/>\n<meta property=\"article:published_time\" content=\"2019-01-14T15:34:40+00:00\" \/>\n<meta name=\"author\" content=\"Balogh Zolt\u00e1n\" \/>\n<meta name=\"twitter:card\" content=\"summary_large_image\" \/>\n<meta name=\"twitter:label1\" content=\"Written by\" \/>\n\t<meta name=\"twitter:data1\" content=\"Balogh Zolt\u00e1n\" \/>\n\t<meta name=\"twitter:label2\" content=\"Estimated reading time\" \/>\n\t<meta name=\"twitter:data2\" content=\"2 minutes\" \/>\n<script type=\"application\/ld+json\" class=\"yoast-schema-graph\">{\"@context\":\"https:\\\/\\\/schema.org\",\"@graph\":[{\"@type\":\"Article\",\"@id\":\"https:\\\/\\\/elektro-kamleithner.hu\\\/theben\\\/#article\",\"isPartOf\":{\"@id\":\"https:\\\/\\\/elektro-kamleithner.hu\\\/theben\\\/\"},\"author\":{\"name\":\"Balogh Zolt\u00e1n\",\"@id\":\"https:\\\/\\\/elektro-kamleithner.hu\\\/#\\\/schema\\\/person\\\/6bee347fe0f99bcff222317c89ff8c51\"},\"headline\":\"Theben, Malajzia legmagasabb \u00e9p\u00fclet\u00e9ben\",\"datePublished\":\"2019-01-14T15:34:40+00:00\",\"mainEntityOfPage\":{\"@id\":\"https:\\\/\\\/elektro-kamleithner.hu\\\/theben\\\/\"},\"wordCount\":428,\"publisher\":{\"@id\":\"https:\\\/\\\/elektro-kamleithner.hu\\\/#organization\"},\"image\":{\"@id\":\"https:\\\/\\\/elektro-kamleithner.hu\\\/theben\\\/#primaryimage\"},\"thumbnailUrl\":\"\",\"keywords\":[\"Theben\"],\"articleSection\":[\"Blog\"],\"inLanguage\":\"en-GB\"},{\"@type\":\"WebPage\",\"@id\":\"https:\\\/\\\/elektro-kamleithner.hu\\\/theben\\\/\",\"url\":\"https:\\\/\\\/elektro-kamleithner.hu\\\/theben\\\/\",\"name\":\"Theben, Malajzia legmagasabb \u00e9p\u00fclet\u00e9ben - Elektro Kamleithner\",\"isPartOf\":{\"@id\":\"https:\\\/\\\/elektro-kamleithner.hu\\\/#website\"},\"primaryImageOfPage\":{\"@id\":\"https:\\\/\\\/elektro-kamleithner.hu\\\/theben\\\/#primaryimage\"},\"image\":{\"@id\":\"https:\\\/\\\/elektro-kamleithner.hu\\\/theben\\\/#primaryimage\"},\"thumbnailUrl\":\"\",\"datePublished\":\"2019-01-14T15:34:40+00:00\",\"description\":\"A Theben vil\u00e1gels\u0151 a kiv\u00e1l\u00f3 min\u0151s\u00e9g\u0171, \u00e9p\u00fcletvillamoss\u00e1gi term\u00e9kek gy\u00e1rt\u00e1s\u00e1ban. A \\\"Merkeda 118\\\" n\u00e9ven ismert projekt is Theben eszk\u00f6z\u00f6ket haszn\u00e1l.\",\"breadcrumb\":{\"@id\":\"https:\\\/\\\/elektro-kamleithner.hu\\\/theben\\\/#breadcrumb\"},\"inLanguage\":\"en-GB\",\"potentialAction\":[{\"@type\":\"ReadAction\",\"target\":[\"https:\\\/\\\/elektro-kamleithner.hu\\\/theben\\\/\"]}]},{\"@type\":\"ImageObject\",\"inLanguage\":\"en-GB\",\"@id\":\"https:\\\/\\\/elektro-kamleithner.hu\\\/theben\\\/#primaryimage\",\"url\":\"\",\"contentUrl\":\"\"},{\"@type\":\"BreadcrumbList\",\"@id\":\"https:\\\/\\\/elektro-kamleithner.hu\\\/theben\\\/#breadcrumb\",\"itemListElement\":[{\"@type\":\"ListItem\",\"position\":1,\"name\":\"Kezd\u0151lap\",\"item\":\"https:\\\/\\\/elektro-kamleithner.hu\\\/\"},{\"@type\":\"ListItem\",\"position\":2,\"name\":\"Theben, Malajzia legmagasabb \u00e9p\u00fclet\u00e9ben\"}]},{\"@type\":\"WebSite\",\"@id\":\"https:\\\/\\\/elektro-kamleithner.hu\\\/#website\",\"url\":\"https:\\\/\\\/elektro-kamleithner.hu\\\/\",\"name\":\"Elektro Kamleithner\",\"description\":\"Elektro Kamleithner\",\"publisher\":{\"@id\":\"https:\\\/\\\/elektro-kamleithner.hu\\\/#organization\"},\"potentialAction\":[{\"@type\":\"SearchAction\",\"target\":{\"@type\":\"EntryPoint\",\"urlTemplate\":\"https:\\\/\\\/elektro-kamleithner.hu\\\/?s={search_term_string}\"},\"query-input\":{\"@type\":\"PropertyValueSpecification\",\"valueRequired\":true,\"valueName\":\"search_term_string\"}}],\"inLanguage\":\"en-GB\"},{\"@type\":\"Organization\",\"@id\":\"https:\\\/\\\/elektro-kamleithner.hu\\\/#organization\",\"name\":\"Elektro Kamleithner\",\"url\":\"https:\\\/\\\/elektro-kamleithner.hu\\\/\",\"logo\":{\"@type\":\"ImageObject\",\"inLanguage\":\"en-GB\",\"@id\":\"https:\\\/\\\/elektro-kamleithner.hu\\\/#\\\/schema\\\/logo\\\/image\\\/\",\"url\":\"https:\\\/\\\/elektro-kamleithner.hu\\\/wp-content\\\/uploads\\\/2024\\\/09\\\/elektro-white-001.svg\",\"contentUrl\":\"https:\\\/\\\/elektro-kamleithner.hu\\\/wp-content\\\/uploads\\\/2024\\\/09\\\/elektro-white-001.svg\",\"width\":382,\"height\":131,\"caption\":\"Elektro Kamleithner\"},\"image\":{\"@id\":\"https:\\\/\\\/elektro-kamleithner.hu\\\/#\\\/schema\\\/logo\\\/image\\\/\"},\"sameAs\":[\"https:\\\/\\\/www.facebook.com\\\/ElektroKamleithnerKft\\\/\",\"https:\\\/\\\/www.youtube.com\\\/channel\\\/UCdDdwY5NIU2nmN9MjvqnFqg\",\"https:\\\/\\\/www.instagram.com\\\/berker.hu\\\/\"]},{\"@type\":\"Person\",\"@id\":\"https:\\\/\\\/elektro-kamleithner.hu\\\/#\\\/schema\\\/person\\\/6bee347fe0f99bcff222317c89ff8c51\",\"name\":\"Balogh Zolt\u00e1n\",\"image\":{\"@type\":\"ImageObject\",\"inLanguage\":\"en-GB\",\"@id\":\"https:\\\/\\\/secure.gravatar.com\\\/avatar\\\/83c725ba6ed0c327cf067a335b7156b3cb23f8585104d5ab2cd7bc81e6b47877?s=96&d=mm&r=g\",\"url\":\"https:\\\/\\\/secure.gravatar.com\\\/avatar\\\/83c725ba6ed0c327cf067a335b7156b3cb23f8585104d5ab2cd7bc81e6b47877?s=96&d=mm&r=g\",\"contentUrl\":\"https:\\\/\\\/secure.gravatar.com\\\/avatar\\\/83c725ba6ed0c327cf067a335b7156b3cb23f8585104d5ab2cd7bc81e6b47877?s=96&d=mm&r=g\",\"caption\":\"Balogh Zolt\u00e1n\"},\"url\":\"https:\\\/\\\/elektro-kamleithner.hu\\\/en\\\/author\\\/admin\\\/\"}]}<\/script>\n<!-- \/ Yoast SEO plugin. -->","yoast_head_json":{"title":"Theben, Malajzia legmagasabb \u00e9p\u00fclet\u00e9ben - Elektro Kamleithner","description":"A Theben vil\u00e1gels\u0151 a kiv\u00e1l\u00f3 min\u0151s\u00e9g\u0171, \u00e9p\u00fcletvillamoss\u00e1gi term\u00e9kek gy\u00e1rt\u00e1s\u00e1ban. A \"Merkeda 118\" n\u00e9ven ismert projekt is Theben eszk\u00f6z\u00f6ket haszn\u00e1l.","robots":{"index":"index","follow":"follow","max-snippet":"max-snippet:-1","max-image-preview":"max-image-preview:large","max-video-preview":"max-video-preview:-1"},"canonical":"https:\/\/elektro-kamleithner.hu\/en\/theben\/","og_locale":"en_GB","og_type":"article","og_title":"Theben, Malajzia legmagasabb \u00e9p\u00fclet\u00e9ben - Elektro Kamleithner","og_description":"A Theben vil\u00e1gels\u0151 a kiv\u00e1l\u00f3 min\u0151s\u00e9g\u0171, \u00e9p\u00fcletvillamoss\u00e1gi term\u00e9kek gy\u00e1rt\u00e1s\u00e1ban. A \"Merkeda 118\" n\u00e9ven ismert projekt is Theben eszk\u00f6z\u00f6ket haszn\u00e1l.","og_url":"https:\/\/elektro-kamleithner.hu\/en\/theben\/","og_site_name":"Elektro Kamleithner","article_publisher":"https:\/\/www.facebook.com\/ElektroKamleithnerKft\/","article_published_time":"2019-01-14T15:34:40+00:00","author":"Balogh Zolt\u00e1n","twitter_card":"summary_large_image","twitter_misc":{"Written by":"Balogh Zolt\u00e1n","Estimated reading time":"2 minutes"},"schema":{"@context":"https:\/\/schema.org","@graph":[{"@type":"Article","@id":"https:\/\/elektro-kamleithner.hu\/theben\/#article","isPartOf":{"@id":"https:\/\/elektro-kamleithner.hu\/theben\/"},"author":{"name":"Balogh Zolt\u00e1n","@id":"https:\/\/elektro-kamleithner.hu\/#\/schema\/person\/6bee347fe0f99bcff222317c89ff8c51"},"headline":"Theben, Malajzia legmagasabb \u00e9p\u00fclet\u00e9ben","datePublished":"2019-01-14T15:34:40+00:00","mainEntityOfPage":{"@id":"https:\/\/elektro-kamleithner.hu\/theben\/"},"wordCount":428,"publisher":{"@id":"https:\/\/elektro-kamleithner.hu\/#organization"},"image":{"@id":"https:\/\/elektro-kamleithner.hu\/theben\/#primaryimage"},"thumbnailUrl":"","keywords":["Theben"],"articleSection":["Blog"],"inLanguage":"en-GB"},{"@type":"WebPage","@id":"https:\/\/elektro-kamleithner.hu\/theben\/","url":"https:\/\/elektro-kamleithner.hu\/theben\/","name":"Theben, Malajzia legmagasabb \u00e9p\u00fclet\u00e9ben - Elektro Kamleithner","isPartOf":{"@id":"https:\/\/elektro-kamleithner.hu\/#website"},"primaryImageOfPage":{"@id":"https:\/\/elektro-kamleithner.hu\/theben\/#primaryimage"},"image":{"@id":"https:\/\/elektro-kamleithner.hu\/theben\/#primaryimage"},"thumbnailUrl":"","datePublished":"2019-01-14T15:34:40+00:00","description":"A Theben vil\u00e1gels\u0151 a kiv\u00e1l\u00f3 min\u0151s\u00e9g\u0171, \u00e9p\u00fcletvillamoss\u00e1gi term\u00e9kek gy\u00e1rt\u00e1s\u00e1ban. A \"Merkeda 118\" n\u00e9ven ismert projekt is Theben eszk\u00f6z\u00f6ket haszn\u00e1l.","breadcrumb":{"@id":"https:\/\/elektro-kamleithner.hu\/theben\/#breadcrumb"},"inLanguage":"en-GB","potentialAction":[{"@type":"ReadAction","target":["https:\/\/elektro-kamleithner.hu\/theben\/"]}]},{"@type":"ImageObject","inLanguage":"en-GB","@id":"https:\/\/elektro-kamleithner.hu\/theben\/#primaryimage","url":"","contentUrl":""},{"@type":"BreadcrumbList","@id":"https:\/\/elektro-kamleithner.hu\/theben\/#breadcrumb","itemListElement":[{"@type":"ListItem","position":1,"name":"Kezd\u0151lap","item":"https:\/\/elektro-kamleithner.hu\/"},{"@type":"ListItem","position":2,"name":"Theben, Malajzia legmagasabb \u00e9p\u00fclet\u00e9ben"}]},{"@type":"WebSite","@id":"https:\/\/elektro-kamleithner.hu\/#website","url":"https:\/\/elektro-kamleithner.hu\/","name":"Elektro Kamleithner","description":"Elektro Kamleithner","publisher":{"@id":"https:\/\/elektro-kamleithner.hu\/#organization"},"potentialAction":[{"@type":"SearchAction","target":{"@type":"EntryPoint","urlTemplate":"https:\/\/elektro-kamleithner.hu\/?s={search_term_string}"},"query-input":{"@type":"PropertyValueSpecification","valueRequired":true,"valueName":"search_term_string"}}],"inLanguage":"en-GB"},{"@type":"Organization","@id":"https:\/\/elektro-kamleithner.hu\/#organization","name":"Elektro Kamleithner","url":"https:\/\/elektro-kamleithner.hu\/","logo":{"@type":"ImageObject","inLanguage":"en-GB","@id":"https:\/\/elektro-kamleithner.hu\/#\/schema\/logo\/image\/","url":"https:\/\/elektro-kamleithner.hu\/wp-content\/uploads\/2024\/09\/elektro-white-001.svg","contentUrl":"https:\/\/elektro-kamleithner.hu\/wp-content\/uploads\/2024\/09\/elektro-white-001.svg","width":382,"height":131,"caption":"Elektro Kamleithner"},"image":{"@id":"https:\/\/elektro-kamleithner.hu\/#\/schema\/logo\/image\/"},"sameAs":["https:\/\/www.facebook.com\/ElektroKamleithnerKft\/","https:\/\/www.youtube.com\/channel\/UCdDdwY5NIU2nmN9MjvqnFqg","https:\/\/www.instagram.com\/berker.hu\/"]},{"@type":"Person","@id":"https:\/\/elektro-kamleithner.hu\/#\/schema\/person\/6bee347fe0f99bcff222317c89ff8c51","name":"Balogh Zolt\u00e1n","image":{"@type":"ImageObject","inLanguage":"en-GB","@id":"https:\/\/secure.gravatar.com\/avatar\/83c725ba6ed0c327cf067a335b7156b3cb23f8585104d5ab2cd7bc81e6b47877?s=96&d=mm&r=g","url":"https:\/\/secure.gravatar.com\/avatar\/83c725ba6ed0c327cf067a335b7156b3cb23f8585104d5ab2cd7bc81e6b47877?s=96&d=mm&r=g","contentUrl":"https:\/\/secure.gravatar.com\/avatar\/83c725ba6ed0c327cf067a335b7156b3cb23f8585104d5ab2cd7bc81e6b47877?s=96&d=mm&r=g","caption":"Balogh Zolt\u00e1n"},"url":"https:\/\/elektro-kamleithner.hu\/en\/author\/admin\/"}]}},"_links":{"self":[{"href":"https:\/\/elektro-kamleithner.hu\/en\/wp-json\/wp\/v2\/posts\/317","targetHints":{"allow":["GET"]}}],"collection":[{"href":"https:\/\/elektro-kamleithner.hu\/en\/wp-json\/wp\/v2\/posts"}],"about":[{"href":"https:\/\/elektro-kamleithner.hu\/en\/wp-json\/wp\/v2\/types\/post"}],"author":[{"embeddable":true,"href":"https:\/\/elektro-kamleithner.hu\/en\/wp-json\/wp\/v2\/users\/2"}],"replies":[{"embeddable":true,"href":"https:\/\/elektro-kamleithner.hu\/en\/wp-json\/wp\/v2\/comments?post=317"}],"version-history":[{"count":0,"href":"https:\/\/elektro-kamleithner.hu\/en\/wp-json\/wp\/v2\/posts\/317\/revisions"}],"wp:attachment":[{"href":"https:\/\/elektro-kamleithner.hu\/en\/wp-json\/wp\/v2\/media?parent=317"}],"wp:term":[{"taxonomy":"category","embeddable":true,"href":"https:\/\/elektro-kamleithner.hu\/en\/wp-json\/wp\/v2\/categories?post=317"},{"taxonomy":"post_tag","embeddable":true,"href":"https:\/\/elektro-kamleithner.hu\/en\/wp-json\/wp\/v2\/tags?post=317"}],"curies":[{"name":"wp","href":"https:\/\/api.w.org\/{rel}","templated":true}]}}