{"id":3128,"date":"2021-02-10T12:53:45","date_gmt":"2021-02-10T11:53:45","guid":{"rendered":"https:\/\/evernox.hu\/100-eves-a-theben\/"},"modified":"2021-02-10T12:53:45","modified_gmt":"2021-02-10T11:53:45","slug":"100-eves-a-theben","status":"publish","type":"post","link":"https:\/\/elektro-kamleithner.hu\/en\/100-eves-a-theben\/","title":{"rendered":"100 \u00e9ves a Theben"},"content":{"rendered":"<h3>A Theben a 100. \u00e9v\u00e9t \u00fcnnepli az \u00e9p\u00fcletautomatiz\u00e1l\u00e1sban<\/h3>\n<p>Valamikor 1921-ben egy stuttgarti lak\u00f3h\u00e1z l\u00e9pcs\u0151h\u00e1z\u00e1ban el\u0151sz\u00f6r kapcsolt le automatikusan a vil\u00e1g\u00edt\u00e1s. A kiold\u00f3 egy elford\u00edthat\u00f3 kapcsol\u00f3 volt, egy id\u0151kapcsol\u00f3, amelynek a gy\u00e1rt\u00e1s\u00e1t Paul Schwenk \u00e9ppen akkor kezdte meg saj\u00e1t gy\u00e1r\u00e1ban. Akkor m\u00e9g senki sem ismerte ezt a kifejez\u00e9st, de ezzel megsz\u00fcletett az \u00e9p\u00fcletautomatika. Ez volt a Theben alap\u00edt\u00e1s\u00e1nak pillanata. Most pedig m\u00e1r a centen\u00e1riumukat \u00fcnnepelik.<\/p>\n<p><img src=\"\\\"https:><\/p>\n<h3>K\u00e9peslap a m\u00faltb\u00f3l<\/h3>\n<p>Az jubileumi \u00e9v el\u0151k\u00e9sz\u00fcleteinek k\u00f6zep\u00e9n Paul Sebastian Schwenk r\u00e1bukkant egy r\u00e9gi k\u00e9peslapra, amelyet a d\u00e9dapja \u00edrt a sz\u00fcleinek a c\u00e9g alap\u00edt\u00e1s\u00e1r\u00f3l.<br \/>\nSz\u00e1z \u00e9vvel k\u00e9s\u0151bb ez a k\u00e9peslap kellemes meglepet\u00e9st okozott:<\/p>\n<blockquote><p>Kedves Sz\u00fcleim!<\/p>\n<p>Rem\u00e9lem j\u00f3l vagytok! Mi is j\u00f3l vagyunk. Ma alap\u00edtottunk egy k\u00e9sz\u00fcl\u00e9kgy\u00e1rt\u00e1ssal foglalkoz\u00f3 c\u00e9get (Mezger &amp; Schwenk). Megl\u00e1tjuk, hogy minden j\u00f3l alakul-e. Most m\u00e9g minden r\u00e9szmunkaid\u0151ben t\u00f6rt\u00e9nik. Azt\u00e1n 1920-t\u00f3l indulunk.<\/p><\/blockquote>\n<h3>Theben-timer 26 id\u0151kapcsol\u00f3<\/h3>\n<p>A 100 \u00e9ves Theben sz\u00fclet\u00e9snapja alkalm\u00e1b\u00f3l \u00fajb\u00f3l kiadta a legend\u00e1s <strong>Theben-timer 26<\/strong> id\u0151kapcsol\u00f3t, h\u00e1rom k\u00fcl\u00f6nleges sz\u00ednben: s\u00e1rga, vil\u00e1gosk\u00e9k \u00e9s lazacv\u00f6r\u00f6s. A dugaljba dughat\u00f3 manu\u00e1lis id\u0151kapcsol\u00f3t 1977-ben fejlesztett\u00e9k ki \u00e9s az\u00f3ta vil\u00e1gszerte t\u00f6bb mint 33 milli\u00f3 darabot adtak el bel\u0151le, \u00edgy a Theben term\u00e9kk\u00edn\u00e1lat\u00e1nak bestseller\u00e9v\u00e9 v\u00e1lt. Mi t\u00f6bb: a gy\u00e1rt\u00f3 100 \u00e9v garanci\u00e1t ad a term\u00e9kre!!!<\/p>\n<p><img src=\"\\\"https:><\/p>","protected":false},"excerpt":{"rendered":"<p>A Theben a 100. \u00e9v\u00e9t \u00fcnnepli az \u00e9p\u00fcletautomatiz\u00e1l\u00e1sban Valamikor 1921-ben egy stuttgarti lak\u00f3h\u00e1z l\u00e9pcs\u0151h\u00e1z\u00e1ban el\u0151sz\u00f6r kapcsolt le automatikusan a vil\u00e1g\u00edt\u00e1s. [&hellip;]<\/p>\n","protected":false},"author":2,"featured_media":3576,"comment_status":"closed","ping_status":"open","sticky":false,"template":"","format":"standard","meta":{"_acf_changed":false,"site-sidebar-layout":"default","site-content-layout":"default","ast-site-content-layout":"default","site-content-style":"default","site-sidebar-style":"default","ast-global-header-display":"","ast-banner-title-visibility":"","ast-main-header-display":"","ast-hfb-above-header-display":"","ast-hfb-below-header-display":"","ast-hfb-mobile-header-display":"","site-post-title":"","ast-breadcrumbs-content":"","ast-featured-img":"","footer-sml-layout":"","ast-disable-related-posts":"","theme-transparent-header-meta":"default","adv-header-id-meta":"","stick-header-meta":"default","header-above-stick-meta":"","header-main-stick-meta":"","header-below-stick-meta":"","astra-migrate-meta-layouts":"default","ast-page-background-enabled":"default","ast-page-background-meta":{"desktop":{"background-color":"var(--ast-global-color-4)","background-image":"","background-repeat":"repeat","background-position":"center center","background-size":"auto","background-attachment":"scroll","background-type":"","background-media":"","overlay-type":"","overlay-color":"","overlay-opacity":"","overlay-gradient":""},"tablet":{"background-color":"","background-image":"","background-repeat":"repeat","background-position":"center center","background-size":"auto","background-attachment":"scroll","background-type":"","background-media":"","overlay-type":"","overlay-color":"","overlay-opacity":"","overlay-gradient":""},"mobile":{"background-color":"","background-image":"","background-repeat":"repeat","background-position":"center center","background-size":"auto","background-attachment":"scroll","background-type":"","background-media":"","overlay-type":"","overlay-color":"","overlay-opacity":"","overlay-gradient":""}},"ast-content-background-meta":{"desktop":{"background-color":"var(--ast-global-color-5)","background-image":"","background-repeat":"repeat","background-position":"center center","background-size":"auto","background-attachment":"scroll","background-type":"","background-media":"","overlay-type":"","overlay-color":"","overlay-opacity":"","overlay-gradient":""},"tablet":{"background-color":"var(--ast-global-color-5)","background-image":"","background-repeat":"repeat","background-position":"center center","background-size":"auto","background-attachment":"scroll","background-type":"","background-media":"","overlay-type":"","overlay-color":"","overlay-opacity":"","overlay-gradient":""},"mobile":{"background-color":"var(--ast-global-color-5)","background-image":"","background-repeat":"repeat","background-position":"center center","background-size":"auto","background-attachment":"scroll","background-type":"","background-media":"","overlay-type":"","overlay-color":"","overlay-opacity":"","overlay-gradient":""}},"footnotes":""},"categories":[1],"tags":[],"class_list":["post-3128","post","type-post","status-publish","format-standard","has-post-thumbnail","hentry","category-blog"],"acf":[],"yoast_head":"<!-- This site is optimized with the Yoast SEO plugin v28.3 - https:\/\/yoast.com\/product\/yoast-seo-wordpress\/ -->\n<title>100 \u00e9ves a Theben - Elektro Kamleithner<\/title>\n<meta name=\"robots\" content=\"index, follow, max-snippet:-1, max-image-preview:large, max-video-preview:-1\" \/>\n<link rel=\"canonical\" href=\"https:\/\/elektro-kamleithner.hu\/en\/100-eves-a-theben\/\" \/>\n<meta property=\"og:locale\" content=\"en_GB\" \/>\n<meta property=\"og:type\" content=\"article\" \/>\n<meta property=\"og:title\" content=\"100 \u00e9ves a Theben - Elektro Kamleithner\" \/>\n<meta property=\"og:description\" content=\"A Theben a 100. \u00e9v\u00e9t \u00fcnnepli az \u00e9p\u00fcletautomatiz\u00e1l\u00e1sban Valamikor 1921-ben egy stuttgarti lak\u00f3h\u00e1z l\u00e9pcs\u0151h\u00e1z\u00e1ban el\u0151sz\u00f6r kapcsolt le automatikusan a vil\u00e1g\u00edt\u00e1s. [&hellip;]\" \/>\n<meta property=\"og:url\" content=\"https:\/\/elektro-kamleithner.hu\/en\/100-eves-a-theben\/\" \/>\n<meta property=\"og:site_name\" content=\"Elektro Kamleithner\" \/>\n<meta property=\"article:publisher\" content=\"https:\/\/www.facebook.com\/ElektroKamleithnerKft\/\" \/>\n<meta property=\"article:published_time\" content=\"2021-02-10T11:53:45+00:00\" \/>\n<meta property=\"og:image\" content=\"https:\/\/elektro-kamleithner.hu\/wp-content\/uploads\/2021\/02\/100_Years_dark_blue_4c-1.jpg\" \/>\n\t<meta property=\"og:image:width\" content=\"922\" \/>\n\t<meta property=\"og:image:height\" content=\"425\" \/>\n\t<meta property=\"og:image:type\" content=\"image\/jpeg\" \/>\n<meta name=\"author\" content=\"Balogh Zolt\u00e1n\" \/>\n<meta name=\"twitter:card\" content=\"summary_large_image\" \/>\n<meta name=\"twitter:label1\" content=\"Written by\" \/>\n\t<meta name=\"twitter:data1\" content=\"Balogh Zolt\u00e1n\" \/>\n\t<meta name=\"twitter:label2\" content=\"Estimated reading time\" \/>\n\t<meta name=\"twitter:data2\" content=\"2 minutes\" \/>\n<script type=\"application\/ld+json\" class=\"yoast-schema-graph\">{\"@context\":\"https:\\\/\\\/schema.org\",\"@graph\":[{\"@type\":\"Article\",\"@id\":\"https:\\\/\\\/elektro-kamleithner.hu\\\/100-eves-a-theben\\\/#article\",\"isPartOf\":{\"@id\":\"https:\\\/\\\/elektro-kamleithner.hu\\\/100-eves-a-theben\\\/\"},\"author\":{\"name\":\"Balogh Zolt\u00e1n\",\"@id\":\"https:\\\/\\\/elektro-kamleithner.hu\\\/#\\\/schema\\\/person\\\/6bee347fe0f99bcff222317c89ff8c51\"},\"headline\":\"100 \u00e9ves a Theben\",\"datePublished\":\"2021-02-10T11:53:45+00:00\",\"mainEntityOfPage\":{\"@id\":\"https:\\\/\\\/elektro-kamleithner.hu\\\/100-eves-a-theben\\\/\"},\"wordCount\":294,\"publisher\":{\"@id\":\"https:\\\/\\\/elektro-kamleithner.hu\\\/#organization\"},\"image\":{\"@id\":\"https:\\\/\\\/elektro-kamleithner.hu\\\/100-eves-a-theben\\\/#primaryimage\"},\"thumbnailUrl\":\"https:\\\/\\\/elektro-kamleithner.hu\\\/wp-content\\\/uploads\\\/2021\\\/02\\\/100_Years_dark_blue_4c-1.jpg\",\"articleSection\":[\"Blog\"],\"inLanguage\":\"en-GB\"},{\"@type\":\"WebPage\",\"@id\":\"https:\\\/\\\/elektro-kamleithner.hu\\\/100-eves-a-theben\\\/\",\"url\":\"https:\\\/\\\/elektro-kamleithner.hu\\\/100-eves-a-theben\\\/\",\"name\":\"100 \u00e9ves a Theben - Elektro Kamleithner\",\"isPartOf\":{\"@id\":\"https:\\\/\\\/elektro-kamleithner.hu\\\/#website\"},\"primaryImageOfPage\":{\"@id\":\"https:\\\/\\\/elektro-kamleithner.hu\\\/100-eves-a-theben\\\/#primaryimage\"},\"image\":{\"@id\":\"https:\\\/\\\/elektro-kamleithner.hu\\\/100-eves-a-theben\\\/#primaryimage\"},\"thumbnailUrl\":\"https:\\\/\\\/elektro-kamleithner.hu\\\/wp-content\\\/uploads\\\/2021\\\/02\\\/100_Years_dark_blue_4c-1.jpg\",\"datePublished\":\"2021-02-10T11:53:45+00:00\",\"breadcrumb\":{\"@id\":\"https:\\\/\\\/elektro-kamleithner.hu\\\/100-eves-a-theben\\\/#breadcrumb\"},\"inLanguage\":\"en-GB\",\"potentialAction\":[{\"@type\":\"ReadAction\",\"target\":[\"https:\\\/\\\/elektro-kamleithner.hu\\\/100-eves-a-theben\\\/\"]}]},{\"@type\":\"ImageObject\",\"inLanguage\":\"en-GB\",\"@id\":\"https:\\\/\\\/elektro-kamleithner.hu\\\/100-eves-a-theben\\\/#primaryimage\",\"url\":\"https:\\\/\\\/elektro-kamleithner.hu\\\/wp-content\\\/uploads\\\/2021\\\/02\\\/100_Years_dark_blue_4c-1.jpg\",\"contentUrl\":\"https:\\\/\\\/elektro-kamleithner.hu\\\/wp-content\\\/uploads\\\/2021\\\/02\\\/100_Years_dark_blue_4c-1.jpg\",\"width\":922,\"height\":425,\"caption\":\"100 Years gruen weiss mitLogo\"},{\"@type\":\"BreadcrumbList\",\"@id\":\"https:\\\/\\\/elektro-kamleithner.hu\\\/100-eves-a-theben\\\/#breadcrumb\",\"itemListElement\":[{\"@type\":\"ListItem\",\"position\":1,\"name\":\"Kezd\u0151lap\",\"item\":\"https:\\\/\\\/elektro-kamleithner.hu\\\/\"},{\"@type\":\"ListItem\",\"position\":2,\"name\":\"100 \u00e9ves a Theben\"}]},{\"@type\":\"WebSite\",\"@id\":\"https:\\\/\\\/elektro-kamleithner.hu\\\/#website\",\"url\":\"https:\\\/\\\/elektro-kamleithner.hu\\\/\",\"name\":\"Elektro Kamleithner\",\"description\":\"Elektro Kamleithner\",\"publisher\":{\"@id\":\"https:\\\/\\\/elektro-kamleithner.hu\\\/#organization\"},\"potentialAction\":[{\"@type\":\"SearchAction\",\"target\":{\"@type\":\"EntryPoint\",\"urlTemplate\":\"https:\\\/\\\/elektro-kamleithner.hu\\\/?s={search_term_string}\"},\"query-input\":{\"@type\":\"PropertyValueSpecification\",\"valueRequired\":true,\"valueName\":\"search_term_string\"}}],\"inLanguage\":\"en-GB\"},{\"@type\":\"Organization\",\"@id\":\"https:\\\/\\\/elektro-kamleithner.hu\\\/#organization\",\"name\":\"Elektro Kamleithner\",\"url\":\"https:\\\/\\\/elektro-kamleithner.hu\\\/\",\"logo\":{\"@type\":\"ImageObject\",\"inLanguage\":\"en-GB\",\"@id\":\"https:\\\/\\\/elektro-kamleithner.hu\\\/#\\\/schema\\\/logo\\\/image\\\/\",\"url\":\"https:\\\/\\\/elektro-kamleithner.hu\\\/wp-content\\\/uploads\\\/2024\\\/09\\\/elektro-white-001.svg\",\"contentUrl\":\"https:\\\/\\\/elektro-kamleithner.hu\\\/wp-content\\\/uploads\\\/2024\\\/09\\\/elektro-white-001.svg\",\"width\":382,\"height\":131,\"caption\":\"Elektro Kamleithner\"},\"image\":{\"@id\":\"https:\\\/\\\/elektro-kamleithner.hu\\\/#\\\/schema\\\/logo\\\/image\\\/\"},\"sameAs\":[\"https:\\\/\\\/www.facebook.com\\\/ElektroKamleithnerKft\\\/\",\"https:\\\/\\\/www.youtube.com\\\/channel\\\/UCdDdwY5NIU2nmN9MjvqnFqg\",\"https:\\\/\\\/www.instagram.com\\\/berker.hu\\\/\"]},{\"@type\":\"Person\",\"@id\":\"https:\\\/\\\/elektro-kamleithner.hu\\\/#\\\/schema\\\/person\\\/6bee347fe0f99bcff222317c89ff8c51\",\"name\":\"Balogh Zolt\u00e1n\",\"image\":{\"@type\":\"ImageObject\",\"inLanguage\":\"en-GB\",\"@id\":\"https:\\\/\\\/secure.gravatar.com\\\/avatar\\\/83c725ba6ed0c327cf067a335b7156b3cb23f8585104d5ab2cd7bc81e6b47877?s=96&d=mm&r=g\",\"url\":\"https:\\\/\\\/secure.gravatar.com\\\/avatar\\\/83c725ba6ed0c327cf067a335b7156b3cb23f8585104d5ab2cd7bc81e6b47877?s=96&d=mm&r=g\",\"contentUrl\":\"https:\\\/\\\/secure.gravatar.com\\\/avatar\\\/83c725ba6ed0c327cf067a335b7156b3cb23f8585104d5ab2cd7bc81e6b47877?s=96&d=mm&r=g\",\"caption\":\"Balogh Zolt\u00e1n\"},\"url\":\"https:\\\/\\\/elektro-kamleithner.hu\\\/en\\\/author\\\/admin\\\/\"}]}<\/script>\n<!-- \/ Yoast SEO plugin. -->","yoast_head_json":{"title":"100 \u00e9ves a Theben - Elektro Kamleithner","robots":{"index":"index","follow":"follow","max-snippet":"max-snippet:-1","max-image-preview":"max-image-preview:large","max-video-preview":"max-video-preview:-1"},"canonical":"https:\/\/elektro-kamleithner.hu\/en\/100-eves-a-theben\/","og_locale":"en_GB","og_type":"article","og_title":"100 \u00e9ves a Theben - Elektro Kamleithner","og_description":"A Theben a 100. \u00e9v\u00e9t \u00fcnnepli az \u00e9p\u00fcletautomatiz\u00e1l\u00e1sban Valamikor 1921-ben egy stuttgarti lak\u00f3h\u00e1z l\u00e9pcs\u0151h\u00e1z\u00e1ban el\u0151sz\u00f6r kapcsolt le automatikusan a vil\u00e1g\u00edt\u00e1s. [&hellip;]","og_url":"https:\/\/elektro-kamleithner.hu\/en\/100-eves-a-theben\/","og_site_name":"Elektro Kamleithner","article_publisher":"https:\/\/www.facebook.com\/ElektroKamleithnerKft\/","article_published_time":"2021-02-10T11:53:45+00:00","og_image":[{"width":922,"height":425,"url":"https:\/\/elektro-kamleithner.hu\/wp-content\/uploads\/2021\/02\/100_Years_dark_blue_4c-1.jpg","type":"image\/jpeg"}],"author":"Balogh Zolt\u00e1n","twitter_card":"summary_large_image","twitter_misc":{"Written by":"Balogh Zolt\u00e1n","Estimated reading time":"2 minutes"},"schema":{"@context":"https:\/\/schema.org","@graph":[{"@type":"Article","@id":"https:\/\/elektro-kamleithner.hu\/100-eves-a-theben\/#article","isPartOf":{"@id":"https:\/\/elektro-kamleithner.hu\/100-eves-a-theben\/"},"author":{"name":"Balogh Zolt\u00e1n","@id":"https:\/\/elektro-kamleithner.hu\/#\/schema\/person\/6bee347fe0f99bcff222317c89ff8c51"},"headline":"100 \u00e9ves a Theben","datePublished":"2021-02-10T11:53:45+00:00","mainEntityOfPage":{"@id":"https:\/\/elektro-kamleithner.hu\/100-eves-a-theben\/"},"wordCount":294,"publisher":{"@id":"https:\/\/elektro-kamleithner.hu\/#organization"},"image":{"@id":"https:\/\/elektro-kamleithner.hu\/100-eves-a-theben\/#primaryimage"},"thumbnailUrl":"https:\/\/elektro-kamleithner.hu\/wp-content\/uploads\/2021\/02\/100_Years_dark_blue_4c-1.jpg","articleSection":["Blog"],"inLanguage":"en-GB"},{"@type":"WebPage","@id":"https:\/\/elektro-kamleithner.hu\/100-eves-a-theben\/","url":"https:\/\/elektro-kamleithner.hu\/100-eves-a-theben\/","name":"100 \u00e9ves a Theben - Elektro Kamleithner","isPartOf":{"@id":"https:\/\/elektro-kamleithner.hu\/#website"},"primaryImageOfPage":{"@id":"https:\/\/elektro-kamleithner.hu\/100-eves-a-theben\/#primaryimage"},"image":{"@id":"https:\/\/elektro-kamleithner.hu\/100-eves-a-theben\/#primaryimage"},"thumbnailUrl":"https:\/\/elektro-kamleithner.hu\/wp-content\/uploads\/2021\/02\/100_Years_dark_blue_4c-1.jpg","datePublished":"2021-02-10T11:53:45+00:00","breadcrumb":{"@id":"https:\/\/elektro-kamleithner.hu\/100-eves-a-theben\/#breadcrumb"},"inLanguage":"en-GB","potentialAction":[{"@type":"ReadAction","target":["https:\/\/elektro-kamleithner.hu\/100-eves-a-theben\/"]}]},{"@type":"ImageObject","inLanguage":"en-GB","@id":"https:\/\/elektro-kamleithner.hu\/100-eves-a-theben\/#primaryimage","url":"https:\/\/elektro-kamleithner.hu\/wp-content\/uploads\/2021\/02\/100_Years_dark_blue_4c-1.jpg","contentUrl":"https:\/\/elektro-kamleithner.hu\/wp-content\/uploads\/2021\/02\/100_Years_dark_blue_4c-1.jpg","width":922,"height":425,"caption":"100 Years gruen weiss mitLogo"},{"@type":"BreadcrumbList","@id":"https:\/\/elektro-kamleithner.hu\/100-eves-a-theben\/#breadcrumb","itemListElement":[{"@type":"ListItem","position":1,"name":"Kezd\u0151lap","item":"https:\/\/elektro-kamleithner.hu\/"},{"@type":"ListItem","position":2,"name":"100 \u00e9ves a Theben"}]},{"@type":"WebSite","@id":"https:\/\/elektro-kamleithner.hu\/#website","url":"https:\/\/elektro-kamleithner.hu\/","name":"Elektro Kamleithner","description":"Elektro Kamleithner","publisher":{"@id":"https:\/\/elektro-kamleithner.hu\/#organization"},"potentialAction":[{"@type":"SearchAction","target":{"@type":"EntryPoint","urlTemplate":"https:\/\/elektro-kamleithner.hu\/?s={search_term_string}"},"query-input":{"@type":"PropertyValueSpecification","valueRequired":true,"valueName":"search_term_string"}}],"inLanguage":"en-GB"},{"@type":"Organization","@id":"https:\/\/elektro-kamleithner.hu\/#organization","name":"Elektro Kamleithner","url":"https:\/\/elektro-kamleithner.hu\/","logo":{"@type":"ImageObject","inLanguage":"en-GB","@id":"https:\/\/elektro-kamleithner.hu\/#\/schema\/logo\/image\/","url":"https:\/\/elektro-kamleithner.hu\/wp-content\/uploads\/2024\/09\/elektro-white-001.svg","contentUrl":"https:\/\/elektro-kamleithner.hu\/wp-content\/uploads\/2024\/09\/elektro-white-001.svg","width":382,"height":131,"caption":"Elektro Kamleithner"},"image":{"@id":"https:\/\/elektro-kamleithner.hu\/#\/schema\/logo\/image\/"},"sameAs":["https:\/\/www.facebook.com\/ElektroKamleithnerKft\/","https:\/\/www.youtube.com\/channel\/UCdDdwY5NIU2nmN9MjvqnFqg","https:\/\/www.instagram.com\/berker.hu\/"]},{"@type":"Person","@id":"https:\/\/elektro-kamleithner.hu\/#\/schema\/person\/6bee347fe0f99bcff222317c89ff8c51","name":"Balogh Zolt\u00e1n","image":{"@type":"ImageObject","inLanguage":"en-GB","@id":"https:\/\/secure.gravatar.com\/avatar\/83c725ba6ed0c327cf067a335b7156b3cb23f8585104d5ab2cd7bc81e6b47877?s=96&d=mm&r=g","url":"https:\/\/secure.gravatar.com\/avatar\/83c725ba6ed0c327cf067a335b7156b3cb23f8585104d5ab2cd7bc81e6b47877?s=96&d=mm&r=g","contentUrl":"https:\/\/secure.gravatar.com\/avatar\/83c725ba6ed0c327cf067a335b7156b3cb23f8585104d5ab2cd7bc81e6b47877?s=96&d=mm&r=g","caption":"Balogh Zolt\u00e1n"},"url":"https:\/\/elektro-kamleithner.hu\/en\/author\/admin\/"}]}},"_links":{"self":[{"href":"https:\/\/elektro-kamleithner.hu\/en\/wp-json\/wp\/v2\/posts\/3128","targetHints":{"allow":["GET"]}}],"collection":[{"href":"https:\/\/elektro-kamleithner.hu\/en\/wp-json\/wp\/v2\/posts"}],"about":[{"href":"https:\/\/elektro-kamleithner.hu\/en\/wp-json\/wp\/v2\/types\/post"}],"author":[{"embeddable":true,"href":"https:\/\/elektro-kamleithner.hu\/en\/wp-json\/wp\/v2\/users\/2"}],"replies":[{"embeddable":true,"href":"https:\/\/elektro-kamleithner.hu\/en\/wp-json\/wp\/v2\/comments?post=3128"}],"version-history":[{"count":0,"href":"https:\/\/elektro-kamleithner.hu\/en\/wp-json\/wp\/v2\/posts\/3128\/revisions"}],"wp:featuredmedia":[{"embeddable":true,"href":"https:\/\/elektro-kamleithner.hu\/en\/wp-json\/wp\/v2\/media\/3576"}],"wp:attachment":[{"href":"https:\/\/elektro-kamleithner.hu\/en\/wp-json\/wp\/v2\/media?parent=3128"}],"wp:term":[{"taxonomy":"category","embeddable":true,"href":"https:\/\/elektro-kamleithner.hu\/en\/wp-json\/wp\/v2\/categories?post=3128"},{"taxonomy":"post_tag","embeddable":true,"href":"https:\/\/elektro-kamleithner.hu\/en\/wp-json\/wp\/v2\/tags?post=3128"}],"curies":[{"name":"wp","href":"https:\/\/api.w.org\/{rel}","templated":true}]}}