{"id":3015,"date":"2020-12-07T09:54:59","date_gmt":"2020-12-07T08:54:59","guid":{"rendered":"https:\/\/evernox.hu\/botaniq-turai-kastely\/"},"modified":"2026-04-09T16:24:22","modified_gmt":"2026-04-09T14:24:22","slug":"botaniq-turai-kastely","status":"publish","type":"post","link":"https:\/\/elektro-kamleithner.hu\/en\/botaniq-turai-kastely\/","title":{"rendered":"Botaniq Turai Kast\u00e9ly"},"content":{"rendered":"<div data-elementor-type=\"wp-post\" data-elementor-id=\"3015\" class=\"elementor elementor-3015\" data-elementor-post-type=\"post\">\n\t\t\t\t<div class=\"elementor-element elementor-element-787563a9 e-flex e-con-boxed e-con e-parent\" data-id=\"787563a9\" data-element_type=\"container\" data-e-type=\"container\">\n\t\t\t\t\t<div class=\"e-con-inner\">\n\t\t\t\t<div class=\"elementor-element elementor-element-3ece240c elementor-widget elementor-widget-text-editor\" data-id=\"3ece240c\" data-element_type=\"widget\" data-e-type=\"widget\" data-widget_type=\"text-editor.default\">\n\t\t\t\t<div class=\"elementor-widget-container\">\n\t\t\t\t\t\t\t\t\t<h5 dir=\"\\&quot;auto\\&quot;\">A turai kast\u00e9ly fel\u00faj\u00edt\u00e1sa sor\u00e1n Magyarorsz\u00e1gon egyed\u00fcl\u00e1ll\u00f3, de Eur\u00f3p\u00e1ban is az egyik legkorszer\u0171bbnek sz\u00e1m\u00edt\u00f3 KNX \u00e9p\u00fcletautomatikai rendszert alak\u00edtottunk ki.<br \/>A nemzetk\u00f6zi KNX Sz\u00f6vets\u00e9g a projektet <strong>2022 legjobb eur\u00f3pai<\/strong> projektj\u00e9nek jel\u00f6lte <strong>Smart Building<\/strong> kateg\u00f3ri\u00e1ban.<\/h5><p><img fetchpriority=\"high\" decoding=\"async\" class=\"alignnone wp-image-9799\" title=\"264809508\" src=\"https:\/\/elektro-kamleithner.hu\/wp-content\/uploads\/2026\/04\/264809508.jpg\" alt=\"264809508\" width=\"474\" height=\"315\" srcset=\"https:\/\/elektro-kamleithner.hu\/wp-content\/uploads\/2026\/04\/264809508.jpg 1024w, https:\/\/elektro-kamleithner.hu\/wp-content\/uploads\/2026\/04\/264809508-768x512.jpg 768w, https:\/\/elektro-kamleithner.hu\/wp-content\/uploads\/2026\/04\/264809508-18x12.jpg 18w\" sizes=\"(max-width: 474px) 100vw, 474px\" \/><\/p><h3>Patin\u00e1s kast\u00e9ly, korszer\u0171 \u00e9p\u00fcletautomatika<\/h3><p>A <a href=\"\/en\/\\&quot;https:\/\/botaniqkastely.hu\/\\&quot;\/\">Botaniq Turai Kast\u00e9ly<\/a> fel\u00faj\u00edt\u00e1sa sor\u00e1n c\u00e9g\u00fcnk, az Elektro-Kamleithner Kft. v\u00e9gezte a megtervezett KNX \u00e9p\u00fcletautomatikai rendszer sz\u00e1ll\u00edt\u00e1s\u00e1t, programoz\u00e1s\u00e1t \u00e9s az egyedi bronz vez\u00e9rl\u0151k gy\u00e1rt\u00e1s\u00e1t. A nemzetk\u00f6zi szabv\u00e1nyon alapul\u00f3 <a href=\"\/en\/\\&quot;\/knx-rendszer\/\\&quot;\/\">KNX rendszer (MSZ EN 500090)<\/a> rugalmass\u00e1g\u00e1nak k\u00f6sz\u00f6nhet\u0151en kiv\u00e1l\u00f3an alkalmas sz\u00e1llod\u00e1k, hotelek intelligens vez\u00e9rl\u00e9s\u00e9nek kialak\u00edt\u00e1s\u00e1ra. A csal\u00e1di h\u00e1zakt\u00f3l a t\u00f6bb t\u00edzezer n\u00e9gyzetm\u00e9teres komplex \u00e9p\u00fcletekig (t\u00e1rsash\u00e1zak, lak\u00f3parkok, irodah\u00e1zak, oktat\u00e1si-, k\u00f6zint\u00e9zm\u00e9nyek, ipari csarnokok, bev\u00e1s\u00e1rl\u00f3k\u00f6zpontok, repterek, stb.), minden \u00e9p\u00fclett\u00edpushoz megfelel\u0151 megold\u00e1st jelent.<\/p><p><img decoding=\"async\" class=\"alignnone  wp-image-9801\" title=\"turai1\" src=\"https:\/\/elektro-kamleithner.hu\/wp-content\/uploads\/2026\/04\/turai1.jpg\" alt=\"turai1\" width=\"696\" height=\"466\" \/> <img decoding=\"async\" class=\"alignnone size-full wp-image-9802\" title=\"botaniq tura\" src=\"https:\/\/elektro-kamleithner.hu\/wp-content\/uploads\/2026\/04\/botaniq_tura.jpg\" alt=\"botaniq tura\" width=\"315\" height=\"472\" srcset=\"https:\/\/elektro-kamleithner.hu\/wp-content\/uploads\/2026\/04\/botaniq_tura.jpg 315w, https:\/\/elektro-kamleithner.hu\/wp-content\/uploads\/2026\/04\/botaniq_tura-8x12.jpg 8w\" sizes=\"(max-width: 315px) 100vw, 315px\" \/><\/p><p>Feladatunk a Botaniq Turai Kast\u00e9ly teljes vil\u00e1g\u00edt\u00e1s- \u00e9s f\u0171t\u00e9svez\u00e9rl\u00e9s\u00e9nek kialak\u00edt\u00e1sa volt. A fel\u00faj\u00edt\u00e1st k\u00f6vet\u0151en Magyarorsz\u00e1gon egyed\u00fcl\u00e1ll\u00f3, de K\u00f6z\u00e9p-Eur\u00f3p\u00e1ban is az egyik legmodernebbnek sz\u00e1m\u00edt\u00f3 \u00e9p\u00fcletvillamoss\u00e1gi \u00e9s g\u00e9p\u00e9szeti rendszer ker\u00fclt kialak\u00edt\u00e1sra, a legkorszer\u0171bb megold\u00e1sokkal. Fontos szempont volt a hat\u00e9kony energiagazd\u00e1lkod\u00e1st \u00e9s a kiemelt vend\u00e9g\u00e9lm\u00e9nyt \u00f6tv\u00f6zn\u00fcnk. Ennek megval\u00f3s\u00edt\u00e1s\u00e1ra ker\u00fclt kialak\u00edt\u00e1sra a szobafoglalts\u00e1g detekt\u00e1l\u00e1s, PMS hotelszoftver integr\u00e1ci\u00f3, h\u0171t\u00e9s\/f\u0171t\u00e9s vez\u00e9rl\u00e9s is. A KNX rendszer k\u00fcl\u00f6nlegess\u00e9ge, hogy ezek a funkci\u00f3k egy komplex, szabv\u00e1nyos \u00e9p\u00fcletfel\u00fcgyeleti rendszerben kezelhet\u0151ek, egyszer\u0171bb, energiahat\u00e9konyabb m\u00f3don.<\/p><p>A hat\u00e9kony energia menedzsment \u00e9s a maxim\u00e1lis vend\u00e9g\u00e9lm\u00e9ny nem j\u00e1rnak mindig k\u00e9z a k\u00e9zben, m\u00e9gis ennek a k\u00e9t fontos ter\u00fcletnek az \u00f6tv\u00f6z\u00e9s\u00e9re siker\u00fclt megfelel\u0151 megold\u00e1sokat tal\u00e1lnunk.<\/p><h3>Foglalts\u00e1g \u00e9rz\u00e9kel\u00e9s<\/h3><p>Foglalts\u00e1g \u00e9rz\u00e9kel\u00e9s a hotel \u00fczemeltet\u00e9s \u00e9rdeke, olyan energiamegtakar\u00edt\u00e1s, mely az \u00fczemeltet\u00e9st t\u00e1mogatja. Sok fejt\u00f6r\u00e9st okoz a sz\u00e1llod\u00e1kban, hogy a bej\u00e1rati k\u00e1tyatart\u00f3kban hagyott szobak\u00e1rty\u00e1k miatt nem lehet pontosan meghat\u00e1rozni, hogy tart\u00f3zkodik-e valaki a szob\u00e1ban. Erre jelentenek megold\u00e1st az intelligens foglalts\u00e1g \u00e9rz\u00e9kel\u0151k, amelyek <a href=\"\/en\/\\&quot;\/jelenleterzekelok\/\\&quot;\/\">jelenl\u00e9t\u00e9rz\u00e9kel\u0151k<\/a> \u00e9s nyit\u00e1s\u00e9rz\u00e9kel\u0151k egy\u00fcttes haszn\u00e1lat\u00e1val, valamint egy\u00e9b param\u00e9terek figyelembev\u00e9tel\u00e9vel egy speci\u00e1lis algoritmus alapj\u00e1n meghat\u00e1rozza, hogy \u00fcres vagy foglalt a szoba \u00e9s ez alapj\u00e1n \u00e1ll\u00edtj\u00e1k be a vil\u00e1g\u00edt\u00e1st \u00e9s a h\u0151m\u00e9rs\u00e9kletet.<\/p><h3>Intelligens h\u0171t\u00e9s- \u00e9s f\u0171t\u00e9svez\u00e9rl\u00e9s<\/h3><p>Az intelligens h\u0171t\u00e9s- \u00e9s f\u0171t\u00e9svez\u00e9rl\u00e9s a vend\u00e9gszob\u00e1kban, lakoszt\u00e1lyokban hivatott megoldani az energiahat\u00e9konys\u00e1g k\u00e9rd\u00e9s\u00e9t. T\u00f6bbek k\u00f6z\u00f6tt az ablaknyit\u00e1s figyel\u0151 rendszerrel, amely stand by, azaz cs\u00f6kkentett \u00fczembe teszi a rendszert, ha a vend\u00e9g kinyitotta az ablakot, \u00edgy akad\u00e1lyozva meg a pazarl\u00e1st. Amikor senki sem tart\u00f3zkodik a szob\u00e1j\u00e1ban, lakoszt\u00e1lyban, akkor szint\u00e9n a cs\u00f6kkentett \u00fczemm\u00f3d l\u00e9p \u00e9letbe.<\/p><p>\u00c9vszaknak, id\u0151j\u00e1r\u00e1snak megfelel\u0151, illetve vend\u00e9gsz\u00e1m szerinti automatikus vez\u00e9rl\u00e9si be\u00e1ll\u00edt\u00e1sokra is van m\u00f3d, de persze mindig van lehet\u0151s\u00e9g a beavatkoz\u00e1sra, \u00e1tkalibr\u00e1l\u00e1sra. Megoldhat\u00f3 p\u00e9ld\u00e1ul a vend\u00e9gsz\u00e1m alapj\u00e1n kalkul\u00e1lt sz\u00fcks\u00e9ges melegv\u00edz mennyis\u00e9g el\u0151\u00e1ll\u00edt\u00e1sa.<\/p><p><img loading=\"lazy\" decoding=\"async\" class=\"alignnone  wp-image-9807\" title=\"turai2\" src=\"https:\/\/elektro-kamleithner.hu\/wp-content\/uploads\/2026\/04\/turai2.jpg\" alt=\"turai2\" width=\"525\" height=\"349\" srcset=\"https:\/\/elektro-kamleithner.hu\/wp-content\/uploads\/2026\/04\/turai2.jpg 1890w, https:\/\/elektro-kamleithner.hu\/wp-content\/uploads\/2026\/04\/turai2-768x512.jpg 768w, https:\/\/elektro-kamleithner.hu\/wp-content\/uploads\/2026\/04\/turai2-1536x1024.jpg 1536w, https:\/\/elektro-kamleithner.hu\/wp-content\/uploads\/2026\/04\/turai2-18x12.jpg 18w\" sizes=\"(max-width: 525px) 100vw, 525px\" \/><\/p><p>A k\u00f6z\u00f6ss\u00e9gi terek \u00e9s a szob\u00e1k g\u00e9p\u00e9szeti vez\u00e9rl\u00e9s\u00e9t automatikusan detekt\u00e1lja a rendszer \u00e9s kik\u00fcsz\u00f6b\u00f6li a felmer\u00fcl\u0151 hib\u00e1kat. Ebben seg\u00edt, hogy minden k\u00f6rre ikerszivatty\u00fak ker\u00fcltek, \u00edgy nem fordulhat el\u0151, hogy ak\u00e1r egy pillanatra is f\u0171t\u00e9s vagy melegv\u00edz n\u00e9lk\u00fcl maradjanak a vend\u00e9gek. A rendszert t\u00e1volr\u00f3l is el\u00e9rj\u00fck, \u00edgy azonnali beavatkoz\u00e1sra is van m\u00f3d hiba eset\u00e9n.<\/p><h3>Vil\u00e1g\u00edt\u00e1si k\u00e9pek<\/h3><p>K\u00fcl\u00f6nb\u00f6z\u0151 vil\u00e1g\u00edt\u00e1si k\u00e9peket, szcen\u00e1ri\u00f3kat alak\u00edtottunk ki a vend\u00e9g\u00e9lm\u00e9ny fokoz\u00e1s\u00e1nak \u00e9rdek\u00e9ben, 3 f\u00e9le dimmel\u00e9si elj\u00e1r\u00e1st kombin\u00e1lva.<\/p><p>A <a href=\"\/en\/\\&quot;\/dali-vilagitasvezerles\/\\&quot;\/\">vil\u00e1g\u00edt\u00e1svez\u00e9rl\u00e9snek<\/a> k\u00f6sz\u00f6nhet\u0151en minden \u00e1gyt\u00e1mla mell\u00e9 ker\u00fclt egy olyan kapcsol\u00f3, ami a helyis\u00e9g \u00f6sszes l\u00e1mp\u00e1t lekapcsolja. \u00cdgy, ha valamelyik l\u00e1mpa lefekv\u00e9st k\u00f6vet\u0151en felkapcsolva maradt, ahhoz sem sz\u00fcks\u00e9ges felkeln\u00fcnk. Ezt automatika n\u00e9lk\u00fcl, hagyom\u00e1nyos villanyszerel\u00e9si technik\u00e1val ilyen m\u00f3don nem lehet kivitelezni.<\/p><h3>Egyedi Berker kezel\u0151fel\u00fcletek<\/h3><p>Az \u00e9p\u00fclet jelleg\u00e9b\u0151l ad\u00f3d\u00f3 k\u00fcl\u00f6nleges bels\u0151\u00e9p\u00edt\u00e9szeti design megk\u00f6vetelte, hogy a szob\u00e1kban tal\u00e1lhat\u00f3 kezel\u0151fel\u00fcletek illeszkedjenek a kast\u00e9ly st\u00edlus\u00e1hoz, de ugyanakkor intelligens vez\u00e9rl\u00e9sre legyenek k\u00e9pesek. Kiemelt hangs\u00falyt fektettek arra, hogy a be\u00e9p\u00edtett eszk\u00f6z\u00f6k megjelen\u00e9sben \u00e9s anyagban is passzoljanak a bels\u0151 terekhez, min\u0151s\u00e9gi \u00e9lm\u00e9nyt adva.<\/p><p><img loading=\"lazy\" decoding=\"async\" class=\"alignnone  wp-image-9803\" title=\"egyedi desing\" src=\"https:\/\/elektro-kamleithner.hu\/wp-content\/uploads\/2026\/04\/egyedi-desing.jpg\" alt=\"egyedi desing\" width=\"326\" height=\"422\" srcset=\"https:\/\/elektro-kamleithner.hu\/wp-content\/uploads\/2026\/04\/egyedi-desing.jpg 1853w, https:\/\/elektro-kamleithner.hu\/wp-content\/uploads\/2026\/04\/egyedi-desing-768x994.jpg 768w, https:\/\/elektro-kamleithner.hu\/wp-content\/uploads\/2026\/04\/egyedi-desing-1187x1536.jpg 1187w, https:\/\/elektro-kamleithner.hu\/wp-content\/uploads\/2026\/04\/egyedi-desing-1583x2048.jpg 1583w, https:\/\/elektro-kamleithner.hu\/wp-content\/uploads\/2026\/04\/egyedi-desing-9x12.jpg 9w\" sizes=\"(max-width: 326px) 100vw, 326px\" \/> <img loading=\"lazy\" decoding=\"async\" class=\"alignnone  wp-image-9804\" title=\"Berker BIQ 3gang burnished brass\" src=\"https:\/\/elektro-kamleithner.hu\/wp-content\/uploads\/2026\/04\/Berker_BIQ_3gang_burnished_brass-scaled.jpg\" alt=\"Berker BIQ 3gang burnished brass\" width=\"667\" height=\"417\" srcset=\"https:\/\/elektro-kamleithner.hu\/wp-content\/uploads\/2026\/04\/Berker_BIQ_3gang_burnished_brass-scaled.jpg 2560w, https:\/\/elektro-kamleithner.hu\/wp-content\/uploads\/2026\/04\/Berker_BIQ_3gang_burnished_brass-768x480.jpg 768w, https:\/\/elektro-kamleithner.hu\/wp-content\/uploads\/2026\/04\/Berker_BIQ_3gang_burnished_brass-1536x960.jpg 1536w, https:\/\/elektro-kamleithner.hu\/wp-content\/uploads\/2026\/04\/Berker_BIQ_3gang_burnished_brass-2048x1280.jpg 2048w, https:\/\/elektro-kamleithner.hu\/wp-content\/uploads\/2026\/04\/Berker_BIQ_3gang_burnished_brass-18x12.jpg 18w\" sizes=\"(max-width: 667px) 100vw, 667px\" \/><br \/><br \/><\/p><p>A v\u00e1laszt\u00e1s a c\u00e9g\u00fcnk \u00e1ltal forgalmazott <a href=\"\/en\/\\&quot;https:\/\/berker.hu\/\\&quot;\/\">Berker<\/a> m\u00e1rka kezel\u0151fel\u00fclet\u00e9re esett, mely egyszerre biztos\u00edtotta a patin\u00e1s megjelen\u00e9st a 21. sz\u00e1zadi technol\u00f3gi\u00e1val. A kezel\u0151fel\u00fcleteket kiz\u00e1r\u00f3lag a kast\u00e9ly sz\u00e1m\u00e1ra gy\u00e1rtottuk le bronzb\u00f3l, annak \u00e9rdek\u00e9ben, hogy harmoniz\u00e1ljon a szob\u00e1k bronz kieg\u00e9sz\u00edt\u0151ivel \u00e9s d\u00edsz\u00edt\u0151elemeivel. A Berker manufakt\u00far\u00e1ban k\u00e9sz\u00fcl\u0151 kapcsol\u00f3i \u00e9s \u00e9rz\u00e9kel\u0151i t\u00f6k\u00e9letesen alkalmasak az egyedi ig\u00e9nyek megval\u00f3s\u00edt\u00e1s\u00e1ra. A min\u0151s\u00e9gi megjelen\u00e9sen dolgoz\u00f3 bels\u0151\u00e9p\u00edt\u00e9szek nagy \u00f6r\u00f6m\u00e9re az egyedi anyagfelhaszn\u00e1l\u00e1snak szinte nincsenek korl\u00e1tjai: egyedi megjelen\u00e9s, egyedi anyagok, egyedi log\u00f3k. Textil, k\u0151, fa, b\u0151r, vagy ak\u00e1r Swarovski krist\u00e1ly villanykapcsol\u00f3 keretek is elk\u00e9pzelhet\u0151k. Ugyan\u00edgy arany, nikkel, s\u00e1rgar\u00e9z, v\u00f6r\u00f6sr\u00e9z vagy pall\u00e1dium \u00f6tv\u00f6zetek haszn\u00e1lat\u00e1ra is van lehet\u0151s\u00e9g.<\/p><p>A projekt k\u00fcl\u00f6nlegess\u00e9g\u00e9t az adta, hogy rengeteg funkci\u00f3t kellett z\u00f6kken\u0151mentesen egy rendszerbe illeszteni, melyek \u00f6sszehangol\u00e1s\u00e1val egy igaz\u00e1n modern \u00e9s korszer\u0171 \u00e9p\u00fcletautomatikai megold\u00e1s sz\u00fcletett.<\/p><p><a href=\"\\&quot;https:\/\/elektro-kamleithner.hu\/wp-content\/uploads\/2026\/01\/e-villamos-6.-jpg.jpgwp-content\/uploads\/2025\/12\/12-_DSC7322-scaled-1.jpgwp-content\/uploads\/2025\/11\/Nevtelen-terv-7.jpgwp-content\/uploads\/2021\/03\/turai-kastely-3.jpg\\&quot;\" data-elementor-open-lightbox=\"\\&quot;yes\\&quot;\" data-elementor-lightbox-slideshow=\"\\&quot;all-005a54f\\&quot;\" data-elementor-lightbox-title=\"\\&quot;turai-kastely-3\\&quot;\"><br \/><\/a><br \/><a href=\"\\&quot;https:\/\/elektro-kamleithner.hu\/wp-content\/uploads\/2026\/01\/e-villamos-6.-jpg.jpgwp-content\/uploads\/2025\/12\/12-_DSC7322-scaled-1.jpgwp-content\/uploads\/2025\/11\/Nevtelen-terv-7.jpgwp-content\/uploads\/2021\/03\/turai-kastely-2.jpg\\&quot;\" data-elementor-open-lightbox=\"\\&quot;yes\\&quot;\" data-elementor-lightbox-slideshow=\"\\&quot;all-005a54f\\&quot;\" data-elementor-lightbox-title=\"\\&quot;turai-kastely-2\\&quot;\"><br \/><\/a><br \/><a href=\"\\&quot;https:\/\/elektro-kamleithner.hu\/wp-content\/uploads\/2026\/01\/e-villamos-6.-jpg.jpgwp-content\/uploads\/2025\/12\/12-_DSC7322-scaled-1.jpgwp-content\/uploads\/2025\/11\/Nevtelen-terv-7.jpgwp-content\/uploads\/2021\/03\/turai-kastely-1.jpg\\&quot;\" data-elementor-open-lightbox=\"\\&quot;yes\\&quot;\" data-elementor-lightbox-slideshow=\"\\&quot;all-005a54f\\&quot;\" data-elementor-lightbox-title=\"\\&quot;turai-kastely-1\\&quot;\"><br \/><\/a><br \/><a href=\"\\&quot;https:\/\/elektro-kamleithner.hu\/wp-content\/uploads\/2026\/01\/e-villamos-6.-jpg.jpgwp-content\/uploads\/2025\/12\/12-_DSC7322-scaled-1.jpgwp-content\/uploads\/2025\/11\/Nevtelen-terv-7.jpgwp-content\/uploads\/2021\/03\/turai-kastely-4.jpg\\&quot;\" data-elementor-open-lightbox=\"\\&quot;yes\\&quot;\" data-elementor-lightbox-slideshow=\"\\&quot;all-005a54f\\&quot;\" data-elementor-lightbox-title=\"\\&quot;turai-kastely-4\\&quot;\"><br \/><\/a><br \/><a href=\"\\&quot;https:\/\/elektro-kamleithner.hu\/wp-content\/uploads\/2026\/01\/e-villamos-6.-jpg.jpgwp-content\/uploads\/2025\/12\/12-_DSC7322-scaled-1.jpgwp-content\/uploads\/2025\/11\/Nevtelen-terv-7.jpgwp-content\/uploads\/2021\/03\/turai-kastely-15.jpg\\&quot;\" data-elementor-open-lightbox=\"\\&quot;yes\\&quot;\" data-elementor-lightbox-slideshow=\"\\&quot;all-005a54f\\&quot;\" data-elementor-lightbox-title=\"\\&quot;turai-kastely-15\\&quot;\"><br \/><\/a><br \/><a href=\"\\&quot;https:\/\/elektro-kamleithner.hu\/wp-content\/uploads\/2026\/01\/e-villamos-6.-jpg.jpgwp-content\/uploads\/2025\/12\/12-_DSC7322-scaled-1.jpgwp-content\/uploads\/2025\/11\/Nevtelen-terv-7.jpgwp-content\/uploads\/2021\/03\/turai-kastely-5.jpg\\&quot;\" data-elementor-open-lightbox=\"\\&quot;yes\\&quot;\" data-elementor-lightbox-slideshow=\"\\&quot;all-005a54f\\&quot;\" data-elementor-lightbox-title=\"\\&quot;turai-kastely-5\\&quot;\"><br \/><\/a><br \/><a href=\"\\&quot;https:\/\/elektro-kamleithner.hu\/wp-content\/uploads\/2026\/01\/e-villamos-6.-jpg.jpgwp-content\/uploads\/2025\/12\/12-_DSC7322-scaled-1.jpgwp-content\/uploads\/2025\/11\/Nevtelen-terv-7.jpgwp-content\/uploads\/2021\/03\/turai-kastely-6.jpg\\&quot;\" data-elementor-open-lightbox=\"\\&quot;yes\\&quot;\" data-elementor-lightbox-slideshow=\"\\&quot;all-005a54f\\&quot;\" data-elementor-lightbox-title=\"\\&quot;turai-kastely-6\\&quot;\"><br \/><\/a><br \/><a href=\"\\&quot;https:\/\/elektro-kamleithner.hu\/wp-content\/uploads\/2026\/01\/e-villamos-6.-jpg.jpgwp-content\/uploads\/2025\/12\/12-_DSC7322-scaled-1.jpgwp-content\/uploads\/2025\/11\/Nevtelen-terv-7.jpgwp-content\/uploads\/2021\/03\/turai-kastely-7.jpg\\&quot;\" data-elementor-open-lightbox=\"\\&quot;yes\\&quot;\" data-elementor-lightbox-slideshow=\"\\&quot;all-005a54f\\&quot;\" data-elementor-lightbox-title=\"\\&quot;turai-kastely-7\\&quot;\"><br \/><\/a><br \/><a href=\"\\&quot;https:\/\/elektro-kamleithner.hu\/wp-content\/uploads\/2026\/01\/e-villamos-6.-jpg.jpgwp-content\/uploads\/2025\/12\/12-_DSC7322-scaled-1.jpgwp-content\/uploads\/2025\/11\/Nevtelen-terv-7.jpgwp-content\/uploads\/2021\/03\/turai-kastely-10.jpg\\&quot;\" data-elementor-open-lightbox=\"\\&quot;yes\\&quot;\" data-elementor-lightbox-slideshow=\"\\&quot;all-005a54f\\&quot;\" data-elementor-lightbox-title=\"\\&quot;turai-kastely-10\\&quot;\"><br \/><\/a><br \/><a href=\"\\&quot;https:\/\/elektro-kamleithner.hu\/wp-content\/uploads\/2026\/01\/e-villamos-6.-jpg.jpgwp-content\/uploads\/2025\/12\/12-_DSC7322-scaled-1.jpgwp-content\/uploads\/2025\/11\/Nevtelen-terv-7.jpgwp-content\/uploads\/2021\/03\/turai-kastely-9.jpg\\&quot;\" data-elementor-open-lightbox=\"\\&quot;yes\\&quot;\" data-elementor-lightbox-slideshow=\"\\&quot;all-005a54f\\&quot;\" data-elementor-lightbox-title=\"\\&quot;turai-kastely-9\\&quot;\"><br \/><\/a><br \/><a href=\"\\&quot;https:\/\/elektro-kamleithner.hu\/wp-content\/uploads\/2026\/01\/e-villamos-6.-jpg.jpgwp-content\/uploads\/2025\/12\/12-_DSC7322-scaled-1.jpgwp-content\/uploads\/2025\/11\/Nevtelen-terv-7.jpgwp-content\/uploads\/2021\/03\/turai-kastely-12.jpg\\&quot;\" data-elementor-open-lightbox=\"\\&quot;yes\\&quot;\" data-elementor-lightbox-slideshow=\"\\&quot;all-005a54f\\&quot;\" data-elementor-lightbox-title=\"\\&quot;turai-kastely-12\\&quot;\"><br \/><\/a><br \/><a href=\"\\&quot;https:\/\/elektro-kamleithner.hu\/wp-content\/uploads\/2026\/01\/e-villamos-6.-jpg.jpgwp-content\/uploads\/2025\/12\/12-_DSC7322-scaled-1.jpgwp-content\/uploads\/2025\/11\/Nevtelen-terv-7.jpgwp-content\/uploads\/2021\/03\/turai-kastely-13.jpg\\&quot;\" data-elementor-open-lightbox=\"\\&quot;yes\\&quot;\" data-elementor-lightbox-slideshow=\"\\&quot;all-005a54f\\&quot;\" data-elementor-lightbox-title=\"\\&quot;turai-kastely-13\\&quot;\"><br \/><\/a><\/p>\t\t\t\t\t\t\t\t<\/div>\n\t\t\t\t<\/div>\n\t\t\t\t\t<\/div>\n\t\t\t\t<\/div>\n\t\t\t\t<\/div>","protected":false},"excerpt":{"rendered":"<p>A turai kast\u00e9ly fel\u00faj\u00edt\u00e1sa sor\u00e1n Magyarorsz\u00e1gon egyed\u00fcl\u00e1ll\u00f3, de Eur\u00f3p\u00e1ban is az egyik legkorszer\u0171bbnek sz\u00e1m\u00edt\u00f3 KNX \u00e9p\u00fcletautomatikai rendszert alak\u00edtottunk ki.A nemzetk\u00f6zi [&hellip;]<\/p>\n","protected":false},"author":2,"featured_media":9740,"comment_status":"closed","ping_status":"open","sticky":false,"template":"","format":"standard","meta":{"_acf_changed":false,"site-sidebar-layout":"default","site-content-layout":"default","ast-site-content-layout":"default","site-content-style":"default","site-sidebar-style":"default","ast-global-header-display":"","ast-banner-title-visibility":"","ast-main-header-display":"","ast-hfb-above-header-display":"","ast-hfb-below-header-display":"","ast-hfb-mobile-header-display":"","site-post-title":"","ast-breadcrumbs-content":"","ast-featured-img":"","footer-sml-layout":"","ast-disable-related-posts":"","theme-transparent-header-meta":"default","adv-header-id-meta":"","stick-header-meta":"default","header-above-stick-meta":"","header-main-stick-meta":"","header-below-stick-meta":"","astra-migrate-meta-layouts":"set","ast-page-background-enabled":"default","ast-page-background-meta":{"desktop":{"background-color":"var(--ast-global-color-4)","background-image":"","background-repeat":"repeat","background-position":"center center","background-size":"auto","background-attachment":"scroll","background-type":"","background-media":"","overlay-type":"","overlay-color":"","overlay-opacity":"","overlay-gradient":""},"tablet":{"background-color":"","background-image":"","background-repeat":"repeat","background-position":"center center","background-size":"auto","background-attachment":"scroll","background-type":"","background-media":"","overlay-type":"","overlay-color":"","overlay-opacity":"","overlay-gradient":""},"mobile":{"background-color":"","background-image":"","background-repeat":"repeat","background-position":"center center","background-size":"auto","background-attachment":"scroll","background-type":"","background-media":"","overlay-type":"","overlay-color":"","overlay-opacity":"","overlay-gradient":""}},"ast-content-background-meta":{"desktop":{"background-color":"var(--ast-global-color-5)","background-image":"","background-repeat":"repeat","background-position":"center center","background-size":"auto","background-attachment":"scroll","background-type":"","background-media":"","overlay-type":"","overlay-color":"","overlay-opacity":"","overlay-gradient":""},"tablet":{"background-color":"var(--ast-global-color-5)","background-image":"","background-repeat":"repeat","background-position":"center center","background-size":"auto","background-attachment":"scroll","background-type":"","background-media":"","overlay-type":"","overlay-color":"","overlay-opacity":"","overlay-gradient":""},"mobile":{"background-color":"var(--ast-global-color-5)","background-image":"","background-repeat":"repeat","background-position":"center center","background-size":"auto","background-attachment":"scroll","background-type":"","background-media":"","overlay-type":"","overlay-color":"","overlay-opacity":"","overlay-gradient":""}},"footnotes":""},"categories":[1,62,60],"tags":[],"class_list":["post-3015","post","type-post","status-publish","format-standard","has-post-thumbnail","hentry","category-blog","category-esettanulmany","category-referenciaink"],"acf":[],"yoast_head":"<!-- This site is optimized with the Yoast SEO plugin v28.3 - https:\/\/yoast.com\/product\/yoast-seo-wordpress\/ -->\n<title>Botaniq Turai Kast\u00e9ly - \u00e9p\u00fcletautomatika - Elektro Kamleithner<\/title>\n<meta name=\"description\" content=\"Feladatunk a Botaniq Turai Kast\u00e9ly fel\u00faj\u00edt\u00e1s\u00e1n\u00e1l a megtervezett KNX \u00e9p\u00fcletautomatika programoz\u00e1sa \u00e9s egyedi vez\u00e9rl\u0151k gy\u00e1rt\u00e1sa volt.\" \/>\n<meta name=\"robots\" content=\"index, follow, max-snippet:-1, max-image-preview:large, max-video-preview:-1\" \/>\n<link rel=\"canonical\" href=\"https:\/\/elektro-kamleithner.hu\/en\/botaniq-turai-kastely\/\" \/>\n<meta property=\"og:locale\" content=\"en_GB\" \/>\n<meta property=\"og:type\" content=\"article\" \/>\n<meta property=\"og:title\" content=\"Botaniq Turai Kast\u00e9ly - \u00e9p\u00fcletautomatika - Elektro Kamleithner\" \/>\n<meta property=\"og:description\" content=\"Feladatunk a Botaniq Turai Kast\u00e9ly fel\u00faj\u00edt\u00e1s\u00e1n\u00e1l a megtervezett KNX \u00e9p\u00fcletautomatika programoz\u00e1sa \u00e9s egyedi vez\u00e9rl\u0151k gy\u00e1rt\u00e1sa volt.\" \/>\n<meta property=\"og:url\" content=\"https:\/\/elektro-kamleithner.hu\/en\/botaniq-turai-kastely\/\" \/>\n<meta property=\"og:site_name\" content=\"Elektro Kamleithner\" \/>\n<meta property=\"article:publisher\" content=\"https:\/\/www.facebook.com\/ElektroKamleithnerKft\/\" \/>\n<meta property=\"article:published_time\" content=\"2020-12-07T08:54:59+00:00\" \/>\n<meta property=\"article:modified_time\" content=\"2026-04-09T14:24:22+00:00\" \/>\n<meta property=\"og:image\" content=\"https:\/\/elektro-kamleithner.hu\/wp-content\/uploads\/2020\/12\/botaniq-1200-x-628.jpg\" \/>\n\t<meta property=\"og:image:width\" content=\"1200\" \/>\n\t<meta property=\"og:image:height\" content=\"628\" \/>\n\t<meta property=\"og:image:type\" content=\"image\/jpeg\" \/>\n<meta name=\"author\" content=\"Balogh Zolt\u00e1n\" \/>\n<meta name=\"twitter:card\" content=\"summary_large_image\" \/>\n<meta name=\"twitter:label1\" content=\"Written by\" \/>\n\t<meta name=\"twitter:data1\" content=\"Balogh Zolt\u00e1n\" \/>\n\t<meta name=\"twitter:label2\" content=\"Estimated reading time\" \/>\n\t<meta name=\"twitter:data2\" content=\"5 minutes\" \/>\n<script type=\"application\/ld+json\" class=\"yoast-schema-graph\">{\"@context\":\"https:\\\/\\\/schema.org\",\"@graph\":[{\"@type\":\"Article\",\"@id\":\"https:\\\/\\\/elektro-kamleithner.hu\\\/botaniq-turai-kastely\\\/#article\",\"isPartOf\":{\"@id\":\"https:\\\/\\\/elektro-kamleithner.hu\\\/botaniq-turai-kastely\\\/\"},\"author\":{\"name\":\"Balogh Zolt\u00e1n\",\"@id\":\"https:\\\/\\\/elektro-kamleithner.hu\\\/#\\\/schema\\\/person\\\/6bee347fe0f99bcff222317c89ff8c51\"},\"headline\":\"Botaniq Turai Kast\u00e9ly\",\"datePublished\":\"2020-12-07T08:54:59+00:00\",\"dateModified\":\"2026-04-09T14:24:22+00:00\",\"mainEntityOfPage\":{\"@id\":\"https:\\\/\\\/elektro-kamleithner.hu\\\/botaniq-turai-kastely\\\/\"},\"wordCount\":1131,\"publisher\":{\"@id\":\"https:\\\/\\\/elektro-kamleithner.hu\\\/#organization\"},\"image\":{\"@id\":\"https:\\\/\\\/elektro-kamleithner.hu\\\/botaniq-turai-kastely\\\/#primaryimage\"},\"thumbnailUrl\":\"https:\\\/\\\/elektro-kamleithner.hu\\\/wp-content\\\/uploads\\\/2020\\\/12\\\/botaniq-1200-x-628.jpg\",\"articleSection\":[\"Blog\",\"Esettanulm\u00e1ny\",\"Referenci\u00e1ink\"],\"inLanguage\":\"en-GB\"},{\"@type\":\"WebPage\",\"@id\":\"https:\\\/\\\/elektro-kamleithner.hu\\\/botaniq-turai-kastely\\\/\",\"url\":\"https:\\\/\\\/elektro-kamleithner.hu\\\/botaniq-turai-kastely\\\/\",\"name\":\"Botaniq Turai Kast\u00e9ly - \u00e9p\u00fcletautomatika - Elektro Kamleithner\",\"isPartOf\":{\"@id\":\"https:\\\/\\\/elektro-kamleithner.hu\\\/#website\"},\"primaryImageOfPage\":{\"@id\":\"https:\\\/\\\/elektro-kamleithner.hu\\\/botaniq-turai-kastely\\\/#primaryimage\"},\"image\":{\"@id\":\"https:\\\/\\\/elektro-kamleithner.hu\\\/botaniq-turai-kastely\\\/#primaryimage\"},\"thumbnailUrl\":\"https:\\\/\\\/elektro-kamleithner.hu\\\/wp-content\\\/uploads\\\/2020\\\/12\\\/botaniq-1200-x-628.jpg\",\"datePublished\":\"2020-12-07T08:54:59+00:00\",\"dateModified\":\"2026-04-09T14:24:22+00:00\",\"description\":\"Feladatunk a Botaniq Turai Kast\u00e9ly fel\u00faj\u00edt\u00e1s\u00e1n\u00e1l a megtervezett KNX \u00e9p\u00fcletautomatika programoz\u00e1sa \u00e9s egyedi vez\u00e9rl\u0151k gy\u00e1rt\u00e1sa volt.\",\"breadcrumb\":{\"@id\":\"https:\\\/\\\/elektro-kamleithner.hu\\\/botaniq-turai-kastely\\\/#breadcrumb\"},\"inLanguage\":\"en-GB\",\"potentialAction\":[{\"@type\":\"ReadAction\",\"target\":[\"https:\\\/\\\/elektro-kamleithner.hu\\\/botaniq-turai-kastely\\\/\"]}]},{\"@type\":\"ImageObject\",\"inLanguage\":\"en-GB\",\"@id\":\"https:\\\/\\\/elektro-kamleithner.hu\\\/botaniq-turai-kastely\\\/#primaryimage\",\"url\":\"https:\\\/\\\/elektro-kamleithner.hu\\\/wp-content\\\/uploads\\\/2020\\\/12\\\/botaniq-1200-x-628.jpg\",\"contentUrl\":\"https:\\\/\\\/elektro-kamleithner.hu\\\/wp-content\\\/uploads\\\/2020\\\/12\\\/botaniq-1200-x-628.jpg\",\"width\":1200,\"height\":628,\"caption\":\"botaniq 1200 x 628\"},{\"@type\":\"BreadcrumbList\",\"@id\":\"https:\\\/\\\/elektro-kamleithner.hu\\\/botaniq-turai-kastely\\\/#breadcrumb\",\"itemListElement\":[{\"@type\":\"ListItem\",\"position\":1,\"name\":\"Kezd\u0151lap\",\"item\":\"https:\\\/\\\/elektro-kamleithner.hu\\\/\"},{\"@type\":\"ListItem\",\"position\":2,\"name\":\"Botaniq Turai Kast\u00e9ly\"}]},{\"@type\":\"WebSite\",\"@id\":\"https:\\\/\\\/elektro-kamleithner.hu\\\/#website\",\"url\":\"https:\\\/\\\/elektro-kamleithner.hu\\\/\",\"name\":\"Elektro Kamleithner\",\"description\":\"Elektro Kamleithner\",\"publisher\":{\"@id\":\"https:\\\/\\\/elektro-kamleithner.hu\\\/#organization\"},\"potentialAction\":[{\"@type\":\"SearchAction\",\"target\":{\"@type\":\"EntryPoint\",\"urlTemplate\":\"https:\\\/\\\/elektro-kamleithner.hu\\\/?s={search_term_string}\"},\"query-input\":{\"@type\":\"PropertyValueSpecification\",\"valueRequired\":true,\"valueName\":\"search_term_string\"}}],\"inLanguage\":\"en-GB\"},{\"@type\":\"Organization\",\"@id\":\"https:\\\/\\\/elektro-kamleithner.hu\\\/#organization\",\"name\":\"Elektro Kamleithner\",\"url\":\"https:\\\/\\\/elektro-kamleithner.hu\\\/\",\"logo\":{\"@type\":\"ImageObject\",\"inLanguage\":\"en-GB\",\"@id\":\"https:\\\/\\\/elektro-kamleithner.hu\\\/#\\\/schema\\\/logo\\\/image\\\/\",\"url\":\"https:\\\/\\\/elektro-kamleithner.hu\\\/wp-content\\\/uploads\\\/2024\\\/09\\\/elektro-white-001.svg\",\"contentUrl\":\"https:\\\/\\\/elektro-kamleithner.hu\\\/wp-content\\\/uploads\\\/2024\\\/09\\\/elektro-white-001.svg\",\"width\":382,\"height\":131,\"caption\":\"Elektro Kamleithner\"},\"image\":{\"@id\":\"https:\\\/\\\/elektro-kamleithner.hu\\\/#\\\/schema\\\/logo\\\/image\\\/\"},\"sameAs\":[\"https:\\\/\\\/www.facebook.com\\\/ElektroKamleithnerKft\\\/\",\"https:\\\/\\\/www.youtube.com\\\/channel\\\/UCdDdwY5NIU2nmN9MjvqnFqg\",\"https:\\\/\\\/www.instagram.com\\\/berker.hu\\\/\"]},{\"@type\":\"Person\",\"@id\":\"https:\\\/\\\/elektro-kamleithner.hu\\\/#\\\/schema\\\/person\\\/6bee347fe0f99bcff222317c89ff8c51\",\"name\":\"Balogh Zolt\u00e1n\",\"image\":{\"@type\":\"ImageObject\",\"inLanguage\":\"en-GB\",\"@id\":\"https:\\\/\\\/secure.gravatar.com\\\/avatar\\\/83c725ba6ed0c327cf067a335b7156b3cb23f8585104d5ab2cd7bc81e6b47877?s=96&d=mm&r=g\",\"url\":\"https:\\\/\\\/secure.gravatar.com\\\/avatar\\\/83c725ba6ed0c327cf067a335b7156b3cb23f8585104d5ab2cd7bc81e6b47877?s=96&d=mm&r=g\",\"contentUrl\":\"https:\\\/\\\/secure.gravatar.com\\\/avatar\\\/83c725ba6ed0c327cf067a335b7156b3cb23f8585104d5ab2cd7bc81e6b47877?s=96&d=mm&r=g\",\"caption\":\"Balogh Zolt\u00e1n\"},\"url\":\"https:\\\/\\\/elektro-kamleithner.hu\\\/en\\\/author\\\/admin\\\/\"}]}<\/script>\n<!-- \/ Yoast SEO plugin. -->","yoast_head_json":{"title":"Botaniq Turai Kast\u00e9ly - \u00e9p\u00fcletautomatika - Elektro Kamleithner","description":"Feladatunk a Botaniq Turai Kast\u00e9ly fel\u00faj\u00edt\u00e1s\u00e1n\u00e1l a megtervezett KNX \u00e9p\u00fcletautomatika programoz\u00e1sa \u00e9s egyedi vez\u00e9rl\u0151k gy\u00e1rt\u00e1sa volt.","robots":{"index":"index","follow":"follow","max-snippet":"max-snippet:-1","max-image-preview":"max-image-preview:large","max-video-preview":"max-video-preview:-1"},"canonical":"https:\/\/elektro-kamleithner.hu\/en\/botaniq-turai-kastely\/","og_locale":"en_GB","og_type":"article","og_title":"Botaniq Turai Kast\u00e9ly - \u00e9p\u00fcletautomatika - Elektro Kamleithner","og_description":"Feladatunk a Botaniq Turai Kast\u00e9ly fel\u00faj\u00edt\u00e1s\u00e1n\u00e1l a megtervezett KNX \u00e9p\u00fcletautomatika programoz\u00e1sa \u00e9s egyedi vez\u00e9rl\u0151k gy\u00e1rt\u00e1sa volt.","og_url":"https:\/\/elektro-kamleithner.hu\/en\/botaniq-turai-kastely\/","og_site_name":"Elektro Kamleithner","article_publisher":"https:\/\/www.facebook.com\/ElektroKamleithnerKft\/","article_published_time":"2020-12-07T08:54:59+00:00","article_modified_time":"2026-04-09T14:24:22+00:00","og_image":[{"width":1200,"height":628,"url":"https:\/\/elektro-kamleithner.hu\/wp-content\/uploads\/2020\/12\/botaniq-1200-x-628.jpg","type":"image\/jpeg"}],"author":"Balogh Zolt\u00e1n","twitter_card":"summary_large_image","twitter_misc":{"Written by":"Balogh Zolt\u00e1n","Estimated reading time":"5 minutes"},"schema":{"@context":"https:\/\/schema.org","@graph":[{"@type":"Article","@id":"https:\/\/elektro-kamleithner.hu\/botaniq-turai-kastely\/#article","isPartOf":{"@id":"https:\/\/elektro-kamleithner.hu\/botaniq-turai-kastely\/"},"author":{"name":"Balogh Zolt\u00e1n","@id":"https:\/\/elektro-kamleithner.hu\/#\/schema\/person\/6bee347fe0f99bcff222317c89ff8c51"},"headline":"Botaniq Turai Kast\u00e9ly","datePublished":"2020-12-07T08:54:59+00:00","dateModified":"2026-04-09T14:24:22+00:00","mainEntityOfPage":{"@id":"https:\/\/elektro-kamleithner.hu\/botaniq-turai-kastely\/"},"wordCount":1131,"publisher":{"@id":"https:\/\/elektro-kamleithner.hu\/#organization"},"image":{"@id":"https:\/\/elektro-kamleithner.hu\/botaniq-turai-kastely\/#primaryimage"},"thumbnailUrl":"https:\/\/elektro-kamleithner.hu\/wp-content\/uploads\/2020\/12\/botaniq-1200-x-628.jpg","articleSection":["Blog","Esettanulm\u00e1ny","Referenci\u00e1ink"],"inLanguage":"en-GB"},{"@type":"WebPage","@id":"https:\/\/elektro-kamleithner.hu\/botaniq-turai-kastely\/","url":"https:\/\/elektro-kamleithner.hu\/botaniq-turai-kastely\/","name":"Botaniq Turai Kast\u00e9ly - \u00e9p\u00fcletautomatika - Elektro Kamleithner","isPartOf":{"@id":"https:\/\/elektro-kamleithner.hu\/#website"},"primaryImageOfPage":{"@id":"https:\/\/elektro-kamleithner.hu\/botaniq-turai-kastely\/#primaryimage"},"image":{"@id":"https:\/\/elektro-kamleithner.hu\/botaniq-turai-kastely\/#primaryimage"},"thumbnailUrl":"https:\/\/elektro-kamleithner.hu\/wp-content\/uploads\/2020\/12\/botaniq-1200-x-628.jpg","datePublished":"2020-12-07T08:54:59+00:00","dateModified":"2026-04-09T14:24:22+00:00","description":"Feladatunk a Botaniq Turai Kast\u00e9ly fel\u00faj\u00edt\u00e1s\u00e1n\u00e1l a megtervezett KNX \u00e9p\u00fcletautomatika programoz\u00e1sa \u00e9s egyedi vez\u00e9rl\u0151k gy\u00e1rt\u00e1sa volt.","breadcrumb":{"@id":"https:\/\/elektro-kamleithner.hu\/botaniq-turai-kastely\/#breadcrumb"},"inLanguage":"en-GB","potentialAction":[{"@type":"ReadAction","target":["https:\/\/elektro-kamleithner.hu\/botaniq-turai-kastely\/"]}]},{"@type":"ImageObject","inLanguage":"en-GB","@id":"https:\/\/elektro-kamleithner.hu\/botaniq-turai-kastely\/#primaryimage","url":"https:\/\/elektro-kamleithner.hu\/wp-content\/uploads\/2020\/12\/botaniq-1200-x-628.jpg","contentUrl":"https:\/\/elektro-kamleithner.hu\/wp-content\/uploads\/2020\/12\/botaniq-1200-x-628.jpg","width":1200,"height":628,"caption":"botaniq 1200 x 628"},{"@type":"BreadcrumbList","@id":"https:\/\/elektro-kamleithner.hu\/botaniq-turai-kastely\/#breadcrumb","itemListElement":[{"@type":"ListItem","position":1,"name":"Kezd\u0151lap","item":"https:\/\/elektro-kamleithner.hu\/"},{"@type":"ListItem","position":2,"name":"Botaniq Turai Kast\u00e9ly"}]},{"@type":"WebSite","@id":"https:\/\/elektro-kamleithner.hu\/#website","url":"https:\/\/elektro-kamleithner.hu\/","name":"Elektro Kamleithner","description":"Elektro Kamleithner","publisher":{"@id":"https:\/\/elektro-kamleithner.hu\/#organization"},"potentialAction":[{"@type":"SearchAction","target":{"@type":"EntryPoint","urlTemplate":"https:\/\/elektro-kamleithner.hu\/?s={search_term_string}"},"query-input":{"@type":"PropertyValueSpecification","valueRequired":true,"valueName":"search_term_string"}}],"inLanguage":"en-GB"},{"@type":"Organization","@id":"https:\/\/elektro-kamleithner.hu\/#organization","name":"Elektro Kamleithner","url":"https:\/\/elektro-kamleithner.hu\/","logo":{"@type":"ImageObject","inLanguage":"en-GB","@id":"https:\/\/elektro-kamleithner.hu\/#\/schema\/logo\/image\/","url":"https:\/\/elektro-kamleithner.hu\/wp-content\/uploads\/2024\/09\/elektro-white-001.svg","contentUrl":"https:\/\/elektro-kamleithner.hu\/wp-content\/uploads\/2024\/09\/elektro-white-001.svg","width":382,"height":131,"caption":"Elektro Kamleithner"},"image":{"@id":"https:\/\/elektro-kamleithner.hu\/#\/schema\/logo\/image\/"},"sameAs":["https:\/\/www.facebook.com\/ElektroKamleithnerKft\/","https:\/\/www.youtube.com\/channel\/UCdDdwY5NIU2nmN9MjvqnFqg","https:\/\/www.instagram.com\/berker.hu\/"]},{"@type":"Person","@id":"https:\/\/elektro-kamleithner.hu\/#\/schema\/person\/6bee347fe0f99bcff222317c89ff8c51","name":"Balogh Zolt\u00e1n","image":{"@type":"ImageObject","inLanguage":"en-GB","@id":"https:\/\/secure.gravatar.com\/avatar\/83c725ba6ed0c327cf067a335b7156b3cb23f8585104d5ab2cd7bc81e6b47877?s=96&d=mm&r=g","url":"https:\/\/secure.gravatar.com\/avatar\/83c725ba6ed0c327cf067a335b7156b3cb23f8585104d5ab2cd7bc81e6b47877?s=96&d=mm&r=g","contentUrl":"https:\/\/secure.gravatar.com\/avatar\/83c725ba6ed0c327cf067a335b7156b3cb23f8585104d5ab2cd7bc81e6b47877?s=96&d=mm&r=g","caption":"Balogh Zolt\u00e1n"},"url":"https:\/\/elektro-kamleithner.hu\/en\/author\/admin\/"}]}},"_links":{"self":[{"href":"https:\/\/elektro-kamleithner.hu\/en\/wp-json\/wp\/v2\/posts\/3015","targetHints":{"allow":["GET"]}}],"collection":[{"href":"https:\/\/elektro-kamleithner.hu\/en\/wp-json\/wp\/v2\/posts"}],"about":[{"href":"https:\/\/elektro-kamleithner.hu\/en\/wp-json\/wp\/v2\/types\/post"}],"author":[{"embeddable":true,"href":"https:\/\/elektro-kamleithner.hu\/en\/wp-json\/wp\/v2\/users\/2"}],"replies":[{"embeddable":true,"href":"https:\/\/elektro-kamleithner.hu\/en\/wp-json\/wp\/v2\/comments?post=3015"}],"version-history":[{"count":14,"href":"https:\/\/elektro-kamleithner.hu\/en\/wp-json\/wp\/v2\/posts\/3015\/revisions"}],"predecessor-version":[{"id":9819,"href":"https:\/\/elektro-kamleithner.hu\/en\/wp-json\/wp\/v2\/posts\/3015\/revisions\/9819"}],"wp:featuredmedia":[{"embeddable":true,"href":"https:\/\/elektro-kamleithner.hu\/en\/wp-json\/wp\/v2\/media\/9740"}],"wp:attachment":[{"href":"https:\/\/elektro-kamleithner.hu\/en\/wp-json\/wp\/v2\/media?parent=3015"}],"wp:term":[{"taxonomy":"category","embeddable":true,"href":"https:\/\/elektro-kamleithner.hu\/en\/wp-json\/wp\/v2\/categories?post=3015"},{"taxonomy":"post_tag","embeddable":true,"href":"https:\/\/elektro-kamleithner.hu\/en\/wp-json\/wp\/v2\/tags?post=3015"}],"curies":[{"name":"wp","href":"https:\/\/api.w.org\/{rel}","templated":true}]}}