{"id":2948,"date":"2020-12-02T13:42:30","date_gmt":"2020-12-02T12:42:30","guid":{"rendered":"https:\/\/evernox.hu\/hogyan-epul-fel-a-knx-rendszer-gyakorlati-megvalositas-es-kiepites\/"},"modified":"2020-12-02T13:42:30","modified_gmt":"2020-12-02T12:42:30","slug":"hogyan-epul-fel-a-knx-rendszer-gyakorlati-megvalositas-es-kiepites","status":"publish","type":"post","link":"https:\/\/elektro-kamleithner.hu\/en\/hogyan-epul-fel-a-knx-rendszer-gyakorlati-megvalositas-es-kiepites\/","title":{"rendered":"Hogyan \u00e9p\u00fcl fel a KNX rendszer? Gyakorlati megval\u00f3s\u00edt\u00e1s \u00e9s ki\u00e9p\u00edt\u00e9s"},"content":{"rendered":"<h2>Buszk\u00e1bel \u00e1tviteli eszk\u00f6zk\u00e9nt<\/h2>\n<h3>S\u00fcllyesztett szerel\u00e9s<\/h3>\n<p>\t\t\t\t\t\t\t\t\t\t\t\t\t<img width=\"\\\"860\\\"\" height=\"\\\"591\\\"\" src=\"\\\"https:>\t\t\t\t\t\t\t\t\t\t\t\t\t<\/p>\n<p>Ha s\u00fcllyesztetten szerelt k\u00e9sz\u00fcl\u00e9keket haszn\u00e1lunk, a DIN VDE 0606-1 vagy DIN 49073-1 szabv\u00e1nynak megfelel\u0151 csavaros r\u00f6gz\u00edt\u00e9sre alkalmas szerelv\u00e9nydobozokat kell alkalmaznunk. Ha kett\u0151n\u00e9l t\u00f6bb buszk\u00e1bel fut be egy szerelv\u00e9nydobozba, tan\u00e1csos 60 &#8211; mm m\u00e9ly kombin\u00e1lt fali k\u00f6t\u0151dobozt alkalmazni. Egy buszk\u00e9sz\u00fcl\u00e9k \u00e9s dugalj kombin\u00e1ci\u00f3ja k\u00f6z\u00f6s fedlap alatt csak akkor engedhet\u0151 meg, ha a dugalj olyan kivitel\u0171, hogy a k\u00f6zvetlen \u00e9rint\u00e9st\u0151l v\u00e9dett, illetve a kialak\u00edt\u00e1s sor\u00e1n a DIN VDE el\u0151\u00edr\u00e1sait betartott\u00e1k. <\/p>\n<h3>K\u00e1belbevezet\u00e9s<\/h3>\n<p>A KNX rendszer k\u00e1belbevezet\u00e9se a DIN 18015-3. szerinti szerel\u00e9si z\u00f3n\u00e1n bel\u00fcl, az er\u0151s\u00e1ram\u00fa bevezet\u00e9ssel egy\u00fctt megoldhat\u00f3. A mennyezeti, vagy lefel\u00e9, a padl\u00f3 ir\u00e1ny\u00edtott k\u00e1belbevezet\u00e9s mind lehets\u00e9ges, f\u00fcgg\u0151en a h\u00e1l\u00f3zat kialak\u00edt\u00e1s\u00e1t\u00f3l.\u00a0Az egyes szob\u00e1k busz vezet\u00e9keit vezethetj\u00fck \u00f6n\u00e1ll\u00f3an a villamos eloszt\u00f3hoz (csillag topol\u00f3gia) vagy felhurkolhatjuk helyis\u00e9gr\u0151l helyis\u00e9gre. A vonalakra \u00e9s tartom\u00e1nyokra oszt\u00e1st figyelembe kell venn\u00fcnk. Az \u00e9p\u00fcleten bel\u00fcli eloszt\u00f3kat (a f\u0151eloszt\u00f3t \u00e9s az aleloszt\u00f3kat) mindig \u00f6ssze kell egym\u00e1ssal k\u00f6tni buszk\u00e1bellel.<\/p>\n<p>A szinteket vagy nagyobb kiterjed\u00e9s\u0171 ter\u00fcleteket elvileg \u00f6ssze kell k\u00f6tn\u00fcnk a (f\u0151) eloszt\u00f3val k\u00f6zvetlen (point-to-point) kapcsolattal.\u00a0Az \u00e9p\u00fcleten bel\u00fcl kell, hogy legyen egy hely, ahol minden egyes rendszer pl. a 230\/400 V er\u0151s\u00e1ram\u00fa h\u00e1l\u00f3zat, a KNX, a TV \u00e9s a telefon h\u00e1l\u00f3zat egyetlen helyen rendelkez\u00e9sre \u00e1ll, (a f\u0151eloszt\u00f3n\u00e1l, a becsatlakoz\u00e1si pontn\u00e1l) az\u00e9rt, hogy az \u00f6sszek\u00f6ttet\u00e9s a rendszerek k\u00f6z\u00f6tt m\u00e9diacsatol\u00f3n kereszt\u00fcl megoldhat\u00f3 legyen.<\/p>\n<h3>Szerel\u00e9s m\u00f3dja<\/h3>\n<h4>Buszk\u00e1bel, mint az \u00e1tvitel eszk\u00f6ze<\/h4>\n<p>A KNX-rendszerben \u00e1rny\u00e9kolt kett\u0151s csavart \u00e9rp\u00e1r\u00fa, 0.8 mm \u00e1tm\u00e9r\u0151j\u0171 t\u00f6m\u00f6rer\u0171 k\u00e1belt alkalmazunk buszk\u00e1belk\u00e9nt, pl. a YCYM 2 x 2 x 0.8 t\u00edpust. A biztons\u00e1gtechnikai, telefon \u00e9s m\u00e1s villamos h\u00e1l\u00f3zatokban alkalmazott er\u0151\u00e1tviteli k\u00e1belek nem haszn\u00e1lhat\u00f3ak buszk\u00e1belk\u00e9nt.<\/p>\n<p>\t\t\t\t\t\t\t\t\t\t\t\t\t<img width=\"\\\"300\\\"\" height=\"\\\"src =\"\\\" https:>\t\t\t\t\t\t\t\t\t\t\t\t\t<\/p>\n<p>\u00a0<\/p>\n<p>A buszk\u00e1bel, pont \u00fagy, mint az er\u0151\u00e1tviteli k\u00e1belek meghat\u00e1rozott install\u00e1ci\u00f3s z\u00f3n\u00e1kban fektethet\u0151 le vonal, fa, vagy csillag strukt\u00far\u00e1ban a DIN 18015-nek megfelel\u0151en:<\/p>\n<ul>\n<li>Egy\u00fctt fektethet\u0151 m\u00e1s \u00e1ramk\u00f6r\u00f6k k\u00e1beleivel v\u00e9d\u0151cs\u0151ben \u00e9s vezet\u00e9kcsatorn\u00e1ban;<\/li>\n<li>Amennyiben halog\u00e9n-mentes k\u00e1belre van sz\u00fcks\u00e9g a J-H(St)H 2 x 2 x 08 t\u00edpus haszn\u00e1lhat\u00f3.<\/li>\n<li>Nem szabad a vonalakban hurkot kialak\u00edtani, ha el\u00e1gaz\u00e1s van szerel\u00e9s sor\u00e1n, azaz k\u00fcl\u00f6nb\u00f6z\u0151 vonalakat nem szabad \u00f6sszek\u00f6tni.<\/li>\n<li>K\u00e9t \u00e9p\u00fclet \u00f6sszekapcsol\u00e1s\u00e1hoz a f\u00f6ld alatti A2Y(L)2Y vagy A-2YF(L)2Y telekommunik\u00e1ci\u00f3s k\u00e1belt kell haszn\u00e1lni.<\/li>\n<li>A t\u00falfesz\u00fclts\u00e9g v\u00e9delemr\u0151l a 6. fejezet sz\u00f3l.<\/li>\n<\/ul>\n<p>A buszk\u00e1belben a fel nem haszn\u00e1lt \u00e9rp\u00e1rt egy\u00e9b alkalmaz\u00e1sokra is felhaszn\u00e1lhatjuk, ekkor az al\u00e1bbiakat kell figyelembe venni:<\/p>\n<ul>\n<li>Csak a SELV\/PELV t\u00f6rpefesz\u00fclts\u00e9g haszn\u00e1lhat\u00f3 a KNX rendszer t\u00e1l\u00e1l\u00e1s\u00e1ra;<\/li>\n<li>Tart\u00f3san maximum 2.5A \u00e1ram engedhet\u0151 meg, t\u00falterhel\u00e9s \u00e9s z\u00e1rlat v\u00e9delem sz\u00fcks\u00e9ges a t\u00e1pegys\u00e9gben;<\/li>\n<li>Hang\u00e1tvitel megengedett, de nem haszn\u00e1lhat\u00f3 a vezet\u00e9k a nyilv\u00e1nos telekommunik\u00e1ci\u00f3s h\u00e1l\u00f3zat \u00e1tviteli k\u00e1belek\u00e9nt;<\/li>\n<li>A m\u00e1sodik \u00e9rp\u00e1r felhaszn\u00e1l\u00e1si m\u00f3dja egy vonalon bel\u00fcl csak egyf\u00e9le lehet;<\/li>\n<li>Tan\u00e1csos ezen t\u00fal, egy\u00e9rtelm\u0171en megjel\u00f6lni a csavart \u00e9rp\u00e1rok mindegyik vezet\u00e9kv\u00e9g\u00e9n, ha valamilyen kieg\u00e9sz\u00edt\u0151 c\u00e9lra felhaszn\u00e1lj\u00e1k;<\/li>\n<li>Ha a m\u00e1sodik \u00e9rp\u00e1r egy tov\u00e1bbi vonalk\u00e9nt ker\u00fclne felhaszn\u00e1l\u00e1sra, a s\u00e1rga vezet\u00e9ket kell a \u201e+\u201d \u00e9rnek kijel\u00f6lni, a feh\u00e9ret pedig a \u201e-\u201e \u00e9rnek.<\/li>\n<\/ul>\n<p>Egy szerelv\u00e9nydobozban lehetnek buszk\u00e1bel \u00e9s t\u00e1pfesz\u00fclts\u00e9g\u0171 vezet\u00e9k erek, de csak akkor, ha a busz- \u00e9s a t\u00e1pfesz\u00fclts\u00e9g\u0171 vezet\u00e9k-erek a dobozban biztons\u00e1gosan el vannak v\u00e1lasztva. Ha a szerelv\u00e9nydobozban r\u00f6gz\u00edtett sorkapcsok vannak, \u00e1lland\u00f3 elv\u00e1laszt\u00e1s n\u00e9lk\u00fcli dobozok is haszn\u00e1lhat\u00f3ak.\u00a0M\u00e1s esetben a buszk\u00e1bel \u00e9s a t\u00e1pvezet\u00e9kek sz\u00e1m\u00e1ra k\u00fcl\u00f6n szerelv\u00e9nydobozokat kell haszn\u00e1lni.<\/p>\n<p>A KNX busz rendszerben az er\u0151s\u00e1ram\u00fa vezet\u00e9k \u00e9s a buszvezet\u00e9k, valamint a sz\u00fcks\u00e9ges szerelv\u00e9nyek egy eloszt\u00f3szekr\u00e9nyben ker\u00fclhetnek egym\u00e1s mell\u00e9.<\/p>\n<p>Tekintettel kell lenni az al\u00e1bbiakra:<\/p>\n<ul>\n<li>A kett\u0151s m\u0171anyag szigetel\u00e9s\u0171 er\u0151\u00e1tviteli k\u00e1belek \u00e9s kett\u0151s szigetel\u00e9s\u0171 buszk\u00e1belek elv\u00e1laszt\u00e1s n\u00e9lk\u00fcl egym\u00e1s mell\u00e9 fektethet\u0151ek, szigetelt er\u0151\u00e1tviteli vezet\u00e9k is fektethet\u0151 mell\u00e9j\u00fck;<\/li>\n<li>Az egyszeres m\u0171anyag szigetel\u00e9s\u0171 er\u0151\u00e1tviteli k\u00e1belek \u00e9s buszk\u00e1belek szigetelt erei csak bizonyos t\u00e1vols\u00e1gban fektethet\u0151ek egym\u00e1s mell\u00e9;<\/li>\n<li>Az er\u0151\u00e1tviteli k\u00e1belek \u00e9s buszk\u00e1belek szigetelt erei egym\u00e1st\u00f3l legal\u00e1bb 4mm t\u00e1vols\u00e1gra fektetend\u0151ek, vagy el kell l\u00e1tni \u0151ket ezzel egyen\u00e9rt\u00e9k\u0171 szigetel\u00e9ssel, ami lehet elv\u00e1laszt\u00f3 lapka, vagy szigetel\u0151 cs\u0151 a buszk\u00e1bel erein.. <br \/>Ezt a megold\u00e1st kell alkalmazni azokon a k\u00e1bel-ereken, melyek egy\u00e9b \u00e1ramk\u00f6r\u00f6kh\u00f6z tartoznak \u00e9s nem felelnek meg a SELV\/PELV t\u00f6rpefesz\u00fclts\u00e9g\u0171 \u00e1ramk\u00f6ri el\u0151\u00edr\u00e1soknak.<\/li>\n<\/ul>\n<p>Ha s\u00fcllyesztett szerel\u00e9s eset\u00e9n buszk\u00e9sz\u00fcl\u00e9kek \u00e9s er\u0151\u00e1tviteli k\u00e9sz\u00fcl\u00e9kek egy\u00fctt vannak felhaszn\u00e1lva, a teljes\u00edtm\u00e9ny-r\u00e9szt v\u00e9deni kell k\u00f6zvetlen \u00e9rint\u00e9s ellen arra az esetre is, ha a k\u00f6z\u00f6s burkolatot elt\u00e1vol\u00edtjuk (pl. k\u00fcl\u00f6n fed\u00e9llel).<\/p>\n<p>S\u00fcllyesztett szerel\u00e9skor, ha egyszerre van buszk\u00e9sz\u00fcl\u00e9k \u00e9s er\u0151\u00e1tviteli k\u00e9sz\u00fcl\u00e9k, a \u201ebiztons\u00e1gi elv\u00e1laszt\u00e1st\u201d m\u00e1r a tervez\u00e9s sor\u00e1n biztos\u00edtani kell. Figyelembe kell venni a gy\u00e1rt\u00f3k adatait. Ezekre a szempontokra neh\u00e9z, zord k\u00f6rnyezeti felt\u00e9telek k\u00f6z\u00f6tt (t\u00falfesz\u00fclts\u00e9gi besorol\u00e1s, szennyezett k\u00f6rnyezet eset\u00e9n) k\u00fcl\u00f6n\u00f6sen oda kell figyelni.&nbsp;A nyilv\u00e1nos telefon h\u00e1l\u00f3zathoz k\u00e9pest a busz rendszert \u00e9s alkot\u00f3elemeit \u00fagy kell figyelembe venni, mint az er\u0151s\u00e1ram\u00fa villamos h\u00e1l\u00f3zatot. Ez vonatkozik mindegyik kommunik\u00e1ci\u00f3s h\u00e1l\u00f3zatra, amelyik nem SELV\/PELV t\u00f6rpefesz\u00fclts\u00e9g\u0171 \u00e1ramk\u00f6r.<\/p>\n<p>A SELV\/PELV t\u00f6rpefesz\u00fclts\u00e9g\u0171 \u00e1ramk\u00f6r\u00f6k eset\u00e9ben az alapszigetel\u00e9st a fesz\u00fclts\u00e9g ig\u00e9nybev\u00e9telnek megfelel\u0151en kell meger\u0151s\u00edteni, \u00edgy nem kell felt\u00e9tlen\u00fcl a buszk\u00e1belt\u0151l elk\u00fcl\u00f6n\u00edtve fektetni az ilyen vezet\u00e9keket.&nbsp;A buszk\u00e9sz\u00fcl\u00e9kek, melyek pl. k\u00fcl\u00f6nb\u00f6z\u0151 terhel\u00e9seket vez\u00e9relnek, illetve az \u00e9p\u00fclet fel\u00fcgyelet\u00e9ben vesznek r\u00e9szt, elhelyezhet\u0151ek a villamos aleloszt\u00f3ban, DIN-sinre r\u00f6gz\u00edtve, vagy s\u00fcllyesztetten, esetleg falon k\u00edv\u00fcl szerelhet\u0151ek vagy ak\u00e1r az adott berendez\u00e9sben is elhelyezhet\u0151ek (pl. l\u00e1mpatestben). Tov\u00e1bbi lehet\u0151s\u00e9g, hogy vezet\u00e9k-csatorn\u00e1ba is be\u00e9p\u00edthet\u0151 b\u00e1rmilyen buszk\u00e9sz\u00fcl\u00e9k.<\/p>\n<p>A t\u00e1pegys\u00e9g h\u00e1l\u00f3zatra csatlakoztat\u00e1s\u00e1hoz javasolt k\u00fcl\u00f6n \u00e1ramk\u00f6r. A t\u00e1pegys\u00e9get c\u00e9lszer\u0171 a vonal k\u00f6zep\u00e9re helyezni. Csak a KNX szervezet \u00e1ltal j\u00f3v\u00e1hagyott t\u00e1pegys\u00e9geket szabad a rendszerben haszn\u00e1lni. <\/p>\n<p>\t\t\t\t\t\t\t\t\t\t\t\t\t<img width=\"\\\"300\\\"\" height=\"\\\"225\\\"\" src=\"\\\"https:>\t\t\t\t\t\t\t\t\t\t\t\t\t<\/p>\n<p>Ha a villamos t\u00e1pl\u00e1l\u00e1st meger\u0151s\u00edtett biztons\u00e1ggal kell megoldani, a KNX t\u00e1pegys\u00e9get egy sz\u00fcnetmentes \u00e1ramforr\u00e1shoz, vagy biztons\u00e1gi \u00e1ramforr\u00e1shoz lehet csatlakoztatni, vagy akkumul\u00e1torral meger\u0151s\u00edtett t\u00e1pegys\u00e9get lehet haszn\u00e1lni a KNX rendszerben.<\/p>\n<p>\t\t\t\t\t\t\t\t\t\t\t\t\t<img width=\"\\\"1000\\\"\" height=\"\\\"662\\\"\" src=\"\\\"https:><\/p>","protected":false},"excerpt":{"rendered":"<p>Buszk\u00e1bel \u00e1tviteli eszk\u00f6zk\u00e9nt S\u00fcllyesztett szerel\u00e9s Ha s\u00fcllyesztetten szerelt k\u00e9sz\u00fcl\u00e9keket haszn\u00e1lunk, a DIN VDE 0606-1 vagy DIN 49073-1 szabv\u00e1nynak megfelel\u0151 csavaros [&hellip;]<\/p>\n","protected":false},"author":2,"featured_media":3004,"comment_status":"closed","ping_status":"open","sticky":false,"template":"","format":"standard","meta":{"_acf_changed":false,"site-sidebar-layout":"default","site-content-layout":"default","ast-site-content-layout":"default","site-content-style":"default","site-sidebar-style":"default","ast-global-header-display":"","ast-banner-title-visibility":"","ast-main-header-display":"","ast-hfb-above-header-display":"","ast-hfb-below-header-display":"","ast-hfb-mobile-header-display":"","site-post-title":"","ast-breadcrumbs-content":"","ast-featured-img":"","footer-sml-layout":"","ast-disable-related-posts":"","theme-transparent-header-meta":"default","adv-header-id-meta":"","stick-header-meta":"default","header-above-stick-meta":"","header-main-stick-meta":"","header-below-stick-meta":"","astra-migrate-meta-layouts":"default","ast-page-background-enabled":"default","ast-page-background-meta":{"desktop":{"background-color":"var(--ast-global-color-4)","background-image":"","background-repeat":"repeat","background-position":"center center","background-size":"auto","background-attachment":"scroll","background-type":"","background-media":"","overlay-type":"","overlay-color":"","overlay-opacity":"","overlay-gradient":""},"tablet":{"background-color":"","background-image":"","background-repeat":"repeat","background-position":"center center","background-size":"auto","background-attachment":"scroll","background-type":"","background-media":"","overlay-type":"","overlay-color":"","overlay-opacity":"","overlay-gradient":""},"mobile":{"background-color":"","background-image":"","background-repeat":"repeat","background-position":"center center","background-size":"auto","background-attachment":"scroll","background-type":"","background-media":"","overlay-type":"","overlay-color":"","overlay-opacity":"","overlay-gradient":""}},"ast-content-background-meta":{"desktop":{"background-color":"var(--ast-global-color-5)","background-image":"","background-repeat":"repeat","background-position":"center center","background-size":"auto","background-attachment":"scroll","background-type":"","background-media":"","overlay-type":"","overlay-color":"","overlay-opacity":"","overlay-gradient":""},"tablet":{"background-color":"var(--ast-global-color-5)","background-image":"","background-repeat":"repeat","background-position":"center center","background-size":"auto","background-attachment":"scroll","background-type":"","background-media":"","overlay-type":"","overlay-color":"","overlay-opacity":"","overlay-gradient":""},"mobile":{"background-color":"var(--ast-global-color-5)","background-image":"","background-repeat":"repeat","background-position":"center center","background-size":"auto","background-attachment":"scroll","background-type":"","background-media":"","overlay-type":"","overlay-color":"","overlay-opacity":"","overlay-gradient":""}},"footnotes":""},"categories":[1],"tags":[],"class_list":["post-2948","post","type-post","status-publish","format-standard","has-post-thumbnail","hentry","category-blog"],"acf":[],"yoast_head":"<!-- This site is optimized with the Yoast SEO plugin v28.3 - https:\/\/yoast.com\/product\/yoast-seo-wordpress\/ -->\n<title>Hogyan \u00e9p\u00fcl fel a KNX rendszer 2. Elektro Kamleithner<\/title>\n<meta name=\"description\" content=\"A KNX rendszer gyakorlati megval\u00f3s\u00edt\u00e1sa \u00e9s ki\u00e9p\u00edt\u00e9se. A buszk\u00e1bel, mint az \u00e1tvitel eszk\u00f6ze. A szerel\u00e9s m\u00f3dja.\" \/>\n<meta name=\"robots\" content=\"index, follow, max-snippet:-1, max-image-preview:large, max-video-preview:-1\" \/>\n<link rel=\"canonical\" href=\"https:\/\/elektro-kamleithner.hu\/en\/hogyan-epul-fel-a-knx-rendszer-gyakorlati-megvalositas-es-kiepites\/\" \/>\n<meta property=\"og:locale\" content=\"en_GB\" \/>\n<meta property=\"og:type\" content=\"article\" \/>\n<meta property=\"og:title\" content=\"Hogyan \u00e9p\u00fcl fel a KNX rendszer 2. Elektro Kamleithner\" \/>\n<meta property=\"og:description\" content=\"A KNX rendszer gyakorlati megval\u00f3s\u00edt\u00e1sa \u00e9s ki\u00e9p\u00edt\u00e9se. A buszk\u00e1bel, mint az \u00e1tvitel eszk\u00f6ze. A szerel\u00e9s m\u00f3dja.\" \/>\n<meta property=\"og:url\" content=\"https:\/\/elektro-kamleithner.hu\/en\/hogyan-epul-fel-a-knx-rendszer-gyakorlati-megvalositas-es-kiepites\/\" \/>\n<meta property=\"og:site_name\" content=\"Elektro Kamleithner\" \/>\n<meta property=\"article:publisher\" content=\"https:\/\/www.facebook.com\/ElektroKamleithnerKft\/\" \/>\n<meta property=\"article:published_time\" content=\"2020-12-02T12:42:30+00:00\" \/>\n<meta property=\"og:image\" content=\"https:\/\/elektro-kamleithner.hu\/wp-content\/uploads\/2020\/11\/kep1.jpg\" \/>\n\t<meta property=\"og:image:width\" content=\"1000\" \/>\n\t<meta property=\"og:image:height\" content=\"662\" \/>\n\t<meta property=\"og:image:type\" content=\"image\/jpeg\" \/>\n<meta name=\"author\" content=\"Balogh Zolt\u00e1n\" \/>\n<meta name=\"twitter:card\" content=\"summary_large_image\" \/>\n<meta name=\"twitter:label1\" content=\"Written by\" \/>\n\t<meta name=\"twitter:data1\" content=\"Balogh Zolt\u00e1n\" \/>\n\t<meta name=\"twitter:label2\" content=\"Estimated reading time\" \/>\n\t<meta name=\"twitter:data2\" content=\"7 minutes\" \/>\n<script type=\"application\/ld+json\" class=\"yoast-schema-graph\">{\"@context\":\"https:\\\/\\\/schema.org\",\"@graph\":[{\"@type\":\"Article\",\"@id\":\"https:\\\/\\\/elektro-kamleithner.hu\\\/hogyan-epul-fel-a-knx-rendszer-gyakorlati-megvalositas-es-kiepites\\\/#article\",\"isPartOf\":{\"@id\":\"https:\\\/\\\/elektro-kamleithner.hu\\\/hogyan-epul-fel-a-knx-rendszer-gyakorlati-megvalositas-es-kiepites\\\/\"},\"author\":{\"name\":\"Balogh Zolt\u00e1n\",\"@id\":\"https:\\\/\\\/elektro-kamleithner.hu\\\/#\\\/schema\\\/person\\\/6bee347fe0f99bcff222317c89ff8c51\"},\"headline\":\"Hogyan \u00e9p\u00fcl fel a KNX rendszer? Gyakorlati megval\u00f3s\u00edt\u00e1s \u00e9s ki\u00e9p\u00edt\u00e9s\",\"datePublished\":\"2020-12-02T12:42:30+00:00\",\"mainEntityOfPage\":{\"@id\":\"https:\\\/\\\/elektro-kamleithner.hu\\\/hogyan-epul-fel-a-knx-rendszer-gyakorlati-megvalositas-es-kiepites\\\/\"},\"wordCount\":1352,\"publisher\":{\"@id\":\"https:\\\/\\\/elektro-kamleithner.hu\\\/#organization\"},\"image\":{\"@id\":\"https:\\\/\\\/elektro-kamleithner.hu\\\/hogyan-epul-fel-a-knx-rendszer-gyakorlati-megvalositas-es-kiepites\\\/#primaryimage\"},\"thumbnailUrl\":\"https:\\\/\\\/elektro-kamleithner.hu\\\/wp-content\\\/uploads\\\/2020\\\/11\\\/kep1.jpg\",\"articleSection\":[\"Blog\"],\"inLanguage\":\"en-GB\"},{\"@type\":\"WebPage\",\"@id\":\"https:\\\/\\\/elektro-kamleithner.hu\\\/hogyan-epul-fel-a-knx-rendszer-gyakorlati-megvalositas-es-kiepites\\\/\",\"url\":\"https:\\\/\\\/elektro-kamleithner.hu\\\/hogyan-epul-fel-a-knx-rendszer-gyakorlati-megvalositas-es-kiepites\\\/\",\"name\":\"Hogyan \u00e9p\u00fcl fel a KNX rendszer 2. Elektro Kamleithner\",\"isPartOf\":{\"@id\":\"https:\\\/\\\/elektro-kamleithner.hu\\\/#website\"},\"primaryImageOfPage\":{\"@id\":\"https:\\\/\\\/elektro-kamleithner.hu\\\/hogyan-epul-fel-a-knx-rendszer-gyakorlati-megvalositas-es-kiepites\\\/#primaryimage\"},\"image\":{\"@id\":\"https:\\\/\\\/elektro-kamleithner.hu\\\/hogyan-epul-fel-a-knx-rendszer-gyakorlati-megvalositas-es-kiepites\\\/#primaryimage\"},\"thumbnailUrl\":\"https:\\\/\\\/elektro-kamleithner.hu\\\/wp-content\\\/uploads\\\/2020\\\/11\\\/kep1.jpg\",\"datePublished\":\"2020-12-02T12:42:30+00:00\",\"description\":\"A KNX rendszer gyakorlati megval\u00f3s\u00edt\u00e1sa \u00e9s ki\u00e9p\u00edt\u00e9se. A buszk\u00e1bel, mint az \u00e1tvitel eszk\u00f6ze. A szerel\u00e9s m\u00f3dja.\",\"breadcrumb\":{\"@id\":\"https:\\\/\\\/elektro-kamleithner.hu\\\/hogyan-epul-fel-a-knx-rendszer-gyakorlati-megvalositas-es-kiepites\\\/#breadcrumb\"},\"inLanguage\":\"en-GB\",\"potentialAction\":[{\"@type\":\"ReadAction\",\"target\":[\"https:\\\/\\\/elektro-kamleithner.hu\\\/hogyan-epul-fel-a-knx-rendszer-gyakorlati-megvalositas-es-kiepites\\\/\"]}]},{\"@type\":\"ImageObject\",\"inLanguage\":\"en-GB\",\"@id\":\"https:\\\/\\\/elektro-kamleithner.hu\\\/hogyan-epul-fel-a-knx-rendszer-gyakorlati-megvalositas-es-kiepites\\\/#primaryimage\",\"url\":\"https:\\\/\\\/elektro-kamleithner.hu\\\/wp-content\\\/uploads\\\/2020\\\/11\\\/kep1.jpg\",\"contentUrl\":\"https:\\\/\\\/elektro-kamleithner.hu\\\/wp-content\\\/uploads\\\/2020\\\/11\\\/kep1.jpg\",\"width\":1000,\"height\":662,\"caption\":\"k\u00e9p1\"},{\"@type\":\"BreadcrumbList\",\"@id\":\"https:\\\/\\\/elektro-kamleithner.hu\\\/hogyan-epul-fel-a-knx-rendszer-gyakorlati-megvalositas-es-kiepites\\\/#breadcrumb\",\"itemListElement\":[{\"@type\":\"ListItem\",\"position\":1,\"name\":\"Kezd\u0151lap\",\"item\":\"https:\\\/\\\/elektro-kamleithner.hu\\\/\"},{\"@type\":\"ListItem\",\"position\":2,\"name\":\"Hogyan \u00e9p\u00fcl fel a KNX rendszer? Gyakorlati megval\u00f3s\u00edt\u00e1s \u00e9s ki\u00e9p\u00edt\u00e9s\"}]},{\"@type\":\"WebSite\",\"@id\":\"https:\\\/\\\/elektro-kamleithner.hu\\\/#website\",\"url\":\"https:\\\/\\\/elektro-kamleithner.hu\\\/\",\"name\":\"Elektro Kamleithner\",\"description\":\"Elektro Kamleithner\",\"publisher\":{\"@id\":\"https:\\\/\\\/elektro-kamleithner.hu\\\/#organization\"},\"potentialAction\":[{\"@type\":\"SearchAction\",\"target\":{\"@type\":\"EntryPoint\",\"urlTemplate\":\"https:\\\/\\\/elektro-kamleithner.hu\\\/?s={search_term_string}\"},\"query-input\":{\"@type\":\"PropertyValueSpecification\",\"valueRequired\":true,\"valueName\":\"search_term_string\"}}],\"inLanguage\":\"en-GB\"},{\"@type\":\"Organization\",\"@id\":\"https:\\\/\\\/elektro-kamleithner.hu\\\/#organization\",\"name\":\"Elektro Kamleithner\",\"url\":\"https:\\\/\\\/elektro-kamleithner.hu\\\/\",\"logo\":{\"@type\":\"ImageObject\",\"inLanguage\":\"en-GB\",\"@id\":\"https:\\\/\\\/elektro-kamleithner.hu\\\/#\\\/schema\\\/logo\\\/image\\\/\",\"url\":\"https:\\\/\\\/elektro-kamleithner.hu\\\/wp-content\\\/uploads\\\/2024\\\/09\\\/elektro-white-001.svg\",\"contentUrl\":\"https:\\\/\\\/elektro-kamleithner.hu\\\/wp-content\\\/uploads\\\/2024\\\/09\\\/elektro-white-001.svg\",\"width\":382,\"height\":131,\"caption\":\"Elektro Kamleithner\"},\"image\":{\"@id\":\"https:\\\/\\\/elektro-kamleithner.hu\\\/#\\\/schema\\\/logo\\\/image\\\/\"},\"sameAs\":[\"https:\\\/\\\/www.facebook.com\\\/ElektroKamleithnerKft\\\/\",\"https:\\\/\\\/www.youtube.com\\\/channel\\\/UCdDdwY5NIU2nmN9MjvqnFqg\",\"https:\\\/\\\/www.instagram.com\\\/berker.hu\\\/\"]},{\"@type\":\"Person\",\"@id\":\"https:\\\/\\\/elektro-kamleithner.hu\\\/#\\\/schema\\\/person\\\/6bee347fe0f99bcff222317c89ff8c51\",\"name\":\"Balogh Zolt\u00e1n\",\"image\":{\"@type\":\"ImageObject\",\"inLanguage\":\"en-GB\",\"@id\":\"https:\\\/\\\/secure.gravatar.com\\\/avatar\\\/83c725ba6ed0c327cf067a335b7156b3cb23f8585104d5ab2cd7bc81e6b47877?s=96&d=mm&r=g\",\"url\":\"https:\\\/\\\/secure.gravatar.com\\\/avatar\\\/83c725ba6ed0c327cf067a335b7156b3cb23f8585104d5ab2cd7bc81e6b47877?s=96&d=mm&r=g\",\"contentUrl\":\"https:\\\/\\\/secure.gravatar.com\\\/avatar\\\/83c725ba6ed0c327cf067a335b7156b3cb23f8585104d5ab2cd7bc81e6b47877?s=96&d=mm&r=g\",\"caption\":\"Balogh Zolt\u00e1n\"},\"url\":\"https:\\\/\\\/elektro-kamleithner.hu\\\/en\\\/author\\\/admin\\\/\"}]}<\/script>\n<!-- \/ Yoast SEO plugin. -->","yoast_head_json":{"title":"Hogyan \u00e9p\u00fcl fel a KNX rendszer 2. Elektro Kamleithner","description":"A KNX rendszer gyakorlati megval\u00f3s\u00edt\u00e1sa \u00e9s ki\u00e9p\u00edt\u00e9se. A buszk\u00e1bel, mint az \u00e1tvitel eszk\u00f6ze. A szerel\u00e9s m\u00f3dja.","robots":{"index":"index","follow":"follow","max-snippet":"max-snippet:-1","max-image-preview":"max-image-preview:large","max-video-preview":"max-video-preview:-1"},"canonical":"https:\/\/elektro-kamleithner.hu\/en\/hogyan-epul-fel-a-knx-rendszer-gyakorlati-megvalositas-es-kiepites\/","og_locale":"en_GB","og_type":"article","og_title":"Hogyan \u00e9p\u00fcl fel a KNX rendszer 2. Elektro Kamleithner","og_description":"A KNX rendszer gyakorlati megval\u00f3s\u00edt\u00e1sa \u00e9s ki\u00e9p\u00edt\u00e9se. A buszk\u00e1bel, mint az \u00e1tvitel eszk\u00f6ze. A szerel\u00e9s m\u00f3dja.","og_url":"https:\/\/elektro-kamleithner.hu\/en\/hogyan-epul-fel-a-knx-rendszer-gyakorlati-megvalositas-es-kiepites\/","og_site_name":"Elektro Kamleithner","article_publisher":"https:\/\/www.facebook.com\/ElektroKamleithnerKft\/","article_published_time":"2020-12-02T12:42:30+00:00","og_image":[{"width":1000,"height":662,"url":"https:\/\/elektro-kamleithner.hu\/wp-content\/uploads\/2020\/11\/kep1.jpg","type":"image\/jpeg"}],"author":"Balogh Zolt\u00e1n","twitter_card":"summary_large_image","twitter_misc":{"Written by":"Balogh Zolt\u00e1n","Estimated reading time":"7 minutes"},"schema":{"@context":"https:\/\/schema.org","@graph":[{"@type":"Article","@id":"https:\/\/elektro-kamleithner.hu\/hogyan-epul-fel-a-knx-rendszer-gyakorlati-megvalositas-es-kiepites\/#article","isPartOf":{"@id":"https:\/\/elektro-kamleithner.hu\/hogyan-epul-fel-a-knx-rendszer-gyakorlati-megvalositas-es-kiepites\/"},"author":{"name":"Balogh Zolt\u00e1n","@id":"https:\/\/elektro-kamleithner.hu\/#\/schema\/person\/6bee347fe0f99bcff222317c89ff8c51"},"headline":"Hogyan \u00e9p\u00fcl fel a KNX rendszer? Gyakorlati megval\u00f3s\u00edt\u00e1s \u00e9s ki\u00e9p\u00edt\u00e9s","datePublished":"2020-12-02T12:42:30+00:00","mainEntityOfPage":{"@id":"https:\/\/elektro-kamleithner.hu\/hogyan-epul-fel-a-knx-rendszer-gyakorlati-megvalositas-es-kiepites\/"},"wordCount":1352,"publisher":{"@id":"https:\/\/elektro-kamleithner.hu\/#organization"},"image":{"@id":"https:\/\/elektro-kamleithner.hu\/hogyan-epul-fel-a-knx-rendszer-gyakorlati-megvalositas-es-kiepites\/#primaryimage"},"thumbnailUrl":"https:\/\/elektro-kamleithner.hu\/wp-content\/uploads\/2020\/11\/kep1.jpg","articleSection":["Blog"],"inLanguage":"en-GB"},{"@type":"WebPage","@id":"https:\/\/elektro-kamleithner.hu\/hogyan-epul-fel-a-knx-rendszer-gyakorlati-megvalositas-es-kiepites\/","url":"https:\/\/elektro-kamleithner.hu\/hogyan-epul-fel-a-knx-rendszer-gyakorlati-megvalositas-es-kiepites\/","name":"Hogyan \u00e9p\u00fcl fel a KNX rendszer 2. Elektro Kamleithner","isPartOf":{"@id":"https:\/\/elektro-kamleithner.hu\/#website"},"primaryImageOfPage":{"@id":"https:\/\/elektro-kamleithner.hu\/hogyan-epul-fel-a-knx-rendszer-gyakorlati-megvalositas-es-kiepites\/#primaryimage"},"image":{"@id":"https:\/\/elektro-kamleithner.hu\/hogyan-epul-fel-a-knx-rendszer-gyakorlati-megvalositas-es-kiepites\/#primaryimage"},"thumbnailUrl":"https:\/\/elektro-kamleithner.hu\/wp-content\/uploads\/2020\/11\/kep1.jpg","datePublished":"2020-12-02T12:42:30+00:00","description":"A KNX rendszer gyakorlati megval\u00f3s\u00edt\u00e1sa \u00e9s ki\u00e9p\u00edt\u00e9se. A buszk\u00e1bel, mint az \u00e1tvitel eszk\u00f6ze. A szerel\u00e9s m\u00f3dja.","breadcrumb":{"@id":"https:\/\/elektro-kamleithner.hu\/hogyan-epul-fel-a-knx-rendszer-gyakorlati-megvalositas-es-kiepites\/#breadcrumb"},"inLanguage":"en-GB","potentialAction":[{"@type":"ReadAction","target":["https:\/\/elektro-kamleithner.hu\/hogyan-epul-fel-a-knx-rendszer-gyakorlati-megvalositas-es-kiepites\/"]}]},{"@type":"ImageObject","inLanguage":"en-GB","@id":"https:\/\/elektro-kamleithner.hu\/hogyan-epul-fel-a-knx-rendszer-gyakorlati-megvalositas-es-kiepites\/#primaryimage","url":"https:\/\/elektro-kamleithner.hu\/wp-content\/uploads\/2020\/11\/kep1.jpg","contentUrl":"https:\/\/elektro-kamleithner.hu\/wp-content\/uploads\/2020\/11\/kep1.jpg","width":1000,"height":662,"caption":"k\u00e9p1"},{"@type":"BreadcrumbList","@id":"https:\/\/elektro-kamleithner.hu\/hogyan-epul-fel-a-knx-rendszer-gyakorlati-megvalositas-es-kiepites\/#breadcrumb","itemListElement":[{"@type":"ListItem","position":1,"name":"Kezd\u0151lap","item":"https:\/\/elektro-kamleithner.hu\/"},{"@type":"ListItem","position":2,"name":"Hogyan \u00e9p\u00fcl fel a KNX rendszer? Gyakorlati megval\u00f3s\u00edt\u00e1s \u00e9s ki\u00e9p\u00edt\u00e9s"}]},{"@type":"WebSite","@id":"https:\/\/elektro-kamleithner.hu\/#website","url":"https:\/\/elektro-kamleithner.hu\/","name":"Elektro Kamleithner","description":"Elektro Kamleithner","publisher":{"@id":"https:\/\/elektro-kamleithner.hu\/#organization"},"potentialAction":[{"@type":"SearchAction","target":{"@type":"EntryPoint","urlTemplate":"https:\/\/elektro-kamleithner.hu\/?s={search_term_string}"},"query-input":{"@type":"PropertyValueSpecification","valueRequired":true,"valueName":"search_term_string"}}],"inLanguage":"en-GB"},{"@type":"Organization","@id":"https:\/\/elektro-kamleithner.hu\/#organization","name":"Elektro Kamleithner","url":"https:\/\/elektro-kamleithner.hu\/","logo":{"@type":"ImageObject","inLanguage":"en-GB","@id":"https:\/\/elektro-kamleithner.hu\/#\/schema\/logo\/image\/","url":"https:\/\/elektro-kamleithner.hu\/wp-content\/uploads\/2024\/09\/elektro-white-001.svg","contentUrl":"https:\/\/elektro-kamleithner.hu\/wp-content\/uploads\/2024\/09\/elektro-white-001.svg","width":382,"height":131,"caption":"Elektro Kamleithner"},"image":{"@id":"https:\/\/elektro-kamleithner.hu\/#\/schema\/logo\/image\/"},"sameAs":["https:\/\/www.facebook.com\/ElektroKamleithnerKft\/","https:\/\/www.youtube.com\/channel\/UCdDdwY5NIU2nmN9MjvqnFqg","https:\/\/www.instagram.com\/berker.hu\/"]},{"@type":"Person","@id":"https:\/\/elektro-kamleithner.hu\/#\/schema\/person\/6bee347fe0f99bcff222317c89ff8c51","name":"Balogh Zolt\u00e1n","image":{"@type":"ImageObject","inLanguage":"en-GB","@id":"https:\/\/secure.gravatar.com\/avatar\/83c725ba6ed0c327cf067a335b7156b3cb23f8585104d5ab2cd7bc81e6b47877?s=96&d=mm&r=g","url":"https:\/\/secure.gravatar.com\/avatar\/83c725ba6ed0c327cf067a335b7156b3cb23f8585104d5ab2cd7bc81e6b47877?s=96&d=mm&r=g","contentUrl":"https:\/\/secure.gravatar.com\/avatar\/83c725ba6ed0c327cf067a335b7156b3cb23f8585104d5ab2cd7bc81e6b47877?s=96&d=mm&r=g","caption":"Balogh Zolt\u00e1n"},"url":"https:\/\/elektro-kamleithner.hu\/en\/author\/admin\/"}]}},"_links":{"self":[{"href":"https:\/\/elektro-kamleithner.hu\/en\/wp-json\/wp\/v2\/posts\/2948","targetHints":{"allow":["GET"]}}],"collection":[{"href":"https:\/\/elektro-kamleithner.hu\/en\/wp-json\/wp\/v2\/posts"}],"about":[{"href":"https:\/\/elektro-kamleithner.hu\/en\/wp-json\/wp\/v2\/types\/post"}],"author":[{"embeddable":true,"href":"https:\/\/elektro-kamleithner.hu\/en\/wp-json\/wp\/v2\/users\/2"}],"replies":[{"embeddable":true,"href":"https:\/\/elektro-kamleithner.hu\/en\/wp-json\/wp\/v2\/comments?post=2948"}],"version-history":[{"count":0,"href":"https:\/\/elektro-kamleithner.hu\/en\/wp-json\/wp\/v2\/posts\/2948\/revisions"}],"wp:featuredmedia":[{"embeddable":true,"href":"https:\/\/elektro-kamleithner.hu\/en\/wp-json\/wp\/v2\/media\/3004"}],"wp:attachment":[{"href":"https:\/\/elektro-kamleithner.hu\/en\/wp-json\/wp\/v2\/media?parent=2948"}],"wp:term":[{"taxonomy":"category","embeddable":true,"href":"https:\/\/elektro-kamleithner.hu\/en\/wp-json\/wp\/v2\/categories?post=2948"},{"taxonomy":"post_tag","embeddable":true,"href":"https:\/\/elektro-kamleithner.hu\/en\/wp-json\/wp\/v2\/tags?post=2948"}],"curies":[{"name":"wp","href":"https:\/\/api.w.org\/{rel}","templated":true}]}}