{"id":2891,"date":"2020-10-26T14:07:36","date_gmt":"2020-10-26T13:07:36","guid":{"rendered":"https:\/\/evernox.hu\/berker-integro-szerelvenyek\/"},"modified":"2026-01-29T09:08:21","modified_gmt":"2026-01-29T08:08:21","slug":"berker-integro-szerelvenyek","status":"publish","type":"post","link":"https:\/\/elektro-kamleithner.hu\/en\/berker-integro-szerelvenyek\/","title":{"rendered":"Berker Integro szerelv\u00e9nyek"},"content":{"rendered":"<h3>Kis m\u00e9ret, nagy kaland<\/h3>\n<p>A Berker Integro term\u00e9kcsal\u00e1dn\u00e1l a diz\u00e1jn \u00e9s funkcionalit\u00e1s mellett a m\u00e9ret az, ami igaz\u00e1n kiemelked\u0151 el\u0151nyk\u00e9nt szolg\u00e1l. A hagyom\u00e1nyosn\u00e1l kisebb m\u00e9ret\u0171 kapcsol\u00f3kat lak\u00f3aut\u00f3kn\u00e1l, kism\u00e9ret\u0171 mobil h\u00e1zakn\u00e1l haszn\u00e1lj\u00e1k, illetve a keskeny kapcsol\u00f3dobozoknak k\u00f6sz\u00f6nhet\u0151en ak\u00e1r egy 18mm-es b\u00fatorlapba is be\u00e9p\u00edthet\u0151ek, \u00edgy ide\u00e1lis v\u00e1laszt\u00e1s lehet konyhaszigetekhez, f\u00fcrd\u0151szobaszekr\u00e9nyekhez. A kapcsol\u00f3 rendszer a legszigor\u00fabb elv\u00e1r\u00e1soknak is megfelel: letisztult forma, gyors be\u00e9p\u00edthet\u0151s\u00e9g, a modern kommunik\u00e1ci\u00f3s rendszerek integr\u00e1lhat\u00f3s\u00e1ga. Tov\u00e1bb\u00e1 a vonz\u00f3, divatos sz\u00ednek \u00e9s fel\u00fcletek izgalmas lehet\u0151s\u00e9geket k\u00edn\u00e1lnak a bels\u0151\u00e9p\u00edt\u00e9szetben is.<\/p>\n<p><img decoding=\"async\" src=\"\\&quot;https:\/\/elektro-kamleithner.hu\/wp-content\/uploads\/2026\/01\/e-villamos-6.-jpg.jpgwp-content\/uploads\/2025\/12\/12-_DSC7322-scaled-1.jpgwp-content\/uploads\/2025\/11\/Nevtelen-terv-7.jpgwp-content\/uploads\/2020\/10\/konyha2-275x300.png\\&quot;\" sizes=\"\\&quot;(max-width:\" srcset=\"\\&quot;https:\/\/www.elektro-kamleithner.hu\/wp-content\/uploads\/2020\/10\/konyha2-275x300.png\" alt=\"\\&quot;\\&quot;\" width=\"\\&quot;275\\&quot;\" height=\"\\&quot;300\\&quot;\" \/><\/p>\n<h3>Mobil \u00c9let<\/h3>\n<p>Olyan, mintha otthon lenn\u00e9nk. Az emberek szeretn\u00e9k otthon \u00e9rezni magukat lak\u00f3aut\u00f3jukban, lak\u00f3kocsijukban \u00e9s a haj\u00f3ikban is. \u00dcgyfeleink k\u00f6z\u00f6tt sz\u00e1mos lak\u00f3aut\u00f3 \u00e9s jacht gy\u00e1rt\u00f3 tal\u00e1lhat\u00f3, valamint a <a href=\"\/en\/\\&quot;\/intelligens-epulet-referenciak\/mentoautok\/\\&quot;\/\">ment\u0151aut\u00f3kban,<\/a> <a href=\"\/en\/\\&quot;\/.h\/mav-intercity\/\\&quot;\/\">vonatokban<\/a> \u00e9s m\u00e1s speci\u00e1lis c\u00e9l\u00fa j\u00e1rm\u0171vekben is gyakran haszn\u00e1lj\u00e1k Berker Integro szerelv\u00e9nyeinket.<\/p>\n<p><a href=\"\/en\/\\&quot;\/mentoautok\/\\&quot;\/\"><br \/>\n<img decoding=\"async\" src=\"\\&quot;https:\/\/elektro-kamleithner.hu\/wp-content\/uploads\/2026\/01\/e-villamos-6.-jpg.jpgwp-content\/uploads\/2025\/12\/12-_DSC7322-scaled-1.jpgwp-content\/uploads\/2025\/11\/Nevtelen-terv-7.jpgwp-content\/uploads\/2020\/10\/ElektroK_Mento-9-1.jpg\\&quot;\" sizes=\"\\&quot;(max-width:\" srcset=\"\\&quot;https:\/\/www.elektro-kamleithner.hu\/wp-content\/uploads\/2020\/10\/ElektroK_Mento-9-1.jpg\" alt=\"\\&quot;\\&quot;\" width=\"\\&quot;400\\&quot;\" height=\"\\&quot;250\\&quot;\" \/> <\/a><br \/>\n<img decoding=\"async\" src=\"\\&quot;https:\/\/elektro-kamleithner.hu\/wp-content\/uploads\/2026\/01\/e-villamos-6.-jpg.jpgwp-content\/uploads\/2025\/12\/12-_DSC7322-scaled-1.jpgwp-content\/uploads\/2025\/11\/Nevtelen-terv-7.jpgwp-content\/uploads\/2020\/10\/integro_low.jpg\\&quot;\" sizes=\"\\&quot;(max-width:\" srcset=\"\\&quot;https:\/\/www.elektro-kamleithner.hu\/wp-content\/uploads\/2020\/10\/integro_low.jpg\" alt=\"\\&quot;\\&quot;\" width=\"\\&quot;399\\&quot;\" height=\"\\&quot;250\\&quot;\" \/><br \/>\n<a href=\"\/en\/\\&quot;\/mav-intercity\/\\&quot;\/\"><br \/>\n<img decoding=\"async\" src=\"\\&quot;https:\/\/elektro-kamleithner.hu\/wp-content\/uploads\/2026\/01\/e-villamos-6.-jpg.jpgwp-content\/uploads\/2025\/12\/12-_DSC7322-scaled-1.jpgwp-content\/uploads\/2025\/11\/Nevtelen-terv-7.jpgwp-content\/uploads\/2020\/09\/mav_intercity_2.jpg\\&quot;\" sizes=\"\\&quot;(max-width:\" srcset=\"\\&quot;https:\/\/www.elektro-kamleithner.hu\/wp-content\/uploads\/2020\/09\/mav_intercity_2.jpg\" alt=\"\\&quot;\\&quot;\" width=\"\\&quot;400\\&quot;\" height=\"\\&quot;250\\&quot;\" \/> <\/a><\/p>\n<h3>\u00a0Bels\u0151\u00e9p\u00edt\u00e9szet<\/h3>\n<p>A Berker hossz\u00fa \u00e9vek \u00f3ta azon dolgozik, hogy azokat a tereket, amelyekben \u00e9l\u00fcnk \u00e9s dolgozunk k\u00e9nyelmesebb\u00e9 \u00e9s szem\u00e9lyesebb\u00e9 tegy\u00fck. Sz\u00e9les \u00fcgyf\u00e9lk\u00f6r\u00fckben a mag\u00e1nszem\u00e9lyek mellett megtal\u00e1lhat\u00f3k a hagyom\u00e1nyos b\u00fatorgy\u00e1rt\u00f3k, vil\u00e1g\u00edt\u00e1stechnikai gy\u00e1rt\u00f3k, konyhai \u00e9s f\u00fcrd\u0151szobai b\u00fatorgy\u00e1rt\u00f3k, valamint orvosi \u00e9s laborat\u00f3riumi k\u00f6rnyezetben is sz\u00edvesen haszn\u00e1lj\u00e1k Integro term\u00e9keinket.<\/p>\n<p><img decoding=\"async\" src=\"\\&quot;https:\/\/elektro-kamleithner.hu\/wp-content\/uploads\/2026\/01\/e-villamos-6.-jpg.jpgwp-content\/uploads\/2025\/12\/12-_DSC7322-scaled-1.jpgwp-content\/uploads\/2025\/11\/Nevtelen-terv-7.jpgwp-content\/uploads\/2020\/10\/integro4.png\\&quot;\" sizes=\"\\&quot;(max-width:\" srcset=\"\\&quot;https:\/\/www.elektro-kamleithner.hu\/wp-content\/uploads\/2020\/10\/integro4.png\" alt=\"\\&quot;\\&quot;\" width=\"\\&quot;790\\&quot;\" height=\"\\&quot;151\\&quot;\" \/><br \/>\n<img decoding=\"async\" src=\"\\&quot;https:\/\/elektro-kamleithner.hu\/wp-content\/uploads\/2026\/01\/e-villamos-6.-jpg.jpgwp-content\/uploads\/2025\/12\/12-_DSC7322-scaled-1.jpgwp-content\/uploads\/2025\/11\/Nevtelen-terv-7.jpgwp-content\/uploads\/2020\/10\/integromeret2.png\\&quot;\" sizes=\"\\&quot;(max-width:\" srcset=\"\\&quot;https:\/\/www.elektro-kamleithner.hu\/wp-content\/uploads\/2020\/10\/integromeret2.png\" alt=\"\\&quot;\\&quot;\" width=\"\\&quot;372\\&quot;\" height=\"\\&quot;253\\&quot;\" \/><br \/>\n<img decoding=\"async\" src=\"\\&quot;https:\/\/elektro-kamleithner.hu\/wp-content\/uploads\/2026\/01\/e-villamos-6.-jpg.jpgwp-content\/uploads\/2025\/12\/12-_DSC7322-scaled-1.jpgwp-content\/uploads\/2025\/11\/Nevtelen-terv-7.jpgwp-content\/uploads\/2020\/10\/integromeret1.png\\&quot;\" sizes=\"\\&quot;(max-width:\" srcset=\"\\&quot;https:\/\/www.elektro-kamleithner.hu\/wp-content\/uploads\/2020\/10\/integromeret1.png\" alt=\"\\&quot;\\&quot;\" width=\"\\&quot;313\\&quot;\" height=\"\\&quot;252\\&quot;\" \/><br \/>\n<img decoding=\"async\" src=\"\\&quot;https:\/\/elektro-kamleithner.hu\/wp-content\/uploads\/2026\/01\/e-villamos-6.-jpg.jpgwp-content\/uploads\/2025\/12\/12-_DSC7322-scaled-1.jpgwp-content\/uploads\/2025\/11\/Nevtelen-terv-7.jpgwp-content\/uploads\/2020\/10\/konyha3.png\\&quot;\" sizes=\"\\&quot;(max-width:\" srcset=\"\\&quot;https:\/\/www.elektro-kamleithner.hu\/wp-content\/uploads\/2020\/10\/konyha3.png\" alt=\"\\&quot;\\&quot;\" width=\"\\&quot;596\\&quot;\" height=\"\\&quot;814\\&quot;\" \/><br \/>\n<img decoding=\"async\" src=\"\\&quot;https:\/\/elektro-kamleithner.hu\/wp-content\/uploads\/2026\/01\/e-villamos-6.-jpg.jpgwp-content\/uploads\/2025\/12\/12-_DSC7322-scaled-1.jpgwp-content\/uploads\/2025\/11\/Nevtelen-terv-7.jpgwp-content\/uploads\/2020\/10\/integro_kichen3.jpg\\&quot;\" sizes=\"\\&quot;(max-width:\" srcset=\"\\&quot;https:\/\/www.elektro-kamleithner.hu\/wp-content\/uploads\/2020\/10\/integro_kichen3.jpg\" alt=\"\\&quot;\\&quot;\" width=\"\\&quot;596\\&quot;\" height=\"\\&quot;812\\&quot;\" \/><\/p>","protected":false},"excerpt":{"rendered":"<p>Kis m\u00e9ret, nagy kaland A Berker Integro term\u00e9kcsal\u00e1dn\u00e1l a diz\u00e1jn \u00e9s funkcionalit\u00e1s mellett a m\u00e9ret az, ami igaz\u00e1n kiemelked\u0151 el\u0151nyk\u00e9nt [&hellip;]<\/p>\n","protected":false},"author":2,"featured_media":8880,"comment_status":"closed","ping_status":"open","sticky":false,"template":"","format":"standard","meta":{"_acf_changed":false,"site-sidebar-layout":"default","site-content-layout":"default","ast-site-content-layout":"default","site-content-style":"default","site-sidebar-style":"default","ast-global-header-display":"","ast-banner-title-visibility":"","ast-main-header-display":"","ast-hfb-above-header-display":"","ast-hfb-below-header-display":"","ast-hfb-mobile-header-display":"","site-post-title":"","ast-breadcrumbs-content":"","ast-featured-img":"","footer-sml-layout":"","ast-disable-related-posts":"","theme-transparent-header-meta":"default","adv-header-id-meta":"","stick-header-meta":"default","header-above-stick-meta":"","header-main-stick-meta":"","header-below-stick-meta":"","astra-migrate-meta-layouts":"set","ast-page-background-enabled":"default","ast-page-background-meta":{"desktop":{"background-color":"var(--ast-global-color-4)","background-image":"","background-repeat":"repeat","background-position":"center center","background-size":"auto","background-attachment":"scroll","background-type":"","background-media":"","overlay-type":"","overlay-color":"","overlay-opacity":"","overlay-gradient":""},"tablet":{"background-color":"","background-image":"","background-repeat":"repeat","background-position":"center center","background-size":"auto","background-attachment":"scroll","background-type":"","background-media":"","overlay-type":"","overlay-color":"","overlay-opacity":"","overlay-gradient":""},"mobile":{"background-color":"","background-image":"","background-repeat":"repeat","background-position":"center center","background-size":"auto","background-attachment":"scroll","background-type":"","background-media":"","overlay-type":"","overlay-color":"","overlay-opacity":"","overlay-gradient":""}},"ast-content-background-meta":{"desktop":{"background-color":"var(--ast-global-color-5)","background-image":"","background-repeat":"repeat","background-position":"center center","background-size":"auto","background-attachment":"scroll","background-type":"","background-media":"","overlay-type":"","overlay-color":"","overlay-opacity":"","overlay-gradient":""},"tablet":{"background-color":"var(--ast-global-color-5)","background-image":"","background-repeat":"repeat","background-position":"center center","background-size":"auto","background-attachment":"scroll","background-type":"","background-media":"","overlay-type":"","overlay-color":"","overlay-opacity":"","overlay-gradient":""},"mobile":{"background-color":"var(--ast-global-color-5)","background-image":"","background-repeat":"repeat","background-position":"center center","background-size":"auto","background-attachment":"scroll","background-type":"","background-media":"","overlay-type":"","overlay-color":"","overlay-opacity":"","overlay-gradient":""}},"footnotes":""},"categories":[1],"tags":[],"class_list":["post-2891","post","type-post","status-publish","format-standard","has-post-thumbnail","hentry","category-blog"],"acf":[],"yoast_head":"<!-- This site is optimized with the Yoast SEO plugin v28.3 - https:\/\/yoast.com\/product\/yoast-seo-wordpress\/ -->\n<title>Berker Integro szerelv\u00e9nyek - Elektro Kamleithner<\/title>\n<meta name=\"description\" content=\"A Berker Integro term\u00e9kcsal\u00e1dn\u00e1l a diz\u00e1jn \u00e9s funkcionalit\u00e1s mellett a m\u00e9ret az, ami igaz\u00e1n kiemelked\u0151 el\u0151nyk\u00e9nt szolg\u00e1l. B\u00fatorba szerelhet\u0151\" \/>\n<meta name=\"robots\" content=\"index, follow, max-snippet:-1, max-image-preview:large, max-video-preview:-1\" \/>\n<link rel=\"canonical\" href=\"https:\/\/elektro-kamleithner.hu\/en\/berker-integro-szerelvenyek\/\" \/>\n<meta property=\"og:locale\" content=\"en_GB\" \/>\n<meta property=\"og:type\" content=\"article\" \/>\n<meta property=\"og:title\" content=\"Berker Integro szerelv\u00e9nyek - Elektro Kamleithner\" \/>\n<meta property=\"og:description\" content=\"A Berker Integro term\u00e9kcsal\u00e1dn\u00e1l a diz\u00e1jn \u00e9s funkcionalit\u00e1s mellett a m\u00e9ret az, ami igaz\u00e1n kiemelked\u0151 el\u0151nyk\u00e9nt szolg\u00e1l. B\u00fatorba szerelhet\u0151\" \/>\n<meta property=\"og:url\" content=\"https:\/\/elektro-kamleithner.hu\/en\/berker-integro-szerelvenyek\/\" \/>\n<meta property=\"og:site_name\" content=\"Elektro Kamleithner\" \/>\n<meta property=\"article:publisher\" content=\"https:\/\/www.facebook.com\/ElektroKamleithnerKft\/\" \/>\n<meta property=\"article:published_time\" content=\"2020-10-26T13:07:36+00:00\" \/>\n<meta property=\"article:modified_time\" content=\"2026-01-29T08:08:21+00:00\" \/>\n<meta property=\"og:image\" content=\"https:\/\/elektro-kamleithner.hu\/wp-content\/uploads\/2020\/10\/berker-integro-szerelvenyek-e1769674093683.png\" \/>\n\t<meta property=\"og:image:width\" content=\"596\" \/>\n\t<meta property=\"og:image:height\" content=\"446\" \/>\n\t<meta property=\"og:image:type\" content=\"image\/png\" \/>\n<meta name=\"author\" content=\"Balogh Zolt\u00e1n\" \/>\n<meta name=\"twitter:card\" content=\"summary_large_image\" \/>\n<meta name=\"twitter:label1\" content=\"Written by\" \/>\n\t<meta name=\"twitter:data1\" content=\"Balogh Zolt\u00e1n\" \/>\n\t<meta name=\"twitter:label2\" content=\"Estimated reading time\" \/>\n\t<meta name=\"twitter:data2\" content=\"1 minute\" \/>\n<script type=\"application\/ld+json\" class=\"yoast-schema-graph\">{\"@context\":\"https:\\\/\\\/schema.org\",\"@graph\":[{\"@type\":\"Article\",\"@id\":\"https:\\\/\\\/elektro-kamleithner.hu\\\/berker-integro-szerelvenyek\\\/#article\",\"isPartOf\":{\"@id\":\"https:\\\/\\\/elektro-kamleithner.hu\\\/berker-integro-szerelvenyek\\\/\"},\"author\":{\"name\":\"Balogh Zolt\u00e1n\",\"@id\":\"https:\\\/\\\/elektro-kamleithner.hu\\\/#\\\/schema\\\/person\\\/6bee347fe0f99bcff222317c89ff8c51\"},\"headline\":\"Berker Integro szerelv\u00e9nyek\",\"datePublished\":\"2020-10-26T13:07:36+00:00\",\"dateModified\":\"2026-01-29T08:08:21+00:00\",\"mainEntityOfPage\":{\"@id\":\"https:\\\/\\\/elektro-kamleithner.hu\\\/berker-integro-szerelvenyek\\\/\"},\"wordCount\":285,\"publisher\":{\"@id\":\"https:\\\/\\\/elektro-kamleithner.hu\\\/#organization\"},\"image\":{\"@id\":\"https:\\\/\\\/elektro-kamleithner.hu\\\/berker-integro-szerelvenyek\\\/#primaryimage\"},\"thumbnailUrl\":\"https:\\\/\\\/elektro-kamleithner.hu\\\/wp-content\\\/uploads\\\/2020\\\/10\\\/berker-integro-szerelvenyek-e1769674093683.png\",\"articleSection\":[\"Blog\"],\"inLanguage\":\"en-GB\"},{\"@type\":\"WebPage\",\"@id\":\"https:\\\/\\\/elektro-kamleithner.hu\\\/berker-integro-szerelvenyek\\\/\",\"url\":\"https:\\\/\\\/elektro-kamleithner.hu\\\/berker-integro-szerelvenyek\\\/\",\"name\":\"Berker Integro szerelv\u00e9nyek - Elektro Kamleithner\",\"isPartOf\":{\"@id\":\"https:\\\/\\\/elektro-kamleithner.hu\\\/#website\"},\"primaryImageOfPage\":{\"@id\":\"https:\\\/\\\/elektro-kamleithner.hu\\\/berker-integro-szerelvenyek\\\/#primaryimage\"},\"image\":{\"@id\":\"https:\\\/\\\/elektro-kamleithner.hu\\\/berker-integro-szerelvenyek\\\/#primaryimage\"},\"thumbnailUrl\":\"https:\\\/\\\/elektro-kamleithner.hu\\\/wp-content\\\/uploads\\\/2020\\\/10\\\/berker-integro-szerelvenyek-e1769674093683.png\",\"datePublished\":\"2020-10-26T13:07:36+00:00\",\"dateModified\":\"2026-01-29T08:08:21+00:00\",\"description\":\"A Berker Integro term\u00e9kcsal\u00e1dn\u00e1l a diz\u00e1jn \u00e9s funkcionalit\u00e1s mellett a m\u00e9ret az, ami igaz\u00e1n kiemelked\u0151 el\u0151nyk\u00e9nt szolg\u00e1l. B\u00fatorba szerelhet\u0151\",\"breadcrumb\":{\"@id\":\"https:\\\/\\\/elektro-kamleithner.hu\\\/berker-integro-szerelvenyek\\\/#breadcrumb\"},\"inLanguage\":\"en-GB\",\"potentialAction\":[{\"@type\":\"ReadAction\",\"target\":[\"https:\\\/\\\/elektro-kamleithner.hu\\\/berker-integro-szerelvenyek\\\/\"]}]},{\"@type\":\"ImageObject\",\"inLanguage\":\"en-GB\",\"@id\":\"https:\\\/\\\/elektro-kamleithner.hu\\\/berker-integro-szerelvenyek\\\/#primaryimage\",\"url\":\"https:\\\/\\\/elektro-kamleithner.hu\\\/wp-content\\\/uploads\\\/2020\\\/10\\\/berker-integro-szerelvenyek-e1769674093683.png\",\"contentUrl\":\"https:\\\/\\\/elektro-kamleithner.hu\\\/wp-content\\\/uploads\\\/2020\\\/10\\\/berker-integro-szerelvenyek-e1769674093683.png\",\"width\":596,\"height\":446,\"caption\":\"berker integro szerelvenyek\"},{\"@type\":\"BreadcrumbList\",\"@id\":\"https:\\\/\\\/elektro-kamleithner.hu\\\/berker-integro-szerelvenyek\\\/#breadcrumb\",\"itemListElement\":[{\"@type\":\"ListItem\",\"position\":1,\"name\":\"Kezd\u0151lap\",\"item\":\"https:\\\/\\\/elektro-kamleithner.hu\\\/\"},{\"@type\":\"ListItem\",\"position\":2,\"name\":\"Berker Integro szerelv\u00e9nyek\"}]},{\"@type\":\"WebSite\",\"@id\":\"https:\\\/\\\/elektro-kamleithner.hu\\\/#website\",\"url\":\"https:\\\/\\\/elektro-kamleithner.hu\\\/\",\"name\":\"Elektro Kamleithner\",\"description\":\"Elektro Kamleithner\",\"publisher\":{\"@id\":\"https:\\\/\\\/elektro-kamleithner.hu\\\/#organization\"},\"potentialAction\":[{\"@type\":\"SearchAction\",\"target\":{\"@type\":\"EntryPoint\",\"urlTemplate\":\"https:\\\/\\\/elektro-kamleithner.hu\\\/?s={search_term_string}\"},\"query-input\":{\"@type\":\"PropertyValueSpecification\",\"valueRequired\":true,\"valueName\":\"search_term_string\"}}],\"inLanguage\":\"en-GB\"},{\"@type\":\"Organization\",\"@id\":\"https:\\\/\\\/elektro-kamleithner.hu\\\/#organization\",\"name\":\"Elektro Kamleithner\",\"url\":\"https:\\\/\\\/elektro-kamleithner.hu\\\/\",\"logo\":{\"@type\":\"ImageObject\",\"inLanguage\":\"en-GB\",\"@id\":\"https:\\\/\\\/elektro-kamleithner.hu\\\/#\\\/schema\\\/logo\\\/image\\\/\",\"url\":\"https:\\\/\\\/elektro-kamleithner.hu\\\/wp-content\\\/uploads\\\/2024\\\/09\\\/elektro-white-001.svg\",\"contentUrl\":\"https:\\\/\\\/elektro-kamleithner.hu\\\/wp-content\\\/uploads\\\/2024\\\/09\\\/elektro-white-001.svg\",\"width\":382,\"height\":131,\"caption\":\"Elektro Kamleithner\"},\"image\":{\"@id\":\"https:\\\/\\\/elektro-kamleithner.hu\\\/#\\\/schema\\\/logo\\\/image\\\/\"},\"sameAs\":[\"https:\\\/\\\/www.facebook.com\\\/ElektroKamleithnerKft\\\/\",\"https:\\\/\\\/www.youtube.com\\\/channel\\\/UCdDdwY5NIU2nmN9MjvqnFqg\",\"https:\\\/\\\/www.instagram.com\\\/berker.hu\\\/\"]},{\"@type\":\"Person\",\"@id\":\"https:\\\/\\\/elektro-kamleithner.hu\\\/#\\\/schema\\\/person\\\/6bee347fe0f99bcff222317c89ff8c51\",\"name\":\"Balogh Zolt\u00e1n\",\"image\":{\"@type\":\"ImageObject\",\"inLanguage\":\"en-GB\",\"@id\":\"https:\\\/\\\/secure.gravatar.com\\\/avatar\\\/83c725ba6ed0c327cf067a335b7156b3cb23f8585104d5ab2cd7bc81e6b47877?s=96&d=mm&r=g\",\"url\":\"https:\\\/\\\/secure.gravatar.com\\\/avatar\\\/83c725ba6ed0c327cf067a335b7156b3cb23f8585104d5ab2cd7bc81e6b47877?s=96&d=mm&r=g\",\"contentUrl\":\"https:\\\/\\\/secure.gravatar.com\\\/avatar\\\/83c725ba6ed0c327cf067a335b7156b3cb23f8585104d5ab2cd7bc81e6b47877?s=96&d=mm&r=g\",\"caption\":\"Balogh Zolt\u00e1n\"},\"url\":\"https:\\\/\\\/elektro-kamleithner.hu\\\/en\\\/author\\\/admin\\\/\"}]}<\/script>\n<!-- \/ Yoast SEO plugin. -->","yoast_head_json":{"title":"Berker Integro szerelv\u00e9nyek - Elektro Kamleithner","description":"A Berker Integro term\u00e9kcsal\u00e1dn\u00e1l a diz\u00e1jn \u00e9s funkcionalit\u00e1s mellett a m\u00e9ret az, ami igaz\u00e1n kiemelked\u0151 el\u0151nyk\u00e9nt szolg\u00e1l. B\u00fatorba szerelhet\u0151","robots":{"index":"index","follow":"follow","max-snippet":"max-snippet:-1","max-image-preview":"max-image-preview:large","max-video-preview":"max-video-preview:-1"},"canonical":"https:\/\/elektro-kamleithner.hu\/en\/berker-integro-szerelvenyek\/","og_locale":"en_GB","og_type":"article","og_title":"Berker Integro szerelv\u00e9nyek - Elektro Kamleithner","og_description":"A Berker Integro term\u00e9kcsal\u00e1dn\u00e1l a diz\u00e1jn \u00e9s funkcionalit\u00e1s mellett a m\u00e9ret az, ami igaz\u00e1n kiemelked\u0151 el\u0151nyk\u00e9nt szolg\u00e1l. B\u00fatorba szerelhet\u0151","og_url":"https:\/\/elektro-kamleithner.hu\/en\/berker-integro-szerelvenyek\/","og_site_name":"Elektro Kamleithner","article_publisher":"https:\/\/www.facebook.com\/ElektroKamleithnerKft\/","article_published_time":"2020-10-26T13:07:36+00:00","article_modified_time":"2026-01-29T08:08:21+00:00","og_image":[{"width":596,"height":446,"url":"https:\/\/elektro-kamleithner.hu\/wp-content\/uploads\/2020\/10\/berker-integro-szerelvenyek-e1769674093683.png","type":"image\/png"}],"author":"Balogh Zolt\u00e1n","twitter_card":"summary_large_image","twitter_misc":{"Written by":"Balogh Zolt\u00e1n","Estimated reading time":"1 minute"},"schema":{"@context":"https:\/\/schema.org","@graph":[{"@type":"Article","@id":"https:\/\/elektro-kamleithner.hu\/berker-integro-szerelvenyek\/#article","isPartOf":{"@id":"https:\/\/elektro-kamleithner.hu\/berker-integro-szerelvenyek\/"},"author":{"name":"Balogh Zolt\u00e1n","@id":"https:\/\/elektro-kamleithner.hu\/#\/schema\/person\/6bee347fe0f99bcff222317c89ff8c51"},"headline":"Berker Integro szerelv\u00e9nyek","datePublished":"2020-10-26T13:07:36+00:00","dateModified":"2026-01-29T08:08:21+00:00","mainEntityOfPage":{"@id":"https:\/\/elektro-kamleithner.hu\/berker-integro-szerelvenyek\/"},"wordCount":285,"publisher":{"@id":"https:\/\/elektro-kamleithner.hu\/#organization"},"image":{"@id":"https:\/\/elektro-kamleithner.hu\/berker-integro-szerelvenyek\/#primaryimage"},"thumbnailUrl":"https:\/\/elektro-kamleithner.hu\/wp-content\/uploads\/2020\/10\/berker-integro-szerelvenyek-e1769674093683.png","articleSection":["Blog"],"inLanguage":"en-GB"},{"@type":"WebPage","@id":"https:\/\/elektro-kamleithner.hu\/berker-integro-szerelvenyek\/","url":"https:\/\/elektro-kamleithner.hu\/berker-integro-szerelvenyek\/","name":"Berker Integro szerelv\u00e9nyek - Elektro Kamleithner","isPartOf":{"@id":"https:\/\/elektro-kamleithner.hu\/#website"},"primaryImageOfPage":{"@id":"https:\/\/elektro-kamleithner.hu\/berker-integro-szerelvenyek\/#primaryimage"},"image":{"@id":"https:\/\/elektro-kamleithner.hu\/berker-integro-szerelvenyek\/#primaryimage"},"thumbnailUrl":"https:\/\/elektro-kamleithner.hu\/wp-content\/uploads\/2020\/10\/berker-integro-szerelvenyek-e1769674093683.png","datePublished":"2020-10-26T13:07:36+00:00","dateModified":"2026-01-29T08:08:21+00:00","description":"A Berker Integro term\u00e9kcsal\u00e1dn\u00e1l a diz\u00e1jn \u00e9s funkcionalit\u00e1s mellett a m\u00e9ret az, ami igaz\u00e1n kiemelked\u0151 el\u0151nyk\u00e9nt szolg\u00e1l. B\u00fatorba szerelhet\u0151","breadcrumb":{"@id":"https:\/\/elektro-kamleithner.hu\/berker-integro-szerelvenyek\/#breadcrumb"},"inLanguage":"en-GB","potentialAction":[{"@type":"ReadAction","target":["https:\/\/elektro-kamleithner.hu\/berker-integro-szerelvenyek\/"]}]},{"@type":"ImageObject","inLanguage":"en-GB","@id":"https:\/\/elektro-kamleithner.hu\/berker-integro-szerelvenyek\/#primaryimage","url":"https:\/\/elektro-kamleithner.hu\/wp-content\/uploads\/2020\/10\/berker-integro-szerelvenyek-e1769674093683.png","contentUrl":"https:\/\/elektro-kamleithner.hu\/wp-content\/uploads\/2020\/10\/berker-integro-szerelvenyek-e1769674093683.png","width":596,"height":446,"caption":"berker integro szerelvenyek"},{"@type":"BreadcrumbList","@id":"https:\/\/elektro-kamleithner.hu\/berker-integro-szerelvenyek\/#breadcrumb","itemListElement":[{"@type":"ListItem","position":1,"name":"Kezd\u0151lap","item":"https:\/\/elektro-kamleithner.hu\/"},{"@type":"ListItem","position":2,"name":"Berker Integro szerelv\u00e9nyek"}]},{"@type":"WebSite","@id":"https:\/\/elektro-kamleithner.hu\/#website","url":"https:\/\/elektro-kamleithner.hu\/","name":"Elektro Kamleithner","description":"Elektro Kamleithner","publisher":{"@id":"https:\/\/elektro-kamleithner.hu\/#organization"},"potentialAction":[{"@type":"SearchAction","target":{"@type":"EntryPoint","urlTemplate":"https:\/\/elektro-kamleithner.hu\/?s={search_term_string}"},"query-input":{"@type":"PropertyValueSpecification","valueRequired":true,"valueName":"search_term_string"}}],"inLanguage":"en-GB"},{"@type":"Organization","@id":"https:\/\/elektro-kamleithner.hu\/#organization","name":"Elektro Kamleithner","url":"https:\/\/elektro-kamleithner.hu\/","logo":{"@type":"ImageObject","inLanguage":"en-GB","@id":"https:\/\/elektro-kamleithner.hu\/#\/schema\/logo\/image\/","url":"https:\/\/elektro-kamleithner.hu\/wp-content\/uploads\/2024\/09\/elektro-white-001.svg","contentUrl":"https:\/\/elektro-kamleithner.hu\/wp-content\/uploads\/2024\/09\/elektro-white-001.svg","width":382,"height":131,"caption":"Elektro Kamleithner"},"image":{"@id":"https:\/\/elektro-kamleithner.hu\/#\/schema\/logo\/image\/"},"sameAs":["https:\/\/www.facebook.com\/ElektroKamleithnerKft\/","https:\/\/www.youtube.com\/channel\/UCdDdwY5NIU2nmN9MjvqnFqg","https:\/\/www.instagram.com\/berker.hu\/"]},{"@type":"Person","@id":"https:\/\/elektro-kamleithner.hu\/#\/schema\/person\/6bee347fe0f99bcff222317c89ff8c51","name":"Balogh Zolt\u00e1n","image":{"@type":"ImageObject","inLanguage":"en-GB","@id":"https:\/\/secure.gravatar.com\/avatar\/83c725ba6ed0c327cf067a335b7156b3cb23f8585104d5ab2cd7bc81e6b47877?s=96&d=mm&r=g","url":"https:\/\/secure.gravatar.com\/avatar\/83c725ba6ed0c327cf067a335b7156b3cb23f8585104d5ab2cd7bc81e6b47877?s=96&d=mm&r=g","contentUrl":"https:\/\/secure.gravatar.com\/avatar\/83c725ba6ed0c327cf067a335b7156b3cb23f8585104d5ab2cd7bc81e6b47877?s=96&d=mm&r=g","caption":"Balogh Zolt\u00e1n"},"url":"https:\/\/elektro-kamleithner.hu\/en\/author\/admin\/"}]}},"_links":{"self":[{"href":"https:\/\/elektro-kamleithner.hu\/en\/wp-json\/wp\/v2\/posts\/2891","targetHints":{"allow":["GET"]}}],"collection":[{"href":"https:\/\/elektro-kamleithner.hu\/en\/wp-json\/wp\/v2\/posts"}],"about":[{"href":"https:\/\/elektro-kamleithner.hu\/en\/wp-json\/wp\/v2\/types\/post"}],"author":[{"embeddable":true,"href":"https:\/\/elektro-kamleithner.hu\/en\/wp-json\/wp\/v2\/users\/2"}],"replies":[{"embeddable":true,"href":"https:\/\/elektro-kamleithner.hu\/en\/wp-json\/wp\/v2\/comments?post=2891"}],"version-history":[{"count":1,"href":"https:\/\/elektro-kamleithner.hu\/en\/wp-json\/wp\/v2\/posts\/2891\/revisions"}],"predecessor-version":[{"id":8881,"href":"https:\/\/elektro-kamleithner.hu\/en\/wp-json\/wp\/v2\/posts\/2891\/revisions\/8881"}],"wp:featuredmedia":[{"embeddable":true,"href":"https:\/\/elektro-kamleithner.hu\/en\/wp-json\/wp\/v2\/media\/8880"}],"wp:attachment":[{"href":"https:\/\/elektro-kamleithner.hu\/en\/wp-json\/wp\/v2\/media?parent=2891"}],"wp:term":[{"taxonomy":"category","embeddable":true,"href":"https:\/\/elektro-kamleithner.hu\/en\/wp-json\/wp\/v2\/categories?post=2891"},{"taxonomy":"post_tag","embeddable":true,"href":"https:\/\/elektro-kamleithner.hu\/en\/wp-json\/wp\/v2\/tags?post=2891"}],"curies":[{"name":"wp","href":"https:\/\/api.w.org\/{rel}","templated":true}]}}