{"id":2752,"date":"2020-09-23T08:59:09","date_gmt":"2020-09-23T07:59:09","guid":{"rendered":"https:\/\/evernox.hu\/theben-multiszenzoros-jelenlet-es-levegominoseg-erzekelo-theprema-p360-knx-ap-multi-wh\/"},"modified":"2026-01-29T09:10:33","modified_gmt":"2026-01-29T08:10:33","slug":"theben-multiszenzoros-jelenlet-es-levegominoseg-erzekelo-theprema-p360-knx-ap-multi-wh","status":"publish","type":"post","link":"https:\/\/elektro-kamleithner.hu\/en\/theben-multiszenzoros-jelenlet-es-levegominoseg-erzekelo-theprema-p360-knx-ap-multi-wh\/","title":{"rendered":"Theben multiszenzoros jelenl\u00e9t- \u00e9s leveg\u0151min\u0151s\u00e9g-\u00e9rz\u00e9kel\u0151 &#8211; thePrema P360 KNX AP Multi WH"},"content":{"rendered":"<h3>Le\u00edr\u00e1s<\/h3>\n<p>\u00b7 El\u00e9rhet\u0151: 2020. november<\/p>\n<p>\u00b7 Multiszenzoros KNX eszk\u00f6z<br \/>\n\u00b7 KNX-es passz\u00edv infrav\u00f6r\u00f6s jelenl\u00e9t-\u00e9rz\u00e9kel\u0151b\u0151l \u00e9s leveg\u0151min\u0151s\u00e9g-\u00e9rz\u00e9kel\u0151b\u0151l \u00e1ll (= 2 buszos eszk\u00f6z)<br \/>\n\u00b7 Leveg\u0151min\u0151s\u00e9g \u00e9rz\u00e9kel\u00e9si funkci\u00f3k:<br \/>\n\u00b7 M\u00e9ri a CO2-szintet, a relat\u00edv p\u00e1ratartalmat, a h\u0151m\u00e9rs\u00e9kletet \u00e9s a l\u00e9gnyom\u00e1st<br \/>\n\u00b7 H\u00e1rom f\u00fcggetlen, konfigur\u00e1lhat\u00f3 k\u00fcsz\u00f6b\u00e9rt\u00e9k a CO2-szintre \u00e9s a relat\u00edv p\u00e1ratartalomra<br \/>\n\u00b7 Be\u00e9p\u00edtett egyedi szobatermoszt\u00e1t<br \/>\n\u00b7 4 bin\u00e1ris bemenet<br \/>\n\u00b7 Jelenl\u00e9t-\u00e9rz\u00e9kel\u0151 funkci\u00f3k:<br \/>\n\u00b7 N\u00e9gyzetes 360 \u00b0-os \u00e9rz\u00e9kel\u00e9si tartom\u00e1ny (100 m2-ig) a biztons\u00e1gos \u00e9s egyszer\u0171 tervez\u00e9s \u00e9rdek\u00e9ben<br \/>\n\u00b7 3 csatorn\u00e1s f\u00e9ny\u00e9rz\u00e9kel\u00e9s \u00e9s 2 csatorn\u00e1s jelenl\u00e9t \u00e9rz\u00e9kel\u00e9s<br \/>\n\u00b7 2 csatorn\u00e1s vil\u00e1g\u00edt\u00e1s C1, C2 f\u00e9ny, 2 f\u00e9nym\u00e9r\u00e9ssel \u00e9s kieg\u00e9sz\u00edt\u0151 C3 f\u00e9ny csatorna f\u00e9nyer\u0151 m\u00e9r\u00e9s n\u00e9lk\u00fcl<br \/>\n\u00b7 2 jelenl\u00e9ti csatorna k\u00fcl\u00f6n-k\u00fcl\u00f6n be\u00e1ll\u00edthat\u00f3<br \/>\n\u00b7 Alkalmazhat\u00f3 3 csatorn\u00e1s f\u00e9nym\u00e9r\u00e9sre<br \/>\n\u00b7 Term\u00e9szetes f\u00e9ny m\u00e9r\u00e9s LED-ekhez, f\u00e9nycs\u00f6vekhez (FL \/ PL \/ ESL) \u00e9s halog\u00e9n \/ izz\u00f3l\u00e1mp\u00e1khoz<br \/>\n\u00b7 Haszn\u00e1lhat\u00f3 teljes vagy f\u00e9lautomata m\u00f3dban<br \/>\n\u00b7 Kapcsol\u00e1s vagy \u00e1lland\u00f3 f\u00e9nyer\u0151 szab\u00e1lyoz\u00e1si m\u00f3d k\u00e9szenl\u00e9ti funkci\u00f3val<br \/>\n\u00b7 Szab\u00e1lyozhat\u00f3 vil\u00e1g\u00edt\u00e1s kapcsol\u00f3 \u00fczemm\u00f3dban k\u00e9szenl\u00e9ti funkci\u00f3val<br \/>\n\u00b7 A f\u00e9nyer\u0151 kapcsol\u00e1si \u00e9rt\u00e9ke Luxonk\u00e9nt \u00e1ll\u00edthat\u00f3 a k\u00e9sz\u00fcl\u00e9ken is \u00e9s t\u00e1vir\u00e1ny\u00edt\u00f3val is<br \/>\n\u00b7 Az alapjel \u00e9rt\u00e9ke Luxban a param\u00e9terez\u00e9s sor\u00e1n is \u00e9s t\u00e1vir\u00e1ny\u00edt\u00f3val seg\u00edts\u00e9g\u00e9vel is megadhat\u00f3<br \/>\n\u00b7 A f\u00e9nyer\u0151 kapcsol\u00e1si \u00e9rt\u00e9ke vagy az alapjel \u00e9rt\u00e9ke a m\u00e9rt \u00e9rt\u00e9kre is betan\u00edthat\u00f3<br \/>\n\u00b7 Helyis\u00e9g korrekci\u00f3s t\u00e9nyez\u0151 be\u00e1ll\u00edt\u00e1sa a f\u00e9nyer\u0151 m\u00e9r\u00e9s\u00e9nek kalibr\u00e1l\u00e1s\u00e1hoz<br \/>\n\u00b7 Az ut\u00e1nfut\u00e1s idej\u00e9nek k\u00e9sleltet\u00e9se parametriz\u00e1lhat\u00f3 vagy t\u00e1vir\u00e1ny\u00edt\u00f3val be\u00e1ll\u00edthat\u00f3<br \/>\n\u00b7 Bekapcsol\u00e1s k\u00e9sleltet\u00e9s \u00e9s jelenl\u00e9thez k\u00f6t\u00f6tt k\u00e9sleltet\u00e9s be\u00e1ll\u00edthat\u00f3<br \/>\n\u00b7 Az \u00e9rz\u00e9kel\u00e9s \u00e9rz\u00e9kenys\u00e9ge be\u00e1ll\u00edthat\u00f3<br \/>\n\u00b7 \u00d6ntanul\u00f3 k\u00e9sleltet\u00e9s<br \/>\n\u00b7 R\u00f6videbb k\u00e9sleltet\u00e9s r\u00f6videbb szobai tart\u00f3zkod\u00e1s eset\u00e9n (r\u00f6vid jelenl\u00e9t)<br \/>\n\u00b7 El\u0151re be\u00e1ll\u00edtott vil\u00e1g\u00edt\u00e1si k\u00e9p funkci\u00f3k<br \/>\n\u00b7 Rendk\u00edv\u00fcl egyszer\u0171 az energiatakar\u00e9koss\u00e1gi jellemz\u0151k be\u00e1ll\u00edt\u00e1sa az \u00faj \\&#8221;eco plus\\&#8221; funkci\u00f3val<br \/>\n\u00b7 Teszt \u00fczemm\u00f3d a m\u0171k\u00f6d\u00e9s \u00e9s az \u00e9rz\u00e9kel\u00e9si tartom\u00e1ny ellen\u0151rz\u00e9s\u00e9re<br \/>\n\u00b7 T\u00f6bb \u00e9rz\u00e9kel\u0151 p\u00e1rhuzamos kapcsol\u00e1sa lehets\u00e9ges Master \/ Slave vagy Master \/ Master \u00fczemm\u00f3dban<br \/>\n\u00b7 K\u00fcl\u00f6n felhaszn\u00e1l\u00f3i \u00e9s \u00fczemeltet\u00e9si t\u00e1vir\u00e1ny\u00edt\u00f3 (opcion\u00e1lis)<br \/>\n\u00b7 Szobafigyel\u00e9s<\/p>\n<p>&#8211;<\/p>\n<p><img decoding=\"async\" src=\"\\&quot;https:\/\/elektro-kamleithner.hu\/wp-content\/uploads\/2026\/01\/e-villamos-6.-jpg.jpgwp-content\/uploads\/2025\/12\/12-_DSC7322-scaled-1.jpgwp-content\/uploads\/2025\/11\/Nevtelen-terv-7.jpgwp-content\/uploads\/2020\/09\/theprema.png\\&quot;\" sizes=\"\\&quot;(max-width:\" srcset=\"\\&quot;https:\/\/www.elektro-kamleithner.hu\/wp-content\/uploads\/2020\/09\/theprema.png\" alt=\"\\&quot;\\&quot;\" width=\"\\&quot;406\\&quot;\" height=\"\\&quot;631\\&quot;\" \/><\/p>\n<h3>M\u0171szaki adatok<\/h3>\n<table width=\"\\&quot;756\\&quot;\">\n<tbody>\n<tr>\n<td width=\"\\&quot;284\\&quot;\">Szerel\u00e9si magass\u00e1g<\/td>\n<td width=\"\\&quot;472\\&quot;\">2-10 m<\/td>\n<\/tr>\n<tr>\n<td width=\"\\&quot;284\\&quot;\">Minim\u00e1lis magass\u00e1g<\/td>\n<td width=\"\\&quot;472\\&quot;\">\u00d8\u00a0 1,7<\/td>\n<\/tr>\n<tr>\n<td width=\"\\&quot;284\\&quot;\">A f\u00e9nyer\u0151 m\u00e9r\u00e9se<\/td>\n<td width=\"\\&quot;472\\&quot;\">5 \u2013 3000 lx<\/td>\n<\/tr>\n<tr>\n<td width=\"\\&quot;284\\&quot;\">\u00c9rz\u00e9kel\u00e9si tartom\u00e1ny<\/td>\n<td width=\"\\&quot;472\\&quot;\">360\u00b0<\/td>\n<\/tr>\n<tr>\n<td width=\"\\&quot;284\\&quot;\">Szerel\u00e9s t\u00edpusa<\/td>\n<td width=\"\\&quot;472\\&quot;\">Mennyezeti szerel\u00e9s<\/td>\n<\/tr>\n<tr>\n<td width=\"\\&quot;284\\&quot;\">A vil\u00e1g\u00edt\u00e1s lekapcsol\u00e1s\u00e1nak k\u00e9sleltet\u00e9se<\/td>\n<td width=\"\\&quot;472\\&quot;\">30 s \u2013 60 min \/inakt\u00edv\/be<\/td>\n<\/tr>\n<tr>\n<td width=\"\\&quot;284\\&quot;\">F\u00e9nyforr\u00e1sok<\/td>\n<td width=\"\\&quot;472\\&quot;\">Energiatakar\u00e9kos l\u00e1mp\u00e1k, f\u00e9nycs\u00f6vek, izz\u00f3l\u00e1mp\u00e1k \/ halog\u00e9nl\u00e1mp\u00e1k, LED-ek<\/td>\n<\/tr>\n<tr>\n<td width=\"\\&quot;284\\&quot;\">F\u00e9nym\u00e9r\u00e9s<\/td>\n<td width=\"\\&quot;472\\&quot;\">Vegyes f\u00e9nym\u00e9r\u00e9s<\/td>\n<\/tr>\n<tr>\n<td width=\"\\&quot;284\\&quot;\">Jelenl\u00e9t lekapcsol\u00e1s k\u00e9sleltet\u00e9s<\/td>\n<td width=\"\\&quot;472\\&quot;\">10 s &#8211; 120 min<\/td>\n<\/tr>\n<tr>\n<td width=\"\\&quot;284\\&quot;\">Bekapcsol\u00e1s k\u00e9sleltet\u00e9s jelenl\u00e9t<\/td>\n<td width=\"\\&quot;472\\&quot;\">10 s \u2013 30 min \/ inakt\u00edv<\/td>\n<\/tr>\n<tr>\n<td width=\"\\&quot;284\\&quot;\">K\u00f6rnyezeti h\u0151m\u00e9rs\u00e9klet<\/td>\n<td width=\"\\&quot;472\\&quot;\">5 \u00b0C &#8230; 40 \u00b0C<\/td>\n<\/tr>\n<tr>\n<td width=\"\\&quot;284\\&quot;\">\u00c9rz\u00e9kel\u00e9si tartom\u00e1ny<\/td>\n<td width=\"\\&quot;472\\&quot;\">81 m\u00b2 (9,0 x 9,0 m)<\/td>\n<\/tr>\n<tr>\n<td width=\"\\&quot;284\\&quot;\">Sz\u00edn<\/td>\n<td width=\"\\&quot;472\\&quot;\">Feh\u00e9r<\/td>\n<\/tr>\n<tr>\n<td width=\"\\&quot;284\\&quot;\">CO2\u00a0 m\u00e9r\u00e9si tartom\u00e1ny<\/td>\n<td width=\"\\&quot;472\\&quot;\">300 &#8211; 5000 ppm<\/td>\n<\/tr>\n<tr>\n<td width=\"\\&quot;284\\&quot;\">A h\u0151m\u00e9rs\u00e9klet-tartom\u00e1ny be\u00e1ll\u00edt\u00e1sa<\/td>\n<td width=\"\\&quot;472\\&quot;\">-5 \u00b0C &#8230; 45 \u00b0C<\/td>\n<\/tr>\n<tr>\n<td width=\"\\&quot;284\\&quot;\">A l\u00e9gnyom\u00e1s m\u00e9r\u00e9si tartom\u00e1nya<\/td>\n<td width=\"\\&quot;472\\&quot;\">110000 \u2013 30000 Pa<\/td>\n<\/tr>\n<tr>\n<td width=\"\\&quot;284\\&quot;\">A p\u00e1ratartalom m\u00e9r\u00e9se<\/td>\n<td width=\"\\&quot;472\\&quot;\">1 \u2013 100 % rP<\/td>\n<\/tr>\n<tr>\n<td width=\"\\&quot;284\\&quot;\">A bin\u00e1ris bemenet vezet\u00e9ke max.<\/td>\n<td width=\"\\&quot;472\\&quot;\">30 m<\/td>\n<\/tr>\n<tr>\n<td width=\"\\&quot;284\\&quot;\">IP v\u00e9detts\u00e9g<\/td>\n<td width=\"\\&quot;472\\&quot;\">IP 20<\/td>\n<\/tr>\n<\/tbody>\n<\/table>\n<h3>\u00c9szlel\u00e9si tartom\u00e1nyok referencia \u00e9rt\u00e9kei<\/h3>\n<table width=\"\\&quot;690\\&quot;\">\n<tbody>\n<tr>\n<td width=\"\\&quot;226\\&quot;\"><strong>Szerel\u00e9si magass\u00e1g (A)<\/strong><\/td>\n<td width=\"\\&quot;246\\&quot;\"><strong>\u00dcl\u0151 ember (S)<\/strong><\/td>\n<td width=\"\\&quot;217\\&quot;\"><strong>S\u00e9t\u00e1l\u00f3 ember (T)<\/strong><\/td>\n<\/tr>\n<tr>\n<td width=\"\\&quot;226\\&quot;\">2 m<\/td>\n<td width=\"\\&quot;246\\&quot;\">20 m\u00b2 | 4.5 m x 4.5 m<\/td>\n<td width=\"\\&quot;217\\&quot;\">36 m\u00b2 | 6 m x 6 m \u00b1 0.5 m<\/td>\n<\/tr>\n<tr>\n<td width=\"\\&quot;226\\&quot;\">2,5 m<\/td>\n<td width=\"\\&quot;246\\&quot;\">36 m\u00b2 | 6 m x 6 m<\/td>\n<td width=\"\\&quot;217\\&quot;\">64 m\u00b2 | 8 m x 8 m \u00b1 0.5 m<\/td>\n<\/tr>\n<tr>\n<td width=\"\\&quot;226\\&quot;\">3 m<\/td>\n<td width=\"\\&quot;246\\&quot;\">49 m\u00b2 | 7 m x 7 m<\/td>\n<td width=\"\\&quot;217\\&quot;\">81 m\u00b2 | 9 m x 9 m \u00b1 1 m<\/td>\n<\/tr>\n<tr>\n<td width=\"\\&quot;226\\&quot;\">3,5 m<\/td>\n<td width=\"\\&quot;246\\&quot;\">64 m\u00b2 | 8 m x 8 m<\/td>\n<td width=\"\\&quot;217\\&quot;\">100 m\u00b2 | 10 m x 10 m \u00b1 1 m<\/td>\n<\/tr>\n<tr>\n<td width=\"\\&quot;226\\&quot;\">5 m<\/td>\n<td width=\"\\&quot;246\\&quot;\"><\/td>\n<td width=\"\\&quot;217\\&quot;\">144 m\u00b2 | 12 m x 12 m \u00b1 1.5 m<\/td>\n<\/tr>\n<tr>\n<td width=\"\\&quot;226\\&quot;\">10 m<\/td>\n<td width=\"\\&quot;246\\&quot;\"><\/td>\n<td width=\"\\&quot;217\\&quot;\">400 m\u00b2 | 20 m x 20 m \u00b1 2 m<\/td>\n<\/tr>\n<\/tbody>\n<\/table>\n<p><img decoding=\"async\" src=\"\\&quot;https:\/\/elektro-kamleithner.hu\/wp-content\/uploads\/2026\/01\/e-villamos-6.-jpg.jpgwp-content\/uploads\/2025\/12\/12-_DSC7322-scaled-1.jpgwp-content\/uploads\/2025\/11\/Nevtelen-terv-7.jpgwp-content\/uploads\/2020\/09\/theprema2.png\\&quot;\" sizes=\"\\&quot;(max-width:\" srcset=\"\\&quot;https:\/\/www.elektro-kamleithner.hu\/wp-content\/uploads\/2020\/09\/theprema2.png\" alt=\"\\&quot;\\&quot;\" width=\"\\&quot;903\\&quot;\" height=\"\\&quot;419\\&quot;\" \/><\/p>\n<h3>M\u00e9retrajz<\/h3>\n<p><img decoding=\"async\" src=\"\\&quot;https:\/\/elektro-kamleithner.hu\/wp-content\/uploads\/2026\/01\/e-villamos-6.-jpg.jpgwp-content\/uploads\/2025\/12\/12-_DSC7322-scaled-1.jpgwp-content\/uploads\/2025\/11\/Nevtelen-terv-7.jpgwp-content\/uploads\/2020\/09\/theprema3.png\\&quot;\" sizes=\"\\&quot;(max-width:\" srcset=\"\\&quot;https:\/\/www.elektro-kamleithner.hu\/wp-content\/uploads\/2020\/09\/theprema3.png\" alt=\"\\&quot;\\&quot;\" width=\"\\&quot;383\\&quot;\" height=\"\\&quot;636\\&quot;\" \/><\/p>","protected":false},"excerpt":{"rendered":"<p>Le\u00edr\u00e1s \u00b7 El\u00e9rhet\u0151: 2020. november \u00b7 Multiszenzoros KNX eszk\u00f6z \u00b7 KNX-es passz\u00edv infrav\u00f6r\u00f6s jelenl\u00e9t-\u00e9rz\u00e9kel\u0151b\u0151l \u00e9s leveg\u0151min\u0151s\u00e9g-\u00e9rz\u00e9kel\u0151b\u0151l \u00e1ll (= 2 buszos [&hellip;]<\/p>\n","protected":false},"author":2,"featured_media":8882,"comment_status":"closed","ping_status":"open","sticky":false,"template":"","format":"standard","meta":{"_acf_changed":false,"site-sidebar-layout":"default","site-content-layout":"default","ast-site-content-layout":"default","site-content-style":"default","site-sidebar-style":"default","ast-global-header-display":"","ast-banner-title-visibility":"","ast-main-header-display":"","ast-hfb-above-header-display":"","ast-hfb-below-header-display":"","ast-hfb-mobile-header-display":"","site-post-title":"","ast-breadcrumbs-content":"","ast-featured-img":"","footer-sml-layout":"","ast-disable-related-posts":"","theme-transparent-header-meta":"default","adv-header-id-meta":"","stick-header-meta":"default","header-above-stick-meta":"","header-main-stick-meta":"","header-below-stick-meta":"","astra-migrate-meta-layouts":"set","ast-page-background-enabled":"default","ast-page-background-meta":{"desktop":{"background-color":"var(--ast-global-color-4)","background-image":"","background-repeat":"repeat","background-position":"center center","background-size":"auto","background-attachment":"scroll","background-type":"","background-media":"","overlay-type":"","overlay-color":"","overlay-opacity":"","overlay-gradient":""},"tablet":{"background-color":"","background-image":"","background-repeat":"repeat","background-position":"center center","background-size":"auto","background-attachment":"scroll","background-type":"","background-media":"","overlay-type":"","overlay-color":"","overlay-opacity":"","overlay-gradient":""},"mobile":{"background-color":"","background-image":"","background-repeat":"repeat","background-position":"center center","background-size":"auto","background-attachment":"scroll","background-type":"","background-media":"","overlay-type":"","overlay-color":"","overlay-opacity":"","overlay-gradient":""}},"ast-content-background-meta":{"desktop":{"background-color":"var(--ast-global-color-5)","background-image":"","background-repeat":"repeat","background-position":"center center","background-size":"auto","background-attachment":"scroll","background-type":"","background-media":"","overlay-type":"","overlay-color":"","overlay-opacity":"","overlay-gradient":""},"tablet":{"background-color":"var(--ast-global-color-5)","background-image":"","background-repeat":"repeat","background-position":"center center","background-size":"auto","background-attachment":"scroll","background-type":"","background-media":"","overlay-type":"","overlay-color":"","overlay-opacity":"","overlay-gradient":""},"mobile":{"background-color":"var(--ast-global-color-5)","background-image":"","background-repeat":"repeat","background-position":"center center","background-size":"auto","background-attachment":"scroll","background-type":"","background-media":"","overlay-type":"","overlay-color":"","overlay-opacity":"","overlay-gradient":""}},"footnotes":""},"categories":[1],"tags":[37],"class_list":["post-2752","post","type-post","status-publish","format-standard","has-post-thumbnail","hentry","category-blog","tag-jelenlet-erzekelo"],"acf":[],"yoast_head":"<!-- This site is optimized with the Yoast SEO plugin v28.3 - https:\/\/yoast.com\/product\/yoast-seo-wordpress\/ -->\n<title>Theben jelenl\u00e9t-\u00e9rz\u00e9kel\u0151 thePrema P360 KNX AP Multi WH - Elektro Kamleithner<\/title>\n<meta name=\"description\" content=\"Theben thePrema P360 KNX AP Multi WH multiszenzoros jelenl\u00e9t \u00e9s leveg\u0151min\u0151s\u00e9g KNX-es jelenl\u00e9t-\u00e9rz\u00e9kel\u0151b\u0151l \u00e9s leveg\u0151min\u0151s\u00e9g-\u00e9rz\u00e9kel\u0151b\u0151l \u00e1ll .\" \/>\n<meta name=\"robots\" content=\"index, follow, max-snippet:-1, max-image-preview:large, max-video-preview:-1\" \/>\n<link rel=\"canonical\" href=\"https:\/\/elektro-kamleithner.hu\/en\/theben-multiszenzoros-jelenlet-es-levegominoseg-erzekelo-theprema-p360-knx-ap-multi-wh\/\" \/>\n<meta property=\"og:locale\" content=\"en_GB\" \/>\n<meta property=\"og:type\" content=\"article\" \/>\n<meta property=\"og:title\" content=\"Theben jelenl\u00e9t-\u00e9rz\u00e9kel\u0151 thePrema P360 KNX AP Multi WH - Elektro Kamleithner\" \/>\n<meta property=\"og:description\" content=\"Theben thePrema P360 KNX AP Multi WH multiszenzoros jelenl\u00e9t \u00e9s leveg\u0151min\u0151s\u00e9g KNX-es jelenl\u00e9t-\u00e9rz\u00e9kel\u0151b\u0151l \u00e9s leveg\u0151min\u0151s\u00e9g-\u00e9rz\u00e9kel\u0151b\u0151l \u00e1ll .\" \/>\n<meta property=\"og:url\" content=\"https:\/\/elektro-kamleithner.hu\/en\/theben-multiszenzoros-jelenlet-es-levegominoseg-erzekelo-theprema-p360-knx-ap-multi-wh\/\" \/>\n<meta property=\"og:site_name\" content=\"Elektro Kamleithner\" \/>\n<meta property=\"article:publisher\" content=\"https:\/\/www.facebook.com\/ElektroKamleithnerKft\/\" \/>\n<meta property=\"article:published_time\" content=\"2020-09-23T07:59:09+00:00\" \/>\n<meta property=\"article:modified_time\" content=\"2026-01-29T08:10:33+00:00\" \/>\n<meta property=\"og:image\" content=\"https:\/\/elektro-kamleithner.hu\/wp-content\/uploads\/2020\/09\/theprema-1.png\" \/>\n\t<meta property=\"og:image:width\" content=\"406\" \/>\n\t<meta property=\"og:image:height\" content=\"631\" \/>\n\t<meta property=\"og:image:type\" content=\"image\/png\" \/>\n<meta name=\"author\" content=\"Balogh Zolt\u00e1n\" \/>\n<meta name=\"twitter:card\" content=\"summary_large_image\" \/>\n<meta name=\"twitter:label1\" content=\"Written by\" \/>\n\t<meta name=\"twitter:data1\" content=\"Balogh Zolt\u00e1n\" \/>\n\t<meta name=\"twitter:label2\" content=\"Estimated reading time\" \/>\n\t<meta name=\"twitter:data2\" content=\"4 minutes\" \/>\n<script type=\"application\/ld+json\" class=\"yoast-schema-graph\">{\"@context\":\"https:\\\/\\\/schema.org\",\"@graph\":[{\"@type\":\"Article\",\"@id\":\"https:\\\/\\\/elektro-kamleithner.hu\\\/theben-multiszenzoros-jelenlet-es-levegominoseg-erzekelo-theprema-p360-knx-ap-multi-wh\\\/#article\",\"isPartOf\":{\"@id\":\"https:\\\/\\\/elektro-kamleithner.hu\\\/theben-multiszenzoros-jelenlet-es-levegominoseg-erzekelo-theprema-p360-knx-ap-multi-wh\\\/\"},\"author\":{\"name\":\"Balogh Zolt\u00e1n\",\"@id\":\"https:\\\/\\\/elektro-kamleithner.hu\\\/#\\\/schema\\\/person\\\/6bee347fe0f99bcff222317c89ff8c51\"},\"headline\":\"Theben multiszenzoros jelenl\u00e9t- \u00e9s leveg\u0151min\u0151s\u00e9g-\u00e9rz\u00e9kel\u0151 &#8211; thePrema P360 KNX AP Multi WH\",\"datePublished\":\"2020-09-23T07:59:09+00:00\",\"dateModified\":\"2026-01-29T08:10:33+00:00\",\"mainEntityOfPage\":{\"@id\":\"https:\\\/\\\/elektro-kamleithner.hu\\\/theben-multiszenzoros-jelenlet-es-levegominoseg-erzekelo-theprema-p360-knx-ap-multi-wh\\\/\"},\"wordCount\":745,\"publisher\":{\"@id\":\"https:\\\/\\\/elektro-kamleithner.hu\\\/#organization\"},\"image\":{\"@id\":\"https:\\\/\\\/elektro-kamleithner.hu\\\/theben-multiszenzoros-jelenlet-es-levegominoseg-erzekelo-theprema-p360-knx-ap-multi-wh\\\/#primaryimage\"},\"thumbnailUrl\":\"https:\\\/\\\/elektro-kamleithner.hu\\\/wp-content\\\/uploads\\\/2020\\\/09\\\/theprema-1.png\",\"keywords\":[\"jelenl\u00e9t-\u00e9rz\u00e9kel\u0151\"],\"articleSection\":[\"Blog\"],\"inLanguage\":\"en-GB\"},{\"@type\":\"WebPage\",\"@id\":\"https:\\\/\\\/elektro-kamleithner.hu\\\/theben-multiszenzoros-jelenlet-es-levegominoseg-erzekelo-theprema-p360-knx-ap-multi-wh\\\/\",\"url\":\"https:\\\/\\\/elektro-kamleithner.hu\\\/theben-multiszenzoros-jelenlet-es-levegominoseg-erzekelo-theprema-p360-knx-ap-multi-wh\\\/\",\"name\":\"Theben jelenl\u00e9t-\u00e9rz\u00e9kel\u0151 thePrema P360 KNX AP Multi WH - Elektro Kamleithner\",\"isPartOf\":{\"@id\":\"https:\\\/\\\/elektro-kamleithner.hu\\\/#website\"},\"primaryImageOfPage\":{\"@id\":\"https:\\\/\\\/elektro-kamleithner.hu\\\/theben-multiszenzoros-jelenlet-es-levegominoseg-erzekelo-theprema-p360-knx-ap-multi-wh\\\/#primaryimage\"},\"image\":{\"@id\":\"https:\\\/\\\/elektro-kamleithner.hu\\\/theben-multiszenzoros-jelenlet-es-levegominoseg-erzekelo-theprema-p360-knx-ap-multi-wh\\\/#primaryimage\"},\"thumbnailUrl\":\"https:\\\/\\\/elektro-kamleithner.hu\\\/wp-content\\\/uploads\\\/2020\\\/09\\\/theprema-1.png\",\"datePublished\":\"2020-09-23T07:59:09+00:00\",\"dateModified\":\"2026-01-29T08:10:33+00:00\",\"description\":\"Theben thePrema P360 KNX AP Multi WH multiszenzoros jelenl\u00e9t \u00e9s leveg\u0151min\u0151s\u00e9g KNX-es jelenl\u00e9t-\u00e9rz\u00e9kel\u0151b\u0151l \u00e9s leveg\u0151min\u0151s\u00e9g-\u00e9rz\u00e9kel\u0151b\u0151l \u00e1ll .\",\"breadcrumb\":{\"@id\":\"https:\\\/\\\/elektro-kamleithner.hu\\\/theben-multiszenzoros-jelenlet-es-levegominoseg-erzekelo-theprema-p360-knx-ap-multi-wh\\\/#breadcrumb\"},\"inLanguage\":\"en-GB\",\"potentialAction\":[{\"@type\":\"ReadAction\",\"target\":[\"https:\\\/\\\/elektro-kamleithner.hu\\\/theben-multiszenzoros-jelenlet-es-levegominoseg-erzekelo-theprema-p360-knx-ap-multi-wh\\\/\"]}]},{\"@type\":\"ImageObject\",\"inLanguage\":\"en-GB\",\"@id\":\"https:\\\/\\\/elektro-kamleithner.hu\\\/theben-multiszenzoros-jelenlet-es-levegominoseg-erzekelo-theprema-p360-knx-ap-multi-wh\\\/#primaryimage\",\"url\":\"https:\\\/\\\/elektro-kamleithner.hu\\\/wp-content\\\/uploads\\\/2020\\\/09\\\/theprema-1.png\",\"contentUrl\":\"https:\\\/\\\/elektro-kamleithner.hu\\\/wp-content\\\/uploads\\\/2020\\\/09\\\/theprema-1.png\",\"width\":406,\"height\":631,\"caption\":\"theprema\"},{\"@type\":\"BreadcrumbList\",\"@id\":\"https:\\\/\\\/elektro-kamleithner.hu\\\/theben-multiszenzoros-jelenlet-es-levegominoseg-erzekelo-theprema-p360-knx-ap-multi-wh\\\/#breadcrumb\",\"itemListElement\":[{\"@type\":\"ListItem\",\"position\":1,\"name\":\"Kezd\u0151lap\",\"item\":\"https:\\\/\\\/elektro-kamleithner.hu\\\/\"},{\"@type\":\"ListItem\",\"position\":2,\"name\":\"Theben multiszenzoros jelenl\u00e9t- \u00e9s leveg\u0151min\u0151s\u00e9g-\u00e9rz\u00e9kel\u0151 &#8211; thePrema P360 KNX AP Multi WH\"}]},{\"@type\":\"WebSite\",\"@id\":\"https:\\\/\\\/elektro-kamleithner.hu\\\/#website\",\"url\":\"https:\\\/\\\/elektro-kamleithner.hu\\\/\",\"name\":\"Elektro Kamleithner\",\"description\":\"Elektro Kamleithner\",\"publisher\":{\"@id\":\"https:\\\/\\\/elektro-kamleithner.hu\\\/#organization\"},\"potentialAction\":[{\"@type\":\"SearchAction\",\"target\":{\"@type\":\"EntryPoint\",\"urlTemplate\":\"https:\\\/\\\/elektro-kamleithner.hu\\\/?s={search_term_string}\"},\"query-input\":{\"@type\":\"PropertyValueSpecification\",\"valueRequired\":true,\"valueName\":\"search_term_string\"}}],\"inLanguage\":\"en-GB\"},{\"@type\":\"Organization\",\"@id\":\"https:\\\/\\\/elektro-kamleithner.hu\\\/#organization\",\"name\":\"Elektro Kamleithner\",\"url\":\"https:\\\/\\\/elektro-kamleithner.hu\\\/\",\"logo\":{\"@type\":\"ImageObject\",\"inLanguage\":\"en-GB\",\"@id\":\"https:\\\/\\\/elektro-kamleithner.hu\\\/#\\\/schema\\\/logo\\\/image\\\/\",\"url\":\"https:\\\/\\\/elektro-kamleithner.hu\\\/wp-content\\\/uploads\\\/2024\\\/09\\\/elektro-white-001.svg\",\"contentUrl\":\"https:\\\/\\\/elektro-kamleithner.hu\\\/wp-content\\\/uploads\\\/2024\\\/09\\\/elektro-white-001.svg\",\"width\":382,\"height\":131,\"caption\":\"Elektro Kamleithner\"},\"image\":{\"@id\":\"https:\\\/\\\/elektro-kamleithner.hu\\\/#\\\/schema\\\/logo\\\/image\\\/\"},\"sameAs\":[\"https:\\\/\\\/www.facebook.com\\\/ElektroKamleithnerKft\\\/\",\"https:\\\/\\\/www.youtube.com\\\/channel\\\/UCdDdwY5NIU2nmN9MjvqnFqg\",\"https:\\\/\\\/www.instagram.com\\\/berker.hu\\\/\"]},{\"@type\":\"Person\",\"@id\":\"https:\\\/\\\/elektro-kamleithner.hu\\\/#\\\/schema\\\/person\\\/6bee347fe0f99bcff222317c89ff8c51\",\"name\":\"Balogh Zolt\u00e1n\",\"image\":{\"@type\":\"ImageObject\",\"inLanguage\":\"en-GB\",\"@id\":\"https:\\\/\\\/secure.gravatar.com\\\/avatar\\\/83c725ba6ed0c327cf067a335b7156b3cb23f8585104d5ab2cd7bc81e6b47877?s=96&d=mm&r=g\",\"url\":\"https:\\\/\\\/secure.gravatar.com\\\/avatar\\\/83c725ba6ed0c327cf067a335b7156b3cb23f8585104d5ab2cd7bc81e6b47877?s=96&d=mm&r=g\",\"contentUrl\":\"https:\\\/\\\/secure.gravatar.com\\\/avatar\\\/83c725ba6ed0c327cf067a335b7156b3cb23f8585104d5ab2cd7bc81e6b47877?s=96&d=mm&r=g\",\"caption\":\"Balogh Zolt\u00e1n\"},\"url\":\"https:\\\/\\\/elektro-kamleithner.hu\\\/en\\\/author\\\/admin\\\/\"}]}<\/script>\n<!-- \/ Yoast SEO plugin. -->","yoast_head_json":{"title":"Theben jelenl\u00e9t-\u00e9rz\u00e9kel\u0151 thePrema P360 KNX AP Multi WH - Elektro Kamleithner","description":"Theben thePrema P360 KNX AP Multi WH multiszenzoros jelenl\u00e9t \u00e9s leveg\u0151min\u0151s\u00e9g KNX-es jelenl\u00e9t-\u00e9rz\u00e9kel\u0151b\u0151l \u00e9s leveg\u0151min\u0151s\u00e9g-\u00e9rz\u00e9kel\u0151b\u0151l \u00e1ll .","robots":{"index":"index","follow":"follow","max-snippet":"max-snippet:-1","max-image-preview":"max-image-preview:large","max-video-preview":"max-video-preview:-1"},"canonical":"https:\/\/elektro-kamleithner.hu\/en\/theben-multiszenzoros-jelenlet-es-levegominoseg-erzekelo-theprema-p360-knx-ap-multi-wh\/","og_locale":"en_GB","og_type":"article","og_title":"Theben jelenl\u00e9t-\u00e9rz\u00e9kel\u0151 thePrema P360 KNX AP Multi WH - Elektro Kamleithner","og_description":"Theben thePrema P360 KNX AP Multi WH multiszenzoros jelenl\u00e9t \u00e9s leveg\u0151min\u0151s\u00e9g KNX-es jelenl\u00e9t-\u00e9rz\u00e9kel\u0151b\u0151l \u00e9s leveg\u0151min\u0151s\u00e9g-\u00e9rz\u00e9kel\u0151b\u0151l \u00e1ll .","og_url":"https:\/\/elektro-kamleithner.hu\/en\/theben-multiszenzoros-jelenlet-es-levegominoseg-erzekelo-theprema-p360-knx-ap-multi-wh\/","og_site_name":"Elektro Kamleithner","article_publisher":"https:\/\/www.facebook.com\/ElektroKamleithnerKft\/","article_published_time":"2020-09-23T07:59:09+00:00","article_modified_time":"2026-01-29T08:10:33+00:00","og_image":[{"width":406,"height":631,"url":"https:\/\/elektro-kamleithner.hu\/wp-content\/uploads\/2020\/09\/theprema-1.png","type":"image\/png"}],"author":"Balogh Zolt\u00e1n","twitter_card":"summary_large_image","twitter_misc":{"Written by":"Balogh Zolt\u00e1n","Estimated reading time":"4 minutes"},"schema":{"@context":"https:\/\/schema.org","@graph":[{"@type":"Article","@id":"https:\/\/elektro-kamleithner.hu\/theben-multiszenzoros-jelenlet-es-levegominoseg-erzekelo-theprema-p360-knx-ap-multi-wh\/#article","isPartOf":{"@id":"https:\/\/elektro-kamleithner.hu\/theben-multiszenzoros-jelenlet-es-levegominoseg-erzekelo-theprema-p360-knx-ap-multi-wh\/"},"author":{"name":"Balogh Zolt\u00e1n","@id":"https:\/\/elektro-kamleithner.hu\/#\/schema\/person\/6bee347fe0f99bcff222317c89ff8c51"},"headline":"Theben multiszenzoros jelenl\u00e9t- \u00e9s leveg\u0151min\u0151s\u00e9g-\u00e9rz\u00e9kel\u0151 &#8211; thePrema P360 KNX AP Multi WH","datePublished":"2020-09-23T07:59:09+00:00","dateModified":"2026-01-29T08:10:33+00:00","mainEntityOfPage":{"@id":"https:\/\/elektro-kamleithner.hu\/theben-multiszenzoros-jelenlet-es-levegominoseg-erzekelo-theprema-p360-knx-ap-multi-wh\/"},"wordCount":745,"publisher":{"@id":"https:\/\/elektro-kamleithner.hu\/#organization"},"image":{"@id":"https:\/\/elektro-kamleithner.hu\/theben-multiszenzoros-jelenlet-es-levegominoseg-erzekelo-theprema-p360-knx-ap-multi-wh\/#primaryimage"},"thumbnailUrl":"https:\/\/elektro-kamleithner.hu\/wp-content\/uploads\/2020\/09\/theprema-1.png","keywords":["jelenl\u00e9t-\u00e9rz\u00e9kel\u0151"],"articleSection":["Blog"],"inLanguage":"en-GB"},{"@type":"WebPage","@id":"https:\/\/elektro-kamleithner.hu\/theben-multiszenzoros-jelenlet-es-levegominoseg-erzekelo-theprema-p360-knx-ap-multi-wh\/","url":"https:\/\/elektro-kamleithner.hu\/theben-multiszenzoros-jelenlet-es-levegominoseg-erzekelo-theprema-p360-knx-ap-multi-wh\/","name":"Theben jelenl\u00e9t-\u00e9rz\u00e9kel\u0151 thePrema P360 KNX AP Multi WH - Elektro Kamleithner","isPartOf":{"@id":"https:\/\/elektro-kamleithner.hu\/#website"},"primaryImageOfPage":{"@id":"https:\/\/elektro-kamleithner.hu\/theben-multiszenzoros-jelenlet-es-levegominoseg-erzekelo-theprema-p360-knx-ap-multi-wh\/#primaryimage"},"image":{"@id":"https:\/\/elektro-kamleithner.hu\/theben-multiszenzoros-jelenlet-es-levegominoseg-erzekelo-theprema-p360-knx-ap-multi-wh\/#primaryimage"},"thumbnailUrl":"https:\/\/elektro-kamleithner.hu\/wp-content\/uploads\/2020\/09\/theprema-1.png","datePublished":"2020-09-23T07:59:09+00:00","dateModified":"2026-01-29T08:10:33+00:00","description":"Theben thePrema P360 KNX AP Multi WH multiszenzoros jelenl\u00e9t \u00e9s leveg\u0151min\u0151s\u00e9g KNX-es jelenl\u00e9t-\u00e9rz\u00e9kel\u0151b\u0151l \u00e9s leveg\u0151min\u0151s\u00e9g-\u00e9rz\u00e9kel\u0151b\u0151l \u00e1ll .","breadcrumb":{"@id":"https:\/\/elektro-kamleithner.hu\/theben-multiszenzoros-jelenlet-es-levegominoseg-erzekelo-theprema-p360-knx-ap-multi-wh\/#breadcrumb"},"inLanguage":"en-GB","potentialAction":[{"@type":"ReadAction","target":["https:\/\/elektro-kamleithner.hu\/theben-multiszenzoros-jelenlet-es-levegominoseg-erzekelo-theprema-p360-knx-ap-multi-wh\/"]}]},{"@type":"ImageObject","inLanguage":"en-GB","@id":"https:\/\/elektro-kamleithner.hu\/theben-multiszenzoros-jelenlet-es-levegominoseg-erzekelo-theprema-p360-knx-ap-multi-wh\/#primaryimage","url":"https:\/\/elektro-kamleithner.hu\/wp-content\/uploads\/2020\/09\/theprema-1.png","contentUrl":"https:\/\/elektro-kamleithner.hu\/wp-content\/uploads\/2020\/09\/theprema-1.png","width":406,"height":631,"caption":"theprema"},{"@type":"BreadcrumbList","@id":"https:\/\/elektro-kamleithner.hu\/theben-multiszenzoros-jelenlet-es-levegominoseg-erzekelo-theprema-p360-knx-ap-multi-wh\/#breadcrumb","itemListElement":[{"@type":"ListItem","position":1,"name":"Kezd\u0151lap","item":"https:\/\/elektro-kamleithner.hu\/"},{"@type":"ListItem","position":2,"name":"Theben multiszenzoros jelenl\u00e9t- \u00e9s leveg\u0151min\u0151s\u00e9g-\u00e9rz\u00e9kel\u0151 &#8211; thePrema P360 KNX AP Multi WH"}]},{"@type":"WebSite","@id":"https:\/\/elektro-kamleithner.hu\/#website","url":"https:\/\/elektro-kamleithner.hu\/","name":"Elektro Kamleithner","description":"Elektro Kamleithner","publisher":{"@id":"https:\/\/elektro-kamleithner.hu\/#organization"},"potentialAction":[{"@type":"SearchAction","target":{"@type":"EntryPoint","urlTemplate":"https:\/\/elektro-kamleithner.hu\/?s={search_term_string}"},"query-input":{"@type":"PropertyValueSpecification","valueRequired":true,"valueName":"search_term_string"}}],"inLanguage":"en-GB"},{"@type":"Organization","@id":"https:\/\/elektro-kamleithner.hu\/#organization","name":"Elektro Kamleithner","url":"https:\/\/elektro-kamleithner.hu\/","logo":{"@type":"ImageObject","inLanguage":"en-GB","@id":"https:\/\/elektro-kamleithner.hu\/#\/schema\/logo\/image\/","url":"https:\/\/elektro-kamleithner.hu\/wp-content\/uploads\/2024\/09\/elektro-white-001.svg","contentUrl":"https:\/\/elektro-kamleithner.hu\/wp-content\/uploads\/2024\/09\/elektro-white-001.svg","width":382,"height":131,"caption":"Elektro Kamleithner"},"image":{"@id":"https:\/\/elektro-kamleithner.hu\/#\/schema\/logo\/image\/"},"sameAs":["https:\/\/www.facebook.com\/ElektroKamleithnerKft\/","https:\/\/www.youtube.com\/channel\/UCdDdwY5NIU2nmN9MjvqnFqg","https:\/\/www.instagram.com\/berker.hu\/"]},{"@type":"Person","@id":"https:\/\/elektro-kamleithner.hu\/#\/schema\/person\/6bee347fe0f99bcff222317c89ff8c51","name":"Balogh Zolt\u00e1n","image":{"@type":"ImageObject","inLanguage":"en-GB","@id":"https:\/\/secure.gravatar.com\/avatar\/83c725ba6ed0c327cf067a335b7156b3cb23f8585104d5ab2cd7bc81e6b47877?s=96&d=mm&r=g","url":"https:\/\/secure.gravatar.com\/avatar\/83c725ba6ed0c327cf067a335b7156b3cb23f8585104d5ab2cd7bc81e6b47877?s=96&d=mm&r=g","contentUrl":"https:\/\/secure.gravatar.com\/avatar\/83c725ba6ed0c327cf067a335b7156b3cb23f8585104d5ab2cd7bc81e6b47877?s=96&d=mm&r=g","caption":"Balogh Zolt\u00e1n"},"url":"https:\/\/elektro-kamleithner.hu\/en\/author\/admin\/"}]}},"_links":{"self":[{"href":"https:\/\/elektro-kamleithner.hu\/en\/wp-json\/wp\/v2\/posts\/2752","targetHints":{"allow":["GET"]}}],"collection":[{"href":"https:\/\/elektro-kamleithner.hu\/en\/wp-json\/wp\/v2\/posts"}],"about":[{"href":"https:\/\/elektro-kamleithner.hu\/en\/wp-json\/wp\/v2\/types\/post"}],"author":[{"embeddable":true,"href":"https:\/\/elektro-kamleithner.hu\/en\/wp-json\/wp\/v2\/users\/2"}],"replies":[{"embeddable":true,"href":"https:\/\/elektro-kamleithner.hu\/en\/wp-json\/wp\/v2\/comments?post=2752"}],"version-history":[{"count":1,"href":"https:\/\/elektro-kamleithner.hu\/en\/wp-json\/wp\/v2\/posts\/2752\/revisions"}],"predecessor-version":[{"id":8883,"href":"https:\/\/elektro-kamleithner.hu\/en\/wp-json\/wp\/v2\/posts\/2752\/revisions\/8883"}],"wp:featuredmedia":[{"embeddable":true,"href":"https:\/\/elektro-kamleithner.hu\/en\/wp-json\/wp\/v2\/media\/8882"}],"wp:attachment":[{"href":"https:\/\/elektro-kamleithner.hu\/en\/wp-json\/wp\/v2\/media?parent=2752"}],"wp:term":[{"taxonomy":"category","embeddable":true,"href":"https:\/\/elektro-kamleithner.hu\/en\/wp-json\/wp\/v2\/categories?post=2752"},{"taxonomy":"post_tag","embeddable":true,"href":"https:\/\/elektro-kamleithner.hu\/en\/wp-json\/wp\/v2\/tags?post=2752"}],"curies":[{"name":"wp","href":"https:\/\/api.w.org\/{rel}","templated":true}]}}