{"id":2598,"date":"2020-08-27T12:06:30","date_gmt":"2020-08-27T11:06:30","guid":{"rendered":"https:\/\/evernox.hu\/a-felmeresek-szerint-a-knx-az-intelligens-otthonok-piacvezeto-technologiaja\/"},"modified":"2020-08-27T12:06:30","modified_gmt":"2020-08-27T11:06:30","slug":"a-felmeresek-szerint-a-knx-az-intelligens-otthonok-piacvezeto-technologiaja","status":"publish","type":"post","link":"https:\/\/elektro-kamleithner.hu\/en\/a-felmeresek-szerint-a-knx-az-intelligens-otthonok-piacvezeto-technologiaja\/","title":{"rendered":"A felm\u00e9r\u00e9sek szerint a KNX az intelligens otthonok piacvezet\u0151 technol\u00f3gi\u00e1ja"},"content":{"rendered":"<h5>373 milli\u00f3 <a href=\"\/en\/\"https:>KNX<\/a> eszk\u00f6zt telep\u00edtettek eddig, a <a href=\"\/en\/\"https:>KNX<\/a> 30. \u00e9vfordul\u00f3j\u00e1ig<\/h5>\n<p>A leg\u00fajabb tanulm\u00e1nyok szerint a k\u00fcl\u00f6nb\u00f6z\u0151 intelligens otthon megold\u00e1sok egyre n\u00e9pszer\u0171bbek. A kl\u00edmav\u00e9delemhez \u00e9s a meg\u00fajul\u00f3 energia felhaszn\u00e1l\u00e1s\u00e1hoz val\u00f3 hat\u00e9kony hozz\u00e1j\u00e1rul\u00e1suk n\u00f6velik ezt a keresletet. A n\u00e9met ZVEH* villamoss\u00e1gi szakemberek k\u00f6r\u00e9ben v\u00e9gzett felm\u00e9r\u00e9se szerint a KNX a vezet\u0151 intelligens otthon technol\u00f3gia az \u00f6n\u00e1ll\u00f3 csal\u00e1di h\u00e1zakn\u00e1l, 53%-os piaci r\u00e9szesed\u00e9ssel, \u00e9s egy\u00e9rtelm\u0171 n\u00f6veked\u00e9s v\u00e1rhat\u00f3 az elk\u00f6vetkez\u0151 \u00e9vekben. Az \u00faj GfK piackutat\u00e1s eredm\u00e9nyei is al\u00e1t\u00e1masztj\u00e1k ezt a piaci \u00e9rt\u00e9kel\u00e9st, mivel meger\u0151s\u00edtik, hogy 2018-hoz k\u00e9pest a KNX az elad\u00e1si darabsz\u00e1mokban \u00e9s az elad\u00e1si \u00e9rt\u00e9kben t\u00f6bb mint 14%-kal n\u0151tt az elm\u00falt \u00e9vhez k\u00e9pest.<\/p>\n<h5>Az el\u0151rejelz\u00e9sek szerint az Egyes\u00fclt \u00c1llamokban, K\u00edn\u00e1ban \u00e9s Eur\u00f3p\u00e1ban is er\u0151teljes n\u00f6veked\u00e9s v\u00e1rhat\u00f3<\/h5>\n<p>Ezt t\u00e1masztj\u00e1k al\u00e1 a k\u00fcl\u00f6nb\u00f6z\u0151 piackutat\u00f3 v\u00e1llalatok el\u0151rejelz\u00e9sei is a legfontosabb piacokr\u00f3l: m\u00edg az Egyes\u00fclt \u00c1llamokban &#8211; a legnagyobb okosotthon piacon &#8211; a piac volumene 2023-ig v\u00e1rhat\u00f3an t\u00f6bb mint k\u00e9tszeres\u00e9re, 37 milli\u00e1rd eur\u00f3ra fog n\u0151ni, addig K\u00edn\u00e1ban, a m\u00e1sodik legnagyobb piacon 20%-os \u00e9ves n\u00f6veked\u00e9s v\u00e1rhat\u00f3. Eur\u00f3pa is felz\u00e1rk\u00f3zik, plusz 120%-kal. Ebben olyan orsz\u00e1gok j\u00e1tszanak vezet\u0151 szerepet, mint N\u00e9metorsz\u00e1g, az Egyes\u00fclt Kir\u00e1lys\u00e1g \u00e9s Franciaorsz\u00e1g, \u0151ket Olaszorsz\u00e1g \u00e9s Spanyolorsz\u00e1g k\u00f6veti. A vil\u00e1g legnagyobb trendjei k\u00f6z\u00e9 tartozik az intelligens otthon, az intelligens mobilit\u00e1s, valamint az \u00e9p\u00fcletek energiagazd\u00e1lkod\u00e1si-, valamint h\u0171t\u0151, szell\u0151ztet\u0151 \u00e9s l\u00e9gkondicion\u00e1l\u00f3 (HVAC) rendszerei. Ezek a ter\u00fcletek mind vez\u00e9relhet\u0151k KNX rendszerrel. A GfK piackutat\u00e1sa szerint a KNX n\u00f6veked\u00e9se itt m\u00e9g er\u0151teljesebb lesz, \u00e9vente t\u00f6bb mint 15%-os n\u00f6veked\u00e9st mutat majd a HVAC \u00e9s a kapcsol\u00f3berendez\u00e9sek ter\u00fclet\u00e9n.<\/p>\n<h5>\u00daj lehet\u0151s\u00e9gek a rendszerintegr\u00e1torok sz\u00e1m\u00e1ra<\/h5>\n<p>Az intelligens otthoni megold\u00e1sok piaca l\u00e9nyeges v\u00e1ltoz\u00e1son megy kereszt\u00fcl. Mostan\u00e1ig a piacot alapvet\u0151en az alacsony k\u00fcsz\u00f6b\u00e9rt\u00e9k\u0171 alkalmaz\u00e1sok, p\u00e9ld\u00e1ul hangvez\u00e9rl\u0151 rendszerek alak\u00edtott\u00e1k, de ma m\u00e1r egyre kifinomultabb \u00e9p\u00fcletautomatiz\u00e1l\u00e1si megold\u00e1sokra van sz\u00fcks\u00e9g a lak\u00f3\u00e9p\u00fcletekben. A ZVEH felm\u00e9r\u00e9se szerint a szak\u00e9rt\u0151k 42,2%-a meg van gy\u0151z\u0151dve arr\u00f3l, hogy ez a fejl\u0151d\u00e9s \u00faj lehet\u0151s\u00e9geket k\u00edn\u00e1l a rendszerintegr\u00e1torok sz\u00e1m\u00e1ra, mik\u00f6zben a piac tov\u00e1bbra is n\u00f6vekedni fog. A KNX sz\u00e1m\u00e1ra a felm\u00e9r\u00e9s a csal\u00e1di h\u00e1zak tov\u00e1bbi n\u00f6veked\u00e9s\u00e9t jelzi az elk\u00f6vetkez\u0151 n\u00e9h\u00e1ny \u00e9vben.<\/p>\n<p>*ZVEH &#8211; N\u00e9met Villamos- \u00e9s Inform\u00e1ci\u00f3technol\u00f3giai Kereskedelem K\u00f6zpont Sz\u00f6vets\u00e9ge<\/p>\n<p>Forr\u00e1s: <a href=\"\/en\/\"http:>knx.org<\/a><\/p>","protected":false},"excerpt":{"rendered":"<p>373 milli\u00f3 KNX eszk\u00f6zt telep\u00edtettek eddig, a KNX 30. \u00e9vfordul\u00f3j\u00e1ig A leg\u00fajabb tanulm\u00e1nyok szerint a k\u00fcl\u00f6nb\u00f6z\u0151 intelligens otthon megold\u00e1sok egyre [&hellip;]<\/p>\n","protected":false},"author":2,"featured_media":2601,"comment_status":"closed","ping_status":"open","sticky":false,"template":"","format":"standard","meta":{"_acf_changed":false,"site-sidebar-layout":"default","site-content-layout":"default","ast-site-content-layout":"default","site-content-style":"default","site-sidebar-style":"default","ast-global-header-display":"","ast-banner-title-visibility":"","ast-main-header-display":"","ast-hfb-above-header-display":"","ast-hfb-below-header-display":"","ast-hfb-mobile-header-display":"","site-post-title":"","ast-breadcrumbs-content":"","ast-featured-img":"","footer-sml-layout":"","ast-disable-related-posts":"","theme-transparent-header-meta":"default","adv-header-id-meta":"","stick-header-meta":"default","header-above-stick-meta":"","header-main-stick-meta":"","header-below-stick-meta":"","astra-migrate-meta-layouts":"default","ast-page-background-enabled":"default","ast-page-background-meta":{"desktop":{"background-color":"var(--ast-global-color-4)","background-image":"","background-repeat":"repeat","background-position":"center center","background-size":"auto","background-attachment":"scroll","background-type":"","background-media":"","overlay-type":"","overlay-color":"","overlay-opacity":"","overlay-gradient":""},"tablet":{"background-color":"","background-image":"","background-repeat":"repeat","background-position":"center center","background-size":"auto","background-attachment":"scroll","background-type":"","background-media":"","overlay-type":"","overlay-color":"","overlay-opacity":"","overlay-gradient":""},"mobile":{"background-color":"","background-image":"","background-repeat":"repeat","background-position":"center center","background-size":"auto","background-attachment":"scroll","background-type":"","background-media":"","overlay-type":"","overlay-color":"","overlay-opacity":"","overlay-gradient":""}},"ast-content-background-meta":{"desktop":{"background-color":"var(--ast-global-color-5)","background-image":"","background-repeat":"repeat","background-position":"center center","background-size":"auto","background-attachment":"scroll","background-type":"","background-media":"","overlay-type":"","overlay-color":"","overlay-opacity":"","overlay-gradient":""},"tablet":{"background-color":"var(--ast-global-color-5)","background-image":"","background-repeat":"repeat","background-position":"center center","background-size":"auto","background-attachment":"scroll","background-type":"","background-media":"","overlay-type":"","overlay-color":"","overlay-opacity":"","overlay-gradient":""},"mobile":{"background-color":"var(--ast-global-color-5)","background-image":"","background-repeat":"repeat","background-position":"center center","background-size":"auto","background-attachment":"scroll","background-type":"","background-media":"","overlay-type":"","overlay-color":"","overlay-opacity":"","overlay-gradient":""}},"footnotes":""},"categories":[1],"tags":[33],"class_list":["post-2598","post","type-post","status-publish","format-standard","has-post-thumbnail","hentry","category-blog","tag-knx-rendszer"],"acf":[],"yoast_head":"<!-- This site is optimized with the Yoast SEO plugin v28.3 - https:\/\/yoast.com\/product\/yoast-seo-wordpress\/ -->\n<title>A KNX az intelligens otthonok piacvezet\u0151 technol\u00f3gi\u00e1ja<\/title>\n<meta name=\"description\" content=\"Felm\u00e9r\u00e9sek szerint a KNX a vezet\u0151 intelligens otthon technol\u00f3gia az \u00f6n\u00e1ll\u00f3 csal\u00e1di h\u00e1zakn\u00e1l, 53%-os piaci r\u00e9szesed\u00e9ssel, \u00e9s egy\u00e9rtelm\u0171 n\u00f6veked\u00e9s v\u00e1rhat\u00f3.\" \/>\n<meta name=\"robots\" content=\"index, follow, max-snippet:-1, max-image-preview:large, max-video-preview:-1\" \/>\n<link rel=\"canonical\" href=\"https:\/\/elektro-kamleithner.hu\/en\/a-felmeresek-szerint-a-knx-az-intelligens-otthonok-piacvezeto-technologiaja\/\" \/>\n<meta property=\"og:locale\" content=\"en_GB\" \/>\n<meta property=\"og:type\" content=\"article\" \/>\n<meta property=\"og:title\" content=\"A KNX az intelligens otthonok piacvezet\u0151 technol\u00f3gi\u00e1ja\" \/>\n<meta property=\"og:description\" content=\"Felm\u00e9r\u00e9sek szerint a KNX a vezet\u0151 intelligens otthon technol\u00f3gia az \u00f6n\u00e1ll\u00f3 csal\u00e1di h\u00e1zakn\u00e1l, 53%-os piaci r\u00e9szesed\u00e9ssel, \u00e9s egy\u00e9rtelm\u0171 n\u00f6veked\u00e9s v\u00e1rhat\u00f3.\" \/>\n<meta property=\"og:url\" content=\"https:\/\/elektro-kamleithner.hu\/en\/a-felmeresek-szerint-a-knx-az-intelligens-otthonok-piacvezeto-technologiaja\/\" \/>\n<meta property=\"og:site_name\" content=\"Elektro Kamleithner\" \/>\n<meta property=\"article:publisher\" content=\"https:\/\/www.facebook.com\/ElektroKamleithnerKft\/\" \/>\n<meta property=\"article:published_time\" content=\"2020-08-27T11:06:30+00:00\" \/>\n<meta property=\"og:image\" content=\"https:\/\/elektro-kamleithner.hu\/wp-content\/uploads\/2020\/08\/piacvezeto2.png\" \/>\n\t<meta property=\"og:image:width\" content=\"600\" \/>\n\t<meta property=\"og:image:height\" content=\"400\" \/>\n\t<meta property=\"og:image:type\" content=\"image\/png\" \/>\n<meta name=\"author\" content=\"Balogh Zolt\u00e1n\" \/>\n<meta name=\"twitter:card\" content=\"summary_large_image\" \/>\n<meta name=\"twitter:label1\" content=\"Written by\" \/>\n\t<meta name=\"twitter:data1\" content=\"Balogh Zolt\u00e1n\" \/>\n\t<meta name=\"twitter:label2\" content=\"Estimated reading time\" \/>\n\t<meta name=\"twitter:data2\" content=\"3 minutes\" \/>\n<script type=\"application\/ld+json\" class=\"yoast-schema-graph\">{\"@context\":\"https:\\\/\\\/schema.org\",\"@graph\":[{\"@type\":\"Article\",\"@id\":\"https:\\\/\\\/elektro-kamleithner.hu\\\/a-felmeresek-szerint-a-knx-az-intelligens-otthonok-piacvezeto-technologiaja\\\/#article\",\"isPartOf\":{\"@id\":\"https:\\\/\\\/elektro-kamleithner.hu\\\/a-felmeresek-szerint-a-knx-az-intelligens-otthonok-piacvezeto-technologiaja\\\/\"},\"author\":{\"name\":\"Balogh Zolt\u00e1n\",\"@id\":\"https:\\\/\\\/elektro-kamleithner.hu\\\/#\\\/schema\\\/person\\\/6bee347fe0f99bcff222317c89ff8c51\"},\"headline\":\"A felm\u00e9r\u00e9sek szerint a KNX az intelligens otthonok piacvezet\u0151 technol\u00f3gi\u00e1ja\",\"datePublished\":\"2020-08-27T11:06:30+00:00\",\"mainEntityOfPage\":{\"@id\":\"https:\\\/\\\/elektro-kamleithner.hu\\\/a-felmeresek-szerint-a-knx-az-intelligens-otthonok-piacvezeto-technologiaja\\\/\"},\"wordCount\":542,\"publisher\":{\"@id\":\"https:\\\/\\\/elektro-kamleithner.hu\\\/#organization\"},\"image\":{\"@id\":\"https:\\\/\\\/elektro-kamleithner.hu\\\/a-felmeresek-szerint-a-knx-az-intelligens-otthonok-piacvezeto-technologiaja\\\/#primaryimage\"},\"thumbnailUrl\":\"https:\\\/\\\/elektro-kamleithner.hu\\\/wp-content\\\/uploads\\\/2020\\\/08\\\/piacvezeto2.png\",\"keywords\":[\"KNX rendszer\"],\"articleSection\":[\"Blog\"],\"inLanguage\":\"en-GB\"},{\"@type\":\"WebPage\",\"@id\":\"https:\\\/\\\/elektro-kamleithner.hu\\\/a-felmeresek-szerint-a-knx-az-intelligens-otthonok-piacvezeto-technologiaja\\\/\",\"url\":\"https:\\\/\\\/elektro-kamleithner.hu\\\/a-felmeresek-szerint-a-knx-az-intelligens-otthonok-piacvezeto-technologiaja\\\/\",\"name\":\"A KNX az intelligens otthonok piacvezet\u0151 technol\u00f3gi\u00e1ja\",\"isPartOf\":{\"@id\":\"https:\\\/\\\/elektro-kamleithner.hu\\\/#website\"},\"primaryImageOfPage\":{\"@id\":\"https:\\\/\\\/elektro-kamleithner.hu\\\/a-felmeresek-szerint-a-knx-az-intelligens-otthonok-piacvezeto-technologiaja\\\/#primaryimage\"},\"image\":{\"@id\":\"https:\\\/\\\/elektro-kamleithner.hu\\\/a-felmeresek-szerint-a-knx-az-intelligens-otthonok-piacvezeto-technologiaja\\\/#primaryimage\"},\"thumbnailUrl\":\"https:\\\/\\\/elektro-kamleithner.hu\\\/wp-content\\\/uploads\\\/2020\\\/08\\\/piacvezeto2.png\",\"datePublished\":\"2020-08-27T11:06:30+00:00\",\"description\":\"Felm\u00e9r\u00e9sek szerint a KNX a vezet\u0151 intelligens otthon technol\u00f3gia az \u00f6n\u00e1ll\u00f3 csal\u00e1di h\u00e1zakn\u00e1l, 53%-os piaci r\u00e9szesed\u00e9ssel, \u00e9s egy\u00e9rtelm\u0171 n\u00f6veked\u00e9s v\u00e1rhat\u00f3.\",\"breadcrumb\":{\"@id\":\"https:\\\/\\\/elektro-kamleithner.hu\\\/a-felmeresek-szerint-a-knx-az-intelligens-otthonok-piacvezeto-technologiaja\\\/#breadcrumb\"},\"inLanguage\":\"en-GB\",\"potentialAction\":[{\"@type\":\"ReadAction\",\"target\":[\"https:\\\/\\\/elektro-kamleithner.hu\\\/a-felmeresek-szerint-a-knx-az-intelligens-otthonok-piacvezeto-technologiaja\\\/\"]}]},{\"@type\":\"ImageObject\",\"inLanguage\":\"en-GB\",\"@id\":\"https:\\\/\\\/elektro-kamleithner.hu\\\/a-felmeresek-szerint-a-knx-az-intelligens-otthonok-piacvezeto-technologiaja\\\/#primaryimage\",\"url\":\"https:\\\/\\\/elektro-kamleithner.hu\\\/wp-content\\\/uploads\\\/2020\\\/08\\\/piacvezeto2.png\",\"contentUrl\":\"https:\\\/\\\/elektro-kamleithner.hu\\\/wp-content\\\/uploads\\\/2020\\\/08\\\/piacvezeto2.png\",\"width\":600,\"height\":400,\"caption\":\"piacvezeto2\"},{\"@type\":\"BreadcrumbList\",\"@id\":\"https:\\\/\\\/elektro-kamleithner.hu\\\/a-felmeresek-szerint-a-knx-az-intelligens-otthonok-piacvezeto-technologiaja\\\/#breadcrumb\",\"itemListElement\":[{\"@type\":\"ListItem\",\"position\":1,\"name\":\"Kezd\u0151lap\",\"item\":\"https:\\\/\\\/elektro-kamleithner.hu\\\/\"},{\"@type\":\"ListItem\",\"position\":2,\"name\":\"A felm\u00e9r\u00e9sek szerint a KNX az intelligens otthonok piacvezet\u0151 technol\u00f3gi\u00e1ja\"}]},{\"@type\":\"WebSite\",\"@id\":\"https:\\\/\\\/elektro-kamleithner.hu\\\/#website\",\"url\":\"https:\\\/\\\/elektro-kamleithner.hu\\\/\",\"name\":\"Elektro Kamleithner\",\"description\":\"Elektro Kamleithner\",\"publisher\":{\"@id\":\"https:\\\/\\\/elektro-kamleithner.hu\\\/#organization\"},\"potentialAction\":[{\"@type\":\"SearchAction\",\"target\":{\"@type\":\"EntryPoint\",\"urlTemplate\":\"https:\\\/\\\/elektro-kamleithner.hu\\\/?s={search_term_string}\"},\"query-input\":{\"@type\":\"PropertyValueSpecification\",\"valueRequired\":true,\"valueName\":\"search_term_string\"}}],\"inLanguage\":\"en-GB\"},{\"@type\":\"Organization\",\"@id\":\"https:\\\/\\\/elektro-kamleithner.hu\\\/#organization\",\"name\":\"Elektro Kamleithner\",\"url\":\"https:\\\/\\\/elektro-kamleithner.hu\\\/\",\"logo\":{\"@type\":\"ImageObject\",\"inLanguage\":\"en-GB\",\"@id\":\"https:\\\/\\\/elektro-kamleithner.hu\\\/#\\\/schema\\\/logo\\\/image\\\/\",\"url\":\"https:\\\/\\\/elektro-kamleithner.hu\\\/wp-content\\\/uploads\\\/2024\\\/09\\\/elektro-white-001.svg\",\"contentUrl\":\"https:\\\/\\\/elektro-kamleithner.hu\\\/wp-content\\\/uploads\\\/2024\\\/09\\\/elektro-white-001.svg\",\"width\":382,\"height\":131,\"caption\":\"Elektro Kamleithner\"},\"image\":{\"@id\":\"https:\\\/\\\/elektro-kamleithner.hu\\\/#\\\/schema\\\/logo\\\/image\\\/\"},\"sameAs\":[\"https:\\\/\\\/www.facebook.com\\\/ElektroKamleithnerKft\\\/\",\"https:\\\/\\\/www.youtube.com\\\/channel\\\/UCdDdwY5NIU2nmN9MjvqnFqg\",\"https:\\\/\\\/www.instagram.com\\\/berker.hu\\\/\"]},{\"@type\":\"Person\",\"@id\":\"https:\\\/\\\/elektro-kamleithner.hu\\\/#\\\/schema\\\/person\\\/6bee347fe0f99bcff222317c89ff8c51\",\"name\":\"Balogh Zolt\u00e1n\",\"image\":{\"@type\":\"ImageObject\",\"inLanguage\":\"en-GB\",\"@id\":\"https:\\\/\\\/secure.gravatar.com\\\/avatar\\\/83c725ba6ed0c327cf067a335b7156b3cb23f8585104d5ab2cd7bc81e6b47877?s=96&d=mm&r=g\",\"url\":\"https:\\\/\\\/secure.gravatar.com\\\/avatar\\\/83c725ba6ed0c327cf067a335b7156b3cb23f8585104d5ab2cd7bc81e6b47877?s=96&d=mm&r=g\",\"contentUrl\":\"https:\\\/\\\/secure.gravatar.com\\\/avatar\\\/83c725ba6ed0c327cf067a335b7156b3cb23f8585104d5ab2cd7bc81e6b47877?s=96&d=mm&r=g\",\"caption\":\"Balogh Zolt\u00e1n\"},\"url\":\"https:\\\/\\\/elektro-kamleithner.hu\\\/en\\\/author\\\/admin\\\/\"}]}<\/script>\n<!-- \/ Yoast SEO plugin. -->","yoast_head_json":{"title":"A KNX az intelligens otthonok piacvezet\u0151 technol\u00f3gi\u00e1ja","description":"Felm\u00e9r\u00e9sek szerint a KNX a vezet\u0151 intelligens otthon technol\u00f3gia az \u00f6n\u00e1ll\u00f3 csal\u00e1di h\u00e1zakn\u00e1l, 53%-os piaci r\u00e9szesed\u00e9ssel, \u00e9s egy\u00e9rtelm\u0171 n\u00f6veked\u00e9s v\u00e1rhat\u00f3.","robots":{"index":"index","follow":"follow","max-snippet":"max-snippet:-1","max-image-preview":"max-image-preview:large","max-video-preview":"max-video-preview:-1"},"canonical":"https:\/\/elektro-kamleithner.hu\/en\/a-felmeresek-szerint-a-knx-az-intelligens-otthonok-piacvezeto-technologiaja\/","og_locale":"en_GB","og_type":"article","og_title":"A KNX az intelligens otthonok piacvezet\u0151 technol\u00f3gi\u00e1ja","og_description":"Felm\u00e9r\u00e9sek szerint a KNX a vezet\u0151 intelligens otthon technol\u00f3gia az \u00f6n\u00e1ll\u00f3 csal\u00e1di h\u00e1zakn\u00e1l, 53%-os piaci r\u00e9szesed\u00e9ssel, \u00e9s egy\u00e9rtelm\u0171 n\u00f6veked\u00e9s v\u00e1rhat\u00f3.","og_url":"https:\/\/elektro-kamleithner.hu\/en\/a-felmeresek-szerint-a-knx-az-intelligens-otthonok-piacvezeto-technologiaja\/","og_site_name":"Elektro Kamleithner","article_publisher":"https:\/\/www.facebook.com\/ElektroKamleithnerKft\/","article_published_time":"2020-08-27T11:06:30+00:00","og_image":[{"width":600,"height":400,"url":"https:\/\/elektro-kamleithner.hu\/wp-content\/uploads\/2020\/08\/piacvezeto2.png","type":"image\/png"}],"author":"Balogh Zolt\u00e1n","twitter_card":"summary_large_image","twitter_misc":{"Written by":"Balogh Zolt\u00e1n","Estimated reading time":"3 minutes"},"schema":{"@context":"https:\/\/schema.org","@graph":[{"@type":"Article","@id":"https:\/\/elektro-kamleithner.hu\/a-felmeresek-szerint-a-knx-az-intelligens-otthonok-piacvezeto-technologiaja\/#article","isPartOf":{"@id":"https:\/\/elektro-kamleithner.hu\/a-felmeresek-szerint-a-knx-az-intelligens-otthonok-piacvezeto-technologiaja\/"},"author":{"name":"Balogh Zolt\u00e1n","@id":"https:\/\/elektro-kamleithner.hu\/#\/schema\/person\/6bee347fe0f99bcff222317c89ff8c51"},"headline":"A felm\u00e9r\u00e9sek szerint a KNX az intelligens otthonok piacvezet\u0151 technol\u00f3gi\u00e1ja","datePublished":"2020-08-27T11:06:30+00:00","mainEntityOfPage":{"@id":"https:\/\/elektro-kamleithner.hu\/a-felmeresek-szerint-a-knx-az-intelligens-otthonok-piacvezeto-technologiaja\/"},"wordCount":542,"publisher":{"@id":"https:\/\/elektro-kamleithner.hu\/#organization"},"image":{"@id":"https:\/\/elektro-kamleithner.hu\/a-felmeresek-szerint-a-knx-az-intelligens-otthonok-piacvezeto-technologiaja\/#primaryimage"},"thumbnailUrl":"https:\/\/elektro-kamleithner.hu\/wp-content\/uploads\/2020\/08\/piacvezeto2.png","keywords":["KNX rendszer"],"articleSection":["Blog"],"inLanguage":"en-GB"},{"@type":"WebPage","@id":"https:\/\/elektro-kamleithner.hu\/a-felmeresek-szerint-a-knx-az-intelligens-otthonok-piacvezeto-technologiaja\/","url":"https:\/\/elektro-kamleithner.hu\/a-felmeresek-szerint-a-knx-az-intelligens-otthonok-piacvezeto-technologiaja\/","name":"A KNX az intelligens otthonok piacvezet\u0151 technol\u00f3gi\u00e1ja","isPartOf":{"@id":"https:\/\/elektro-kamleithner.hu\/#website"},"primaryImageOfPage":{"@id":"https:\/\/elektro-kamleithner.hu\/a-felmeresek-szerint-a-knx-az-intelligens-otthonok-piacvezeto-technologiaja\/#primaryimage"},"image":{"@id":"https:\/\/elektro-kamleithner.hu\/a-felmeresek-szerint-a-knx-az-intelligens-otthonok-piacvezeto-technologiaja\/#primaryimage"},"thumbnailUrl":"https:\/\/elektro-kamleithner.hu\/wp-content\/uploads\/2020\/08\/piacvezeto2.png","datePublished":"2020-08-27T11:06:30+00:00","description":"Felm\u00e9r\u00e9sek szerint a KNX a vezet\u0151 intelligens otthon technol\u00f3gia az \u00f6n\u00e1ll\u00f3 csal\u00e1di h\u00e1zakn\u00e1l, 53%-os piaci r\u00e9szesed\u00e9ssel, \u00e9s egy\u00e9rtelm\u0171 n\u00f6veked\u00e9s v\u00e1rhat\u00f3.","breadcrumb":{"@id":"https:\/\/elektro-kamleithner.hu\/a-felmeresek-szerint-a-knx-az-intelligens-otthonok-piacvezeto-technologiaja\/#breadcrumb"},"inLanguage":"en-GB","potentialAction":[{"@type":"ReadAction","target":["https:\/\/elektro-kamleithner.hu\/a-felmeresek-szerint-a-knx-az-intelligens-otthonok-piacvezeto-technologiaja\/"]}]},{"@type":"ImageObject","inLanguage":"en-GB","@id":"https:\/\/elektro-kamleithner.hu\/a-felmeresek-szerint-a-knx-az-intelligens-otthonok-piacvezeto-technologiaja\/#primaryimage","url":"https:\/\/elektro-kamleithner.hu\/wp-content\/uploads\/2020\/08\/piacvezeto2.png","contentUrl":"https:\/\/elektro-kamleithner.hu\/wp-content\/uploads\/2020\/08\/piacvezeto2.png","width":600,"height":400,"caption":"piacvezeto2"},{"@type":"BreadcrumbList","@id":"https:\/\/elektro-kamleithner.hu\/a-felmeresek-szerint-a-knx-az-intelligens-otthonok-piacvezeto-technologiaja\/#breadcrumb","itemListElement":[{"@type":"ListItem","position":1,"name":"Kezd\u0151lap","item":"https:\/\/elektro-kamleithner.hu\/"},{"@type":"ListItem","position":2,"name":"A felm\u00e9r\u00e9sek szerint a KNX az intelligens otthonok piacvezet\u0151 technol\u00f3gi\u00e1ja"}]},{"@type":"WebSite","@id":"https:\/\/elektro-kamleithner.hu\/#website","url":"https:\/\/elektro-kamleithner.hu\/","name":"Elektro Kamleithner","description":"Elektro Kamleithner","publisher":{"@id":"https:\/\/elektro-kamleithner.hu\/#organization"},"potentialAction":[{"@type":"SearchAction","target":{"@type":"EntryPoint","urlTemplate":"https:\/\/elektro-kamleithner.hu\/?s={search_term_string}"},"query-input":{"@type":"PropertyValueSpecification","valueRequired":true,"valueName":"search_term_string"}}],"inLanguage":"en-GB"},{"@type":"Organization","@id":"https:\/\/elektro-kamleithner.hu\/#organization","name":"Elektro Kamleithner","url":"https:\/\/elektro-kamleithner.hu\/","logo":{"@type":"ImageObject","inLanguage":"en-GB","@id":"https:\/\/elektro-kamleithner.hu\/#\/schema\/logo\/image\/","url":"https:\/\/elektro-kamleithner.hu\/wp-content\/uploads\/2024\/09\/elektro-white-001.svg","contentUrl":"https:\/\/elektro-kamleithner.hu\/wp-content\/uploads\/2024\/09\/elektro-white-001.svg","width":382,"height":131,"caption":"Elektro Kamleithner"},"image":{"@id":"https:\/\/elektro-kamleithner.hu\/#\/schema\/logo\/image\/"},"sameAs":["https:\/\/www.facebook.com\/ElektroKamleithnerKft\/","https:\/\/www.youtube.com\/channel\/UCdDdwY5NIU2nmN9MjvqnFqg","https:\/\/www.instagram.com\/berker.hu\/"]},{"@type":"Person","@id":"https:\/\/elektro-kamleithner.hu\/#\/schema\/person\/6bee347fe0f99bcff222317c89ff8c51","name":"Balogh Zolt\u00e1n","image":{"@type":"ImageObject","inLanguage":"en-GB","@id":"https:\/\/secure.gravatar.com\/avatar\/83c725ba6ed0c327cf067a335b7156b3cb23f8585104d5ab2cd7bc81e6b47877?s=96&d=mm&r=g","url":"https:\/\/secure.gravatar.com\/avatar\/83c725ba6ed0c327cf067a335b7156b3cb23f8585104d5ab2cd7bc81e6b47877?s=96&d=mm&r=g","contentUrl":"https:\/\/secure.gravatar.com\/avatar\/83c725ba6ed0c327cf067a335b7156b3cb23f8585104d5ab2cd7bc81e6b47877?s=96&d=mm&r=g","caption":"Balogh Zolt\u00e1n"},"url":"https:\/\/elektro-kamleithner.hu\/en\/author\/admin\/"}]}},"_links":{"self":[{"href":"https:\/\/elektro-kamleithner.hu\/en\/wp-json\/wp\/v2\/posts\/2598","targetHints":{"allow":["GET"]}}],"collection":[{"href":"https:\/\/elektro-kamleithner.hu\/en\/wp-json\/wp\/v2\/posts"}],"about":[{"href":"https:\/\/elektro-kamleithner.hu\/en\/wp-json\/wp\/v2\/types\/post"}],"author":[{"embeddable":true,"href":"https:\/\/elektro-kamleithner.hu\/en\/wp-json\/wp\/v2\/users\/2"}],"replies":[{"embeddable":true,"href":"https:\/\/elektro-kamleithner.hu\/en\/wp-json\/wp\/v2\/comments?post=2598"}],"version-history":[{"count":0,"href":"https:\/\/elektro-kamleithner.hu\/en\/wp-json\/wp\/v2\/posts\/2598\/revisions"}],"wp:featuredmedia":[{"embeddable":true,"href":"https:\/\/elektro-kamleithner.hu\/en\/wp-json\/wp\/v2\/media\/2601"}],"wp:attachment":[{"href":"https:\/\/elektro-kamleithner.hu\/en\/wp-json\/wp\/v2\/media?parent=2598"}],"wp:term":[{"taxonomy":"category","embeddable":true,"href":"https:\/\/elektro-kamleithner.hu\/en\/wp-json\/wp\/v2\/categories?post=2598"},{"taxonomy":"post_tag","embeddable":true,"href":"https:\/\/elektro-kamleithner.hu\/en\/wp-json\/wp\/v2\/tags?post=2598"}],"curies":[{"name":"wp","href":"https:\/\/api.w.org\/{rel}","templated":true}]}}