{"id":1695,"date":"2020-04-08T10:07:49","date_gmt":"2020-04-08T09:07:49","guid":{"rendered":"https:\/\/evernox.hu\/a-theben-bemutatta-az-ion-knx-nyomogombos-erzekelot-es-helyisegvezerlot\/"},"modified":"2020-04-08T10:07:49","modified_gmt":"2020-04-08T09:07:49","slug":"a-theben-bemutatta-az-ion-knx-nyomogombos-erzekelot-es-helyisegvezerlot","status":"publish","type":"post","link":"https:\/\/elektro-kamleithner.hu\/en\/a-theben-bemutatta-az-ion-knx-nyomogombos-erzekelot-es-helyisegvezerlot\/","title":{"rendered":"A Theben bemutatta az iON KNX nyom\u00f3gombos \u00e9rz\u00e9kel\u0151t \u00e9s helyis\u00e9gvez\u00e9rl\u0151t"},"content":{"rendered":"<h5>Remek\u00fcl n\u00e9z ki, nagyon j\u00f3l m\u0171k\u00f6dik<\/h5>\n<p>Kapcsolja \u00e9s dimmeli a l\u00e1mp\u00e1kat, felh\u00fazza \u00e9s leengedi a red\u0151ny\u00f6ket, szab\u00e1lyozza a szobah\u0151m\u00e9rs\u00e9kletet, elmenti \u00e9s el\u0151h\u00edvja az egyedi vil\u00e1g\u00edt\u00e1si k\u00e9peket: A Theben iON nyom\u00f3gombokkal \u00e9s helyis\u00e9gvez\u00e9rl\u0151kkel a funkci\u00f3k sz\u00e9les sk\u00e1l\u00e1ja el\u00e9rhet\u0151 el egyetlen gombnyom\u00e1ssal minden KNX-alap\u00fa intelligens \u00e9p\u00fcletben vagy LUXORliving rendszer\u0171 intelligens otthonban.<\/p>\n<p>Az iON nyom\u00f3gombos \u00e9rz\u00e9kel\u0151k t\u00f6bbf\u00e9le kivitelben kaphat\u00f3k: egyr\u00e9szes (2 gomb) vagy k\u00e9tr\u00e9szes (4 gomb) v\u00e1ltozatk\u00e9nt \u00e9s LC kijelz\u0151s helyis\u00e9gvez\u00e9rl\u0151k\u00e9nt, Bluetooth interf\u00e9sszel. K\u00e9sz\u00fcl\u00e9kt\u0151l f\u00fcgg\u0151en ak\u00e1r 20 funkci\u00f3 vez\u00e9relhet\u0151 egyetlen gombbal. A nagym\u00e9ret\u0171, sokgombos eszk\u00f6z\u00f6k \u00edgy helytakar\u00e9kosan helyettes\u00edthet\u0151k vele. Minden nyom\u00f3gombos \u00e9rz\u00e9kel\u0151 integr\u00e1lt buszcsatlakoz\u00f3val rendelkezik, \u00e9s ETS alkalmaz\u00e1s n\u00e9lk\u00fcl programozhat\u00f3. A LUXORliving verzi\u00f3k az ingyenes LUXORplug szoftver haszn\u00e1lat\u00e1val \u00e1ll\u00edthat\u00f3k be. Az ID AID keret n\u00e9lk\u00fcli kialak\u00edt\u00e1s\u00e1nak k\u00f6sz\u00f6nhet\u0151en az iON illeszkedik a n\u00e9pszer\u0171 kapcsol\u00f3csal\u00e1dokhoz.<\/p>\n<h5>Egy\u00e9rtelm\u0171 k\u00e9nyelem<\/h5>\n<p>Az iON 102-be \u00e9s az iON 104-be be\u00e9p\u00edtett h\u0151m\u00e9rs\u00e9klet-\u00e9rz\u00e9kel\u0151 \u00e9s a megfelel\u0151 f\u0171t\u00e9si aktor k\u00f6z\u00f6tti kapcsolat lehet\u0151v\u00e9 teszi a szobah\u0151m\u00e9rs\u00e9klet egyszer\u0171 szab\u00e1lyoz\u00e1s\u00e1t. A sz\u00ednes \u00e1llapotjelz\u0151 LED-ek jelzik a KNX nyom\u00f3gombos \u00e9rz\u00e9kel\u0151 aktu\u00e1lis \u00e1llapot\u00e1t. Ily m\u00f3don p\u00e9ld\u00e1ul megjelen\u00edthet\u0151 a k\u00fclt\u00e9ri l\u00e1mp\u00e1k vagy b\u00e1rmely m\u00e1s csatlakoztatott eszk\u00f6z \u00e1llapota. Ig\u00e9ny szerint az \u00e1llapotjelz\u0151 LED-ek f\u00e9nyereje a k\u00f6rnyezet f\u00e9nyer\u0151ss\u00e9g\u00e9t\u0151l f\u00fcgg\u0151en m\u00f3dos\u00edthat\u00f3: ha a szob\u00e1ban s\u00f6t\u00e9tebb van, az \u00e1llapotjelz\u0151 LED-ek automatikusan tompulnak, elker\u00fclve az \u00e9jszakai zavar\u00f3 f\u00e9nyhat\u00e1sokat. A nap folyam\u00e1n a LED-ek f\u00e9nyesebben vil\u00e1g\u00edtanak, \u00edgy k\u00f6nnyebben l\u00e1that\u00f3ak er\u0151sebb f\u00e9nyben. Az iON 102 \u00e9s 104 az egy\u00e9ni ig\u00e9nyek \u00e9s preferenci\u00e1k szerint c\u00edmk\u00e9zhet\u0151. V\u00e1laszthatunk az egyszer\u0171 funkci\u00f3le\u00edr\u00e1sok k\u00f6z\u00fcl, p\u00e9ld\u00e1ul \u201eVil\u00e1g\u00edt\u00e1s be\u201d, \u201eTV-m\u00f3d\u201d vagy \u201eRed\u0151ny\u00f6k fel\u201d. Vagy az \u00edzl\u00e9s\u00fcnk szerint megtervezhetj\u00fck a feliratot, p\u00e9ld\u00e1ul ikonokkal vagy log\u00f3kkal.<\/p>\n<h5>T\u00f6bb funkci\u00f3, m\u00e9g nagyobb komfort<\/h5>\n<p>Az iON108 KNX helyis\u00e9gvez\u00e9rl\u0151k kiv\u00e1l\u00f3 min\u0151s\u00e9g\u0171 \u00e9s rendk\u00edv\u00fcl tart\u00f3s LC kijelz\u0151vel vannak felszerelve. Noha a cs\u00facsmin\u0151s\u00e9g\u0171 retina kijelz\u0151k fantasztikusak, nem alkalmasak a 24 \u00f3r\u00e1s haszn\u00e1latra. Az LC kijelz\u0151k itt sokkal megb\u00edzhat\u00f3bban \u00e9s tart\u00f3sabban m\u0171k\u00f6dnek. Egy\u00e9rtelm\u0171en l\u00e1that\u00f3, hogy \u00e9ppen mi t\u00f6rt\u00e9nik. V\u00e1lassza ki a megfelel\u0151 ikont a hatalmas k\u00f6nyvt\u00e1rb\u00f3l a 10 vagy 20 funkci\u00f3 mindegyik\u00e9hez, \u00e9s rendeljen hozz\u00e1 megfelel\u0151 funkci\u00f3neveket, p\u00e9ld\u00e1ul \u201emennyezeti l\u00e1mpa\u201d vagy \u201et\u00e9li kert red\u0151ny\u00f6k\u201d. A jelenlegi \u00e1llapot (BE\/KI, tomp\u00edtott \u00e9rt\u00e9k, helyzet) szint\u00e9n megjelenik. Az intelligens \u00e9p\u00fcletekben vagy otthonokban t\u00f6rt\u00e9n\u0151 alkalmaz\u00e1s nem is lehetne enn\u00e9l egyszer\u0171bb. A m\u0171k\u00f6d\u00e9sr\u0151l: Az iON 108 KNX Bluetooth-on kereszt\u00fcl is k\u00f6nnyen vez\u00e9relhet\u0151 egy alkalmaz\u00e1s seg\u00edts\u00e9g\u00e9vel. Ez az alkalmaz\u00e1s kiv\u00e1l\u00f3an m\u0171k\u00f6dik t\u00e1rgyal\u00f3termekben vagy sz\u00e1llodai szob\u00e1kban is, lehet\u0151v\u00e9 t\u00e9ve a vend\u00e9gek sz\u00e1m\u00e1ra, hogy maguk is k\u00f6nnyed\u00e9n ir\u00e1ny\u00edts\u00e1k a szoba funkci\u00f3it.<\/p>\n<div class=\"ast-oembed-container\" style=\"height: 100%;\"><iframe title=\"Theben iON KNX Taster und Raumcontroller: Produktvorstellung\" width=\"500\" height=\"281\" src=\"https:\/\/www.youtube.com\/embed\/KXxA-deU5us?start=262&#038;feature=oembed\" frameborder=\"0\" allow=\"accelerometer; autoplay; clipboard-write; encrypted-media; gyroscope; picture-in-picture; web-share\" referrerpolicy=\"strict-origin-when-cross-origin\" allowfullscreen><\/iframe><\/div>","protected":false},"excerpt":{"rendered":"<p>Remek\u00fcl n\u00e9z ki, nagyon j\u00f3l m\u0171k\u00f6dik Kapcsolja \u00e9s dimmeli a l\u00e1mp\u00e1kat, felh\u00fazza \u00e9s leengedi a red\u0151ny\u00f6ket, szab\u00e1lyozza a szobah\u0151m\u00e9rs\u00e9kletet, elmenti [&hellip;]<\/p>\n","protected":false},"author":2,"featured_media":1702,"comment_status":"closed","ping_status":"closed","sticky":false,"template":"","format":"standard","meta":{"_acf_changed":false,"site-sidebar-layout":"default","site-content-layout":"default","ast-site-content-layout":"default","site-content-style":"default","site-sidebar-style":"default","ast-global-header-display":"","ast-banner-title-visibility":"","ast-main-header-display":"","ast-hfb-above-header-display":"","ast-hfb-below-header-display":"","ast-hfb-mobile-header-display":"","site-post-title":"","ast-breadcrumbs-content":"","ast-featured-img":"","footer-sml-layout":"","ast-disable-related-posts":"","theme-transparent-header-meta":"default","adv-header-id-meta":"","stick-header-meta":"default","header-above-stick-meta":"","header-main-stick-meta":"","header-below-stick-meta":"","astra-migrate-meta-layouts":"default","ast-page-background-enabled":"default","ast-page-background-meta":{"desktop":{"background-color":"var(--ast-global-color-4)","background-image":"","background-repeat":"repeat","background-position":"center center","background-size":"auto","background-attachment":"scroll","background-type":"","background-media":"","overlay-type":"","overlay-color":"","overlay-opacity":"","overlay-gradient":""},"tablet":{"background-color":"","background-image":"","background-repeat":"repeat","background-position":"center center","background-size":"auto","background-attachment":"scroll","background-type":"","background-media":"","overlay-type":"","overlay-color":"","overlay-opacity":"","overlay-gradient":""},"mobile":{"background-color":"","background-image":"","background-repeat":"repeat","background-position":"center center","background-size":"auto","background-attachment":"scroll","background-type":"","background-media":"","overlay-type":"","overlay-color":"","overlay-opacity":"","overlay-gradient":""}},"ast-content-background-meta":{"desktop":{"background-color":"var(--ast-global-color-5)","background-image":"","background-repeat":"repeat","background-position":"center center","background-size":"auto","background-attachment":"scroll","background-type":"","background-media":"","overlay-type":"","overlay-color":"","overlay-opacity":"","overlay-gradient":""},"tablet":{"background-color":"var(--ast-global-color-5)","background-image":"","background-repeat":"repeat","background-position":"center center","background-size":"auto","background-attachment":"scroll","background-type":"","background-media":"","overlay-type":"","overlay-color":"","overlay-opacity":"","overlay-gradient":""},"mobile":{"background-color":"var(--ast-global-color-5)","background-image":"","background-repeat":"repeat","background-position":"center center","background-size":"auto","background-attachment":"scroll","background-type":"","background-media":"","overlay-type":"","overlay-color":"","overlay-opacity":"","overlay-gradient":""}},"footnotes":""},"categories":[1],"tags":[],"class_list":["post-1695","post","type-post","status-publish","format-standard","has-post-thumbnail","hentry","category-blog"],"acf":[],"yoast_head":"<!-- This site is optimized with the Yoast SEO plugin v28.3 - https:\/\/yoast.com\/product\/yoast-seo-wordpress\/ -->\n<title>Theben iON nyom\u00f3gombos \u00e9rz\u00e9kel\u0151 \u00e9s helyis\u00e9gvez\u00e9rl\u0151<\/title>\n<meta name=\"description\" content=\"Kapcsolja \u00e9s dimmeli a l\u00e1mp\u00e1kat, felh\u00fazza \u00e9s leengedi a red\u0151ny\u00f6ket, szab\u00e1lyozza a szobah\u0151m\u00e9rs\u00e9kletet, elmenti \u00e9s el\u0151h\u00edvja az egyedi vil\u00e1g\u00edt\u00e1si k\u00e9peket: A Theben iON \u00e9rz\u00e9kel\u0151kkel \u00e9s helyis\u00e9gvez\u00e9rl\u0151kkel a funkci\u00f3k sz\u00e9les sk\u00e1l\u00e1ja el\u00e9rhet\u0151 el egyetlen gombnyom\u00e1ssal minden KNX-alap\u00fa intelligens \u00e9p\u00fcletben vagy LUXORliving rendszer\u0171 intelligens otthonban.\u00a0\" \/>\n<meta name=\"robots\" content=\"index, follow, max-snippet:-1, max-image-preview:large, max-video-preview:-1\" \/>\n<link rel=\"canonical\" href=\"https:\/\/elektro-kamleithner.hu\/en\/a-theben-bemutatta-az-ion-knx-nyomogombos-erzekelot-es-helyisegvezerlot\/\" \/>\n<meta property=\"og:locale\" content=\"en_GB\" \/>\n<meta property=\"og:type\" content=\"article\" \/>\n<meta property=\"og:title\" content=\"Theben iON nyom\u00f3gombos \u00e9rz\u00e9kel\u0151 \u00e9s helyis\u00e9gvez\u00e9rl\u0151\" \/>\n<meta property=\"og:description\" content=\"Kapcsolja \u00e9s dimmeli a l\u00e1mp\u00e1kat, felh\u00fazza \u00e9s leengedi a red\u0151ny\u00f6ket, szab\u00e1lyozza a szobah\u0151m\u00e9rs\u00e9kletet, elmenti \u00e9s el\u0151h\u00edvja az egyedi vil\u00e1g\u00edt\u00e1si k\u00e9peket: A Theben iON \u00e9rz\u00e9kel\u0151kkel \u00e9s helyis\u00e9gvez\u00e9rl\u0151kkel a funkci\u00f3k sz\u00e9les sk\u00e1l\u00e1ja el\u00e9rhet\u0151 el egyetlen gombnyom\u00e1ssal minden KNX-alap\u00fa intelligens \u00e9p\u00fcletben vagy LUXORliving rendszer\u0171 intelligens otthonban.\u00a0\" \/>\n<meta property=\"og:url\" content=\"https:\/\/elektro-kamleithner.hu\/en\/a-theben-bemutatta-az-ion-knx-nyomogombos-erzekelot-es-helyisegvezerlot\/\" \/>\n<meta property=\"og:site_name\" content=\"Elektro Kamleithner\" \/>\n<meta property=\"article:publisher\" content=\"https:\/\/www.facebook.com\/ElektroKamleithnerKft\/\" \/>\n<meta property=\"article:published_time\" content=\"2020-04-08T09:07:49+00:00\" \/>\n<meta property=\"og:image\" content=\"https:\/\/elektro-kamleithner.hu\/wp-content\/uploads\/2020\/04\/ion104.png\" \/>\n\t<meta property=\"og:image:width\" content=\"699\" \/>\n\t<meta property=\"og:image:height\" content=\"325\" \/>\n\t<meta property=\"og:image:type\" content=\"image\/png\" \/>\n<meta name=\"author\" content=\"Balogh Zolt\u00e1n\" \/>\n<meta name=\"twitter:card\" content=\"summary_large_image\" \/>\n<meta name=\"twitter:label1\" content=\"Written by\" \/>\n\t<meta name=\"twitter:data1\" content=\"Balogh Zolt\u00e1n\" \/>\n\t<meta name=\"twitter:label2\" content=\"Estimated reading time\" \/>\n\t<meta name=\"twitter:data2\" content=\"3 minutes\" \/>\n<script type=\"application\/ld+json\" class=\"yoast-schema-graph\">{\"@context\":\"https:\\\/\\\/schema.org\",\"@graph\":[{\"@type\":\"Article\",\"@id\":\"https:\\\/\\\/elektro-kamleithner.hu\\\/a-theben-bemutatta-az-ion-knx-nyomogombos-erzekelot-es-helyisegvezerlot\\\/#article\",\"isPartOf\":{\"@id\":\"https:\\\/\\\/elektro-kamleithner.hu\\\/a-theben-bemutatta-az-ion-knx-nyomogombos-erzekelot-es-helyisegvezerlot\\\/\"},\"author\":{\"name\":\"Balogh Zolt\u00e1n\",\"@id\":\"https:\\\/\\\/elektro-kamleithner.hu\\\/#\\\/schema\\\/person\\\/6bee347fe0f99bcff222317c89ff8c51\"},\"headline\":\"A Theben bemutatta az iON KNX nyom\u00f3gombos \u00e9rz\u00e9kel\u0151t \u00e9s helyis\u00e9gvez\u00e9rl\u0151t\",\"datePublished\":\"2020-04-08T09:07:49+00:00\",\"mainEntityOfPage\":{\"@id\":\"https:\\\/\\\/elektro-kamleithner.hu\\\/a-theben-bemutatta-az-ion-knx-nyomogombos-erzekelot-es-helyisegvezerlot\\\/\"},\"wordCount\":647,\"publisher\":{\"@id\":\"https:\\\/\\\/elektro-kamleithner.hu\\\/#organization\"},\"image\":{\"@id\":\"https:\\\/\\\/elektro-kamleithner.hu\\\/a-theben-bemutatta-az-ion-knx-nyomogombos-erzekelot-es-helyisegvezerlot\\\/#primaryimage\"},\"thumbnailUrl\":\"https:\\\/\\\/elektro-kamleithner.hu\\\/wp-content\\\/uploads\\\/2020\\\/04\\\/ion104.png\",\"articleSection\":[\"Blog\"],\"inLanguage\":\"en-GB\"},{\"@type\":\"WebPage\",\"@id\":\"https:\\\/\\\/elektro-kamleithner.hu\\\/a-theben-bemutatta-az-ion-knx-nyomogombos-erzekelot-es-helyisegvezerlot\\\/\",\"url\":\"https:\\\/\\\/elektro-kamleithner.hu\\\/a-theben-bemutatta-az-ion-knx-nyomogombos-erzekelot-es-helyisegvezerlot\\\/\",\"name\":\"Theben iON nyom\u00f3gombos \u00e9rz\u00e9kel\u0151 \u00e9s helyis\u00e9gvez\u00e9rl\u0151\",\"isPartOf\":{\"@id\":\"https:\\\/\\\/elektro-kamleithner.hu\\\/#website\"},\"primaryImageOfPage\":{\"@id\":\"https:\\\/\\\/elektro-kamleithner.hu\\\/a-theben-bemutatta-az-ion-knx-nyomogombos-erzekelot-es-helyisegvezerlot\\\/#primaryimage\"},\"image\":{\"@id\":\"https:\\\/\\\/elektro-kamleithner.hu\\\/a-theben-bemutatta-az-ion-knx-nyomogombos-erzekelot-es-helyisegvezerlot\\\/#primaryimage\"},\"thumbnailUrl\":\"https:\\\/\\\/elektro-kamleithner.hu\\\/wp-content\\\/uploads\\\/2020\\\/04\\\/ion104.png\",\"datePublished\":\"2020-04-08T09:07:49+00:00\",\"description\":\"Kapcsolja \u00e9s dimmeli a l\u00e1mp\u00e1kat, felh\u00fazza \u00e9s leengedi a red\u0151ny\u00f6ket, szab\u00e1lyozza a szobah\u0151m\u00e9rs\u00e9kletet, elmenti \u00e9s el\u0151h\u00edvja az egyedi vil\u00e1g\u00edt\u00e1si k\u00e9peket: A Theben iON \u00e9rz\u00e9kel\u0151kkel \u00e9s helyis\u00e9gvez\u00e9rl\u0151kkel a funkci\u00f3k sz\u00e9les sk\u00e1l\u00e1ja el\u00e9rhet\u0151 el egyetlen gombnyom\u00e1ssal minden KNX-alap\u00fa intelligens \u00e9p\u00fcletben vagy LUXORliving rendszer\u0171 intelligens otthonban.\u00a0\",\"breadcrumb\":{\"@id\":\"https:\\\/\\\/elektro-kamleithner.hu\\\/a-theben-bemutatta-az-ion-knx-nyomogombos-erzekelot-es-helyisegvezerlot\\\/#breadcrumb\"},\"inLanguage\":\"en-GB\",\"potentialAction\":[{\"@type\":\"ReadAction\",\"target\":[\"https:\\\/\\\/elektro-kamleithner.hu\\\/a-theben-bemutatta-az-ion-knx-nyomogombos-erzekelot-es-helyisegvezerlot\\\/\"]}]},{\"@type\":\"ImageObject\",\"inLanguage\":\"en-GB\",\"@id\":\"https:\\\/\\\/elektro-kamleithner.hu\\\/a-theben-bemutatta-az-ion-knx-nyomogombos-erzekelot-es-helyisegvezerlot\\\/#primaryimage\",\"url\":\"https:\\\/\\\/elektro-kamleithner.hu\\\/wp-content\\\/uploads\\\/2020\\\/04\\\/ion104.png\",\"contentUrl\":\"https:\\\/\\\/elektro-kamleithner.hu\\\/wp-content\\\/uploads\\\/2020\\\/04\\\/ion104.png\",\"width\":699,\"height\":325,\"caption\":\"ion104\"},{\"@type\":\"BreadcrumbList\",\"@id\":\"https:\\\/\\\/elektro-kamleithner.hu\\\/a-theben-bemutatta-az-ion-knx-nyomogombos-erzekelot-es-helyisegvezerlot\\\/#breadcrumb\",\"itemListElement\":[{\"@type\":\"ListItem\",\"position\":1,\"name\":\"Kezd\u0151lap\",\"item\":\"https:\\\/\\\/elektro-kamleithner.hu\\\/\"},{\"@type\":\"ListItem\",\"position\":2,\"name\":\"A Theben bemutatta az iON KNX nyom\u00f3gombos \u00e9rz\u00e9kel\u0151t \u00e9s helyis\u00e9gvez\u00e9rl\u0151t\"}]},{\"@type\":\"WebSite\",\"@id\":\"https:\\\/\\\/elektro-kamleithner.hu\\\/#website\",\"url\":\"https:\\\/\\\/elektro-kamleithner.hu\\\/\",\"name\":\"Elektro Kamleithner\",\"description\":\"Elektro Kamleithner\",\"publisher\":{\"@id\":\"https:\\\/\\\/elektro-kamleithner.hu\\\/#organization\"},\"potentialAction\":[{\"@type\":\"SearchAction\",\"target\":{\"@type\":\"EntryPoint\",\"urlTemplate\":\"https:\\\/\\\/elektro-kamleithner.hu\\\/?s={search_term_string}\"},\"query-input\":{\"@type\":\"PropertyValueSpecification\",\"valueRequired\":true,\"valueName\":\"search_term_string\"}}],\"inLanguage\":\"en-GB\"},{\"@type\":\"Organization\",\"@id\":\"https:\\\/\\\/elektro-kamleithner.hu\\\/#organization\",\"name\":\"Elektro Kamleithner\",\"url\":\"https:\\\/\\\/elektro-kamleithner.hu\\\/\",\"logo\":{\"@type\":\"ImageObject\",\"inLanguage\":\"en-GB\",\"@id\":\"https:\\\/\\\/elektro-kamleithner.hu\\\/#\\\/schema\\\/logo\\\/image\\\/\",\"url\":\"https:\\\/\\\/elektro-kamleithner.hu\\\/wp-content\\\/uploads\\\/2024\\\/09\\\/elektro-white-001.svg\",\"contentUrl\":\"https:\\\/\\\/elektro-kamleithner.hu\\\/wp-content\\\/uploads\\\/2024\\\/09\\\/elektro-white-001.svg\",\"width\":382,\"height\":131,\"caption\":\"Elektro Kamleithner\"},\"image\":{\"@id\":\"https:\\\/\\\/elektro-kamleithner.hu\\\/#\\\/schema\\\/logo\\\/image\\\/\"},\"sameAs\":[\"https:\\\/\\\/www.facebook.com\\\/ElektroKamleithnerKft\\\/\",\"https:\\\/\\\/www.youtube.com\\\/channel\\\/UCdDdwY5NIU2nmN9MjvqnFqg\",\"https:\\\/\\\/www.instagram.com\\\/berker.hu\\\/\"]},{\"@type\":\"Person\",\"@id\":\"https:\\\/\\\/elektro-kamleithner.hu\\\/#\\\/schema\\\/person\\\/6bee347fe0f99bcff222317c89ff8c51\",\"name\":\"Balogh Zolt\u00e1n\",\"image\":{\"@type\":\"ImageObject\",\"inLanguage\":\"en-GB\",\"@id\":\"https:\\\/\\\/secure.gravatar.com\\\/avatar\\\/83c725ba6ed0c327cf067a335b7156b3cb23f8585104d5ab2cd7bc81e6b47877?s=96&d=mm&r=g\",\"url\":\"https:\\\/\\\/secure.gravatar.com\\\/avatar\\\/83c725ba6ed0c327cf067a335b7156b3cb23f8585104d5ab2cd7bc81e6b47877?s=96&d=mm&r=g\",\"contentUrl\":\"https:\\\/\\\/secure.gravatar.com\\\/avatar\\\/83c725ba6ed0c327cf067a335b7156b3cb23f8585104d5ab2cd7bc81e6b47877?s=96&d=mm&r=g\",\"caption\":\"Balogh Zolt\u00e1n\"},\"url\":\"https:\\\/\\\/elektro-kamleithner.hu\\\/en\\\/author\\\/admin\\\/\"}]}<\/script>\n<!-- \/ Yoast SEO plugin. -->","yoast_head_json":{"title":"Theben iON nyom\u00f3gombos \u00e9rz\u00e9kel\u0151 \u00e9s helyis\u00e9gvez\u00e9rl\u0151","description":"Kapcsolja \u00e9s dimmeli a l\u00e1mp\u00e1kat, felh\u00fazza \u00e9s leengedi a red\u0151ny\u00f6ket, szab\u00e1lyozza a szobah\u0151m\u00e9rs\u00e9kletet, elmenti \u00e9s el\u0151h\u00edvja az egyedi vil\u00e1g\u00edt\u00e1si k\u00e9peket: A Theben iON \u00e9rz\u00e9kel\u0151kkel \u00e9s helyis\u00e9gvez\u00e9rl\u0151kkel a funkci\u00f3k sz\u00e9les sk\u00e1l\u00e1ja el\u00e9rhet\u0151 el egyetlen gombnyom\u00e1ssal minden KNX-alap\u00fa intelligens \u00e9p\u00fcletben vagy LUXORliving rendszer\u0171 intelligens otthonban.\u00a0","robots":{"index":"index","follow":"follow","max-snippet":"max-snippet:-1","max-image-preview":"max-image-preview:large","max-video-preview":"max-video-preview:-1"},"canonical":"https:\/\/elektro-kamleithner.hu\/en\/a-theben-bemutatta-az-ion-knx-nyomogombos-erzekelot-es-helyisegvezerlot\/","og_locale":"en_GB","og_type":"article","og_title":"Theben iON nyom\u00f3gombos \u00e9rz\u00e9kel\u0151 \u00e9s helyis\u00e9gvez\u00e9rl\u0151","og_description":"Kapcsolja \u00e9s dimmeli a l\u00e1mp\u00e1kat, felh\u00fazza \u00e9s leengedi a red\u0151ny\u00f6ket, szab\u00e1lyozza a szobah\u0151m\u00e9rs\u00e9kletet, elmenti \u00e9s el\u0151h\u00edvja az egyedi vil\u00e1g\u00edt\u00e1si k\u00e9peket: A Theben iON \u00e9rz\u00e9kel\u0151kkel \u00e9s helyis\u00e9gvez\u00e9rl\u0151kkel a funkci\u00f3k sz\u00e9les sk\u00e1l\u00e1ja el\u00e9rhet\u0151 el egyetlen gombnyom\u00e1ssal minden KNX-alap\u00fa intelligens \u00e9p\u00fcletben vagy LUXORliving rendszer\u0171 intelligens otthonban.\u00a0","og_url":"https:\/\/elektro-kamleithner.hu\/en\/a-theben-bemutatta-az-ion-knx-nyomogombos-erzekelot-es-helyisegvezerlot\/","og_site_name":"Elektro Kamleithner","article_publisher":"https:\/\/www.facebook.com\/ElektroKamleithnerKft\/","article_published_time":"2020-04-08T09:07:49+00:00","og_image":[{"width":699,"height":325,"url":"https:\/\/elektro-kamleithner.hu\/wp-content\/uploads\/2020\/04\/ion104.png","type":"image\/png"}],"author":"Balogh Zolt\u00e1n","twitter_card":"summary_large_image","twitter_misc":{"Written by":"Balogh Zolt\u00e1n","Estimated reading time":"3 minutes"},"schema":{"@context":"https:\/\/schema.org","@graph":[{"@type":"Article","@id":"https:\/\/elektro-kamleithner.hu\/a-theben-bemutatta-az-ion-knx-nyomogombos-erzekelot-es-helyisegvezerlot\/#article","isPartOf":{"@id":"https:\/\/elektro-kamleithner.hu\/a-theben-bemutatta-az-ion-knx-nyomogombos-erzekelot-es-helyisegvezerlot\/"},"author":{"name":"Balogh Zolt\u00e1n","@id":"https:\/\/elektro-kamleithner.hu\/#\/schema\/person\/6bee347fe0f99bcff222317c89ff8c51"},"headline":"A Theben bemutatta az iON KNX nyom\u00f3gombos \u00e9rz\u00e9kel\u0151t \u00e9s helyis\u00e9gvez\u00e9rl\u0151t","datePublished":"2020-04-08T09:07:49+00:00","mainEntityOfPage":{"@id":"https:\/\/elektro-kamleithner.hu\/a-theben-bemutatta-az-ion-knx-nyomogombos-erzekelot-es-helyisegvezerlot\/"},"wordCount":647,"publisher":{"@id":"https:\/\/elektro-kamleithner.hu\/#organization"},"image":{"@id":"https:\/\/elektro-kamleithner.hu\/a-theben-bemutatta-az-ion-knx-nyomogombos-erzekelot-es-helyisegvezerlot\/#primaryimage"},"thumbnailUrl":"https:\/\/elektro-kamleithner.hu\/wp-content\/uploads\/2020\/04\/ion104.png","articleSection":["Blog"],"inLanguage":"en-GB"},{"@type":"WebPage","@id":"https:\/\/elektro-kamleithner.hu\/a-theben-bemutatta-az-ion-knx-nyomogombos-erzekelot-es-helyisegvezerlot\/","url":"https:\/\/elektro-kamleithner.hu\/a-theben-bemutatta-az-ion-knx-nyomogombos-erzekelot-es-helyisegvezerlot\/","name":"Theben iON nyom\u00f3gombos \u00e9rz\u00e9kel\u0151 \u00e9s helyis\u00e9gvez\u00e9rl\u0151","isPartOf":{"@id":"https:\/\/elektro-kamleithner.hu\/#website"},"primaryImageOfPage":{"@id":"https:\/\/elektro-kamleithner.hu\/a-theben-bemutatta-az-ion-knx-nyomogombos-erzekelot-es-helyisegvezerlot\/#primaryimage"},"image":{"@id":"https:\/\/elektro-kamleithner.hu\/a-theben-bemutatta-az-ion-knx-nyomogombos-erzekelot-es-helyisegvezerlot\/#primaryimage"},"thumbnailUrl":"https:\/\/elektro-kamleithner.hu\/wp-content\/uploads\/2020\/04\/ion104.png","datePublished":"2020-04-08T09:07:49+00:00","description":"Kapcsolja \u00e9s dimmeli a l\u00e1mp\u00e1kat, felh\u00fazza \u00e9s leengedi a red\u0151ny\u00f6ket, szab\u00e1lyozza a szobah\u0151m\u00e9rs\u00e9kletet, elmenti \u00e9s el\u0151h\u00edvja az egyedi vil\u00e1g\u00edt\u00e1si k\u00e9peket: A Theben iON \u00e9rz\u00e9kel\u0151kkel \u00e9s helyis\u00e9gvez\u00e9rl\u0151kkel a funkci\u00f3k sz\u00e9les sk\u00e1l\u00e1ja el\u00e9rhet\u0151 el egyetlen gombnyom\u00e1ssal minden KNX-alap\u00fa intelligens \u00e9p\u00fcletben vagy LUXORliving rendszer\u0171 intelligens otthonban.\u00a0","breadcrumb":{"@id":"https:\/\/elektro-kamleithner.hu\/a-theben-bemutatta-az-ion-knx-nyomogombos-erzekelot-es-helyisegvezerlot\/#breadcrumb"},"inLanguage":"en-GB","potentialAction":[{"@type":"ReadAction","target":["https:\/\/elektro-kamleithner.hu\/a-theben-bemutatta-az-ion-knx-nyomogombos-erzekelot-es-helyisegvezerlot\/"]}]},{"@type":"ImageObject","inLanguage":"en-GB","@id":"https:\/\/elektro-kamleithner.hu\/a-theben-bemutatta-az-ion-knx-nyomogombos-erzekelot-es-helyisegvezerlot\/#primaryimage","url":"https:\/\/elektro-kamleithner.hu\/wp-content\/uploads\/2020\/04\/ion104.png","contentUrl":"https:\/\/elektro-kamleithner.hu\/wp-content\/uploads\/2020\/04\/ion104.png","width":699,"height":325,"caption":"ion104"},{"@type":"BreadcrumbList","@id":"https:\/\/elektro-kamleithner.hu\/a-theben-bemutatta-az-ion-knx-nyomogombos-erzekelot-es-helyisegvezerlot\/#breadcrumb","itemListElement":[{"@type":"ListItem","position":1,"name":"Kezd\u0151lap","item":"https:\/\/elektro-kamleithner.hu\/"},{"@type":"ListItem","position":2,"name":"A Theben bemutatta az iON KNX nyom\u00f3gombos \u00e9rz\u00e9kel\u0151t \u00e9s helyis\u00e9gvez\u00e9rl\u0151t"}]},{"@type":"WebSite","@id":"https:\/\/elektro-kamleithner.hu\/#website","url":"https:\/\/elektro-kamleithner.hu\/","name":"Elektro Kamleithner","description":"Elektro Kamleithner","publisher":{"@id":"https:\/\/elektro-kamleithner.hu\/#organization"},"potentialAction":[{"@type":"SearchAction","target":{"@type":"EntryPoint","urlTemplate":"https:\/\/elektro-kamleithner.hu\/?s={search_term_string}"},"query-input":{"@type":"PropertyValueSpecification","valueRequired":true,"valueName":"search_term_string"}}],"inLanguage":"en-GB"},{"@type":"Organization","@id":"https:\/\/elektro-kamleithner.hu\/#organization","name":"Elektro Kamleithner","url":"https:\/\/elektro-kamleithner.hu\/","logo":{"@type":"ImageObject","inLanguage":"en-GB","@id":"https:\/\/elektro-kamleithner.hu\/#\/schema\/logo\/image\/","url":"https:\/\/elektro-kamleithner.hu\/wp-content\/uploads\/2024\/09\/elektro-white-001.svg","contentUrl":"https:\/\/elektro-kamleithner.hu\/wp-content\/uploads\/2024\/09\/elektro-white-001.svg","width":382,"height":131,"caption":"Elektro Kamleithner"},"image":{"@id":"https:\/\/elektro-kamleithner.hu\/#\/schema\/logo\/image\/"},"sameAs":["https:\/\/www.facebook.com\/ElektroKamleithnerKft\/","https:\/\/www.youtube.com\/channel\/UCdDdwY5NIU2nmN9MjvqnFqg","https:\/\/www.instagram.com\/berker.hu\/"]},{"@type":"Person","@id":"https:\/\/elektro-kamleithner.hu\/#\/schema\/person\/6bee347fe0f99bcff222317c89ff8c51","name":"Balogh Zolt\u00e1n","image":{"@type":"ImageObject","inLanguage":"en-GB","@id":"https:\/\/secure.gravatar.com\/avatar\/83c725ba6ed0c327cf067a335b7156b3cb23f8585104d5ab2cd7bc81e6b47877?s=96&d=mm&r=g","url":"https:\/\/secure.gravatar.com\/avatar\/83c725ba6ed0c327cf067a335b7156b3cb23f8585104d5ab2cd7bc81e6b47877?s=96&d=mm&r=g","contentUrl":"https:\/\/secure.gravatar.com\/avatar\/83c725ba6ed0c327cf067a335b7156b3cb23f8585104d5ab2cd7bc81e6b47877?s=96&d=mm&r=g","caption":"Balogh Zolt\u00e1n"},"url":"https:\/\/elektro-kamleithner.hu\/en\/author\/admin\/"}]}},"_links":{"self":[{"href":"https:\/\/elektro-kamleithner.hu\/en\/wp-json\/wp\/v2\/posts\/1695","targetHints":{"allow":["GET"]}}],"collection":[{"href":"https:\/\/elektro-kamleithner.hu\/en\/wp-json\/wp\/v2\/posts"}],"about":[{"href":"https:\/\/elektro-kamleithner.hu\/en\/wp-json\/wp\/v2\/types\/post"}],"author":[{"embeddable":true,"href":"https:\/\/elektro-kamleithner.hu\/en\/wp-json\/wp\/v2\/users\/2"}],"replies":[{"embeddable":true,"href":"https:\/\/elektro-kamleithner.hu\/en\/wp-json\/wp\/v2\/comments?post=1695"}],"version-history":[{"count":0,"href":"https:\/\/elektro-kamleithner.hu\/en\/wp-json\/wp\/v2\/posts\/1695\/revisions"}],"wp:featuredmedia":[{"embeddable":true,"href":"https:\/\/elektro-kamleithner.hu\/en\/wp-json\/wp\/v2\/media\/1702"}],"wp:attachment":[{"href":"https:\/\/elektro-kamleithner.hu\/en\/wp-json\/wp\/v2\/media?parent=1695"}],"wp:term":[{"taxonomy":"category","embeddable":true,"href":"https:\/\/elektro-kamleithner.hu\/en\/wp-json\/wp\/v2\/categories?post=1695"},{"taxonomy":"post_tag","embeddable":true,"href":"https:\/\/elektro-kamleithner.hu\/en\/wp-json\/wp\/v2\/tags?post=1695"}],"curies":[{"name":"wp","href":"https:\/\/api.w.org\/{rel}","templated":true}]}}