{"id":10510,"date":"2026-09-01T16:06:16","date_gmt":"2026-09-01T14:06:16","guid":{"rendered":"https:\/\/elektro-kamleithner.hu\/?p=10510"},"modified":"2026-09-01T16:41:00","modified_gmt":"2026-09-01T14:41:00","slug":"the-st-regis-hotel-budapest","status":"publish","type":"post","link":"https:\/\/elektro-kamleithner.hu\/en\/the-st-regis-hotel-budapest\/","title":{"rendered":"The St. Regis Hotel Budapest"},"content":{"rendered":"<div data-elementor-type=\"wp-post\" data-elementor-id=\"10510\" class=\"elementor elementor-10510\" data-elementor-post-type=\"post\">\n\t\t\t\t<div class=\"elementor-element elementor-element-cc30815 e-flex e-con-boxed e-con e-parent\" data-id=\"cc30815\" data-element_type=\"container\" data-e-type=\"container\">\n\t\t\t\t\t<div class=\"e-con-inner\">\n\t\t\t\t<div class=\"elementor-element elementor-element-5ce818b elementor-widget elementor-widget-text-editor\" data-id=\"5ce818b\" data-element_type=\"widget\" data-e-type=\"widget\" data-widget_type=\"text-editor.default\">\n\t\t\t\t<div class=\"elementor-widget-container\">\n\t\t\t\t\t\t\t\t\t<p class=\"MsoNormal\"><b>Designk\u00f6zpont\u00fa KNX-\u00e9p\u00fcletautomatika t\u00f6rt\u00e9nelmi<br>k\u00f6rnyezetben<\/b><o:p><\/o:p><\/p>\n<p class=\"MsoNormal\">Budapest egyik legismertebb t\u00f6rt\u00e9nelmi \u00e9p\u00fclet\u00e9ben, az \u00e9szaki&nbsp;Klotild-palot\u00e1ban ny\u00edlt meg a The St. Regis Budapest. A sz\u00e1lloda<br>\u00e9p\u00fcletautomatiz\u00e1l\u00e1si rendszer\u00e9nek kialak\u00edt\u00e1sakor a korszer\u0171 szobai komfortot, a&nbsp;megb\u00edzhat\u00f3 \u00fczemeltet\u00e9st \u00e9s a bels\u0151\u00e9p\u00edt\u00e9szeti koncepci\u00f3t kellett egys\u00e9ges&nbsp;rendszerbe foglalnunk.<o:p><\/o:p><\/p>\n<p class=\"MsoNormal\">Az Erzs\u00e9bet h\u00edd pesti h\u00eddf\u0151j\u00e9n\u00e9l \u00e1ll\u00f3 Klotild-palot\u00e1t Korb&nbsp;Fl\u00f3ris \u00e9s Giergl K\u00e1lm\u00e1n tervezt\u00e9k a 20. sz\u00e1zad fordul\u00f3j\u00e1n. Az \u00e9p\u00fclet<br>jellegzetes, 48 m\u00e9ter magas tornya ma is meghat\u00e1roz\u00f3 eleme a budapesti&nbsp;v\u00e1rosk\u00e9pnek. A m\u0171eml\u00e9ki k\u00f6rnyezet fel\u00faj\u00edt\u00e1sakor az eredeti \u00e9p\u00edt\u00e9szeti r\u00e9szletek&nbsp;meg\u0151rz\u00e9se mellett egy korszer\u0171 luxussz\u00e1lloda m\u0171szaki infrastrukt\u00far\u00e1ja k\u00e9sz\u00fclt&nbsp;el. A r\u00e9szletgazdag kialak\u00edt\u00e1s tiszteleg az \u00e9p\u00fclet kir\u00e1lyi m\u00faltja el\u0151tt,&nbsp;mik\u00f6zben a palota az UNESCO vil\u00e1g\u00f6r\u00f6ks\u00e9gi v\u00e9delem alatt \u00e1ll\u00f3 budapesti Duna-part<br>\u00e9p\u00edt\u00e9szeti k\u00f6rnyezet\u00e9nek r\u00e9sze.<o:p><\/o:p><\/p>\n<p class=\"MsoNormal\">Ebben a k\u00fcl\u00f6nleges bels\u0151\u00e9p\u00edt\u00e9szeti k\u00f6rnyezetben az&nbsp;\u00e9p\u00fcletautomatika l\u00e1that\u00f3 elemei sem lehettek egyszer\u0171 m\u0171szaki kieg\u00e9sz\u00edt\u0151k. A<br>kezel\u0151knek, termoszt\u00e1toknak, cseng\u0151paneleknek, dugaljaknak \u00e9s \u00e9rz\u00e9kel\u0151knek&nbsp;megjelen\u00e9s\u00fckben is illeszkedni\u00fck kellett a terekhez, mik\u00f6zben a h\u00e1tt\u00e9rben&nbsp;egys\u00e9ges \u00e9s \u00fczembiztos vez\u00e9rl\u00e9si rendszer biztos\u00edtja az \u00f6sszehangolt m\u0171k\u00f6d\u00e9st.<o:p><\/o:p><\/p>\n<p class=\"MsoNormal\"><b>Design \u00e9s funkcionalit\u00e1s egy rendszerben<\/b><o:p><\/o:p><\/p>\n<p class=\"MsoNormal\">A megold\u00e1s alapj\u00e1t gy\u00e1rt\u00f3f\u00fcggetlen, szabv\u00e1nyos KNX-rendszer&nbsp;adja. Az \u00e1ltalunk k\u00e9pviselt gy\u00e1rt\u00f3k&nbsp;t\u00f6bb, mint 2500 eszk\u00f6ze k\u00f6z\u00f6s<br>kommunik\u00e1ci\u00f3s k\u00f6rnyezetben kapcsolja \u00f6ssze a vil\u00e1g\u00edt\u00e1st, a jelenl\u00e9t\u00e9rz\u00e9kel\u00e9st,&nbsp;az \u00e1rny\u00e9kol\u00e1st, a h\u0151m\u00e9rs\u00e9klet-szab\u00e1lyoz\u00e1st \u00e9s a szobast\u00e1tusz-funkci\u00f3kat.<o:p><\/o:p><\/p>\n<p class=\"MsoNormal\">Az \u00e9p\u00fclet jelleg\u00e9b\u0151l ad\u00f3d\u00f3an az eszk\u00f6z\u00f6k megjelen\u00e9se&nbsp;legal\u00e1bb annyira fontos, mint a m\u00f6g\u00f6ttes funkci\u00f3k. A cseng\u0151panelek, dugaljak,<br>jelenl\u00e9t\u00e9rz\u00e9kel\u0151k \u00e9s szobai kezel\u0151k nem lehetnek ut\u00f3lagos technikai&nbsp;kompromisszumok. Az egyedi, l\u00e9zergrav\u00edrozott brass f\u00e9m kezel\u0151k \u00e9s fan-coil&nbsp;termoszt\u00e1tok, valamint a letisztult hagyom\u00e1nyos szerelv\u00e9nyek olyan l\u00e1that\u00f3&nbsp;fel\u00fcletet adnak, amelyek a bels\u0151 t\u00e9r r\u00e9szletek\u00e9nt jelennek meg, nem pedig&nbsp;k\u00fcl\u00f6n\u00e1ll\u00f3 m\u0171szaki elemk\u00e9nt.<o:p><\/o:p><\/p>\n<p class=\"MsoNormal\"><b>Szobai komfort \u00e9s hotelautomatika<\/b><o:p><\/o:p><\/p>\n<p class=\"MsoNormal\">A szob\u00e1k vil\u00e1g\u00edt\u00e1sa, \u00e1rny\u00e9kol\u00e1sa, h\u0151m\u00e9rs\u00e9klet-szab\u00e1lyoz\u00e1sa&nbsp;\u00e9s st\u00e1tuszfunkci\u00f3i egys\u00e9ges vez\u00e9rl\u00e9si logik\u00e1ba ker\u00fcltek. A vend\u00e9gek minden&nbsp;szob\u00e1ban \u00f6t el\u0151re defini\u00e1lt vil\u00e1g\u00edt\u00e1si k\u00e9p k\u00f6z\u00fcl v\u00e1laszthatnak. A jelenetek a&nbsp;kapcsolt \u00e9s dimmelt vil\u00e1g\u00edt\u00e1si k\u00f6r\u00f6k k\u00fcl\u00f6nb\u00f6z\u0151 kombin\u00e1ci\u00f3ival a napszakhoz \u00e9s a&nbsp;haszn\u00e1lati helyzethez illeszked\u0151 f\u00e9nyviszonyokat hoznak l\u00e9tre, an\u00e9lk\u00fcl, hogy&nbsp;minden l\u00e1mp\u00e1t k\u00fcl\u00f6n kellene kezelni.<o:p><\/o:p><\/p>\n<p class=\"MsoNormal\">A h\u0171t\u00e9s \u00e9s a f\u0171t\u00e9s az egyedi fan-coil termoszt\u00e1tokr\u00f3l&nbsp;szab\u00e1lyozhat\u00f3. A k\u00edv\u00e1nt h\u0151m\u00e9rs\u00e9klet mellett a ventil\u00e1torfokozat k\u00e9zi&nbsp;be\u00e1ll\u00edt\u00e1s\u00e1ra is lehet\u0151s\u00e9g van. A f\u00fcgg\u00f6ny- \u00e9s red\u0151nymozgat\u00e1s szint\u00e9n a szobai&nbsp;automatika r\u00e9sze, \u00edgy a vend\u00e9g ugyanabb\u00f3l a kezel\u00e9si k\u00f6rnyezetb\u0151l \u00e9ri el a&nbsp;komfortfunkci\u00f3kat.<o:p><\/o:p><\/p>\n<p class=\"MsoNormal\">A bej\u00e1ratn\u00e1l visszajelz\u0151 vil\u00e1g\u00edt\u00e1ssal kialak\u00edtott \u201eNe&nbsp;zavarjanak\u201d \u00e9s \u201eTakar\u00edt\u00e1st k\u00e9rek\u201d funkci\u00f3k egy\u00e9rtelm\u0171 inform\u00e1ci\u00f3t adnak a&nbsp;szem\u00e9lyzetnek, \u00e9s t\u00e1mogatj\u00e1k a housekeeping napi munk\u00e1j\u00e1t. A jelenl\u00e9t\u00e9rz\u00e9kel\u0151k&nbsp;a KNX-rendszerhez kapcsol\u00f3dva tov\u00e1bbi automatikus folyamatok alapj\u00e1ul&nbsp;szolg\u00e1lnak. A k\u00f6z\u00f6ss\u00e9gi terekben \u00e9s a spa ter\u00fclet\u00e9n el\u0151re be\u00e1ll\u00edtott,&nbsp;id\u0151program szerint v\u00e1ltoz\u00f3 vil\u00e1g\u00edt\u00e1si k\u00e9pek k\u00e9sz\u00fcltek.<o:p><\/o:p><\/p>\n<p class=\"MsoNormal\"><b>KNX- \u00e9s BMS-integr\u00e1ci\u00f3<\/b><o:p><\/o:p><\/p>\n<p class=\"MsoNormal\">Az \u00e9p\u00fcletautomatikai rendszerhez hozz\u00e1kapcsoltuk a g\u00e9p\u00e9szet&nbsp;\u00e9s l\u00e9gtechnika vez\u00e9rl\u00e9s\u00e9re szolg\u00e1l\u00f3 BMS (Building Management System) rendszert&nbsp;is, \u00edgy lehet\u0151v\u00e9 v\u00e1lt az \u00e9p\u00fclet valamennyi funkci\u00f3j\u00e1nak \u00f6sszehangolt m\u0171k\u00f6d\u00e9se&nbsp;\u00e9s a szobai komfort legmagasabb szint\u0171 kiszolg\u00e1l\u00e1sa.<o:p><\/o:p><\/p>\n<p class=\"MsoNormal\">A KNX ny\u00edlt rendszer\u00e9nek el\u0151nye, hogy a m\u0171k\u00f6d\u00e9s a k\u00e9s\u0151bbi&nbsp;\u00fczemeltet\u00e9si ig\u00e9nyekhez is hozz\u00e1igaz\u00edthat\u00f3. A funkci\u00f3k m\u00f3dos\u00edt\u00e1sa vagy b\u0151v\u00edt\u00e9se&nbsp;sok esetben programoz\u00e1ssal megoldhat\u00f3, nagyobb k\u00e1belez\u00e9si vagy hardveres&nbsp;\u00e1talak\u00edt\u00e1s n\u00e9lk\u00fcl. Ez hossz\u00fa t\u00e1von egyszer\u0171bb fel\u00fcgyeletet, \u00e1tl\u00e1that\u00f3bb&nbsp;karbantart\u00e1st \u00e9s nagyobb rendszerbiztons\u00e1got jelent.<o:p><\/o:p><\/p>\n<p class=\"MsoNormal\"><b>A Klotild-palota \u00faj fejezete<\/b><o:p><\/o:p><\/p>\n<p class=\"MsoNormal\">A 2026 \u00e1prilis\u00e1ban megny\u00edlt The St. Regis Budapest 63&nbsp;szob\u00e1val \u00e9s 39 lakoszt\u00e1llyal m\u0171k\u00f6dik. A bels\u0151\u00e9p\u00edt\u00e9szeti koncepci\u00f3t Budapest<br>operai \u00e9s f\u00fcrd\u0151kult\u00far\u00e1ja, valamint a Duna f\u00e9nyei \u00e9s hull\u00e1mz\u00e1sa inspir\u00e1lta. A&nbsp;l\u00e1gy k\u00e9k t\u00f3nusokat, az \u00edves form\u00e1kat \u00e9s a brass r\u00e9szleteket a vend\u00e9gszob\u00e1kban&nbsp;\u00e9s a k\u00f6z\u00f6ss\u00e9gi terekben egyar\u00e1nt k\u00f6vetkezetesen alkalmazt\u00e1k.<o:p><\/o:p><\/p>\n<p class=\"MsoNormal\">Az \u00e1ltalunk kialak\u00edtott KNX-megold\u00e1s ehhez a koncepci\u00f3hoz&nbsp;kapcsol\u00f3dva biztos\u00edtja a vil\u00e1g\u00edt\u00e1s, az \u00e1rny\u00e9kol\u00e1s, a szobai komfort \u00e9s a<br>hotel\u00fczemeltet\u00e9si funkci\u00f3k egys\u00e9ges kezel\u00e9s\u00e9t. A projekt eredm\u00e9nyek\u00e9nt olyan&nbsp;integr\u00e1lt rendszer j\u00f6tt l\u00e9tre, amely egyszerre t\u00e1mogatja a vend\u00e9g\u00e9lm\u00e9nyt, az&nbsp;energiahat\u00e9kony m\u0171k\u00f6d\u00e9st \u00e9s az \u00fczemeltet\u0151i fel\u00fcgyeletet, mik\u00f6zben vizu\u00e1lisan is&nbsp;illeszkedik a t\u00f6rt\u00e9nelmi palota meg\u00fajult tereihez.<o:p><\/o:p><\/p>\n<p class=\"MsoNormal\">A KNX-rendszer hossz\u00fa t\u00e1v\u00fa \u00fczemeltet\u00e9si szempontb\u00f3l is j\u00f3 v\u00e1laszt\u00e1snak bizonyult. A szabv\u00e1nyos, gy\u00e1rt\u00f3f\u00fcggetlen technol\u00f3gia lehet\u0151v\u00e9 teszi, hogy a rendszer k\u00e9s\u0151bbi ig\u00e9nyekhez rugalmasan igaz\u00edthat\u00f3, b\u0151v\u00edthet\u0151 \u00e9s m\u00f3dos\u00edthat\u00f3 legyen. Az egys\u00e9ges rendszerstrukt\u00fara emellett t\u00e1mogatja az \u00e1tl\u00e1that\u00f3bb fel\u00fcgyeletet \u00e9s karbantart\u00e1st, \u00edgy az \u00e9p\u00fcletautomatika a sz\u00e1lloda v\u00e1ltoz\u00f3 \u00fczemeltet\u00e9si ig\u00e9nyeihez hossz\u00fa t\u00e1von is hozz\u00e1igaz\u00edthat\u00f3.&nbsp;<\/p>\n<p class=\"MsoNormal\"><b>Sz\u00e1llodai projektet tervez? Ismerje meg, hogyan t\u00e1mogatjuk az \u00e9p\u00fcletautomatiz\u00e1l\u00e1st a tervez\u00e9st\u0151l a megval\u00f3s\u00edt\u00e1sig.<\/b><\/p>\t\t\t\t\t\t\t\t<\/div>\n\t\t\t\t<\/div>\n\t\t\t\t\t<\/div>\n\t\t\t\t<\/div>\n\t\t\t\t<\/div>","protected":false},"excerpt":{"rendered":"<p>Designk\u00f6zpont\u00fa KNX-\u00e9p\u00fcletautomatika t\u00f6rt\u00e9nelmik\u00f6rnyezetben Budapest egyik legismertebb t\u00f6rt\u00e9nelmi \u00e9p\u00fclet\u00e9ben, az \u00e9szaki&nbsp;Klotild-palot\u00e1ban ny\u00edlt meg a The St. Regis Budapest. A sz\u00e1lloda\u00e9p\u00fcletautomatiz\u00e1l\u00e1si rendszer\u00e9nek [&hellip;]<\/p>\n","protected":false},"author":5,"featured_media":10524,"comment_status":"closed","ping_status":"open","sticky":false,"template":"","format":"standard","meta":{"_acf_changed":false,"site-sidebar-layout":"default","site-content-layout":"","ast-site-content-layout":"default","site-content-style":"default","site-sidebar-style":"default","ast-global-header-display":"","ast-banner-title-visibility":"","ast-main-header-display":"","ast-hfb-above-header-display":"","ast-hfb-below-header-display":"","ast-hfb-mobile-header-display":"","site-post-title":"","ast-breadcrumbs-content":"","ast-featured-img":"","footer-sml-layout":"","ast-disable-related-posts":"","theme-transparent-header-meta":"default","adv-header-id-meta":"","stick-header-meta":"","header-above-stick-meta":"","header-main-stick-meta":"","header-below-stick-meta":"","astra-migrate-meta-layouts":"set","ast-page-background-enabled":"default","ast-page-background-meta":{"desktop":{"background-color":"var(--ast-global-color-4)","background-image":"","background-repeat":"repeat","background-position":"center center","background-size":"auto","background-attachment":"scroll","background-type":"","background-media":"","overlay-type":"","overlay-color":"","overlay-opacity":"","overlay-gradient":""},"tablet":{"background-color":"","background-image":"","background-repeat":"repeat","background-position":"center center","background-size":"auto","background-attachment":"scroll","background-type":"","background-media":"","overlay-type":"","overlay-color":"","overlay-opacity":"","overlay-gradient":""},"mobile":{"background-color":"","background-image":"","background-repeat":"repeat","background-position":"center center","background-size":"auto","background-attachment":"scroll","background-type":"","background-media":"","overlay-type":"","overlay-color":"","overlay-opacity":"","overlay-gradient":""}},"ast-content-background-meta":{"desktop":{"background-color":"var(--ast-global-color-5)","background-image":"","background-repeat":"repeat","background-position":"center center","background-size":"auto","background-attachment":"scroll","background-type":"","background-media":"","overlay-type":"","overlay-color":"","overlay-opacity":"","overlay-gradient":""},"tablet":{"background-color":"var(--ast-global-color-5)","background-image":"","background-repeat":"repeat","background-position":"center center","background-size":"auto","background-attachment":"scroll","background-type":"","background-media":"","overlay-type":"","overlay-color":"","overlay-opacity":"","overlay-gradient":""},"mobile":{"background-color":"var(--ast-global-color-5)","background-image":"","background-repeat":"repeat","background-position":"center center","background-size":"auto","background-attachment":"scroll","background-type":"","background-media":"","overlay-type":"","overlay-color":"","overlay-opacity":"","overlay-gradient":""}},"footnotes":""},"categories":[1,60],"tags":[],"class_list":["post-10510","post","type-post","status-publish","format-standard","has-post-thumbnail","hentry","category-blog","category-referenciaink"],"acf":[],"yoast_head":"<!-- This site is optimized with the Yoast SEO plugin v28.3 - https:\/\/yoast.com\/product\/yoast-seo-wordpress\/ -->\n<title>The St. Regis Hotel Budapest - Elektro Kamleithner<\/title>\n<meta name=\"robots\" content=\"index, follow, max-snippet:-1, max-image-preview:large, max-video-preview:-1\" \/>\n<link rel=\"canonical\" href=\"https:\/\/elektro-kamleithner.hu\/en\/the-st-regis-hotel-budapest\/\" \/>\n<meta property=\"og:locale\" content=\"en_GB\" \/>\n<meta property=\"og:type\" content=\"article\" \/>\n<meta property=\"og:title\" content=\"The St. Regis Hotel Budapest - Elektro Kamleithner\" \/>\n<meta property=\"og:description\" content=\"Designk\u00f6zpont\u00fa KNX-\u00e9p\u00fcletautomatika t\u00f6rt\u00e9nelmik\u00f6rnyezetben Budapest egyik legismertebb t\u00f6rt\u00e9nelmi \u00e9p\u00fclet\u00e9ben, az \u00e9szaki&nbsp;Klotild-palot\u00e1ban ny\u00edlt meg a The St. Regis Budapest. A sz\u00e1lloda\u00e9p\u00fcletautomatiz\u00e1l\u00e1si rendszer\u00e9nek [&hellip;]\" \/>\n<meta property=\"og:url\" content=\"https:\/\/elektro-kamleithner.hu\/en\/the-st-regis-hotel-budapest\/\" \/>\n<meta property=\"og:site_name\" content=\"Elektro Kamleithner\" \/>\n<meta property=\"article:publisher\" content=\"https:\/\/www.facebook.com\/ElektroKamleithnerKft\/\" \/>\n<meta property=\"article:published_time\" content=\"2026-09-01T14:06:16+00:00\" \/>\n<meta property=\"article:modified_time\" content=\"2026-09-01T14:41:00+00:00\" \/>\n<meta property=\"og:image\" content=\"https:\/\/elektro-kamleithner.hu\/wp-content\/uploads\/2026\/09\/Klotild-1200x628px.jpg\" \/>\n\t<meta property=\"og:image:width\" content=\"1200\" \/>\n\t<meta property=\"og:image:height\" content=\"628\" \/>\n\t<meta property=\"og:image:type\" content=\"image\/jpeg\" \/>\n<meta name=\"author\" content=\"Balogh Zolt\u00e1n\" \/>\n<meta name=\"twitter:card\" content=\"summary_large_image\" \/>\n<meta name=\"twitter:label1\" content=\"Written by\" \/>\n\t<meta name=\"twitter:data1\" content=\"Balogh Zolt\u00e1n\" \/>\n\t<meta name=\"twitter:label2\" content=\"Estimated reading time\" \/>\n\t<meta name=\"twitter:data2\" content=\"4 minutes\" \/>\n<script type=\"application\/ld+json\" class=\"yoast-schema-graph\">{\"@context\":\"https:\\\/\\\/schema.org\",\"@graph\":[{\"@type\":\"Article\",\"@id\":\"https:\\\/\\\/elektro-kamleithner.hu\\\/the-st-regis-hotel-budapest\\\/#article\",\"isPartOf\":{\"@id\":\"https:\\\/\\\/elektro-kamleithner.hu\\\/the-st-regis-hotel-budapest\\\/\"},\"author\":{\"name\":\"Balogh Zolt\u00e1n\",\"@id\":\"https:\\\/\\\/elektro-kamleithner.hu\\\/#\\\/schema\\\/person\\\/2775e1e13f57a7bdb145ee955125f09f\"},\"headline\":\"The St. Regis Hotel Budapest\",\"datePublished\":\"2026-09-01T14:06:16+00:00\",\"dateModified\":\"2026-09-01T14:41:00+00:00\",\"mainEntityOfPage\":{\"@id\":\"https:\\\/\\\/elektro-kamleithner.hu\\\/the-st-regis-hotel-budapest\\\/\"},\"wordCount\":1128,\"publisher\":{\"@id\":\"https:\\\/\\\/elektro-kamleithner.hu\\\/#organization\"},\"image\":{\"@id\":\"https:\\\/\\\/elektro-kamleithner.hu\\\/the-st-regis-hotel-budapest\\\/#primaryimage\"},\"thumbnailUrl\":\"https:\\\/\\\/elektro-kamleithner.hu\\\/wp-content\\\/uploads\\\/2026\\\/09\\\/Klotild-1200x628px.jpg\",\"articleSection\":[\"Blog\",\"Referenci\u00e1ink\"],\"inLanguage\":\"en-GB\"},{\"@type\":\"WebPage\",\"@id\":\"https:\\\/\\\/elektro-kamleithner.hu\\\/the-st-regis-hotel-budapest\\\/\",\"url\":\"https:\\\/\\\/elektro-kamleithner.hu\\\/the-st-regis-hotel-budapest\\\/\",\"name\":\"The St. Regis Hotel Budapest - Elektro Kamleithner\",\"isPartOf\":{\"@id\":\"https:\\\/\\\/elektro-kamleithner.hu\\\/#website\"},\"primaryImageOfPage\":{\"@id\":\"https:\\\/\\\/elektro-kamleithner.hu\\\/the-st-regis-hotel-budapest\\\/#primaryimage\"},\"image\":{\"@id\":\"https:\\\/\\\/elektro-kamleithner.hu\\\/the-st-regis-hotel-budapest\\\/#primaryimage\"},\"thumbnailUrl\":\"https:\\\/\\\/elektro-kamleithner.hu\\\/wp-content\\\/uploads\\\/2026\\\/09\\\/Klotild-1200x628px.jpg\",\"datePublished\":\"2026-09-01T14:06:16+00:00\",\"dateModified\":\"2026-09-01T14:41:00+00:00\",\"breadcrumb\":{\"@id\":\"https:\\\/\\\/elektro-kamleithner.hu\\\/the-st-regis-hotel-budapest\\\/#breadcrumb\"},\"inLanguage\":\"en-GB\",\"potentialAction\":[{\"@type\":\"ReadAction\",\"target\":[\"https:\\\/\\\/elektro-kamleithner.hu\\\/the-st-regis-hotel-budapest\\\/\"]}]},{\"@type\":\"ImageObject\",\"inLanguage\":\"en-GB\",\"@id\":\"https:\\\/\\\/elektro-kamleithner.hu\\\/the-st-regis-hotel-budapest\\\/#primaryimage\",\"url\":\"https:\\\/\\\/elektro-kamleithner.hu\\\/wp-content\\\/uploads\\\/2026\\\/09\\\/Klotild-1200x628px.jpg\",\"contentUrl\":\"https:\\\/\\\/elektro-kamleithner.hu\\\/wp-content\\\/uploads\\\/2026\\\/09\\\/Klotild-1200x628px.jpg\",\"width\":1200,\"height\":628,\"caption\":\"Klotild 1200x628px\"},{\"@type\":\"BreadcrumbList\",\"@id\":\"https:\\\/\\\/elektro-kamleithner.hu\\\/the-st-regis-hotel-budapest\\\/#breadcrumb\",\"itemListElement\":[{\"@type\":\"ListItem\",\"position\":1,\"name\":\"Kezd\u0151lap\",\"item\":\"https:\\\/\\\/elektro-kamleithner.hu\\\/\"},{\"@type\":\"ListItem\",\"position\":2,\"name\":\"The St. Regis Hotel Budapest\"}]},{\"@type\":\"WebSite\",\"@id\":\"https:\\\/\\\/elektro-kamleithner.hu\\\/#website\",\"url\":\"https:\\\/\\\/elektro-kamleithner.hu\\\/\",\"name\":\"Elektro Kamleithner\",\"description\":\"Elektro Kamleithner\",\"publisher\":{\"@id\":\"https:\\\/\\\/elektro-kamleithner.hu\\\/#organization\"},\"potentialAction\":[{\"@type\":\"SearchAction\",\"target\":{\"@type\":\"EntryPoint\",\"urlTemplate\":\"https:\\\/\\\/elektro-kamleithner.hu\\\/?s={search_term_string}\"},\"query-input\":{\"@type\":\"PropertyValueSpecification\",\"valueRequired\":true,\"valueName\":\"search_term_string\"}}],\"inLanguage\":\"en-GB\"},{\"@type\":\"Organization\",\"@id\":\"https:\\\/\\\/elektro-kamleithner.hu\\\/#organization\",\"name\":\"Elektro Kamleithner\",\"url\":\"https:\\\/\\\/elektro-kamleithner.hu\\\/\",\"logo\":{\"@type\":\"ImageObject\",\"inLanguage\":\"en-GB\",\"@id\":\"https:\\\/\\\/elektro-kamleithner.hu\\\/#\\\/schema\\\/logo\\\/image\\\/\",\"url\":\"https:\\\/\\\/elektro-kamleithner.hu\\\/wp-content\\\/uploads\\\/2024\\\/09\\\/elektro-white-001.svg\",\"contentUrl\":\"https:\\\/\\\/elektro-kamleithner.hu\\\/wp-content\\\/uploads\\\/2024\\\/09\\\/elektro-white-001.svg\",\"width\":382,\"height\":131,\"caption\":\"Elektro Kamleithner\"},\"image\":{\"@id\":\"https:\\\/\\\/elektro-kamleithner.hu\\\/#\\\/schema\\\/logo\\\/image\\\/\"},\"sameAs\":[\"https:\\\/\\\/www.facebook.com\\\/ElektroKamleithnerKft\\\/\",\"https:\\\/\\\/www.youtube.com\\\/channel\\\/UCdDdwY5NIU2nmN9MjvqnFqg\",\"https:\\\/\\\/www.instagram.com\\\/berker.hu\\\/\"]},{\"@type\":\"Person\",\"@id\":\"https:\\\/\\\/elektro-kamleithner.hu\\\/#\\\/schema\\\/person\\\/2775e1e13f57a7bdb145ee955125f09f\",\"name\":\"Balogh Zolt\u00e1n\",\"image\":{\"@type\":\"ImageObject\",\"inLanguage\":\"en-GB\",\"@id\":\"https:\\\/\\\/secure.gravatar.com\\\/avatar\\\/4c209e94fe2427afa27374f746bba16127a3025b1ccc006e8dd22fc5b3c3f7f4?s=96&d=mm&r=g\",\"url\":\"https:\\\/\\\/secure.gravatar.com\\\/avatar\\\/4c209e94fe2427afa27374f746bba16127a3025b1ccc006e8dd22fc5b3c3f7f4?s=96&d=mm&r=g\",\"contentUrl\":\"https:\\\/\\\/secure.gravatar.com\\\/avatar\\\/4c209e94fe2427afa27374f746bba16127a3025b1ccc006e8dd22fc5b3c3f7f4?s=96&d=mm&r=g\",\"caption\":\"Balogh Zolt\u00e1n\"},\"url\":\"https:\\\/\\\/elektro-kamleithner.hu\\\/en\\\/author\\\/bzoli\\\/\"}]}<\/script>\n<!-- \/ Yoast SEO plugin. -->","yoast_head_json":{"title":"The St. Regis Hotel Budapest - Elektro Kamleithner","robots":{"index":"index","follow":"follow","max-snippet":"max-snippet:-1","max-image-preview":"max-image-preview:large","max-video-preview":"max-video-preview:-1"},"canonical":"https:\/\/elektro-kamleithner.hu\/en\/the-st-regis-hotel-budapest\/","og_locale":"en_GB","og_type":"article","og_title":"The St. Regis Hotel Budapest - Elektro Kamleithner","og_description":"Designk\u00f6zpont\u00fa KNX-\u00e9p\u00fcletautomatika t\u00f6rt\u00e9nelmik\u00f6rnyezetben Budapest egyik legismertebb t\u00f6rt\u00e9nelmi \u00e9p\u00fclet\u00e9ben, az \u00e9szaki&nbsp;Klotild-palot\u00e1ban ny\u00edlt meg a The St. Regis Budapest. A sz\u00e1lloda\u00e9p\u00fcletautomatiz\u00e1l\u00e1si rendszer\u00e9nek [&hellip;]","og_url":"https:\/\/elektro-kamleithner.hu\/en\/the-st-regis-hotel-budapest\/","og_site_name":"Elektro Kamleithner","article_publisher":"https:\/\/www.facebook.com\/ElektroKamleithnerKft\/","article_published_time":"2026-09-01T14:06:16+00:00","article_modified_time":"2026-09-01T14:41:00+00:00","og_image":[{"width":1200,"height":628,"url":"https:\/\/elektro-kamleithner.hu\/wp-content\/uploads\/2026\/09\/Klotild-1200x628px.jpg","type":"image\/jpeg"}],"author":"Balogh Zolt\u00e1n","twitter_card":"summary_large_image","twitter_misc":{"Written by":"Balogh Zolt\u00e1n","Estimated reading time":"4 minutes"},"schema":{"@context":"https:\/\/schema.org","@graph":[{"@type":"Article","@id":"https:\/\/elektro-kamleithner.hu\/the-st-regis-hotel-budapest\/#article","isPartOf":{"@id":"https:\/\/elektro-kamleithner.hu\/the-st-regis-hotel-budapest\/"},"author":{"name":"Balogh Zolt\u00e1n","@id":"https:\/\/elektro-kamleithner.hu\/#\/schema\/person\/2775e1e13f57a7bdb145ee955125f09f"},"headline":"The St. Regis Hotel Budapest","datePublished":"2026-09-01T14:06:16+00:00","dateModified":"2026-09-01T14:41:00+00:00","mainEntityOfPage":{"@id":"https:\/\/elektro-kamleithner.hu\/the-st-regis-hotel-budapest\/"},"wordCount":1128,"publisher":{"@id":"https:\/\/elektro-kamleithner.hu\/#organization"},"image":{"@id":"https:\/\/elektro-kamleithner.hu\/the-st-regis-hotel-budapest\/#primaryimage"},"thumbnailUrl":"https:\/\/elektro-kamleithner.hu\/wp-content\/uploads\/2026\/09\/Klotild-1200x628px.jpg","articleSection":["Blog","Referenci\u00e1ink"],"inLanguage":"en-GB"},{"@type":"WebPage","@id":"https:\/\/elektro-kamleithner.hu\/the-st-regis-hotel-budapest\/","url":"https:\/\/elektro-kamleithner.hu\/the-st-regis-hotel-budapest\/","name":"The St. Regis Hotel Budapest - Elektro Kamleithner","isPartOf":{"@id":"https:\/\/elektro-kamleithner.hu\/#website"},"primaryImageOfPage":{"@id":"https:\/\/elektro-kamleithner.hu\/the-st-regis-hotel-budapest\/#primaryimage"},"image":{"@id":"https:\/\/elektro-kamleithner.hu\/the-st-regis-hotel-budapest\/#primaryimage"},"thumbnailUrl":"https:\/\/elektro-kamleithner.hu\/wp-content\/uploads\/2026\/09\/Klotild-1200x628px.jpg","datePublished":"2026-09-01T14:06:16+00:00","dateModified":"2026-09-01T14:41:00+00:00","breadcrumb":{"@id":"https:\/\/elektro-kamleithner.hu\/the-st-regis-hotel-budapest\/#breadcrumb"},"inLanguage":"en-GB","potentialAction":[{"@type":"ReadAction","target":["https:\/\/elektro-kamleithner.hu\/the-st-regis-hotel-budapest\/"]}]},{"@type":"ImageObject","inLanguage":"en-GB","@id":"https:\/\/elektro-kamleithner.hu\/the-st-regis-hotel-budapest\/#primaryimage","url":"https:\/\/elektro-kamleithner.hu\/wp-content\/uploads\/2026\/09\/Klotild-1200x628px.jpg","contentUrl":"https:\/\/elektro-kamleithner.hu\/wp-content\/uploads\/2026\/09\/Klotild-1200x628px.jpg","width":1200,"height":628,"caption":"Klotild 1200x628px"},{"@type":"BreadcrumbList","@id":"https:\/\/elektro-kamleithner.hu\/the-st-regis-hotel-budapest\/#breadcrumb","itemListElement":[{"@type":"ListItem","position":1,"name":"Kezd\u0151lap","item":"https:\/\/elektro-kamleithner.hu\/"},{"@type":"ListItem","position":2,"name":"The St. Regis Hotel Budapest"}]},{"@type":"WebSite","@id":"https:\/\/elektro-kamleithner.hu\/#website","url":"https:\/\/elektro-kamleithner.hu\/","name":"Elektro Kamleithner","description":"Elektro Kamleithner","publisher":{"@id":"https:\/\/elektro-kamleithner.hu\/#organization"},"potentialAction":[{"@type":"SearchAction","target":{"@type":"EntryPoint","urlTemplate":"https:\/\/elektro-kamleithner.hu\/?s={search_term_string}"},"query-input":{"@type":"PropertyValueSpecification","valueRequired":true,"valueName":"search_term_string"}}],"inLanguage":"en-GB"},{"@type":"Organization","@id":"https:\/\/elektro-kamleithner.hu\/#organization","name":"Elektro Kamleithner","url":"https:\/\/elektro-kamleithner.hu\/","logo":{"@type":"ImageObject","inLanguage":"en-GB","@id":"https:\/\/elektro-kamleithner.hu\/#\/schema\/logo\/image\/","url":"https:\/\/elektro-kamleithner.hu\/wp-content\/uploads\/2024\/09\/elektro-white-001.svg","contentUrl":"https:\/\/elektro-kamleithner.hu\/wp-content\/uploads\/2024\/09\/elektro-white-001.svg","width":382,"height":131,"caption":"Elektro Kamleithner"},"image":{"@id":"https:\/\/elektro-kamleithner.hu\/#\/schema\/logo\/image\/"},"sameAs":["https:\/\/www.facebook.com\/ElektroKamleithnerKft\/","https:\/\/www.youtube.com\/channel\/UCdDdwY5NIU2nmN9MjvqnFqg","https:\/\/www.instagram.com\/berker.hu\/"]},{"@type":"Person","@id":"https:\/\/elektro-kamleithner.hu\/#\/schema\/person\/2775e1e13f57a7bdb145ee955125f09f","name":"Balogh Zolt\u00e1n","image":{"@type":"ImageObject","inLanguage":"en-GB","@id":"https:\/\/secure.gravatar.com\/avatar\/4c209e94fe2427afa27374f746bba16127a3025b1ccc006e8dd22fc5b3c3f7f4?s=96&d=mm&r=g","url":"https:\/\/secure.gravatar.com\/avatar\/4c209e94fe2427afa27374f746bba16127a3025b1ccc006e8dd22fc5b3c3f7f4?s=96&d=mm&r=g","contentUrl":"https:\/\/secure.gravatar.com\/avatar\/4c209e94fe2427afa27374f746bba16127a3025b1ccc006e8dd22fc5b3c3f7f4?s=96&d=mm&r=g","caption":"Balogh Zolt\u00e1n"},"url":"https:\/\/elektro-kamleithner.hu\/en\/author\/bzoli\/"}]}},"_links":{"self":[{"href":"https:\/\/elektro-kamleithner.hu\/en\/wp-json\/wp\/v2\/posts\/10510","targetHints":{"allow":["GET"]}}],"collection":[{"href":"https:\/\/elektro-kamleithner.hu\/en\/wp-json\/wp\/v2\/posts"}],"about":[{"href":"https:\/\/elektro-kamleithner.hu\/en\/wp-json\/wp\/v2\/types\/post"}],"author":[{"embeddable":true,"href":"https:\/\/elektro-kamleithner.hu\/en\/wp-json\/wp\/v2\/users\/5"}],"replies":[{"embeddable":true,"href":"https:\/\/elektro-kamleithner.hu\/en\/wp-json\/wp\/v2\/comments?post=10510"}],"version-history":[{"count":11,"href":"https:\/\/elektro-kamleithner.hu\/en\/wp-json\/wp\/v2\/posts\/10510\/revisions"}],"predecessor-version":[{"id":10525,"href":"https:\/\/elektro-kamleithner.hu\/en\/wp-json\/wp\/v2\/posts\/10510\/revisions\/10525"}],"wp:featuredmedia":[{"embeddable":true,"href":"https:\/\/elektro-kamleithner.hu\/en\/wp-json\/wp\/v2\/media\/10524"}],"wp:attachment":[{"href":"https:\/\/elektro-kamleithner.hu\/en\/wp-json\/wp\/v2\/media?parent=10510"}],"wp:term":[{"taxonomy":"category","embeddable":true,"href":"https:\/\/elektro-kamleithner.hu\/en\/wp-json\/wp\/v2\/categories?post=10510"},{"taxonomy":"post_tag","embeddable":true,"href":"https:\/\/elektro-kamleithner.hu\/en\/wp-json\/wp\/v2\/tags?post=10510"}],"curies":[{"name":"wp","href":"https:\/\/api.w.org\/{rel}","templated":true}]}}