{"id":10485,"date":"2026-09-01T09:30:53","date_gmt":"2026-09-01T07:30:53","guid":{"rendered":"https:\/\/elektro-kamleithner.hu\/?p=10485"},"modified":"2026-09-01T10:01:46","modified_gmt":"2026-09-01T08:01:46","slug":"intelligens-hoteluzemeltetes-a-gyakorlatban-energetikai-korszerusites-kolping-hotel","status":"publish","type":"post","link":"https:\/\/elektro-kamleithner.hu\/en\/intelligens-hoteluzemeltetes-a-gyakorlatban-energetikai-korszerusites-kolping-hotel\/","title":{"rendered":"Intelligens hotel\u00fczemeltet\u00e9s a gyakorlatban \u2013 energetikai korszer\u0171s\u00edt\u00e9s Kolping Hotel"},"content":{"rendered":"<div data-elementor-type=\"wp-post\" data-elementor-id=\"10485\" class=\"elementor elementor-10485\" data-elementor-post-type=\"post\">\n\t\t\t\t<div class=\"elementor-element elementor-element-d7aaf1d e-flex e-con-boxed e-con e-parent\" data-id=\"d7aaf1d\" data-element_type=\"container\" data-e-type=\"container\">\n\t\t\t\t\t<div class=\"e-con-inner\">\n\t\t\t\t<div class=\"elementor-element elementor-element-32a0fc0 elementor-widget elementor-widget-text-editor\" data-id=\"32a0fc0\" data-element_type=\"widget\" data-e-type=\"widget\" data-widget_type=\"text-editor.default\">\n\t\t\t\t<div class=\"elementor-widget-container\">\n\t\t\t\t\t\t\t\t\t<p>Egy sz\u00e1lloda energetikai korszer\u0171s\u00edt\u00e9se k\u00fcl\u00f6n\u00f6sen \u00f6sszetett&nbsp;feladat akkor, ha a fejleszt\u00e9st egy m\u00e1r m\u0171k\u00f6d\u0151 \u00e9p\u00fcletben kell megval\u00f3s\u00edtani. A&nbsp;c\u00e9l nem egyszer\u0171en az egyes berendez\u00e9sek vez\u00e9rl\u00e9se, hanem egy olyan rendszer&nbsp;kialak\u00edt\u00e1sa, amely a vend\u00e9gkomfort megtart\u00e1sa mellett t\u00e1mogatja az&nbsp;energiafelhaszn\u00e1l\u00e1s optimaliz\u00e1l\u00e1s\u00e1t, \u00e1tl\u00e1that\u00f3bb\u00e1 teszi az \u00fczemeltet\u00e9st, \u00e9s&nbsp;megfelel\u0151 adatokat biztos\u00edt a k\u00e9s\u0151bbi d\u00f6nt\u00e9sekhez.&nbsp;<br><span style=\"font-style: inherit; font-weight: inherit;\">A Kolping Hotelben megval\u00f3s\u00edtott projekt sor\u00e1n az&nbsp;<\/span><span style=\"font-style: inherit; font-weight: inherit;\">Elektro-Kamleithner Kft. szakemberei a szobai szab\u00e1lyoz\u00e1st\u00f3l a g\u00e9ph\u00e1zi adatgy\u0171jt\u00e9sen&nbsp;<\/span><span style=\"font-style: inherit; font-weight: inherit;\">\u00e1t a hotelmenedzsment-rendszer integr\u00e1ci\u00f3j\u00e1ig t\u00f6bb ter\u00fcletet kapcsoltak \u00f6ssze&nbsp;<\/span><span style=\"font-style: inherit;\"><span style=\"font-weight: inherit;\">egy egys\u00e9ges \u00e9p\u00fcletautomatiz\u00e1l\u00e1si rendszerben.&nbsp;<\/span><\/span><\/p>\n<h6><span style=\"font-style: inherit;\"><b>A kiindul\u00f3pont: m\u0171k\u00f6d\u0151 sz\u00e1lloda, megl\u00e9v\u0151 rendszerek<\/b><\/span><\/h6>\n<p>A fejleszt\u00e9s egyik meghat\u00e1roz\u00f3 felt\u00e9tele az volt, hogy a&nbsp;rendszer ki\u00e9p\u00edt\u00e9se egy \u00fczemel\u0151 sz\u00e1llod\u00e1ban t\u00f6rt\u00e9nt. A korszer\u0171s\u00edt\u00e9s sor\u00e1n ez\u00e9rt<br>a megl\u00e9v\u0151 g\u00e9p\u00e9szeti \u00e9s szobai rendszerekre kellett \u00e9p\u00edteni \u00fagy, hogy k\u00f6zben a&nbsp;vend\u00e9gek komfortja \u00e9s a hotel m\u0171k\u00f6d\u00e9se is biztos\u00edtott maradjon.<o:p><\/o:p><\/p>\n<p>A szob\u00e1kban kor\u00e1bban fali termoszt\u00e1tok vez\u00e9relt\u00e9k a fan-coil&nbsp;egys\u00e9geket, a radi\u00e1torokon pedig termosztatikus fejek m\u0171k\u00f6dtek. A vend\u00e9gek 18&nbsp;\u00e9s 29 \u00b0C k\u00f6z\u00f6tt \u00e1ll\u00edthatt\u00e1k a k\u00edv\u00e1nt h\u0151m\u00e9rs\u00e9kletet, az ablaknyit\u00e1s fel\u00fcgyelete&nbsp;pedig m\u00e1r a megl\u00e9v\u0151 rendszer r\u00e9sz\u00e9t k\u00e9pezte.<o:p><\/o:p><\/p>\n<p>A fejleszt\u00e9s c\u00e9lja az volt, hogy a helyis\u00e9gek f\u0171t\u00e9se \u00e9s&nbsp;h\u0171t\u00e9se ne kiz\u00e1r\u00f3lag helyi beavatkoz\u00e1sok alapj\u00e1n m\u0171k\u00f6dj\u00f6n, hanem a szob\u00e1k<br>t\u00e9nyleges haszn\u00e1lat\u00e1hoz is alkalmazkodjon.<o:p><\/o:p><\/p>\n<h6><b>Foglalts\u00e1gf\u00fcgg\u0151 szobavez\u00e9rl\u00e9s<\/b><\/h6>\n<p>Az \u00faj rendszerben a szobai h\u0151m\u00e9rs\u00e9klet-szab\u00e1lyoz\u00e1s egyik&nbsp;legfontosabb bemeneti inform\u00e1ci\u00f3ja a szoba foglalts\u00e1gi \u00e1llapota lett.&nbsp;<br><span style=\"font-style: inherit; font-weight: inherit;\">A Flexys hotelmenedzsment-szoftver integr\u00e1ci\u00f3j\u00e1val az&nbsp;\u00e9p\u00fcletautomatika inform\u00e1ci\u00f3t kap arr\u00f3l, hogy az adott szoba:&nbsp;<\/span><\/p>\n<p>&#8211; szabad,<br>&#8211; foglalt,<br>&#8211; \u00e9rkez\u0151 vend\u00e9get v\u00e1r,<br>&#8211; vagy t\u00e1voz\u00e1s el\u0151tt \u00e1ll.<\/p>\n<p><span style=\"font-style: inherit; font-weight: inherit;\">A rendszer ezeknek az \u00e1llapotoknak megfelel\u0151en k\u00e9pes&nbsp;<\/span><span style=\"font-style: inherit; font-weight: inherit;\">meghat\u00e1rozni a sz\u00fcks\u00e9ges h\u0151m\u00e9rs\u00e9kleti \u00e9rt\u00e9keket. A vend\u00e9g \u00e9rkez\u00e9se el\u0151tt&nbsp;<\/span><span style=\"font-style: inherit; font-weight: inherit;\">p\u00e9ld\u00e1ul el\u0151k\u00e9sz\u00edthet\u0151 a megfelel\u0151 szobah\u0151m\u00e9rs\u00e9klet, m\u00edg egy hosszabb ideig&nbsp;<\/span><span style=\"font-style: inherit; font-weight: inherit;\">haszn\u00e1laton k\u00edv\u00fcli helyis\u00e9gn\u00e9l nincs sz\u00fcks\u00e9g ugyanarra az \u00fczem\u00e1llapotra, mint&nbsp;<\/span><span style=\"font-style: inherit; font-weight: inherit;\">egy foglalt szob\u00e1ban.<\/span><\/p>\n<p>A be\u00e1ll\u00edthat\u00f3 maxim\u00e1lis h\u0151m\u00e9rs\u00e9klet f\u0171t\u00e9si \u00fczemben 24 \u00b0C,&nbsp;h\u0171t\u00e9si \u00fczemben pedig 24,5 \u00b0C lett. Az ablaknyit\u00e1s fel\u00fcgyelete tov\u00e1bbra is r\u00e9sze&nbsp;a szab\u00e1lyoz\u00e1snak.<o:p><\/o:p><\/p>\n<p>Az automatiz\u00e1l\u00e1s eredm\u00e9nyek\u00e9nt a szob\u00e1k \u00fczem\u00e1llapot\u00e1nak&nbsp;v\u00e1ltoz\u00e1s\u00e1t a rendszer emberi beavatkoz\u00e1s n\u00e9lk\u00fcl is k\u00e9pes k\u00f6vetni.<o:p><\/o:p><\/p>\n<h6><b>Az \u00e9p\u00fcletg\u00e9p\u00e9szet m\u0171k\u00f6d\u00e9s\u00e9nek \u00e1tl\u00e1that\u00f3bb\u00e1 t\u00e9tele<\/b><\/h6>\n<p>A korszer\u0171s\u00edt\u00e9s nem \u00e1llt meg a hotelszob\u00e1kn\u00e1l.<o:p><\/o:p><\/p>\n<p>A g\u00e9ph\u00e1z\u00e1ban kaz\u00e1nok, h\u0151szivatty\u00fak, haszn\u00e1lati&nbsp;melegv\u00edz-rendszer, HMV-cirkul\u00e1ci\u00f3, radi\u00e1toros f\u0171t\u00e9s \u00e9s fan-coil k\u00f6r\u00f6k m\u0171k\u00f6dnek.<br>Kor\u00e1bban sz\u00e1mos inform\u00e1ci\u00f3 csak a helysz\u00ednen, a gy\u00e1ri vez\u00e9rl\u0151k vagy a&nbsp;cs\u0151vezet\u00e9kekbe \u00e9p\u00edtett anal\u00f3g h\u0151m\u00e9r\u0151k alapj\u00e1n volt ellen\u0151rizhet\u0151.&nbsp;<\/p>\n<p><span style=\"font-style: inherit; font-weight: inherit;\">A villamosenergia-, g\u00e1z- \u00e9s v\u00edzfogyaszt\u00e1s adatait szint\u00e9n&nbsp;<\/span><span style=\"font-style: inherit; font-weight: inherit;\">havi leolvas\u00e1sokkal k\u00f6vett\u00e9k.<\/span><\/p>\n<p>A projekt sor\u00e1n \u00faj g\u00e9ph\u00e1zi eloszt\u00f3szekr\u00e9ny k\u00e9sz\u00fclt, \u00e9s t\u00f6bb&nbsp;olyan m\u00e9r\u00e9si pont ker\u00fclt kialak\u00edt\u00e1sra, amelyek seg\u00edts\u00e9g\u00e9vel r\u00e9szletesebb k\u00e9pet&nbsp;lehet kapni a g\u00e9p\u00e9szeti rendszerek m\u0171k\u00f6d\u00e9s\u00e9r\u0151l.<o:p><\/o:p><\/p>\n<p>A rendszer t\u00f6bbek k\u00f6z\u00f6tt gy\u0171jti:<br>&#8211;&nbsp;<o:p><\/o:p><span style=\"text-indent: -24px; font-size: 1rem; font-weight: inherit;\">a HMV-t\u00e1rol\u00f3 h\u0151m\u00e9rs\u00e9klet\u00e9t,<br>&#8211;&nbsp;<\/span><span style=\"text-indent: -24px; font-size: 1rem; font-weight: inherit;\">a HMV t\u00f6lt\u0151vezet\u00e9k el\u0151remen\u0151 \u00e9s visszat\u00e9r\u0151&nbsp;<\/span><span style=\"text-indent: -24px; font-size: 1rem; font-weight: inherit;\">h\u0151m\u00e9rs\u00e9klet\u00e9t,&nbsp;<br><\/span><span style=\"font-style: inherit; font-weight: inherit; text-indent: -18pt;\">&#8211; a radi\u00e1toros f\u0171t\u00e9si k\u00f6r el\u0151remen\u0151 \u00e9s visszat\u00e9r\u0151&nbsp;<\/span><span style=\"font-style: inherit; font-weight: inherit; text-indent: -18pt;\">v\u00edzh\u0151m\u00e9rs\u00e9klet\u00e9t,&nbsp;<br><\/span><span style=\"font-style: inherit; font-weight: inherit; text-indent: -18pt;\">&#8211; a kaz\u00e1n kil\u00e9p\u0151 \u00e9s visszat\u00e9r\u0151 v\u00edzh\u0151m\u00e9rs\u00e9klet\u00e9t,&nbsp;<br>&#8211; a<\/span><span style=\"font-style: inherit; font-weight: inherit; text-indent: -18pt;\">&nbsp;fan-coil k\u00f6r\u00f6k v\u00edzh\u0151m\u00e9rs\u00e9klet\u00e9t,<br>&#8211;&nbsp;<\/span><span style=\"font-style: inherit; font-weight: inherit; text-indent: -18pt;\">valamint a szivatty\u00fak hibajelz\u00e9seit.<\/span><\/p>\n<p>A teljes villamosenergia-fogyaszt\u00e1sa \u00e9s a h\u0151szivatty\u00fak&nbsp;villamosenergia-felhaszn\u00e1l\u00e1sa napi \u00e9s havi bont\u00e1sban is k\u00f6vethet\u0151v\u00e9 v\u00e1lt. Az&nbsp;impulzusad\u00f3s v\u00edz- \u00e9s g\u00e1zm\u00e9r\u0151k ki\u00e9p\u00edt\u00e9s\u00e9vel ezeknek a k\u00f6zm\u0171veknek a fogyaszt\u00e1si&nbsp;adatai is beker\u00fcltek a rendszerbe.<o:p><\/o:p><\/p>\n<h6><b>Nemcsak vez\u00e9rl\u00e9s, hanem adat is<\/b><\/h6>\n<p>Egy korszer\u0171 \u00e9p\u00fcletautomatiz\u00e1l\u00e1si rendszer egyik&nbsp;legfontosabb el\u0151nye, hogy a k\u00fcl\u00f6nb\u00f6z\u0151 alrendszerekb\u0151l \u00e9rkez\u0151 inform\u00e1ci\u00f3kat<br>k\u00f6z\u00f6s fel\u00fcleten teszi el\u00e9rhet\u0151v\u00e9.&nbsp;<o:p><\/o:p><\/p>\n<p>A kialak\u00edtott vizualiz\u00e1ci\u00f3ban az \u00fczemeltet\u00e9s \u00e1ttekintheti az&nbsp;\u00e9p\u00fclet \u00e9s a szob\u00e1k aktu\u00e1lis \u00e1llapot\u00e1t, t\u00f6bbek k\u00f6z\u00f6tt:<br>&#8211; a foglalts\u00e1got,<br>&#8211; az \u00e9rkez\u0151 \u00e9s t\u00e1voz\u00f3&nbsp;<span style=\"font-style: inherit; font-weight: inherit; text-indent: -18pt;\">vend\u00e9gekhez kapcsol\u00f3d\u00f3 \u00e1llapotokat,&nbsp;<br>&#8211;&nbsp;<\/span><span style=\"font-style: inherit; font-weight: inherit; text-indent: -18pt;\">a m\u00e9rt helyis\u00e9gh\u0151m\u00e9rs\u00e9kleteket,&nbsp;<br>&#8211;&nbsp;<\/span><span style=\"font-style: inherit; font-weight: inherit; text-indent: -18pt;\">a be\u00e1ll\u00edtott h\u0151m\u00e9rs\u00e9kleti \u00e9rt\u00e9keket,<br><\/span><span style=\"font-style: inherit; font-weight: inherit; text-indent: -18pt;\">&#8211; valamint a g\u00e9ph\u00e1zb\u00f3l \u00e9rkez\u0151 adatokat.<\/span><\/p>\n<p>A rendszer trendeket is k\u00e9sz\u00edt. \u00cdgy p\u00e9ld\u00e1ul \u00f6sszevethet\u0151 a&nbsp;be\u00e1ll\u00edtott \u00e9s a t\u00e9nylegesen m\u00e9rt szobah\u0151m\u00e9rs\u00e9klet, visszan\u00e9zhet\u0151 a foglalts\u00e1g<br>v\u00e1ltoz\u00e1sa, valamint diagramokon elemezhet\u0151k a g\u00e9ph\u00e1z m\u0171k\u00f6d\u00e9si adatai.<o:p><\/o:p><\/p>\n<p>A be\u00e1ll\u00edt\u00e1sok sz\u00fcks\u00e9g eset\u00e9n t\u00e1volr\u00f3l is m\u00f3dos\u00edthat\u00f3k. Meghat\u00e1rozhat\u00f3 p\u00e9ld\u00e1ul az \u00e9rkez\u0151 vagy t\u00e1voz\u00f3 vend\u00e9gekhez tartoz\u00f3 h\u0151m\u00e9rs\u00e9kleti&nbsp;\u00e9rt\u00e9k, \u00e9s az egyes szob\u00e1k aktu\u00e1lis m\u00e9rt \u00e9s be\u00e1ll\u00edtott h\u0151m\u00e9rs\u00e9klete is&nbsp;ellen\u0151rizhet\u0151.<o:p><\/o:p><\/p>\n<h6><b>Az adatgy\u0171jt\u00e9s a hib\u00e1k felt\u00e1r\u00e1s\u00e1t is t\u00e1mogatja<\/b><\/h6>\n<p>Az automatiz\u00e1l\u00e1s \u00e9rt\u00e9ke nem kiz\u00e1r\u00f3lag a vez\u00e9rl\u00e9sben jelenik&nbsp;meg. A folyamatosan gy\u0171jt\u00f6tt adatok seg\u00edts\u00e9g\u00e9vel olyan m\u0171k\u00f6d\u00e9si elt\u00e9r\u00e9sek is&nbsp;l\u00e1that\u00f3v\u00e1 v\u00e1lhatnak, amelyek kor\u00e1bban csak helysz\u00edni ellen\u0151rz\u00e9ssel vagy egy&nbsp;probl\u00e9ma jelentkez\u00e9se ut\u00e1n der\u00fcltek ki.<o:p><\/o:p><\/p>\n<p>A projekt ut\u00f3gondoz\u00e1sa sor\u00e1n p\u00e9ld\u00e1ul a k\u00e9t HMV-puffert\u00e1rol\u00f3&nbsp;adatainak elemz\u00e9se olyan m\u0171k\u00f6d\u00e9si saj\u00e1toss\u00e1got mutatott, amely alapj\u00e1n&nbsp;felmer\u00fclt a hidraulikai beszab\u00e1lyoz\u00e1s ut\u00e1n\u00e1ll\u00edt\u00e1s\u00e1nak sz\u00fcks\u00e9gess\u00e9ge.<o:p><\/o:p><\/p>\n<p>Ez j\u00f3l mutatja, hogy a m\u00e9r\u00e9s \u00e9s a trendadatok nem \u00f6nmaguk\u00e9rt&nbsp;k\u00e9sz\u00fclnek: megfelel\u0151 \u00e9rtelmez\u00e9ssel az \u00fczemeltet\u00e9s \u00e9s a karbantart\u00e1s d\u00f6nt\u00e9seit&nbsp;is t\u00e1mogathatj\u00e1k.<o:p><\/o:p><\/p>\n<h6><b>Az energetikai optimaliz\u00e1l\u00e1s k\u00f6vetkez\u0151 l\u00e9p\u00e9sei<\/b><\/h6>\n<p>A kialak\u00edtott rendszer megfelel\u0151 alapot teremt ahhoz, hogy&nbsp;az \u00e9p\u00fclet energiafelhaszn\u00e1l\u00e1sa a k\u00e9s\u0151bbiekben tov\u00e1bbi ter\u00fcletekkel egy\u00fctt<br>legyen vizsg\u00e1lhat\u00f3.<o:p><\/o:p><\/p>\n<p>A fejleszt\u00e9si lehet\u0151s\u00e9gek k\u00f6z\u00f6tt szerepelhet a g\u00e1z- \u00e9s&nbsp;villamosenergia-felhaszn\u00e1l\u00e1s \u00f6sszehangoltabb kezel\u00e9se, az&nbsp;elektromosaut\u00f3-t\u00f6lt\u00e9s, az energiat\u00e1rol\u00e1s, a wellnessr\u00e9szleg&nbsp;energiafelhaszn\u00e1l\u00e1s\u00e1nak optimaliz\u00e1l\u00e1sa, valamint a term\u00e1lv\u00edz tov\u00e1bbi&nbsp;hasznos\u00edt\u00e1s\u00e1nak vizsg\u00e1lata.<o:p><\/o:p><\/p>\n<p>Az ehhez sz\u00fcks\u00e9ges els\u0151 l\u00e9p\u00e9s azonban minden esetben&nbsp;ugyanaz: ismerni kell az \u00e9p\u00fclet t\u00e9nyleges m\u0171k\u00f6d\u00e9s\u00e9t.<o:p><\/o:p><\/p>\n<p>A megfelel\u0151 m\u00e9r\u00e9si pontok, az automatiz\u00e1lt adatgy\u0171jt\u00e9s, a&nbsp;g\u00e9p\u00e9szeti \u00e9s szobai rendszerek integr\u00e1ci\u00f3ja, valamint az \u00e1tl\u00e1that\u00f3 vizualiz\u00e1ci\u00f3&nbsp;egy\u00fctt teremti meg annak lehet\u0151s\u00e9g\u00e9t, hogy az \u00fczemeltet\u00e9s ne kiz\u00e1r\u00f3lag&nbsp;felt\u00e9telez\u00e9sek, hanem val\u00f3s adatok alapj\u00e1n d\u00f6nthessen.<o:p><\/o:p><\/p>\n<h6><b>\u00c9p\u00fcletautomatiz\u00e1l\u00e1s megl\u00e9v\u0151 \u00e9p\u00fcletekben is<\/b><\/h6>\n<p>A Kolping Hotel p\u00e9ld\u00e1ja azt mutatja, hogy egy&nbsp;\u00e9p\u00fcletautomatiz\u00e1l\u00e1si fejleszt\u00e9shez nem felt\u00e9tlen\u00fcl sz\u00fcks\u00e9ges mindent az&nbsp;alapokt\u00f3l \u00fajratervezni.<o:p><\/o:p><\/p>\n<p>A megl\u00e9v\u0151 g\u00e9p\u00e9szeti rendszerek, szobai szab\u00e1lyoz\u00e1sok \u00e9s&nbsp;sz\u00e1llodai szoftverek megfelel\u0151 integr\u00e1ci\u00f3j\u00e1val fokozatosan is kialak\u00edthat\u00f3 egy<br>olyan rendszer, amely \u00e1tl\u00e1that\u00f3bb \u00fczemeltet\u00e9st \u00e9s tudatosabb&nbsp;energiafelhaszn\u00e1l\u00e1st t\u00e1mogat.<o:p><\/o:p><\/p>\n<h6><b>Megl\u00e9v\u0151 \u00e9p\u00fclet energetikai vagy automatiz\u00e1l\u00e1si&nbsp;korszer\u0171s\u00edt\u00e9s\u00e9t tervezi?<\/b><\/h6>\n<p>Az Elektro-Kamleithner Kft. szakemberei a felm\u00e9r\u00e9st\u0151l \u00e9s&nbsp;rendszertervez\u00e9st\u0151l az integr\u00e1ci\u00f3n \u00e9s kivitelez\u00e9sen \u00e1t a vizualiz\u00e1ci\u00f3ig \u00e9s az&nbsp;\u00fczemeltet\u00e9si adatok ki\u00e9rt\u00e9kel\u00e9s\u00e9ig t\u00e1mogatj\u00e1k a projektet.<o:p><\/o:p><\/p>\n<p><\/p>\n<p><b>Vegye fel vel\u00fcnk a kapcsolatot, \u00e9s vizsg\u00e1ljuk meg, milyen&nbsp;automatiz\u00e1l\u00e1si lehet\u0151s\u00e9gek rejlenek az \u00e9p\u00fclet\u00e9ben.<o:p><\/o:p><\/b><\/p>\t\t\t\t\t\t\t\t<\/div>\n\t\t\t\t<\/div>\n\t\t\t\t\t<\/div>\n\t\t\t\t<\/div>\n\t\t\t\t<\/div>","protected":false},"excerpt":{"rendered":"<p>Egy sz\u00e1lloda energetikai korszer\u0171s\u00edt\u00e9se k\u00fcl\u00f6n\u00f6sen \u00f6sszetett&nbsp;feladat akkor, ha a fejleszt\u00e9st egy m\u00e1r m\u0171k\u00f6d\u0151 \u00e9p\u00fcletben kell megval\u00f3s\u00edtani. A&nbsp;c\u00e9l nem egyszer\u0171en az [&hellip;]<\/p>\n","protected":false},"author":5,"featured_media":10486,"comment_status":"closed","ping_status":"open","sticky":false,"template":"","format":"standard","meta":{"_acf_changed":false,"site-sidebar-layout":"default","site-content-layout":"","ast-site-content-layout":"default","site-content-style":"default","site-sidebar-style":"default","ast-global-header-display":"","ast-banner-title-visibility":"","ast-main-header-display":"","ast-hfb-above-header-display":"","ast-hfb-below-header-display":"","ast-hfb-mobile-header-display":"","site-post-title":"","ast-breadcrumbs-content":"","ast-featured-img":"","footer-sml-layout":"","ast-disable-related-posts":"","theme-transparent-header-meta":"default","adv-header-id-meta":"","stick-header-meta":"","header-above-stick-meta":"","header-main-stick-meta":"","header-below-stick-meta":"","astra-migrate-meta-layouts":"set","ast-page-background-enabled":"default","ast-page-background-meta":{"desktop":{"background-color":"var(--ast-global-color-4)","background-image":"","background-repeat":"repeat","background-position":"center center","background-size":"auto","background-attachment":"scroll","background-type":"","background-media":"","overlay-type":"","overlay-color":"","overlay-opacity":"","overlay-gradient":""},"tablet":{"background-color":"","background-image":"","background-repeat":"repeat","background-position":"center center","background-size":"auto","background-attachment":"scroll","background-type":"","background-media":"","overlay-type":"","overlay-color":"","overlay-opacity":"","overlay-gradient":""},"mobile":{"background-color":"","background-image":"","background-repeat":"repeat","background-position":"center center","background-size":"auto","background-attachment":"scroll","background-type":"","background-media":"","overlay-type":"","overlay-color":"","overlay-opacity":"","overlay-gradient":""}},"ast-content-background-meta":{"desktop":{"background-color":"var(--ast-global-color-5)","background-image":"","background-repeat":"repeat","background-position":"center center","background-size":"auto","background-attachment":"scroll","background-type":"","background-media":"","overlay-type":"","overlay-color":"","overlay-opacity":"","overlay-gradient":""},"tablet":{"background-color":"var(--ast-global-color-5)","background-image":"","background-repeat":"repeat","background-position":"center center","background-size":"auto","background-attachment":"scroll","background-type":"","background-media":"","overlay-type":"","overlay-color":"","overlay-opacity":"","overlay-gradient":""},"mobile":{"background-color":"var(--ast-global-color-5)","background-image":"","background-repeat":"repeat","background-position":"center center","background-size":"auto","background-attachment":"scroll","background-type":"","background-media":"","overlay-type":"","overlay-color":"","overlay-opacity":"","overlay-gradient":""}},"footnotes":""},"categories":[1,62],"tags":[],"class_list":["post-10485","post","type-post","status-publish","format-standard","has-post-thumbnail","hentry","category-blog","category-esettanulmany"],"acf":[],"yoast_head":"<!-- This site is optimized with the Yoast SEO plugin v28.3 - https:\/\/yoast.com\/product\/yoast-seo-wordpress\/ -->\n<title>Intelligens hotel\u00fczemeltet\u00e9s a gyakorlatban \u2013 energetikai korszer\u0171s\u00edt\u00e9s Kolping Hotel - Elektro Kamleithner<\/title>\n<meta name=\"robots\" content=\"index, follow, max-snippet:-1, max-image-preview:large, max-video-preview:-1\" \/>\n<link rel=\"canonical\" href=\"https:\/\/elektro-kamleithner.hu\/en\/intelligens-hoteluzemeltetes-a-gyakorlatban-energetikai-korszerusites-kolping-hotel\/\" \/>\n<meta property=\"og:locale\" content=\"en_GB\" \/>\n<meta property=\"og:type\" content=\"article\" \/>\n<meta property=\"og:title\" content=\"Intelligens hotel\u00fczemeltet\u00e9s a gyakorlatban \u2013 energetikai korszer\u0171s\u00edt\u00e9s Kolping Hotel - Elektro Kamleithner\" \/>\n<meta property=\"og:description\" content=\"Egy sz\u00e1lloda energetikai korszer\u0171s\u00edt\u00e9se k\u00fcl\u00f6n\u00f6sen \u00f6sszetett&nbsp;feladat akkor, ha a fejleszt\u00e9st egy m\u00e1r m\u0171k\u00f6d\u0151 \u00e9p\u00fcletben kell megval\u00f3s\u00edtani. A&nbsp;c\u00e9l nem egyszer\u0171en az [&hellip;]\" \/>\n<meta property=\"og:url\" content=\"https:\/\/elektro-kamleithner.hu\/en\/intelligens-hoteluzemeltetes-a-gyakorlatban-energetikai-korszerusites-kolping-hotel\/\" \/>\n<meta property=\"og:site_name\" content=\"Elektro Kamleithner\" \/>\n<meta property=\"article:publisher\" content=\"https:\/\/www.facebook.com\/ElektroKamleithnerKft\/\" \/>\n<meta property=\"article:published_time\" content=\"2026-09-01T07:30:53+00:00\" \/>\n<meta property=\"article:modified_time\" content=\"2026-09-01T08:01:46+00:00\" \/>\n<meta property=\"og:image\" content=\"https:\/\/elektro-kamleithner.hu\/wp-content\/uploads\/2026\/09\/Kolping_1200x628px.jpg\" \/>\n\t<meta property=\"og:image:width\" content=\"1200\" \/>\n\t<meta property=\"og:image:height\" content=\"628\" \/>\n\t<meta property=\"og:image:type\" content=\"image\/jpeg\" \/>\n<meta name=\"author\" content=\"Balogh Zolt\u00e1n\" \/>\n<meta name=\"twitter:card\" content=\"summary_large_image\" \/>\n<meta name=\"twitter:label1\" content=\"Written by\" \/>\n\t<meta name=\"twitter:data1\" content=\"Balogh Zolt\u00e1n\" \/>\n\t<meta name=\"twitter:label2\" content=\"Estimated reading time\" \/>\n\t<meta name=\"twitter:data2\" content=\"5 minutes\" \/>\n<script type=\"application\/ld+json\" class=\"yoast-schema-graph\">{\"@context\":\"https:\\\/\\\/schema.org\",\"@graph\":[{\"@type\":\"Article\",\"@id\":\"https:\\\/\\\/elektro-kamleithner.hu\\\/intelligens-hoteluzemeltetes-a-gyakorlatban-energetikai-korszerusites-kolping-hotel\\\/#article\",\"isPartOf\":{\"@id\":\"https:\\\/\\\/elektro-kamleithner.hu\\\/intelligens-hoteluzemeltetes-a-gyakorlatban-energetikai-korszerusites-kolping-hotel\\\/\"},\"author\":{\"name\":\"Balogh Zolt\u00e1n\",\"@id\":\"https:\\\/\\\/elektro-kamleithner.hu\\\/#\\\/schema\\\/person\\\/2775e1e13f57a7bdb145ee955125f09f\"},\"headline\":\"Intelligens hotel\u00fczemeltet\u00e9s a gyakorlatban \u2013 energetikai korszer\u0171s\u00edt\u00e9s Kolping Hotel\",\"datePublished\":\"2026-09-01T07:30:53+00:00\",\"dateModified\":\"2026-09-01T08:01:46+00:00\",\"mainEntityOfPage\":{\"@id\":\"https:\\\/\\\/elektro-kamleithner.hu\\\/intelligens-hoteluzemeltetes-a-gyakorlatban-energetikai-korszerusites-kolping-hotel\\\/\"},\"wordCount\":1590,\"publisher\":{\"@id\":\"https:\\\/\\\/elektro-kamleithner.hu\\\/#organization\"},\"image\":{\"@id\":\"https:\\\/\\\/elektro-kamleithner.hu\\\/intelligens-hoteluzemeltetes-a-gyakorlatban-energetikai-korszerusites-kolping-hotel\\\/#primaryimage\"},\"thumbnailUrl\":\"https:\\\/\\\/elektro-kamleithner.hu\\\/wp-content\\\/uploads\\\/2026\\\/09\\\/Kolping_1200x628px.jpg\",\"articleSection\":[\"Blog\",\"Esettanulm\u00e1ny\"],\"inLanguage\":\"en-GB\"},{\"@type\":\"WebPage\",\"@id\":\"https:\\\/\\\/elektro-kamleithner.hu\\\/intelligens-hoteluzemeltetes-a-gyakorlatban-energetikai-korszerusites-kolping-hotel\\\/\",\"url\":\"https:\\\/\\\/elektro-kamleithner.hu\\\/intelligens-hoteluzemeltetes-a-gyakorlatban-energetikai-korszerusites-kolping-hotel\\\/\",\"name\":\"Intelligens hotel\u00fczemeltet\u00e9s a gyakorlatban \u2013 energetikai korszer\u0171s\u00edt\u00e9s Kolping Hotel - Elektro Kamleithner\",\"isPartOf\":{\"@id\":\"https:\\\/\\\/elektro-kamleithner.hu\\\/#website\"},\"primaryImageOfPage\":{\"@id\":\"https:\\\/\\\/elektro-kamleithner.hu\\\/intelligens-hoteluzemeltetes-a-gyakorlatban-energetikai-korszerusites-kolping-hotel\\\/#primaryimage\"},\"image\":{\"@id\":\"https:\\\/\\\/elektro-kamleithner.hu\\\/intelligens-hoteluzemeltetes-a-gyakorlatban-energetikai-korszerusites-kolping-hotel\\\/#primaryimage\"},\"thumbnailUrl\":\"https:\\\/\\\/elektro-kamleithner.hu\\\/wp-content\\\/uploads\\\/2026\\\/09\\\/Kolping_1200x628px.jpg\",\"datePublished\":\"2026-09-01T07:30:53+00:00\",\"dateModified\":\"2026-09-01T08:01:46+00:00\",\"breadcrumb\":{\"@id\":\"https:\\\/\\\/elektro-kamleithner.hu\\\/intelligens-hoteluzemeltetes-a-gyakorlatban-energetikai-korszerusites-kolping-hotel\\\/#breadcrumb\"},\"inLanguage\":\"en-GB\",\"potentialAction\":[{\"@type\":\"ReadAction\",\"target\":[\"https:\\\/\\\/elektro-kamleithner.hu\\\/intelligens-hoteluzemeltetes-a-gyakorlatban-energetikai-korszerusites-kolping-hotel\\\/\"]}]},{\"@type\":\"ImageObject\",\"inLanguage\":\"en-GB\",\"@id\":\"https:\\\/\\\/elektro-kamleithner.hu\\\/intelligens-hoteluzemeltetes-a-gyakorlatban-energetikai-korszerusites-kolping-hotel\\\/#primaryimage\",\"url\":\"https:\\\/\\\/elektro-kamleithner.hu\\\/wp-content\\\/uploads\\\/2026\\\/09\\\/Kolping_1200x628px.jpg\",\"contentUrl\":\"https:\\\/\\\/elektro-kamleithner.hu\\\/wp-content\\\/uploads\\\/2026\\\/09\\\/Kolping_1200x628px.jpg\",\"width\":1200,\"height\":628,\"caption\":\"Kolping 1200x628px\"},{\"@type\":\"BreadcrumbList\",\"@id\":\"https:\\\/\\\/elektro-kamleithner.hu\\\/intelligens-hoteluzemeltetes-a-gyakorlatban-energetikai-korszerusites-kolping-hotel\\\/#breadcrumb\",\"itemListElement\":[{\"@type\":\"ListItem\",\"position\":1,\"name\":\"Kezd\u0151lap\",\"item\":\"https:\\\/\\\/elektro-kamleithner.hu\\\/\"},{\"@type\":\"ListItem\",\"position\":2,\"name\":\"Intelligens hotel\u00fczemeltet\u00e9s a gyakorlatban \u2013 energetikai korszer\u0171s\u00edt\u00e9s Kolping Hotel\"}]},{\"@type\":\"WebSite\",\"@id\":\"https:\\\/\\\/elektro-kamleithner.hu\\\/#website\",\"url\":\"https:\\\/\\\/elektro-kamleithner.hu\\\/\",\"name\":\"Elektro Kamleithner\",\"description\":\"Elektro Kamleithner\",\"publisher\":{\"@id\":\"https:\\\/\\\/elektro-kamleithner.hu\\\/#organization\"},\"potentialAction\":[{\"@type\":\"SearchAction\",\"target\":{\"@type\":\"EntryPoint\",\"urlTemplate\":\"https:\\\/\\\/elektro-kamleithner.hu\\\/?s={search_term_string}\"},\"query-input\":{\"@type\":\"PropertyValueSpecification\",\"valueRequired\":true,\"valueName\":\"search_term_string\"}}],\"inLanguage\":\"en-GB\"},{\"@type\":\"Organization\",\"@id\":\"https:\\\/\\\/elektro-kamleithner.hu\\\/#organization\",\"name\":\"Elektro Kamleithner\",\"url\":\"https:\\\/\\\/elektro-kamleithner.hu\\\/\",\"logo\":{\"@type\":\"ImageObject\",\"inLanguage\":\"en-GB\",\"@id\":\"https:\\\/\\\/elektro-kamleithner.hu\\\/#\\\/schema\\\/logo\\\/image\\\/\",\"url\":\"https:\\\/\\\/elektro-kamleithner.hu\\\/wp-content\\\/uploads\\\/2024\\\/09\\\/elektro-white-001.svg\",\"contentUrl\":\"https:\\\/\\\/elektro-kamleithner.hu\\\/wp-content\\\/uploads\\\/2024\\\/09\\\/elektro-white-001.svg\",\"width\":382,\"height\":131,\"caption\":\"Elektro Kamleithner\"},\"image\":{\"@id\":\"https:\\\/\\\/elektro-kamleithner.hu\\\/#\\\/schema\\\/logo\\\/image\\\/\"},\"sameAs\":[\"https:\\\/\\\/www.facebook.com\\\/ElektroKamleithnerKft\\\/\",\"https:\\\/\\\/www.youtube.com\\\/channel\\\/UCdDdwY5NIU2nmN9MjvqnFqg\",\"https:\\\/\\\/www.instagram.com\\\/berker.hu\\\/\"]},{\"@type\":\"Person\",\"@id\":\"https:\\\/\\\/elektro-kamleithner.hu\\\/#\\\/schema\\\/person\\\/2775e1e13f57a7bdb145ee955125f09f\",\"name\":\"Balogh Zolt\u00e1n\",\"image\":{\"@type\":\"ImageObject\",\"inLanguage\":\"en-GB\",\"@id\":\"https:\\\/\\\/secure.gravatar.com\\\/avatar\\\/4c209e94fe2427afa27374f746bba16127a3025b1ccc006e8dd22fc5b3c3f7f4?s=96&d=mm&r=g\",\"url\":\"https:\\\/\\\/secure.gravatar.com\\\/avatar\\\/4c209e94fe2427afa27374f746bba16127a3025b1ccc006e8dd22fc5b3c3f7f4?s=96&d=mm&r=g\",\"contentUrl\":\"https:\\\/\\\/secure.gravatar.com\\\/avatar\\\/4c209e94fe2427afa27374f746bba16127a3025b1ccc006e8dd22fc5b3c3f7f4?s=96&d=mm&r=g\",\"caption\":\"Balogh Zolt\u00e1n\"},\"url\":\"https:\\\/\\\/elektro-kamleithner.hu\\\/en\\\/author\\\/bzoli\\\/\"}]}<\/script>\n<!-- \/ Yoast SEO plugin. -->","yoast_head_json":{"title":"Intelligens hotel\u00fczemeltet\u00e9s a gyakorlatban \u2013 energetikai korszer\u0171s\u00edt\u00e9s Kolping Hotel - Elektro Kamleithner","robots":{"index":"index","follow":"follow","max-snippet":"max-snippet:-1","max-image-preview":"max-image-preview:large","max-video-preview":"max-video-preview:-1"},"canonical":"https:\/\/elektro-kamleithner.hu\/en\/intelligens-hoteluzemeltetes-a-gyakorlatban-energetikai-korszerusites-kolping-hotel\/","og_locale":"en_GB","og_type":"article","og_title":"Intelligens hotel\u00fczemeltet\u00e9s a gyakorlatban \u2013 energetikai korszer\u0171s\u00edt\u00e9s Kolping Hotel - Elektro Kamleithner","og_description":"Egy sz\u00e1lloda energetikai korszer\u0171s\u00edt\u00e9se k\u00fcl\u00f6n\u00f6sen \u00f6sszetett&nbsp;feladat akkor, ha a fejleszt\u00e9st egy m\u00e1r m\u0171k\u00f6d\u0151 \u00e9p\u00fcletben kell megval\u00f3s\u00edtani. A&nbsp;c\u00e9l nem egyszer\u0171en az [&hellip;]","og_url":"https:\/\/elektro-kamleithner.hu\/en\/intelligens-hoteluzemeltetes-a-gyakorlatban-energetikai-korszerusites-kolping-hotel\/","og_site_name":"Elektro Kamleithner","article_publisher":"https:\/\/www.facebook.com\/ElektroKamleithnerKft\/","article_published_time":"2026-09-01T07:30:53+00:00","article_modified_time":"2026-09-01T08:01:46+00:00","og_image":[{"width":1200,"height":628,"url":"https:\/\/elektro-kamleithner.hu\/wp-content\/uploads\/2026\/09\/Kolping_1200x628px.jpg","type":"image\/jpeg"}],"author":"Balogh Zolt\u00e1n","twitter_card":"summary_large_image","twitter_misc":{"Written by":"Balogh Zolt\u00e1n","Estimated reading time":"5 minutes"},"schema":{"@context":"https:\/\/schema.org","@graph":[{"@type":"Article","@id":"https:\/\/elektro-kamleithner.hu\/intelligens-hoteluzemeltetes-a-gyakorlatban-energetikai-korszerusites-kolping-hotel\/#article","isPartOf":{"@id":"https:\/\/elektro-kamleithner.hu\/intelligens-hoteluzemeltetes-a-gyakorlatban-energetikai-korszerusites-kolping-hotel\/"},"author":{"name":"Balogh Zolt\u00e1n","@id":"https:\/\/elektro-kamleithner.hu\/#\/schema\/person\/2775e1e13f57a7bdb145ee955125f09f"},"headline":"Intelligens hotel\u00fczemeltet\u00e9s a gyakorlatban \u2013 energetikai korszer\u0171s\u00edt\u00e9s Kolping Hotel","datePublished":"2026-09-01T07:30:53+00:00","dateModified":"2026-09-01T08:01:46+00:00","mainEntityOfPage":{"@id":"https:\/\/elektro-kamleithner.hu\/intelligens-hoteluzemeltetes-a-gyakorlatban-energetikai-korszerusites-kolping-hotel\/"},"wordCount":1590,"publisher":{"@id":"https:\/\/elektro-kamleithner.hu\/#organization"},"image":{"@id":"https:\/\/elektro-kamleithner.hu\/intelligens-hoteluzemeltetes-a-gyakorlatban-energetikai-korszerusites-kolping-hotel\/#primaryimage"},"thumbnailUrl":"https:\/\/elektro-kamleithner.hu\/wp-content\/uploads\/2026\/09\/Kolping_1200x628px.jpg","articleSection":["Blog","Esettanulm\u00e1ny"],"inLanguage":"en-GB"},{"@type":"WebPage","@id":"https:\/\/elektro-kamleithner.hu\/intelligens-hoteluzemeltetes-a-gyakorlatban-energetikai-korszerusites-kolping-hotel\/","url":"https:\/\/elektro-kamleithner.hu\/intelligens-hoteluzemeltetes-a-gyakorlatban-energetikai-korszerusites-kolping-hotel\/","name":"Intelligens hotel\u00fczemeltet\u00e9s a gyakorlatban \u2013 energetikai korszer\u0171s\u00edt\u00e9s Kolping Hotel - Elektro Kamleithner","isPartOf":{"@id":"https:\/\/elektro-kamleithner.hu\/#website"},"primaryImageOfPage":{"@id":"https:\/\/elektro-kamleithner.hu\/intelligens-hoteluzemeltetes-a-gyakorlatban-energetikai-korszerusites-kolping-hotel\/#primaryimage"},"image":{"@id":"https:\/\/elektro-kamleithner.hu\/intelligens-hoteluzemeltetes-a-gyakorlatban-energetikai-korszerusites-kolping-hotel\/#primaryimage"},"thumbnailUrl":"https:\/\/elektro-kamleithner.hu\/wp-content\/uploads\/2026\/09\/Kolping_1200x628px.jpg","datePublished":"2026-09-01T07:30:53+00:00","dateModified":"2026-09-01T08:01:46+00:00","breadcrumb":{"@id":"https:\/\/elektro-kamleithner.hu\/intelligens-hoteluzemeltetes-a-gyakorlatban-energetikai-korszerusites-kolping-hotel\/#breadcrumb"},"inLanguage":"en-GB","potentialAction":[{"@type":"ReadAction","target":["https:\/\/elektro-kamleithner.hu\/intelligens-hoteluzemeltetes-a-gyakorlatban-energetikai-korszerusites-kolping-hotel\/"]}]},{"@type":"ImageObject","inLanguage":"en-GB","@id":"https:\/\/elektro-kamleithner.hu\/intelligens-hoteluzemeltetes-a-gyakorlatban-energetikai-korszerusites-kolping-hotel\/#primaryimage","url":"https:\/\/elektro-kamleithner.hu\/wp-content\/uploads\/2026\/09\/Kolping_1200x628px.jpg","contentUrl":"https:\/\/elektro-kamleithner.hu\/wp-content\/uploads\/2026\/09\/Kolping_1200x628px.jpg","width":1200,"height":628,"caption":"Kolping 1200x628px"},{"@type":"BreadcrumbList","@id":"https:\/\/elektro-kamleithner.hu\/intelligens-hoteluzemeltetes-a-gyakorlatban-energetikai-korszerusites-kolping-hotel\/#breadcrumb","itemListElement":[{"@type":"ListItem","position":1,"name":"Kezd\u0151lap","item":"https:\/\/elektro-kamleithner.hu\/"},{"@type":"ListItem","position":2,"name":"Intelligens hotel\u00fczemeltet\u00e9s a gyakorlatban \u2013 energetikai korszer\u0171s\u00edt\u00e9s Kolping Hotel"}]},{"@type":"WebSite","@id":"https:\/\/elektro-kamleithner.hu\/#website","url":"https:\/\/elektro-kamleithner.hu\/","name":"Elektro Kamleithner","description":"Elektro Kamleithner","publisher":{"@id":"https:\/\/elektro-kamleithner.hu\/#organization"},"potentialAction":[{"@type":"SearchAction","target":{"@type":"EntryPoint","urlTemplate":"https:\/\/elektro-kamleithner.hu\/?s={search_term_string}"},"query-input":{"@type":"PropertyValueSpecification","valueRequired":true,"valueName":"search_term_string"}}],"inLanguage":"en-GB"},{"@type":"Organization","@id":"https:\/\/elektro-kamleithner.hu\/#organization","name":"Elektro Kamleithner","url":"https:\/\/elektro-kamleithner.hu\/","logo":{"@type":"ImageObject","inLanguage":"en-GB","@id":"https:\/\/elektro-kamleithner.hu\/#\/schema\/logo\/image\/","url":"https:\/\/elektro-kamleithner.hu\/wp-content\/uploads\/2024\/09\/elektro-white-001.svg","contentUrl":"https:\/\/elektro-kamleithner.hu\/wp-content\/uploads\/2024\/09\/elektro-white-001.svg","width":382,"height":131,"caption":"Elektro Kamleithner"},"image":{"@id":"https:\/\/elektro-kamleithner.hu\/#\/schema\/logo\/image\/"},"sameAs":["https:\/\/www.facebook.com\/ElektroKamleithnerKft\/","https:\/\/www.youtube.com\/channel\/UCdDdwY5NIU2nmN9MjvqnFqg","https:\/\/www.instagram.com\/berker.hu\/"]},{"@type":"Person","@id":"https:\/\/elektro-kamleithner.hu\/#\/schema\/person\/2775e1e13f57a7bdb145ee955125f09f","name":"Balogh Zolt\u00e1n","image":{"@type":"ImageObject","inLanguage":"en-GB","@id":"https:\/\/secure.gravatar.com\/avatar\/4c209e94fe2427afa27374f746bba16127a3025b1ccc006e8dd22fc5b3c3f7f4?s=96&d=mm&r=g","url":"https:\/\/secure.gravatar.com\/avatar\/4c209e94fe2427afa27374f746bba16127a3025b1ccc006e8dd22fc5b3c3f7f4?s=96&d=mm&r=g","contentUrl":"https:\/\/secure.gravatar.com\/avatar\/4c209e94fe2427afa27374f746bba16127a3025b1ccc006e8dd22fc5b3c3f7f4?s=96&d=mm&r=g","caption":"Balogh Zolt\u00e1n"},"url":"https:\/\/elektro-kamleithner.hu\/en\/author\/bzoli\/"}]}},"_links":{"self":[{"href":"https:\/\/elektro-kamleithner.hu\/en\/wp-json\/wp\/v2\/posts\/10485","targetHints":{"allow":["GET"]}}],"collection":[{"href":"https:\/\/elektro-kamleithner.hu\/en\/wp-json\/wp\/v2\/posts"}],"about":[{"href":"https:\/\/elektro-kamleithner.hu\/en\/wp-json\/wp\/v2\/types\/post"}],"author":[{"embeddable":true,"href":"https:\/\/elektro-kamleithner.hu\/en\/wp-json\/wp\/v2\/users\/5"}],"replies":[{"embeddable":true,"href":"https:\/\/elektro-kamleithner.hu\/en\/wp-json\/wp\/v2\/comments?post=10485"}],"version-history":[{"count":11,"href":"https:\/\/elektro-kamleithner.hu\/en\/wp-json\/wp\/v2\/posts\/10485\/revisions"}],"predecessor-version":[{"id":10509,"href":"https:\/\/elektro-kamleithner.hu\/en\/wp-json\/wp\/v2\/posts\/10485\/revisions\/10509"}],"wp:featuredmedia":[{"embeddable":true,"href":"https:\/\/elektro-kamleithner.hu\/en\/wp-json\/wp\/v2\/media\/10486"}],"wp:attachment":[{"href":"https:\/\/elektro-kamleithner.hu\/en\/wp-json\/wp\/v2\/media?parent=10485"}],"wp:term":[{"taxonomy":"category","embeddable":true,"href":"https:\/\/elektro-kamleithner.hu\/en\/wp-json\/wp\/v2\/categories?post=10485"},{"taxonomy":"post_tag","embeddable":true,"href":"https:\/\/elektro-kamleithner.hu\/en\/wp-json\/wp\/v2\/tags?post=10485"}],"curies":[{"name":"wp","href":"https:\/\/api.w.org\/{rel}","templated":true}]}}