{"id":10459,"date":"2026-08-14T13:57:33","date_gmt":"2026-08-14T11:57:33","guid":{"rendered":"https:\/\/elektro-kamleithner.hu\/?p=10459"},"modified":"2026-08-19T09:15:14","modified_gmt":"2026-08-19T07:15:14","slug":"epbd-eed-es-fit-for-55-miert-lett-strategiai-kerdes-az-epuletautomatizalas","status":"publish","type":"post","link":"https:\/\/elektro-kamleithner.hu\/en\/epbd-eed-es-fit-for-55-miert-lett-strategiai-kerdes-az-epuletautomatizalas\/","title":{"rendered":"EPBD, EED \u00e9s Fit for 55: mi\u00e9rt lett strat\u00e9giai k\u00e9rd\u00e9s az \u00e9p\u00fcletautomatiz\u00e1l\u00e1s?"},"content":{"rendered":"<div data-elementor-type=\"wp-post\" data-elementor-id=\"10459\" class=\"elementor elementor-10459\" data-elementor-post-type=\"post\">\n\t\t\t\t<div class=\"elementor-element elementor-element-0e0c217 e-flex e-con-boxed e-con e-parent\" data-id=\"0e0c217\" data-element_type=\"container\" data-e-type=\"container\">\n\t\t\t\t\t<div class=\"e-con-inner\">\n\t\t<div class=\"elementor-element elementor-element-cc13ccc e-con-full e-flex e-con e-child\" data-id=\"cc13ccc\" data-element_type=\"container\" data-e-type=\"container\">\n\t\t<div class=\"elementor-element elementor-element-8fd71f7 e-grid e-con-full e-con e-child\" data-id=\"8fd71f7\" data-element_type=\"container\" data-e-type=\"container\">\n\t\t\t\t<div class=\"elementor-element elementor-element-0f57521 elementor-widget elementor-widget-text-editor\" data-id=\"0f57521\" data-element_type=\"widget\" data-e-type=\"widget\" data-widget_type=\"text-editor.default\">\n\t\t\t\t<div class=\"elementor-widget-container\">\n\t\t\t\t\t\t\t\t\t<p style=\"font-size: 16px; font-style: normal;\"><b>Mi az EPBD?<br><\/b>Az EPBD az Energy Performance of Buildings Directive r\u00f6vid\u00edt\u00e9se. Magyarul az \u00e9p\u00fcletek energiahat\u00e9konys\u00e1g\u00e1r\u00f3l sz\u00f3l\u00f3 eur\u00f3pai uni\u00f3s ir\u00e1nyelvk\u00e9nt hivatkozunk r\u00e1.<br><br><span style=\"font-weight: inherit;\">Az EPBD els\u0151 v\u00e1ltozata 2002-ben jelent meg, majd 2010-ben&nbsp;<\/span>\u00e1tdolgozt\u00e1k, 2018-ban tov\u00e1bb m\u00f3dos\u00edtott\u00e1k, 2024-ben pedig \u00faj, jelent\u0151sen meger\u0151s\u00edtett form\u00e1ban l\u00e9pett hat\u00e1lyba. Az \u00faj EPBD, vagyis az EU\/2024\/1275 ir\u00e1nyelv 2024. m\u00e1jus 28-\u00e1n l\u00e9pett hat\u00e1lyba, a tag\u00e1llamoknak pedig f\u0151szab\u00e1lyk\u00e9nt 2026. m\u00e1jus 29-ig kell \u00e1t\u00fcltetni\u00fck a nemzeti jogrendj\u00fckbe.<br><br>Ez azt jelenti, hogy az el\u0151tt\u00fcnk \u00e1ll\u00f3 id\u0151szakban Magyarorsz\u00e1gon is meg kell jelenni\u00fck azoknak a szab\u00e1lyoz\u00e1si elemeknek, amelyek az \u00e9p\u00fcletek energiahat\u00e9konys\u00e1g\u00e1t, digitaliz\u00e1ci\u00f3j\u00e1t, m\u00e9rhet\u0151s\u00e9g\u00e9t \u00e9s hossz\u00fa t\u00e1v\u00fa dekarboniz\u00e1ci\u00f3j\u00e1t szolg\u00e1lj\u00e1k.<br><br>Az EPBD egyik legfontosabb c\u00e9lja, hogy az eur\u00f3pai \u00e9p\u00fclet\u00e1llom\u00e1ny 2050-re nagy energiahat\u00e9konys\u00e1g\u00fa \u00e9s dekarboniz\u00e1lt legyen. Ez k\u00f6zvetlen\u00fcl kapcsol\u00f3dik az Eur\u00f3pai Uni\u00f3 2050-es kl\u00edmasemlegess\u00e9gi, vagyis Net Zero c\u00e9lj\u00e1hoz.<\/p>\t\t\t\t\t\t\t\t<\/div>\n\t\t\t\t<\/div>\n\t\t\t\t<div class=\"elementor-element elementor-element-3aef246 elementor-widget elementor-widget-image\" data-id=\"3aef246\" data-element_type=\"widget\" data-e-type=\"widget\" data-widget_type=\"image.default\">\n\t\t\t\t<div class=\"elementor-widget-container\">\n\t\t\t\t\t\t\t\t\t\t\t\t\t\t\t<img fetchpriority=\"high\" decoding=\"async\" width=\"1254\" height=\"1254\" src=\"https:\/\/elektro-kamleithner.hu\/wp-content\/uploads\/2026\/08\/EPBD1.jpg\" class=\"attachment-large size-large wp-image-10462\" alt=\"EPBD1\" srcset=\"https:\/\/elektro-kamleithner.hu\/wp-content\/uploads\/2026\/08\/EPBD1.jpg 1254w, https:\/\/elektro-kamleithner.hu\/wp-content\/uploads\/2026\/08\/EPBD1-150x150.jpg 150w, https:\/\/elektro-kamleithner.hu\/wp-content\/uploads\/2026\/08\/EPBD1-768x768.jpg 768w, https:\/\/elektro-kamleithner.hu\/wp-content\/uploads\/2026\/08\/EPBD1-12x12.jpg 12w\" sizes=\"(max-width: 1254px) 100vw, 1254px\" \/>\t\t\t\t\t\t\t\t\t\t\t\t\t\t\t<\/div>\n\t\t\t\t<\/div>\n\t\t\t\t<\/div>\n\t\t\t\t<\/div>\n\t\t<div class=\"elementor-element elementor-element-924615e e-grid e-con-full e-con e-child\" data-id=\"924615e\" data-element_type=\"container\" data-e-type=\"container\">\n\t\t\t\t<div class=\"elementor-element elementor-element-1e78a8e elementor-widget elementor-widget-image\" data-id=\"1e78a8e\" data-element_type=\"widget\" data-e-type=\"widget\" data-widget_type=\"image.default\">\n\t\t\t\t<div class=\"elementor-widget-container\">\n\t\t\t\t\t\t\t\t\t\t\t\t\t\t\t<img decoding=\"async\" width=\"1254\" height=\"1254\" src=\"https:\/\/elektro-kamleithner.hu\/wp-content\/uploads\/2026\/08\/EPBD2.jpg\" class=\"attachment-large size-large wp-image-10461\" alt=\"EPBD2\" srcset=\"https:\/\/elektro-kamleithner.hu\/wp-content\/uploads\/2026\/08\/EPBD2.jpg 1254w, https:\/\/elektro-kamleithner.hu\/wp-content\/uploads\/2026\/08\/EPBD2-150x150.jpg 150w, https:\/\/elektro-kamleithner.hu\/wp-content\/uploads\/2026\/08\/EPBD2-768x768.jpg 768w, https:\/\/elektro-kamleithner.hu\/wp-content\/uploads\/2026\/08\/EPBD2-12x12.jpg 12w\" sizes=\"(max-width: 1254px) 100vw, 1254px\" \/>\t\t\t\t\t\t\t\t\t\t\t\t\t\t\t<\/div>\n\t\t\t\t<\/div>\n\t\t\t\t<div class=\"elementor-element elementor-element-c3114ba elementor-widget elementor-widget-text-editor\" data-id=\"c3114ba\" data-element_type=\"widget\" data-e-type=\"widget\" data-widget_type=\"text-editor.default\">\n\t\t\t\t<div class=\"elementor-widget-container\">\n\t\t\t\t\t\t\t\t\t<p class=\"MsoNormal\" style=\"font-size: 16px; font-style: normal; font-weight: 400;\"><span style=\"font-weight: 700; font-style: inherit;\">Mi az EED?<\/span><\/p><p class=\"MsoNormal\" style=\"font-size: 16px; font-style: normal; font-weight: 400;\">Az EED az Energy Efficiency Directive r\u00f6vid\u00edt\u00e9se. Magyarul energiahat\u00e9konys\u00e1gi ir\u00e1nyelvk\u00e9nt haszn\u00e1ljuk.<o:p><\/o:p><\/p><p class=\"MsoNormal\" style=\"font-size: 16px; font-style: normal; font-weight: 400;\">M\u00edg az EPBD kifejezetten az \u00e9p\u00fcletek energiahat\u00e9konys\u00e1g\u00e1ra koncentr\u00e1l, addig az EED sz\u00e9lesebb energiahat\u00e9konys\u00e1gi keretet ad az Eur\u00f3pai Uni\u00f3nak. A 2023-ban m\u00f3dos\u00edtott EED 2030-ra legal\u00e1bb 11,7%-os v\u00e9gs\u0151energia-fogyaszt\u00e1s-cs\u00f6kkent\u00e9si c\u00e9lt hat\u00e1roz meg a 2020-as el\u0151rejelz\u00e9sekhez k\u00e9pest.<br><span style=\"font-style: inherit; font-weight: inherit;\"><br>Ez nem puszt\u00e1n politikai c\u00e9lkit\u0171z\u00e9s. Az energiahat\u00e9konys\u00e1g <\/span><span style=\"font-style: inherit; font-weight: inherit;\">az EU energiastrat\u00e9gi\u00e1j\u00e1nak egyik alapelve lett. A szab\u00e1lyoz\u00e1s k\u00f6zponti <\/span><span style=\"font-style: inherit; font-weight: inherit;\">gondolata az \u201eenergy efficiency first\u201d, vagyis az energiahat\u00e9konys\u00e1g <\/span><span style=\"font-style: inherit; font-weight: inherit;\">els\u0151dlegess\u00e9ge. Ez azt jelenti, hogy szakpolitikai, beruh\u00e1z\u00e1si \u00e9s fejleszt\u00e9si <\/span><span style=\"font-style: inherit; font-weight: inherit;\">d\u00f6nt\u00e9sekn\u00e9l el\u0151sz\u00f6r azt kell vizsg\u00e1lni, hogyan lehet a megl\u00e9v\u0151 energiaig\u00e9nyt <\/span><span style=\"font-style: inherit; font-weight: inherit;\">cs\u00f6kkenteni vagy hat\u00e9konyabban kezelni.<br><\/span><span style=\"font-style: inherit; font-weight: inherit;\"><br>Az \u00e9p\u00fcletautomatiz\u00e1l\u00e1s pontosan ebben j\u00e1tszik kulcsszerepet. <\/span><span style=\"font-style: inherit; font-weight: inherit;\">Nem energi\u00e1t termel, hanem seg\u00edt abban, hogy az \u00e9p\u00fclet csak akkor, ott \u00e9s olyan <\/span><span style=\"font-style: inherit; font-weight: inherit;\">m\u00e9rt\u00e9kben haszn\u00e1ljon energi\u00e1t, ahol \u00e9s amikor arra val\u00f3ban sz\u00fcks\u00e9g van.<\/span><\/p>\t\t\t\t\t\t\t\t<\/div>\n\t\t\t\t<\/div>\n\t\t\t\t<\/div>\n\t\t\t\t<div class=\"elementor-element elementor-element-ec67c3f elementor-widget elementor-widget-text-editor\" data-id=\"ec67c3f\" data-element_type=\"widget\" data-e-type=\"widget\" data-widget_type=\"text-editor.default\">\n\t\t\t\t<div class=\"elementor-widget-container\">\n\t\t\t\t\t\t\t\t\t<p class=\"MsoNormal\"><b style=\"font-style: inherit;\">Mi az a Fit for 55?<\/b><\/p>\n<p class=\"MsoNormal\"><span style=\"font-style: inherit; font-weight: inherit;\">A Fit for 55 az Eur\u00f3pai Uni\u00f3 \u00e1tfog\u00f3 kl\u00edma- \u00e9s&nbsp;<\/span><span style=\"font-style: inherit; font-weight: inherit;\">energiapolitikai jogszab\u00e1lycsomagja. C\u00e9lja, hogy az EU 2030-ra legal\u00e1bb 55% kal&nbsp;<\/span><span style=\"font-style: inherit; font-weight: inherit;\">cs\u00f6kkentse nett\u00f3 \u00fcvegh\u00e1zhat\u00e1s\u00fag\u00e1z-kibocs\u00e1t\u00e1s\u00e1t az 1990-es szinthez k\u00e9pest.&nbsp;<br><\/span><span style=\"font-style: inherit; font-weight: inherit;\">Ez a 2030-as c\u00e9l nem \u00f6nmag\u00e1ban \u00e1ll. Egy hosszabb \u00fat egyik&nbsp;<\/span><span style=\"font-style: inherit; font-weight: inherit;\">legfontosabb m\u00e9rf\u00f6ldk\u00f6ve. A v\u00e9gs\u0151 c\u00e9l az, hogy az Eur\u00f3pai Uni\u00f3 2050-re&nbsp;<\/span><span style=\"font-style: inherit; font-weight: inherit;\">kl\u00edmasemleges gazdas\u00e1gg\u00e1 v\u00e1ljon. Ezt gyakran 2050 Net Zero c\u00e9lk\u00e9nt is eml\u00edtik.&nbsp;<\/span><\/p>\n<p class=\"MsoNormal\"><span style=\"font-style: inherit; font-weight: inherit;\">Az \u00e9p\u00fcletek ebben kulcster\u00fcletet jelentenek. Az EU-ban az&nbsp;<\/span><span style=\"font-style: inherit; font-weight: inherit;\">\u00e9p\u00fcletek felel\u0151sek az energiafogyaszt\u00e1s k\u00f6r\u00fclbel\u00fcl 40%-\u00e1\u00e9rt \u00e9s az energi\u00e1hoz&nbsp;<\/span><span style=\"font-style: inherit; font-weight: inherit;\">kapcsol\u00f3d\u00f3 \u00fcvegh\u00e1zhat\u00e1s\u00fag\u00e1z-kibocs\u00e1t\u00e1s jelent\u0151s r\u00e9sz\u00e9\u00e9rt. Ez azt jelenti, hogy&nbsp;<\/span><span style=\"font-style: inherit; font-weight: inherit;\">az \u00e9p\u00fcletek m\u0171k\u00f6d\u00e9s\u00e9nek jav\u00edt\u00e1sa n\u00e9lk\u00fcl nincs re\u00e1lis \u00fat a 2030-as \u00e9s 2050-es&nbsp;<\/span><span style=\"font-style: inherit; font-weight: inherit;\">kl\u00edmac\u00e9lok el\u00e9r\u00e9s\u00e9hez.<\/span><\/p>\n<p class=\"MsoNormal\">Ez\u00e9rt ker\u00fclt az EPBD k\u00f6z\u00e9ppontj\u00e1ba az \u00e9p\u00fcletek korszer\u0171s\u00edt\u00e9se, a m\u0171szaki rendszerek hat\u00e9konyabb szab\u00e1lyoz\u00e1sa, a digitaliz\u00e1ci\u00f3, az energiamonitoring \u00e9s az intelligens \u00e9p\u00fclet\u00fczemeltet\u00e9s.<o:p><\/o:p><\/p>\n<p class=\"MsoNormal\"><b>Mi\u00e9rt nem el\u00e9g m\u00e1r az energiahat\u00e9kony berendez\u00e9s?<br><\/b><span style=\"font-style: inherit; font-weight: inherit;\">Egy \u00e9p\u00fclet energiahat\u00e9konys\u00e1g\u00e1t nemcsak az hat\u00e1rozza meg, hogy milyen kaz\u00e1n, h\u0151szivatty\u00fa, h\u0171t\u0151g\u00e9p, l\u00e1mpatest vagy \u00e1rny\u00e9kol\u00f3 ker\u00fcl be\u00e9p\u00edt\u00e9sre.<br><\/span><span style=\"font-style: inherit; font-weight: inherit;\">Legal\u00e1bb ennyire fontos a m\u0171k\u00f6d\u00e9s.<br><\/span><span style=\"font-style: inherit; font-weight: inherit;\">Egy korszer\u0171 berendez\u00e9s is tud pazarl\u00f3an m\u0171k\u00f6dni, ha rosszul&nbsp;<\/span><span style=\"font-style: inherit; font-weight: inherit;\">van szab\u00e1lyozva. Egy j\u00f3l szigetelt \u00e9p\u00fclet is lehet energiafal\u00f3, ha a h\u0171t\u00e9s \u00e9s a&nbsp;<\/span><span style=\"font-style: inherit; font-weight: inherit;\">f\u0171t\u00e9s egyszerre dolgozik egym\u00e1s ellen. Egy LED-es vil\u00e1g\u00edt\u00e1si rendszer is&nbsp;<\/span><span style=\"font-style: inherit; font-weight: inherit;\">fogyaszthat feleslegesen, ha nincs jelenl\u00e9t\u00e9rz\u00e9kel\u00e9s, id\u0151program, f\u00e9ny\u00e9rz\u00e9kel\u00e9s&nbsp;<\/span><span style=\"font-style: inherit; font-weight: inherit;\">vagy z\u00f3naszint\u0171 vez\u00e9rl\u00e9s. Egy modern sz\u00e1lloda vagy iroda\u00e9p\u00fclet is lehet nehezen&nbsp;<\/span><span style=\"font-style: inherit; font-weight: inherit;\">\u00fczemeltethet\u0151, ha az egyes rendszerek k\u00fcl\u00f6n-k\u00fcl\u00f6n m\u0171k\u00f6dnek, adatok \u00e9s&nbsp;<\/span><span style=\"font-style: inherit; font-weight: inherit;\">visszacsatol\u00e1s n\u00e9lk\u00fcl.&nbsp;<\/span><\/p>\n<p class=\"MsoNormal\"><span style=\"font-style: inherit; font-weight: inherit;\">Az energiahat\u00e9konys\u00e1g ez\u00e9rt ma m\u00e1r nem csak g\u00e9p\u00e9szeti vagy&nbsp;<\/span><span style=\"font-style: inherit; font-weight: inherit;\">\u00e9p\u00edt\u00e9szeti k\u00e9rd\u00e9s. Rendszerszint\u0171 m\u0171k\u00f6d\u00e9si k\u00e9rd\u00e9s.<br><\/span><span style=\"font-style: inherit; font-weight: inherit;\">Pontosan itt kapcsol\u00f3dik be az \u00e9p\u00fcletautomatiz\u00e1l\u00e1s.<\/span><\/p>\n<p class=\"MsoNormal\"><b>Mit ad az \u00e9p\u00fcletautomatiz\u00e1l\u00e1s az EPBD \u00e9s EED c\u00e9ljaihoz?<o:p><\/o:p><\/b><\/p>\n<p class=\"MsoNormal\">Egy j\u00f3l megtervezett \u00e9p\u00fcletautomatiz\u00e1l\u00e1si rendszer nem \u00f6n\u00e1ll\u00f3 technol\u00f3giai szigetk\u00e9nt m\u0171k\u00f6dik. \u00d6sszek\u00f6ti \u00e9s szab\u00e1lyozza az \u00e9p\u00fclet<br>legfontosabb m\u0171szaki rendszereit.<o:p><\/o:p><\/p>\n<p class=\"MsoNormal\">Ide tartozik t\u00f6bbek k\u00f6z\u00f6tt:<o:p><\/o:p><\/p>\n<ul style=\"margin-top:0cm\" type=\"disc\">\n<li class=\"MsoNormal\">vil\u00e1g\u00edt\u00e1svez\u00e9rl\u00e9s;<o:p><\/o:p><\/li>\n<li class=\"MsoNormal\">\u00e1rny\u00e9kol\u00e1svez\u00e9rl\u00e9s;<o:p><\/o:p><\/li>\n<li class=\"MsoNormal\">f\u0171t\u00e9s-h\u0171t\u00e9s szab\u00e1lyoz\u00e1s;<o:p><\/o:p><\/li>\n<li class=\"MsoNormal\">szell\u0151ztet\u00e9s \u00e9s g\u00e9p\u00e9szeti integr\u00e1ci\u00f3;<o:p><\/o:p><\/li>\n<li class=\"MsoNormal\">jelenl\u00e9t\u00e9rz\u00e9kel\u00e9s;<o:p><\/o:p><\/li>\n<li class=\"MsoNormal\">id\u0151programok;<o:p><\/o:p><\/li>\n<li class=\"MsoNormal\">z\u00f3naszint\u0171&nbsp;vez\u00e9rl\u00e9s;<o:p><\/o:p><\/li>\n<li class=\"MsoNormal\">h\u0151m\u00e9rs\u00e9klet-&nbsp;\u00e9s komfortszab\u00e1lyoz\u00e1s;<o:p><\/o:p><\/li>\n<li class=\"MsoNormal\">energiam\u00e9r\u00e9s \u00e9s alm\u00e9r\u00e9s;<o:p><\/o:p><\/li>\n<li class=\"MsoNormal\">adatgy\u0171jt\u00e9s;<o:p><\/o:p><\/li>\n<li class=\"MsoNormal\">riport\u00e1l\u00e1s;<o:p><\/o:p><\/li>\n<li class=\"MsoNormal\">hibajelz\u00e9s;<o:p><\/o:p><\/li>\n<li class=\"MsoNormal\">\u00fczemeltet\u00e9si&nbsp;visszacsatol\u00e1s.<o:p><\/o:p><\/li>\n<\/ul>\n<p class=\"MsoNormal\">Ezek egy\u00fctt teszik lehet\u0151v\u00e9, hogy az \u00e9p\u00fclet m\u0171k\u00f6d\u00e9se ne k\u00e9zi beavatkoz\u00e1sokon, megszok\u00e1sokon vagy becsl\u00e9seken alapuljon, hanem m\u00e9rhet\u0151,&nbsp;szab\u00e1lyozhat\u00f3 \u00e9s optimaliz\u00e1lhat\u00f3 legyen.<o:p><\/o:p><\/p>\n<p class=\"MsoNormal\">Egy modern \u00e9p\u00fcletautomatiz\u00e1l\u00e1si rendszer p\u00e9ld\u00e1ul k\u00e9pes arra, hogy a f\u0171t\u00e9st, a h\u0171t\u00e9st, az \u00e1rny\u00e9kol\u00e1st \u00e9s a vil\u00e1g\u00edt\u00e1st ne k\u00fcl\u00f6n-k\u00fcl\u00f6n, hanem&nbsp;egym\u00e1ssal \u00f6sszehangolva kezelje. Ez k\u00fcl\u00f6n\u00f6sen fontos olyan \u00e9p\u00fcletekn\u00e9l, ahol nagy az \u00fcvegfel\u00fclet, v\u00e1ltoz\u00f3 a benapoz\u00e1s, elt\u00e9r\u0151ek a haszn\u00e1lati z\u00f3n\u00e1k, vagy&nbsp;jelent\u0151s a napi \u00e9s szezon\u00e1lis terhel\u00e9sv\u00e1ltoz\u00e1s.<o:p><\/o:p><\/p>\n<p class=\"MsoNormal\"><b>Konkr\u00e9t p\u00e9lda: vil\u00e1g\u00edt\u00e1s, \u00e1rny\u00e9kol\u00e1s \u00e9s h\u0171t\u00e9s<o:p><\/o:p><\/b><\/p>\n<p class=\"MsoNormal\">Egy ny\u00e1ri napon egy irodah\u00e1z d\u00e9li homlokzat\u00e1n a napsug\u00e1rz\u00e1s&nbsp;jelent\u0151s h\u0151terhel\u00e9st okozhat. Ha az \u00e1rny\u00e9kol\u00e1s nincs automatiz\u00e1lva, a bels\u0151&nbsp;terek gyorsan felmelegszenek, a h\u0171t\u00e9si rendszer pedig nagyobb teljes\u00edtm\u00e9nnyel<br>kezd m\u0171k\u00f6dni.<o:p><\/o:p><\/p>\n<p class=\"MsoNormal\">Ha azonban az \u00e1rny\u00e9kol\u00e1s, a h\u0171t\u00e9s \u00e9s a vil\u00e1g\u00edt\u00e1s&nbsp;\u00f6sszehangolt rendszerben m\u0171k\u00f6dik, az \u00e9p\u00fclet el\u0151re tud reag\u00e1lni a napsug\u00e1rz\u00e1sra.<br>Az \u00e1rny\u00e9kol\u00f3k automatikusan a megfelel\u0151 poz\u00edci\u00f3ba \u00e1llhatnak, a term\u00e9szetes f\u00e9ny tov\u00e1bbra is hasznos\u00edthat\u00f3, a mesters\u00e9ges vil\u00e1g\u00edt\u00e1s pedig csak ott \u00e9s olyan&nbsp;m\u00e9rt\u00e9kben m\u0171k\u00f6dik, ahol sz\u00fcks\u00e9ges.&nbsp;<span style=\"font-style: inherit; font-weight: inherit;\">Ez nem puszt\u00e1n k\u00e9nyelmi funkci\u00f3. Ez energiahat\u00e9konys\u00e1gi&nbsp;<\/span><span style=\"font-style: inherit; font-weight: inherit;\">vez\u00e9rl\u00e9si logika.<\/span><\/p>\n<p class=\"MsoNormal\">Ugyanez igaz a f\u0171t\u00e9sre, h\u0171t\u00e9sre \u00e9s szell\u0151ztet\u00e9sre is. Egy<br>j\u00f3l szab\u00e1lyozott \u00e9p\u00fcletben nem az t\u00f6rt\u00e9nik, hogy minden rendszer a saj\u00e1t<br>logik\u00e1ja szerint m\u0171k\u00f6dik. A c\u00e9l az \u00f6sszehangolt m\u0171k\u00f6d\u00e9s: az \u00e9p\u00fclet a<br>haszn\u00e1lathoz, a k\u00f6rnyezeti felt\u00e9telekhez \u00e9s az \u00fczemeltet\u00e9si c\u00e9lokhoz igazodik.<\/p>\t\t\t\t\t\t\t\t<\/div>\n\t\t\t\t<\/div>\n\t\t<div class=\"elementor-element elementor-element-8741153 e-grid e-con-full e-con e-child\" data-id=\"8741153\" data-element_type=\"container\" data-e-type=\"container\">\n\t\t\t\t<div class=\"elementor-element elementor-element-310c7c4 elementor-widget elementor-widget-image\" data-id=\"310c7c4\" data-element_type=\"widget\" data-e-type=\"widget\" data-widget_type=\"image.default\">\n\t\t\t\t<div class=\"elementor-widget-container\">\n\t\t\t\t\t\t\t\t\t\t\t\t\t\t\t<img decoding=\"async\" width=\"1254\" height=\"1254\" src=\"https:\/\/elektro-kamleithner.hu\/wp-content\/uploads\/2026\/08\/EPBD3.jpg\" class=\"attachment-large size-large wp-image-10463\" alt=\"EPBD3\" srcset=\"https:\/\/elektro-kamleithner.hu\/wp-content\/uploads\/2026\/08\/EPBD3.jpg 1254w, https:\/\/elektro-kamleithner.hu\/wp-content\/uploads\/2026\/08\/EPBD3-150x150.jpg 150w, https:\/\/elektro-kamleithner.hu\/wp-content\/uploads\/2026\/08\/EPBD3-768x768.jpg 768w, https:\/\/elektro-kamleithner.hu\/wp-content\/uploads\/2026\/08\/EPBD3-12x12.jpg 12w\" sizes=\"(max-width: 1254px) 100vw, 1254px\" \/>\t\t\t\t\t\t\t\t\t\t\t\t\t\t\t<\/div>\n\t\t\t\t<\/div>\n\t\t\t\t<\/div>\n\t\t\t\t<div class=\"elementor-element elementor-element-0d36648 elementor-widget elementor-widget-text-editor\" data-id=\"0d36648\" data-element_type=\"widget\" data-e-type=\"widget\" data-widget_type=\"text-editor.default\">\n\t\t\t\t<div class=\"elementor-widget-container\">\n\t\t\t\t\t\t\t\t\t<div><span style=\"font-weight: 700;\">Konkr\u00e9t p\u00e9lda: vil\u00e1g\u00edt\u00e1s, \u00e1rny\u00e9kol\u00e1s \u00e9s h\u0171t\u00e9s<\/span><\/div>\n<p class=\"MsoNormal\" style=\"font-size: 16px; font-style: normal; font-weight: 400;\">Egy ny\u00e1ri napon egy irodah\u00e1z d\u00e9li homlokzat\u00e1n a napsug\u00e1rz\u00e1s&nbsp;jelent\u0151s h\u0151terhel\u00e9st okozhat. Ha az \u00e1rny\u00e9kol\u00e1s nincs automatiz\u00e1lva, a bels\u0151&nbsp;terek gyorsan felmelegszenek, a h\u0171t\u00e9si rendszer pedig nagyobb teljes\u00edtm\u00e9nnyel<br>kezd m\u0171k\u00f6dni.<o:p><\/o:p><\/p>\n<p class=\"MsoNormal\" style=\"font-size: 16px; font-style: normal;\"><span style=\"font-weight: 400;\">Ha azonban az \u00e1rny\u00e9kol\u00e1s, a h\u0171t\u00e9s \u00e9s a vil\u00e1g\u00edt\u00e1s&nbsp;\u00f6sszehangolt rendszerben m\u0171k\u00f6dik, az \u00e9p\u00fclet el\u0151re tud reag\u00e1lni a napsug\u00e1rz\u00e1sra.<br>Az \u00e1rny\u00e9kol\u00f3k automatikusan a megfelel\u0151 poz\u00edci\u00f3ba \u00e1llhatnak, a term\u00e9szetes f\u00e9ny&nbsp;tov\u00e1bbra is hasznos\u00edthat\u00f3, a mesters\u00e9ges vil\u00e1g\u00edt\u00e1s pedig csak ott \u00e9s olyan&nbsp;m\u00e9rt\u00e9kben m\u0171k\u00f6dik, ahol sz\u00fcks\u00e9ges. <\/span><b>Ez nem puszt\u00e1n k\u00e9nyelmi funkci\u00f3. Ez energiahat\u00e9konys\u00e1gi&nbsp;vez\u00e9rl\u00e9si logika.<\/b><\/p>\n<p class=\"MsoNormal\" style=\"font-size: 16px; font-style: normal; font-weight: 400;\">Ugyanez igaz a f\u0171t\u00e9sre, h\u0171t\u00e9sre \u00e9s szell\u0151ztet\u00e9sre is. Egy&nbsp;j\u00f3l szab\u00e1lyozott \u00e9p\u00fcletben nem az t\u00f6rt\u00e9nik, hogy minden rendszer a saj\u00e1t<br>logik\u00e1ja szerint m\u0171k\u00f6dik. A c\u00e9l az \u00f6sszehangolt m\u0171k\u00f6d\u00e9s: az \u00e9p\u00fclet a&nbsp;haszn\u00e1lathoz, a k\u00f6rnyezeti felt\u00e9telekhez \u00e9s az \u00fczemeltet\u00e9si c\u00e9lokhoz igazodik.<o:p><\/o:p><\/p>\n<p class=\"MsoNormal\" style=\"font-size: 16px; font-style: normal; font-weight: 400;\"><span style=\"font-weight: 700;\">Az EPBD \u00e9s az \u00e9p\u00fcletautomatiz\u00e1l\u00e1s kapcsolata<o:p><\/o:p><\/span><\/p>\n<p class=\"MsoNormal\" style=\"font-size: 16px; font-style: normal; font-weight: 400;\">Az \u00faj EPBD nemcsak \u00e1ltal\u00e1noss\u00e1gban besz\u00e9l az energiahat\u00e9kony&nbsp;\u00e9p\u00fcletekr\u0151l. A szab\u00e1lyoz\u00e1sban egyre nagyobb szerepet kapnak az \u00e9p\u00fclet m\u0171szaki&nbsp;rendszerei.<o:p><\/o:p><\/p>\n<p class=\"MsoNormal\" style=\"font-size: 16px; font-style: normal; font-weight: 400;\">Ezek k\u00f6z\u00e9 tartozik a f\u0171t\u00e9s, h\u0171t\u00e9s, szell\u0151ztet\u00e9s, haszn\u00e1lati&nbsp;melegv\u00edz, vil\u00e1g\u00edt\u00e1s, \u00e9p\u00fcletautomatiz\u00e1l\u00e1s, szab\u00e1lyoz\u00e1s, helysz\u00edni<br>meg\u00fajul\u00f3energia-termel\u00e9s \u00e9s energiat\u00e1rol\u00e1s is.<o:p><\/o:p><\/p>\n<p class=\"MsoNormal\" style=\"font-size: 16px; font-style: normal; font-weight: 400;\">Az ir\u00e1ny vil\u00e1gos: az \u00e9p\u00fclet energiahat\u00e9konys\u00e1g\u00e1t nem lehet&nbsp;csak az \u00e9p\u00fcletszerkezet oldal\u00e1r\u00f3l vizsg\u00e1lni. A m\u0171k\u00f6d\u0151 rendszerek min\u0151s\u00e9ge,&nbsp;szab\u00e1lyozhat\u00f3s\u00e1ga, m\u00e9rhet\u0151s\u00e9ge \u00e9s integr\u00e1lts\u00e1ga ugyanolyan fontos.<o:p><\/o:p><\/p>\n<p class=\"MsoNormal\" style=\"font-size: 16px; font-style: normal; font-weight: 400;\">A nem lak\u00f3\u00e9p\u00fcletekn\u00e9l k\u00fcl\u00f6n\u00f6sen er\u0151s\u00f6dik az&nbsp;\u00e9p\u00fcletautomatiz\u00e1l\u00e1si \u00e9s szab\u00e1lyoz\u00e1si rendszerek szerepe. Egyre fontosabb lesz,<br>hogy a nagyobb \u00e9p\u00fcletekben a rendszerek k\u00e9pesek legyenek az energiafelhaszn\u00e1l\u00e1s&nbsp;monitoroz\u00e1s\u00e1ra, napl\u00f3z\u00e1s\u00e1ra, elemz\u00e9s\u00e9re, az energiahat\u00e9konys\u00e1gi roml\u00e1s&nbsp;felismer\u00e9s\u00e9re, valamint az \u00fczemeltet\u0151 t\u00e1j\u00e9koztat\u00e1s\u00e1ra.<o:p><\/o:p><\/p>\n<p class=\"MsoNormal\" style=\"font-size: 16px; font-style: normal; font-weight: 400;\">Ez m\u00e1r nem egyszer\u0171 \u201eokos\u00e9p\u00fclet\u201d kommunik\u00e1ci\u00f3. Ez m\u00e9rn\u00f6ki,&nbsp;\u00fczemeltet\u00e9si \u00e9s megfelel\u0151s\u00e9gi k\u00e9rd\u00e9s.<o:p><\/o:p><\/p>\n<p class=\"MsoNormal\" style=\"font-size: 16px; font-style: normal; font-weight: 400;\"><span style=\"font-weight: 700;\">Mi\u00e9rt fontos a m\u00e9r\u00e9s \u00e9s az adatgy\u0171jt\u00e9s?<o:p><\/o:p><\/span><\/p>\n<p class=\"MsoNormal\" style=\"font-size: 16px; font-style: normal; font-weight: 400;\">Amit nem m\u00e9r\u00fcnk, azt nem lehet optimaliz\u00e1lni.<o:p><\/o:p><\/p>\n<p class=\"MsoNormal\" style=\"font-size: 16px; font-style: normal; font-weight: 400;\">Ez az energiahat\u00e9konys\u00e1g egyik legalapvet\u0151bb igazs\u00e1ga. Egy&nbsp;\u00e9p\u00fclet \u00fczemeltet\u0151je csak akkor tud beavatkozni, ha l\u00e1tja, mi t\u00f6rt\u00e9nik.<o:p><\/o:p><\/p>\n<p class=\"MsoNormal\" style=\"font-size: 16px; font-style: normal; font-weight: 400;\">Mennyi energi\u00e1t haszn\u00e1l az \u00e9p\u00fclet f\u0171t\u00e9sre?<br>Mennyi energi\u00e1t haszn\u00e1l h\u0171t\u00e9sre?<br>Mely z\u00f3n\u00e1k fogyasztanak kiugr\u00f3an sokat?<br>Mikor jelentkeznek cs\u00facsterhel\u00e9sek?<br>Hol m\u0171k\u00f6dik feleslegesen a vil\u00e1g\u00edt\u00e1s?<br>Van-e olyan ter\u00fclet, ahol a h\u0171t\u00e9s \u00e9s f\u0171t\u00e9s egym\u00e1s ellen dolgozik?<br>Mely berendez\u00e9sek m\u0171k\u00f6dnek a v\u00e1rtt\u00f3l elt\u00e9r\u0151en?<o:p><\/o:p><\/p>\n<p class=\"MsoNormal\" style=\"font-size: 16px; font-style: normal; font-weight: 400;\">Ezekre a k\u00e9rd\u00e9sekre csak adatokkal lehet v\u00e1laszolni.<o:p><\/o:p><\/p>\n<p class=\"MsoNormal\" style=\"font-size: 16px; font-style: normal; font-weight: 400;\">Ez\u00e9rt az energiamonitoring, az alm\u00e9r\u00e9s, az adatnapl\u00f3z\u00e1s, a&nbsp;trendgrafikonok, az automatikus riportok \u00e9s az \u00fczemeltet\u00e9si visszajelz\u00e9sek a<br>k\u00f6vetkez\u0151 \u00e9vekben egyre fontosabb szerepet kapnak az \u00e9p\u00fcletautomatiz\u00e1l\u00e1si&nbsp;rendszerekben.<\/p>\t\t\t\t\t\t\t\t<\/div>\n\t\t\t\t<\/div>\n\t\t<div class=\"elementor-element elementor-element-4a7515c e-grid e-con-full e-con e-child\" data-id=\"4a7515c\" data-element_type=\"container\" data-e-type=\"container\">\n\t\t\t\t<div class=\"elementor-element elementor-element-2b0aa2c elementor-widget elementor-widget-image\" data-id=\"2b0aa2c\" data-element_type=\"widget\" data-e-type=\"widget\" data-widget_type=\"image.default\">\n\t\t\t\t<div class=\"elementor-widget-container\">\n\t\t\t\t\t\t\t\t\t\t\t\t\t\t\t<img loading=\"lazy\" decoding=\"async\" width=\"1254\" height=\"1254\" src=\"https:\/\/elektro-kamleithner.hu\/wp-content\/uploads\/2026\/08\/EPBD4.jpg\" class=\"attachment-large size-large wp-image-10464\" alt=\"EPBD4\" srcset=\"https:\/\/elektro-kamleithner.hu\/wp-content\/uploads\/2026\/08\/EPBD4.jpg 1254w, https:\/\/elektro-kamleithner.hu\/wp-content\/uploads\/2026\/08\/EPBD4-150x150.jpg 150w, https:\/\/elektro-kamleithner.hu\/wp-content\/uploads\/2026\/08\/EPBD4-768x768.jpg 768w, https:\/\/elektro-kamleithner.hu\/wp-content\/uploads\/2026\/08\/EPBD4-12x12.jpg 12w\" sizes=\"(max-width: 1254px) 100vw, 1254px\" \/>\t\t\t\t\t\t\t\t\t\t\t\t\t\t\t<\/div>\n\t\t\t\t<\/div>\n\t\t\t\t<div class=\"elementor-element elementor-element-76182c3 elementor-widget elementor-widget-text-editor\" data-id=\"76182c3\" data-element_type=\"widget\" data-e-type=\"widget\" data-widget_type=\"text-editor.default\">\n\t\t\t\t<div class=\"elementor-widget-container\">\n\t\t\t\t\t\t\t\t\t<div><span style=\"font-weight: 700;\">A m\u0171k\u00f6d\u00e9s min\u0151s\u00e9ge lesz a d\u00f6nt\u0151 k\u00e9rd\u00e9s<\/span><\/div>\n<p style=\"font-size: 16px; font-style: normal; font-weight: 400;\">Az energiahat\u00e9kony \u00e9p\u00fclet nem att\u00f3l lesz val\u00f3ban hat\u00e9kony, hogy sok korszer\u0171 berendez\u00e9s tal\u00e1lhat\u00f3 benne. A d\u00f6nt\u0151 k\u00e9rd\u00e9s az, hogyan m\u0171k\u00f6dnek ezek a rendszerek egy\u00fctt. M\u00e1s eredm\u00e9nyt ad egy \u00e9p\u00fclet, ahol a vil\u00e1g\u00edt\u00e1s, az \u00e1rny\u00e9kol\u00e1s, a f\u0171t\u00e9s, a h\u0171t\u00e9s, a szell\u0151ztet\u00e9s \u00e9s az energiam\u00e9r\u00e9s k\u00fcl\u00f6n-k\u00fcl\u00f6n m\u0171k\u00f6dik, \u00e9s m\u00e1st egy olyan rendszer, ahol ezek \u00f6sszehangolt \u00e9p\u00fcletautomatiz\u00e1l\u00e1si logika szerint dolgoznak. A j\u00f6v\u0151 \u00e9p\u00fcleteiben ez\u00e9rt egyre nagyobb \u00e9rt\u00e9ket k\u00e9pviselnek azok a funkci\u00f3k, amelyek:<\/p>\n<ul type=\"disc\" style=\"font-size: 16px; font-style: normal; font-weight: 400; margin: 0cm 0px 1.5em 3em;\">\n<li style=\"font-size: 16px;\">ig\u00e9ny szerint szab\u00e1lyozz\u00e1k a f\u0171t\u00e9st, h\u0171t\u00e9st \u00e9s vil\u00e1g\u00edt\u00e1st;<o:p><\/o:p><\/li>\n<li style=\"font-size: 16px;\">figyelembe veszik a jelenl\u00e9tet, a napszakot \u00e9s a k\u00fcls\u0151 k\u00f6rnyezeti hat\u00e1sokat;<o:p><\/o:p><\/li>\n<li style=\"font-size: 16px;\">m\u00e9rik \u00e9s napl\u00f3zz\u00e1k az energiafelhaszn\u00e1l\u00e1st;<o:p><\/o:p><\/li>\n<li style=\"font-size: 16px;\">visszajelz\u00e9st&nbsp;adnak az \u00fczemeltet\u0151nek;<o:p><\/o:p><\/li>\n<li style=\"font-size: 16px;\">seg\u00edtik&nbsp;a hib\u00e1k \u00e9s pazarl\u00f3 m\u0171k\u00f6d\u00e9sek felismer\u00e9s\u00e9t;<o:p><\/o:p><\/li>\n<li style=\"font-size: 16px;\">hossz\u00fa&nbsp;t\u00e1von is m\u00f3dos\u00edthat\u00f3 \u00e9s b\u0151v\u00edthet\u0151 rendszert biztos\u00edtanak.<o:p><\/o:p><\/li>\n<\/ul>\n<p style=\"font-size: 16px; font-style: normal; font-weight: 400;\">Ez az a ter\u00fclet, ahol az \u00e9p\u00fcletautomatiz\u00e1l\u00e1s m\u00e1r nem k\u00e9nyelmi extra, hanem az energiahat\u00e9kony \u00fczemeltet\u00e9s egyik alapvet\u0151 eszk\u00f6ze.<\/p>\t\t\t\t\t\t\t\t<\/div>\n\t\t\t\t<\/div>\n\t\t\t\t<\/div>\n\t\t\t\t<div class=\"elementor-element elementor-element-2b22e3b elementor-widget elementor-widget-text-editor\" data-id=\"2b22e3b\" data-element_type=\"widget\" data-e-type=\"widget\" data-widget_type=\"text-editor.default\">\n\t\t\t\t<div class=\"elementor-widget-container\">\n\t\t\t\t\t\t\t\t\t<div><span style=\"font-weight: 700;\">Mi\u00e9rt k\u00fcl\u00f6n\u00f6sen fontos ez nagyobb \u00e9p\u00fcletekn\u00e9l?<\/span><\/div>\n<p class=\"MsoNormal\" style=\"font-size: 16px; font-style: normal; font-weight: 400;\">Az \u00e9p\u00fcletautomatiz\u00e1l\u00e1s jelent\u0151s\u00e9ge minden \u00e9p\u00fclett\u00edpusban n\u00f6vekszik, de k\u00fcl\u00f6n\u00f6sen fontos a nagyobb \u00e9s \u00f6sszetettebb \u00e9p\u00fcletekben.<o:p><\/o:p><\/p>\n<p class=\"MsoNormal\" style=\"font-size: 16px; font-style: normal; font-weight: 400;\">Ilyenek p\u00e9ld\u00e1ul:<o:p><\/o:p><\/p>\n<ul type=\"disc\" style=\"font-size: 16px; font-style: normal; font-weight: 400; margin: 0cm 0px 1.5em 3em;\">\n<li class=\"MsoNormal\" style=\"font-size: 16px;\">irodah\u00e1zak;<o:p><\/o:p><\/li>\n<li class=\"MsoNormal\" style=\"font-size: 16px;\">sz\u00e1llod\u00e1k;<o:p><\/o:p><\/li>\n<li class=\"MsoNormal\" style=\"font-size: 16px;\">k\u00f6z\u00e9p\u00fcletek;<o:p><\/o:p><\/li>\n<li class=\"MsoNormal\" style=\"font-size: 16px;\">oktat\u00e1si int\u00e9zm\u00e9nyek;<o:p><\/o:p><\/li>\n<li class=\"MsoNormal\" style=\"font-size: 16px;\">eg\u00e9szs\u00e9g\u00fcgyi \u00e9p\u00fcletek;<o:p><\/o:p><\/li>\n<li class=\"MsoNormal\" style=\"font-size: 16px;\">ipari l\u00e9tes\u00edtm\u00e9nyek;<o:p><\/o:p><\/li>\n<li class=\"MsoNormal\" style=\"font-size: 16px;\">pr\u00e9mium t\u00e1rsash\u00e1zak;<o:p><\/o:p><\/li>\n<li class=\"MsoNormal\" style=\"font-size: 16px;\">nagy alapter\u00fclet\u0171 kereskedelmi \u00e9p\u00fcletek.<o:p><\/o:p><\/li>\n<\/ul>\n<p class=\"MsoNormal\" style=\"font-size: 16px; font-style: normal; font-weight: 400;\">Ezekben az \u00e9p\u00fcletekben a fogyaszt\u00e1s nagy r\u00e9sze nem egyetlen berendez\u00e9shez k\u00f6t\u0151dik. A m\u0171k\u00f6d\u00e9s \u00f6sszetett. Sok z\u00f3na, sok felhaszn\u00e1l\u00f3, elt\u00e9r\u0151 haszn\u00e1lati id\u0151k, v\u00e1ltoz\u00f3 komfortig\u00e9nyek \u00e9s jelent\u0151s g\u00e9p\u00e9szeti rendszerek jelennek meg. Ilyen k\u00f6rnyezetben a k\u00e9zi szab\u00e1lyoz\u00e1s, az elszigetelt rendszerek \u00e9s az ut\u00f3lagos hibakeres\u00e9s hossz\u00fa t\u00e1von nem hat\u00e9kony megold\u00e1s. A j\u00f3 \u00e9p\u00fcletautomatiz\u00e1l\u00e1s itt nem extra, hanem az \u00fczemeltethet\u0151s\u00e9g alapja.<\/p>\n<p class=\"MsoNormal\" style=\"font-size: 16px; font-style: normal; font-weight: 400;\"><span style=\"font-weight: 700;\">Nemzeti \u00e9p\u00fcletfel\u00faj\u00edt\u00e1si tervek \u00e9s a k\u00f6vetkez\u0151 \u00e9vek&nbsp;ir\u00e1nya<o:p><\/o:p><\/span><\/p>\n<p class=\"MsoNormal\" style=\"font-size: 16px; font-style: normal; font-weight: 400;\">Az EPBD v\u00e9grehajt\u00e1sa nemcsak egyedi projektek szintj\u00e9n lesz&nbsp;fontos, hanem nemzeti strat\u00e9giai szinten is. Az uni\u00f3s keretrendszer alapj\u00e1n a&nbsp;tag\u00e1llamoknak olyan \u00e9p\u00fcletfel\u00faj\u00edt\u00e1si terveket kell k\u00e9sz\u00edteni\u00fck, amelyek&nbsp;bemutatj\u00e1k, hogyan k\u00edv\u00e1nj\u00e1k az \u00e9p\u00fclet\u00e1llom\u00e1nyt 2050-ig nagy energiahat\u00e9konys\u00e1g\u00fa&nbsp;\u00e9s dekarboniz\u00e1lt ir\u00e1nyba \u00e1talak\u00edtani.<o:p><\/o:p><\/p>\n<p class=\"MsoNormal\" style=\"font-size: 16px; font-style: normal; font-weight: 400;\">Ez az\u00e9rt fontos, mert az \u00e9p\u00fcletek fel\u00faj\u00edt\u00e1sa nem egyszeri&nbsp;m\u0171szaki beavatkoz\u00e1s. Hossz\u00fa t\u00e1v\u00fa folyamat, amelyben az energiahat\u00e9konys\u00e1g, a&nbsp;meg\u00fajul\u00f3 energia, a digitaliz\u00e1ci\u00f3, a szab\u00e1lyozhat\u00f3s\u00e1g, a m\u00e9r\u00e9s \u00e9s az&nbsp;\u00fczemeltet\u00e9si min\u0151s\u00e9g egy\u00fctt jelenik meg.<o:p><\/o:p><\/p>\n<p class=\"MsoNormal\" style=\"font-size: 16px; font-style: normal; font-weight: 400;\">A k\u00f6vetkez\u0151 \u00e9vekben ez\u00e9rt v\u00e1rhat\u00f3an egyre t\u00f6bb olyan&nbsp;beruh\u00e1z\u00f3i, tervez\u0151i \u00e9s \u00fczemeltet\u0151i k\u00e9rd\u00e9s ker\u00fcl el\u0151t\u00e9rbe, amely k\u00f6zvetlen\u00fcl<br>kapcsol\u00f3dik az \u00e9p\u00fcletautomatiz\u00e1l\u00e1shoz:<o:p><\/o:p><\/p>\n<ul type=\"disc\" style=\"font-size: 16px; font-style: normal; font-weight: 400; margin: 0cm 0px 1.5em 3em;\">\n<li class=\"MsoNormal\" style=\"font-size: 16px;\">hogyan&nbsp;m\u00e9rhet\u0151 az \u00e9p\u00fclet energiafelhaszn\u00e1l\u00e1sa;<o:p><\/o:p><\/li>\n<li class=\"MsoNormal\" style=\"font-size: 16px;\">hogyan&nbsp;lehet cs\u00f6kkenteni a felesleges m\u0171k\u00f6d\u00e9st;<o:p><\/o:p><\/li>\n<li class=\"MsoNormal\" style=\"font-size: 16px;\">hogyan&nbsp;hangolhat\u00f3k \u00f6ssze a g\u00e9p\u00e9szeti \u00e9s villamos rendszerek;<o:p><\/o:p><\/li>\n<li class=\"MsoNormal\" style=\"font-size: 16px;\">hogyan&nbsp;dokument\u00e1lhat\u00f3 az \u00fczemeltet\u00e9si teljes\u00edtm\u00e9ny;<o:p><\/o:p><\/li>\n<li class=\"MsoNormal\" style=\"font-size: 16px;\">hogyan&nbsp;k\u00e9sz\u00edthet\u0151 fel az \u00e9p\u00fclet a j\u00f6v\u0151beni szab\u00e1lyoz\u00e1si elv\u00e1r\u00e1sokra.<o:p><\/o:p><\/li>\n<\/ul>\n<p class=\"MsoNormal\" style=\"font-size: 16px; font-style: normal; font-weight: 400;\">Ezekre a k\u00e9rd\u00e9sekre nem elegend\u0151 egy-egy \u00f6n\u00e1ll\u00f3 berendez\u00e9s&nbsp;kiv\u00e1laszt\u00e1sa. Rendszerszint\u0171 gondolkod\u00e1sra van sz\u00fcks\u00e9g.<o:p><\/o:p><\/p>\n<p class=\"MsoNormal\" style=\"font-size: 16px; font-style: normal; font-weight: 400;\"><span style=\"font-weight: 700;\">KNX: ny\u00edlt szabv\u00e1ny a hossz\u00fa t\u00e1v\u00fa \u00e9p\u00fclet\u00fczemeltet\u00e9shez<o:p><\/o:p><\/span><\/p>\n<p class=\"MsoNormal\" style=\"font-size: 16px; font-style: normal; font-weight: 400;\">Az Elektro-Kamleithner Kft. KNX-alap\u00fa \u00e9p\u00fcletautomatiz\u00e1l\u00e1si&nbsp;rendszerekkel dolgozik. Ennek oka, hogy a KNX ny\u00edlt, gy\u00e1rt\u00f3f\u00fcggetlen \u00e9s hossz\u00fa&nbsp;t\u00e1von b\u0151v\u00edthet\u0151 szabv\u00e1ny.<o:p><\/o:p><\/p>\n<p class=\"MsoNormal\" style=\"font-size: 16px; font-style: normal; font-weight: 400;\">Ez az EPBD \u00e9s EED szempontj\u00e1b\u00f3l k\u00fcl\u00f6n\u00f6sen fontos.<o:p><\/o:p><\/p>\n<p class=\"MsoNormal\" style=\"font-size: 16px; font-style: normal; font-weight: 400;\">Egy \u00e9p\u00fcletet nem n\u00e9h\u00e1ny \u00e9vre tervez\u00fcnk. Egy sz\u00e1lloda,&nbsp;irodah\u00e1z, k\u00f6z\u00e9p\u00fclet vagy pr\u00e9mium lak\u00f3\u00e9p\u00fclet automatiz\u00e1l\u00e1si rendszer\u00e9nek hossz\u00fa&nbsp;t\u00e1von is m\u0171k\u00f6dnie, b\u0151v\u00edthet\u0151nek \u00e9s karbantarthat\u00f3nak kell maradnia.<o:p><\/o:p><\/p>\n<p class=\"MsoNormal\" style=\"font-size: 16px; font-style: normal; font-weight: 400;\">A ny\u00edlt szabv\u00e1ny egyik legnagyobb el\u0151nye, hogy a beruh\u00e1z\u00f3 \u00e9s&nbsp;az \u00fczemeltet\u0151 nincs egyetlen gy\u00e1rt\u00f3hoz k\u00f6tve. A rendszer k\u00e9s\u0151bb is b\u0151v\u00edthet\u0151,&nbsp;m\u00f3dos\u00edthat\u00f3, \u00faj funkci\u00f3kkal eg\u00e9sz\u00edthet\u0151 ki, \u00e9s m\u00e1s \u00e9p\u00fclet\u00fczemeltet\u00e9si&nbsp;rendszerekkel is integr\u00e1lhat\u00f3.<o:p><\/o:p><\/p>\n<p class=\"MsoNormal\" style=\"font-size: 16px; font-style: normal; font-weight: 400;\">Ez k\u00fcl\u00f6n\u00f6sen fontos akkor, amikor a szab\u00e1lyoz\u00e1si k\u00f6rnyezet&nbsp;folyamatosan v\u00e1ltozik, az energiahat\u00e9konys\u00e1gi elv\u00e1r\u00e1sok er\u0151s\u00f6dnek, \u00e9s az<br>\u00e9p\u00fcletek m\u0171k\u00f6d\u00e9s\u00e9t egyre ink\u00e1bb adatokkal kell igazolni.<o:p><\/o:p><\/p>\n<p class=\"MsoNormal\" style=\"font-size: 16px; font-style: normal; font-weight: 400;\"><span style=\"font-weight: 700;\">Mit jelent ez beruh\u00e1z\u00f3i szempontb\u00f3l?<o:p><\/o:p><\/span><\/p>\n<p class=\"MsoNormal\" style=\"font-size: 16px; font-style: normal; font-weight: 400;\">A k\u00f6vetkez\u0151 \u00e9vekben az \u00e9p\u00fcletautomatiz\u00e1l\u00e1s egyre kev\u00e9sb\u00e9&nbsp;lesz \u201ej\u00f3, ha van\u201d kateg\u00f3ria.<o:p><\/o:p><\/p>\n<p class=\"MsoNormal\" style=\"font-size: 16px; font-style: normal; font-weight: 400;\">Beruh\u00e1z\u00f3i \u00e9s \u00fczemeltet\u0151i oldalr\u00f3l egyre ink\u00e1bb a k\u00f6vetkez\u0151&nbsp;k\u00e9rd\u00e9sek ker\u00fclnek el\u0151t\u00e9rbe:<o:p><\/o:p><\/p>\n<ul type=\"disc\" style=\"font-size: 16px; font-style: normal; font-weight: 400; margin: 0cm 0px 1.5em 3em;\">\n<li class=\"MsoNormal\" style=\"font-size: 16px;\">cs\u00f6kkenthet\u0151-e&nbsp;az \u00fczemeltet\u00e9si k\u00f6lts\u00e9g;<o:p><\/o:p><\/li>\n<li class=\"MsoNormal\" style=\"font-size: 16px;\">m\u00e9rhet\u0151-e&nbsp;az energiafelhaszn\u00e1l\u00e1s;<o:p><\/o:p><\/li>\n<li class=\"MsoNormal\" style=\"font-size: 16px;\">igazolhat\u00f3-e&nbsp;az energiahat\u00e9kony m\u0171k\u00f6d\u00e9s;<o:p><\/o:p><\/li>\n<li class=\"MsoNormal\" style=\"font-size: 16px;\">megfelel-e&nbsp;az \u00e9p\u00fclet a j\u00f6v\u0151beni szab\u00e1lyoz\u00e1si elv\u00e1r\u00e1soknak;<o:p><\/o:p><\/li>\n<li class=\"MsoNormal\" style=\"font-size: 16px;\">b\u0151v\u00edthet\u0151-e&nbsp;a rendszer k\u00e9s\u0151bb;<o:p><\/o:p><\/li>\n<li class=\"MsoNormal\" style=\"font-size: 16px;\">integr\u00e1lhat\u00f3-e&nbsp;m\u00e1s rendszerekkel;<o:p><\/o:p><\/li>\n<li class=\"MsoNormal\" style=\"font-size: 16px;\">t\u00e1mogatja-e&nbsp;az ESG, LEED, BREEAM vagy egy\u00e9b fenntarthat\u00f3s\u00e1gi c\u00e9lokat;<o:p><\/o:p><\/li>\n<li class=\"MsoNormal\" style=\"font-size: 16px;\">biztons\u00e1gosan&nbsp;\u00fczemeltethet\u0151-e hossz\u00fa t\u00e1von.<o:p><\/o:p><\/li>\n<\/ul>\n<p class=\"MsoNormal\" style=\"font-size: 16px; font-style: normal; font-weight: 400;\">Ezekre a k\u00e9rd\u00e9sekre nem lehet kiz\u00e1r\u00f3lag term\u00e9kkatal\u00f3gusokb\u00f3l&nbsp;v\u00e1laszolni. Itt rendszertervez\u00e9sre, m\u00e9rn\u00f6ki szeml\u00e9letre, szab\u00e1lyoz\u00e1si k\u00f6rnyezet&nbsp;ismeret\u00e9re \u00e9s gyakorlati projekttapasztalatra van sz\u00fcks\u00e9g.<o:p><\/o:p><\/p>\n<p class=\"MsoNormal\" style=\"font-size: 16px; font-style: normal; font-weight: 400;\"><span style=\"font-weight: 700;\">Mi\u00e9rt most \u00e9rdemes ezzel foglalkozni?<o:p><\/o:p><\/span><\/p>\n<p class=\"MsoNormal\" style=\"font-size: 16px; font-style: normal; font-weight: 400;\">Az EPBD nem egyik napr\u00f3l a m\u00e1sikra alak\u00edtja \u00e1t az&nbsp;\u00e9p\u00fcletpiacot. De az ir\u00e1ny m\u00e1r egy\u00e9rtelm\u0171.<o:p><\/o:p><\/p>\n<p class=\"MsoNormal\" style=\"font-size: 16px; font-style: normal; font-weight: 400;\">2024-ben hat\u00e1lyba l\u00e9pett az \u00faj EPBD.<br>2026-ban j\u00f6n a tag\u00e1llami \u00e1t\u00fcltet\u00e9s f\u0151 hat\u00e1rideje.<br>2030-ra az EU jelent\u0151s energia- \u00e9s kibocs\u00e1t\u00e1scs\u00f6kkent\u00e9si c\u00e9lokat t\u0171z\u00f6tt ki.<br>2050-re pedig a c\u00e9l a kl\u00edmasemleges, dekarboniz\u00e1lt \u00e9p\u00fclet\u00e1llom\u00e1ny.<o:p><\/o:p><\/p>\n<p class=\"MsoNormal\" style=\"font-size: 16px; font-style: normal; font-weight: 400;\">Ez azt jelenti, hogy a ma tervezett, ma \u00e9p\u00fcl\u0151 vagy ma&nbsp;fel\u00faj\u00edtott \u00e9p\u00fcleteknek m\u00e1r egy olyan szab\u00e1lyoz\u00e1si \u00e9s piaci k\u00f6rnyezetre kell<br>felk\u00e9sz\u00fclni\u00fck, ahol a m\u00e9rhet\u0151s\u00e9g, az energiahat\u00e9konys\u00e1g, a digitaliz\u00e1ci\u00f3 \u00e9s az&nbsp;intelligens m\u0171k\u00f6d\u00e9s egyre nagyobb \u00e9rt\u00e9ket k\u00e9pvisel.<o:p><\/o:p><\/p>\n<p class=\"MsoNormal\" style=\"font-size: 16px; font-style: normal; font-weight: 400;\">Egy \u00e9p\u00fcletautomatiz\u00e1l\u00e1si rendszer ut\u00f3lagos kialak\u00edt\u00e1sa&nbsp;sokszor dr\u00e1g\u00e1bb, bonyolultabb \u00e9s kompromisszumosabb, mint ha a projekt elej\u00e9n,&nbsp;a koncepci\u00f3alkot\u00e1s \u00e9s tervez\u00e9s f\u00e1zis\u00e1ban megfelel\u0151en szerepet kap.<o:p><\/o:p><\/p>\n<p class=\"MsoNormal\" style=\"font-size: 16px; font-style: normal; font-weight: 400;\"><span style=\"font-weight: 700;\">Az \u00e9p\u00fcletautomatiz\u00e1l\u00e1s nem luxus, hanem m\u0171k\u00f6d\u00e9si&nbsp;infrastrukt\u00fara<o:p><\/o:p><\/span><\/p>\n<p class=\"MsoNormal\" style=\"font-size: 16px; font-style: normal; font-weight: 400;\">A modern \u00e9p\u00fcletautomatiz\u00e1l\u00e1s nem arr\u00f3l sz\u00f3l, hogy egy \u00e9p\u00fclet&nbsp;l\u00e1tv\u00e1nyosan \u201eokosnak\u201d t\u0171nj\u00f6n.<o:p><\/o:p><\/p>\n<p class=\"MsoNormal\" style=\"font-size: 16px; font-style: normal; font-weight: 400;\">A val\u00f3di \u00e9rt\u00e9k az, hogy az \u00e9p\u00fclet:<o:p><\/o:p><\/p>\n<ul type=\"disc\" style=\"font-size: 16px; font-style: normal; font-weight: 400; margin: 0cm 0px 1.5em 3em;\">\n<li class=\"MsoNormal\" style=\"font-size: 16px;\">kevesebb&nbsp;energi\u00e1t haszn\u00e1ljon feleslegesen;<o:p><\/o:p><\/li>\n<li class=\"MsoNormal\" style=\"font-size: 16px;\">jobban&nbsp;reag\u00e1ljon a haszn\u00e1latra \u00e9s a k\u00f6rnyezeti v\u00e1ltoz\u00e1sokra;<o:p><\/o:p><\/li>\n<li class=\"MsoNormal\" style=\"font-size: 16px;\">komfortosabb&nbsp;legyen a felhaszn\u00e1l\u00f3knak;<o:p><\/o:p><\/li>\n<li class=\"MsoNormal\" style=\"font-size: 16px;\">\u00e1tl\u00e1that\u00f3bb&nbsp;legyen az \u00fczemeltet\u0151knek;<o:p><\/o:p><\/li>\n<li class=\"MsoNormal\" style=\"font-size: 16px;\">kevesebb&nbsp;hib\u00e1val m\u0171k\u00f6dj\u00f6n;<o:p><\/o:p><\/li>\n<li class=\"MsoNormal\" style=\"font-size: 16px;\">k\u00f6nnyebben&nbsp;optimaliz\u00e1lhat\u00f3 legyen;<o:p><\/o:p><\/li>\n<li class=\"MsoNormal\" style=\"font-size: 16px;\">hossz\u00fa&nbsp;t\u00e1von is b\u0151v\u00edthet\u0151 maradjon.<o:p><\/o:p><\/li>\n<\/ul>\n<p class=\"MsoNormal\" style=\"font-size: 16px; font-style: normal; font-weight: 400;\">Ez az a szeml\u00e9let, amely az EPBD, az EED \u00e9s a Fit for 55&nbsp;ir\u00e1ny\u00e1val \u00f6sszhangban van.<o:p><\/o:p><\/p>\n<p class=\"MsoNormal\" style=\"font-size: 16px; font-style: normal; font-weight: 400;\"><span style=\"font-weight: 700;\">Az Elektro-Kamleithner Kft. szerepe<o:p><\/o:p><\/span><\/p>\n<p class=\"MsoNormal\" style=\"font-size: 16px; font-style: normal; font-weight: 400;\">Az Elektro-Kamleithner Kft. t\u00f6bb mint 26 \u00e9ve foglalkozik&nbsp;KNX-alap\u00fa \u00e9p\u00fcletautomatiz\u00e1l\u00e1ssal. Munk\u00e1nk k\u00f6z\u00e9ppontj\u00e1ban nem csup\u00e1n az eszk\u00f6z\u00f6k&nbsp;sz\u00e1ll\u00edt\u00e1sa \u00e1ll, hanem a hossz\u00fa t\u00e1von m\u0171k\u00f6d\u0151k\u00e9pes rendszerlogika kialak\u00edt\u00e1sa.<br>Sz\u00e1munkra az \u00e9p\u00fcletautomatiz\u00e1l\u00e1s nem \u00f6nc\u00e9l\u00fa technol\u00f3gia,&nbsp;hanem m\u00e9rn\u00f6ki eszk\u00f6z az energiahat\u00e9konyabb, jobban \u00fczemeltethet\u0151 \u00e9s j\u00f6v\u0151\u00e1ll\u00f3bb&nbsp;\u00e9p\u00fcletek l\u00e9trehoz\u00e1s\u00e1hoz. Ez\u00e9rt dolgozunk ny\u00edlt szabv\u00e1nyokra \u00e9p\u00fcl\u0151 rendszerekkel,&nbsp;ez\u00e9rt tartjuk fontosnak az integr\u00e1ci\u00f3t, a m\u00e9rhet\u0151s\u00e9get, az \u00fczemeltet\u00e9si visszacsatol\u00e1st \u00e9s a hossz\u00fa t\u00e1v\u00fa szakmai t\u00e1mogat\u00e1st.<\/p>\n<p class=\"MsoNormal\" style=\"font-size: 16px; font-style: normal;\"><span style=\"font-weight: 400;\">Az EPBD, az EED, a Fit for 55 \u00e9s a 2050-es Net Zero c\u00e9lok&nbsp;mind ugyanabba az ir\u00e1nyba mutatnak: az \u00e9p\u00fcleteknek intelligensebben kell<br>m\u0171k\u00f6dni\u00fck. <br>A k\u00e9rd\u00e9s m\u00e1r nem az, hogy sz\u00fcks\u00e9g van-e&nbsp;\u00e9p\u00fcletautomatiz\u00e1l\u00e1sra. <br><\/span><b>A k\u00e9rd\u00e9s az, hogy az \u00e9p\u00fclet automatiz\u00e1l\u00e1sa el\u00e9g \u00e1tgondolt,&nbsp;m\u00e9rhet\u0151 \u00e9s j\u00f6v\u0151\u00e1ll\u00f3-e ahhoz, hogy megfeleljen a k\u00f6vetkez\u0151 \u00e9vek elv\u00e1r\u00e1sainak.<\/b><\/p>\n<p class=\"MsoNormal\" style=\"font-size: 16px; font-style: normal; font-weight: 400;\"><span style=\"font-weight: 700;\">\u00c9p\u00fcletautomatiz\u00e1l\u00e1si vagy energiahat\u00e9konys\u00e1gi projekt&nbsp;el\u0151tt \u00e1ll?<o:p><\/o:p><\/span><\/p>\n<p class=\"MsoNormal\" style=\"font-size: 16px; font-style: normal; font-weight: 400;\">Seg\u00edt\u00fcnk olyan KNX-alap\u00fa \u00e9p\u00fcletautomatiz\u00e1l\u00e1si rendszert&nbsp;kialak\u00edtani, amely m\u00e9rhet\u0151, szab\u00e1lyozhat\u00f3 \u00e9s hossz\u00fa t\u00e1von \u00fczemeltethet\u0151 alapot&nbsp;ad az \u00e9p\u00fclet m\u0171k\u00f6d\u00e9s\u00e9hez.<o:p><\/o:p><\/p>\n<p style=\"font-size: 16px; font-style: normal; font-weight: 400;\">\n<\/p><p class=\"MsoNormal\" style=\"font-size: 16px; font-style: normal; font-weight: 400;\">Vegye fel vel\u00fcnk a kapcsolatot, \u00e9s k\u00e9rjen szakmai&nbsp;konzult\u00e1ci\u00f3t az Elektro-Kamleithner Kft. m\u00e9rn\u00f6ki csapat\u00e1t\u00f3l.<\/p>\t\t\t\t\t\t\t\t<\/div>\n\t\t\t\t<\/div>\n\t\t\t\t\t<\/div>\n\t\t\t\t<\/div>\n\t\t\t\t<\/div>","protected":false},"excerpt":{"rendered":"<p>Mi az EPBD?Az EPBD az Energy Performance of Buildings Directive r\u00f6vid\u00edt\u00e9se. Magyarul az \u00e9p\u00fcletek energiahat\u00e9konys\u00e1g\u00e1r\u00f3l sz\u00f3l\u00f3 eur\u00f3pai uni\u00f3s ir\u00e1nyelvk\u00e9nt hivatkozunk [&hellip;]<\/p>\n","protected":false},"author":5,"featured_media":10479,"comment_status":"closed","ping_status":"open","sticky":false,"template":"","format":"standard","meta":{"_acf_changed":false,"site-sidebar-layout":"default","site-content-layout":"","ast-site-content-layout":"default","site-content-style":"default","site-sidebar-style":"default","ast-global-header-display":"","ast-banner-title-visibility":"","ast-main-header-display":"","ast-hfb-above-header-display":"","ast-hfb-below-header-display":"","ast-hfb-mobile-header-display":"","site-post-title":"","ast-breadcrumbs-content":"","ast-featured-img":"","footer-sml-layout":"","ast-disable-related-posts":"","theme-transparent-header-meta":"default","adv-header-id-meta":"","stick-header-meta":"","header-above-stick-meta":"","header-main-stick-meta":"","header-below-stick-meta":"","astra-migrate-meta-layouts":"set","ast-page-background-enabled":"default","ast-page-background-meta":{"desktop":{"background-color":"var(--ast-global-color-4)","background-image":"","background-repeat":"repeat","background-position":"center center","background-size":"auto","background-attachment":"scroll","background-type":"","background-media":"","overlay-type":"","overlay-color":"","overlay-opacity":"","overlay-gradient":""},"tablet":{"background-color":"","background-image":"","background-repeat":"repeat","background-position":"center center","background-size":"auto","background-attachment":"scroll","background-type":"","background-media":"","overlay-type":"","overlay-color":"","overlay-opacity":"","overlay-gradient":""},"mobile":{"background-color":"","background-image":"","background-repeat":"repeat","background-position":"center center","background-size":"auto","background-attachment":"scroll","background-type":"","background-media":"","overlay-type":"","overlay-color":"","overlay-opacity":"","overlay-gradient":""}},"ast-content-background-meta":{"desktop":{"background-color":"var(--ast-global-color-5)","background-image":"","background-repeat":"repeat","background-position":"center center","background-size":"auto","background-attachment":"scroll","background-type":"","background-media":"","overlay-type":"","overlay-color":"","overlay-opacity":"","overlay-gradient":""},"tablet":{"background-color":"var(--ast-global-color-5)","background-image":"","background-repeat":"repeat","background-position":"center center","background-size":"auto","background-attachment":"scroll","background-type":"","background-media":"","overlay-type":"","overlay-color":"","overlay-opacity":"","overlay-gradient":""},"mobile":{"background-color":"var(--ast-global-color-5)","background-image":"","background-repeat":"repeat","background-position":"center center","background-size":"auto","background-attachment":"scroll","background-type":"","background-media":"","overlay-type":"","overlay-color":"","overlay-opacity":"","overlay-gradient":""}},"footnotes":""},"categories":[1],"tags":[],"class_list":["post-10459","post","type-post","status-publish","format-standard","has-post-thumbnail","hentry","category-blog"],"acf":[],"yoast_head":"<!-- This site is optimized with the Yoast SEO plugin v28.3 - https:\/\/yoast.com\/product\/yoast-seo-wordpress\/ -->\n<title>EPBD, EED \u00e9s Fit for 55: mi\u00e9rt lett strat\u00e9giai k\u00e9rd\u00e9s az \u00e9p\u00fcletautomatiz\u00e1l\u00e1s? - Elektro Kamleithner<\/title>\n<meta name=\"robots\" content=\"index, follow, max-snippet:-1, max-image-preview:large, max-video-preview:-1\" \/>\n<link rel=\"canonical\" href=\"https:\/\/elektro-kamleithner.hu\/en\/epbd-eed-es-fit-for-55-miert-lett-strategiai-kerdes-az-epuletautomatizalas\/\" \/>\n<meta property=\"og:locale\" content=\"en_GB\" \/>\n<meta property=\"og:type\" content=\"article\" \/>\n<meta property=\"og:title\" content=\"EPBD, EED \u00e9s Fit for 55: mi\u00e9rt lett strat\u00e9giai k\u00e9rd\u00e9s az \u00e9p\u00fcletautomatiz\u00e1l\u00e1s? - Elektro Kamleithner\" \/>\n<meta property=\"og:description\" content=\"Mi az EPBD?Az EPBD az Energy Performance of Buildings Directive r\u00f6vid\u00edt\u00e9se. Magyarul az \u00e9p\u00fcletek energiahat\u00e9konys\u00e1g\u00e1r\u00f3l sz\u00f3l\u00f3 eur\u00f3pai uni\u00f3s ir\u00e1nyelvk\u00e9nt hivatkozunk [&hellip;]\" \/>\n<meta property=\"og:url\" content=\"https:\/\/elektro-kamleithner.hu\/en\/epbd-eed-es-fit-for-55-miert-lett-strategiai-kerdes-az-epuletautomatizalas\/\" \/>\n<meta property=\"og:site_name\" content=\"Elektro Kamleithner\" \/>\n<meta property=\"article:publisher\" content=\"https:\/\/www.facebook.com\/ElektroKamleithnerKft\/\" \/>\n<meta property=\"article:published_time\" content=\"2026-08-14T11:57:33+00:00\" \/>\n<meta property=\"article:modified_time\" content=\"2026-08-19T07:15:14+00:00\" \/>\n<meta property=\"og:image\" content=\"https:\/\/elektro-kamleithner.hu\/wp-content\/uploads\/2026\/08\/EPBD-fit-for-55.webp\" \/>\n\t<meta property=\"og:image:width\" content=\"1200\" \/>\n\t<meta property=\"og:image:height\" content=\"628\" \/>\n\t<meta property=\"og:image:type\" content=\"image\/webp\" \/>\n<meta name=\"author\" content=\"Balogh Zolt\u00e1n\" \/>\n<meta name=\"twitter:card\" content=\"summary_large_image\" \/>\n<meta name=\"twitter:label1\" content=\"Written by\" \/>\n\t<meta name=\"twitter:data1\" content=\"Balogh Zolt\u00e1n\" \/>\n\t<meta name=\"twitter:label2\" content=\"Estimated reading time\" \/>\n\t<meta name=\"twitter:data2\" content=\"12 minutes\" \/>\n<script type=\"application\/ld+json\" class=\"yoast-schema-graph\">{\"@context\":\"https:\\\/\\\/schema.org\",\"@graph\":[{\"@type\":\"Article\",\"@id\":\"https:\\\/\\\/elektro-kamleithner.hu\\\/epbd-eed-es-fit-for-55-miert-lett-strategiai-kerdes-az-epuletautomatizalas\\\/#article\",\"isPartOf\":{\"@id\":\"https:\\\/\\\/elektro-kamleithner.hu\\\/epbd-eed-es-fit-for-55-miert-lett-strategiai-kerdes-az-epuletautomatizalas\\\/\"},\"author\":{\"name\":\"Balogh Zolt\u00e1n\",\"@id\":\"https:\\\/\\\/elektro-kamleithner.hu\\\/#\\\/schema\\\/person\\\/2775e1e13f57a7bdb145ee955125f09f\"},\"headline\":\"EPBD, EED \u00e9s Fit for 55: mi\u00e9rt lett strat\u00e9giai k\u00e9rd\u00e9s az \u00e9p\u00fcletautomatiz\u00e1l\u00e1s?\",\"datePublished\":\"2026-08-14T11:57:33+00:00\",\"dateModified\":\"2026-08-19T07:15:14+00:00\",\"mainEntityOfPage\":{\"@id\":\"https:\\\/\\\/elektro-kamleithner.hu\\\/epbd-eed-es-fit-for-55-miert-lett-strategiai-kerdes-az-epuletautomatizalas\\\/\"},\"wordCount\":3538,\"publisher\":{\"@id\":\"https:\\\/\\\/elektro-kamleithner.hu\\\/#organization\"},\"image\":{\"@id\":\"https:\\\/\\\/elektro-kamleithner.hu\\\/epbd-eed-es-fit-for-55-miert-lett-strategiai-kerdes-az-epuletautomatizalas\\\/#primaryimage\"},\"thumbnailUrl\":\"https:\\\/\\\/elektro-kamleithner.hu\\\/wp-content\\\/uploads\\\/2026\\\/08\\\/EPBD-fit-for-55.webp\",\"articleSection\":[\"Blog\"],\"inLanguage\":\"en-GB\"},{\"@type\":\"WebPage\",\"@id\":\"https:\\\/\\\/elektro-kamleithner.hu\\\/epbd-eed-es-fit-for-55-miert-lett-strategiai-kerdes-az-epuletautomatizalas\\\/\",\"url\":\"https:\\\/\\\/elektro-kamleithner.hu\\\/epbd-eed-es-fit-for-55-miert-lett-strategiai-kerdes-az-epuletautomatizalas\\\/\",\"name\":\"EPBD, EED \u00e9s Fit for 55: mi\u00e9rt lett strat\u00e9giai k\u00e9rd\u00e9s az \u00e9p\u00fcletautomatiz\u00e1l\u00e1s? - Elektro Kamleithner\",\"isPartOf\":{\"@id\":\"https:\\\/\\\/elektro-kamleithner.hu\\\/#website\"},\"primaryImageOfPage\":{\"@id\":\"https:\\\/\\\/elektro-kamleithner.hu\\\/epbd-eed-es-fit-for-55-miert-lett-strategiai-kerdes-az-epuletautomatizalas\\\/#primaryimage\"},\"image\":{\"@id\":\"https:\\\/\\\/elektro-kamleithner.hu\\\/epbd-eed-es-fit-for-55-miert-lett-strategiai-kerdes-az-epuletautomatizalas\\\/#primaryimage\"},\"thumbnailUrl\":\"https:\\\/\\\/elektro-kamleithner.hu\\\/wp-content\\\/uploads\\\/2026\\\/08\\\/EPBD-fit-for-55.webp\",\"datePublished\":\"2026-08-14T11:57:33+00:00\",\"dateModified\":\"2026-08-19T07:15:14+00:00\",\"breadcrumb\":{\"@id\":\"https:\\\/\\\/elektro-kamleithner.hu\\\/epbd-eed-es-fit-for-55-miert-lett-strategiai-kerdes-az-epuletautomatizalas\\\/#breadcrumb\"},\"inLanguage\":\"en-GB\",\"potentialAction\":[{\"@type\":\"ReadAction\",\"target\":[\"https:\\\/\\\/elektro-kamleithner.hu\\\/epbd-eed-es-fit-for-55-miert-lett-strategiai-kerdes-az-epuletautomatizalas\\\/\"]}]},{\"@type\":\"ImageObject\",\"inLanguage\":\"en-GB\",\"@id\":\"https:\\\/\\\/elektro-kamleithner.hu\\\/epbd-eed-es-fit-for-55-miert-lett-strategiai-kerdes-az-epuletautomatizalas\\\/#primaryimage\",\"url\":\"https:\\\/\\\/elektro-kamleithner.hu\\\/wp-content\\\/uploads\\\/2026\\\/08\\\/EPBD-fit-for-55.webp\",\"contentUrl\":\"https:\\\/\\\/elektro-kamleithner.hu\\\/wp-content\\\/uploads\\\/2026\\\/08\\\/EPBD-fit-for-55.webp\",\"width\":1200,\"height\":628,\"caption\":\"EPBD fit for 55\"},{\"@type\":\"BreadcrumbList\",\"@id\":\"https:\\\/\\\/elektro-kamleithner.hu\\\/epbd-eed-es-fit-for-55-miert-lett-strategiai-kerdes-az-epuletautomatizalas\\\/#breadcrumb\",\"itemListElement\":[{\"@type\":\"ListItem\",\"position\":1,\"name\":\"Kezd\u0151lap\",\"item\":\"https:\\\/\\\/elektro-kamleithner.hu\\\/\"},{\"@type\":\"ListItem\",\"position\":2,\"name\":\"EPBD, EED \u00e9s Fit for 55: mi\u00e9rt lett strat\u00e9giai k\u00e9rd\u00e9s az \u00e9p\u00fcletautomatiz\u00e1l\u00e1s?\"}]},{\"@type\":\"WebSite\",\"@id\":\"https:\\\/\\\/elektro-kamleithner.hu\\\/#website\",\"url\":\"https:\\\/\\\/elektro-kamleithner.hu\\\/\",\"name\":\"Elektro Kamleithner\",\"description\":\"Elektro Kamleithner\",\"publisher\":{\"@id\":\"https:\\\/\\\/elektro-kamleithner.hu\\\/#organization\"},\"potentialAction\":[{\"@type\":\"SearchAction\",\"target\":{\"@type\":\"EntryPoint\",\"urlTemplate\":\"https:\\\/\\\/elektro-kamleithner.hu\\\/?s={search_term_string}\"},\"query-input\":{\"@type\":\"PropertyValueSpecification\",\"valueRequired\":true,\"valueName\":\"search_term_string\"}}],\"inLanguage\":\"en-GB\"},{\"@type\":\"Organization\",\"@id\":\"https:\\\/\\\/elektro-kamleithner.hu\\\/#organization\",\"name\":\"Elektro Kamleithner\",\"url\":\"https:\\\/\\\/elektro-kamleithner.hu\\\/\",\"logo\":{\"@type\":\"ImageObject\",\"inLanguage\":\"en-GB\",\"@id\":\"https:\\\/\\\/elektro-kamleithner.hu\\\/#\\\/schema\\\/logo\\\/image\\\/\",\"url\":\"https:\\\/\\\/elektro-kamleithner.hu\\\/wp-content\\\/uploads\\\/2024\\\/09\\\/elektro-white-001.svg\",\"contentUrl\":\"https:\\\/\\\/elektro-kamleithner.hu\\\/wp-content\\\/uploads\\\/2024\\\/09\\\/elektro-white-001.svg\",\"width\":382,\"height\":131,\"caption\":\"Elektro Kamleithner\"},\"image\":{\"@id\":\"https:\\\/\\\/elektro-kamleithner.hu\\\/#\\\/schema\\\/logo\\\/image\\\/\"},\"sameAs\":[\"https:\\\/\\\/www.facebook.com\\\/ElektroKamleithnerKft\\\/\",\"https:\\\/\\\/www.youtube.com\\\/channel\\\/UCdDdwY5NIU2nmN9MjvqnFqg\",\"https:\\\/\\\/www.instagram.com\\\/berker.hu\\\/\"]},{\"@type\":\"Person\",\"@id\":\"https:\\\/\\\/elektro-kamleithner.hu\\\/#\\\/schema\\\/person\\\/2775e1e13f57a7bdb145ee955125f09f\",\"name\":\"Balogh Zolt\u00e1n\",\"image\":{\"@type\":\"ImageObject\",\"inLanguage\":\"en-GB\",\"@id\":\"https:\\\/\\\/secure.gravatar.com\\\/avatar\\\/4c209e94fe2427afa27374f746bba16127a3025b1ccc006e8dd22fc5b3c3f7f4?s=96&d=mm&r=g\",\"url\":\"https:\\\/\\\/secure.gravatar.com\\\/avatar\\\/4c209e94fe2427afa27374f746bba16127a3025b1ccc006e8dd22fc5b3c3f7f4?s=96&d=mm&r=g\",\"contentUrl\":\"https:\\\/\\\/secure.gravatar.com\\\/avatar\\\/4c209e94fe2427afa27374f746bba16127a3025b1ccc006e8dd22fc5b3c3f7f4?s=96&d=mm&r=g\",\"caption\":\"Balogh Zolt\u00e1n\"},\"url\":\"https:\\\/\\\/elektro-kamleithner.hu\\\/en\\\/author\\\/bzoli\\\/\"}]}<\/script>\n<!-- \/ Yoast SEO plugin. -->","yoast_head_json":{"title":"EPBD, EED \u00e9s Fit for 55: mi\u00e9rt lett strat\u00e9giai k\u00e9rd\u00e9s az \u00e9p\u00fcletautomatiz\u00e1l\u00e1s? - Elektro Kamleithner","robots":{"index":"index","follow":"follow","max-snippet":"max-snippet:-1","max-image-preview":"max-image-preview:large","max-video-preview":"max-video-preview:-1"},"canonical":"https:\/\/elektro-kamleithner.hu\/en\/epbd-eed-es-fit-for-55-miert-lett-strategiai-kerdes-az-epuletautomatizalas\/","og_locale":"en_GB","og_type":"article","og_title":"EPBD, EED \u00e9s Fit for 55: mi\u00e9rt lett strat\u00e9giai k\u00e9rd\u00e9s az \u00e9p\u00fcletautomatiz\u00e1l\u00e1s? - Elektro Kamleithner","og_description":"Mi az EPBD?Az EPBD az Energy Performance of Buildings Directive r\u00f6vid\u00edt\u00e9se. Magyarul az \u00e9p\u00fcletek energiahat\u00e9konys\u00e1g\u00e1r\u00f3l sz\u00f3l\u00f3 eur\u00f3pai uni\u00f3s ir\u00e1nyelvk\u00e9nt hivatkozunk [&hellip;]","og_url":"https:\/\/elektro-kamleithner.hu\/en\/epbd-eed-es-fit-for-55-miert-lett-strategiai-kerdes-az-epuletautomatizalas\/","og_site_name":"Elektro Kamleithner","article_publisher":"https:\/\/www.facebook.com\/ElektroKamleithnerKft\/","article_published_time":"2026-08-14T11:57:33+00:00","article_modified_time":"2026-08-19T07:15:14+00:00","og_image":[{"width":1200,"height":628,"url":"https:\/\/elektro-kamleithner.hu\/wp-content\/uploads\/2026\/08\/EPBD-fit-for-55.webp","type":"image\/webp"}],"author":"Balogh Zolt\u00e1n","twitter_card":"summary_large_image","twitter_misc":{"Written by":"Balogh Zolt\u00e1n","Estimated reading time":"12 minutes"},"schema":{"@context":"https:\/\/schema.org","@graph":[{"@type":"Article","@id":"https:\/\/elektro-kamleithner.hu\/epbd-eed-es-fit-for-55-miert-lett-strategiai-kerdes-az-epuletautomatizalas\/#article","isPartOf":{"@id":"https:\/\/elektro-kamleithner.hu\/epbd-eed-es-fit-for-55-miert-lett-strategiai-kerdes-az-epuletautomatizalas\/"},"author":{"name":"Balogh Zolt\u00e1n","@id":"https:\/\/elektro-kamleithner.hu\/#\/schema\/person\/2775e1e13f57a7bdb145ee955125f09f"},"headline":"EPBD, EED \u00e9s Fit for 55: mi\u00e9rt lett strat\u00e9giai k\u00e9rd\u00e9s az \u00e9p\u00fcletautomatiz\u00e1l\u00e1s?","datePublished":"2026-08-14T11:57:33+00:00","dateModified":"2026-08-19T07:15:14+00:00","mainEntityOfPage":{"@id":"https:\/\/elektro-kamleithner.hu\/epbd-eed-es-fit-for-55-miert-lett-strategiai-kerdes-az-epuletautomatizalas\/"},"wordCount":3538,"publisher":{"@id":"https:\/\/elektro-kamleithner.hu\/#organization"},"image":{"@id":"https:\/\/elektro-kamleithner.hu\/epbd-eed-es-fit-for-55-miert-lett-strategiai-kerdes-az-epuletautomatizalas\/#primaryimage"},"thumbnailUrl":"https:\/\/elektro-kamleithner.hu\/wp-content\/uploads\/2026\/08\/EPBD-fit-for-55.webp","articleSection":["Blog"],"inLanguage":"en-GB"},{"@type":"WebPage","@id":"https:\/\/elektro-kamleithner.hu\/epbd-eed-es-fit-for-55-miert-lett-strategiai-kerdes-az-epuletautomatizalas\/","url":"https:\/\/elektro-kamleithner.hu\/epbd-eed-es-fit-for-55-miert-lett-strategiai-kerdes-az-epuletautomatizalas\/","name":"EPBD, EED \u00e9s Fit for 55: mi\u00e9rt lett strat\u00e9giai k\u00e9rd\u00e9s az \u00e9p\u00fcletautomatiz\u00e1l\u00e1s? - Elektro Kamleithner","isPartOf":{"@id":"https:\/\/elektro-kamleithner.hu\/#website"},"primaryImageOfPage":{"@id":"https:\/\/elektro-kamleithner.hu\/epbd-eed-es-fit-for-55-miert-lett-strategiai-kerdes-az-epuletautomatizalas\/#primaryimage"},"image":{"@id":"https:\/\/elektro-kamleithner.hu\/epbd-eed-es-fit-for-55-miert-lett-strategiai-kerdes-az-epuletautomatizalas\/#primaryimage"},"thumbnailUrl":"https:\/\/elektro-kamleithner.hu\/wp-content\/uploads\/2026\/08\/EPBD-fit-for-55.webp","datePublished":"2026-08-14T11:57:33+00:00","dateModified":"2026-08-19T07:15:14+00:00","breadcrumb":{"@id":"https:\/\/elektro-kamleithner.hu\/epbd-eed-es-fit-for-55-miert-lett-strategiai-kerdes-az-epuletautomatizalas\/#breadcrumb"},"inLanguage":"en-GB","potentialAction":[{"@type":"ReadAction","target":["https:\/\/elektro-kamleithner.hu\/epbd-eed-es-fit-for-55-miert-lett-strategiai-kerdes-az-epuletautomatizalas\/"]}]},{"@type":"ImageObject","inLanguage":"en-GB","@id":"https:\/\/elektro-kamleithner.hu\/epbd-eed-es-fit-for-55-miert-lett-strategiai-kerdes-az-epuletautomatizalas\/#primaryimage","url":"https:\/\/elektro-kamleithner.hu\/wp-content\/uploads\/2026\/08\/EPBD-fit-for-55.webp","contentUrl":"https:\/\/elektro-kamleithner.hu\/wp-content\/uploads\/2026\/08\/EPBD-fit-for-55.webp","width":1200,"height":628,"caption":"EPBD fit for 55"},{"@type":"BreadcrumbList","@id":"https:\/\/elektro-kamleithner.hu\/epbd-eed-es-fit-for-55-miert-lett-strategiai-kerdes-az-epuletautomatizalas\/#breadcrumb","itemListElement":[{"@type":"ListItem","position":1,"name":"Kezd\u0151lap","item":"https:\/\/elektro-kamleithner.hu\/"},{"@type":"ListItem","position":2,"name":"EPBD, EED \u00e9s Fit for 55: mi\u00e9rt lett strat\u00e9giai k\u00e9rd\u00e9s az \u00e9p\u00fcletautomatiz\u00e1l\u00e1s?"}]},{"@type":"WebSite","@id":"https:\/\/elektro-kamleithner.hu\/#website","url":"https:\/\/elektro-kamleithner.hu\/","name":"Elektro Kamleithner","description":"Elektro Kamleithner","publisher":{"@id":"https:\/\/elektro-kamleithner.hu\/#organization"},"potentialAction":[{"@type":"SearchAction","target":{"@type":"EntryPoint","urlTemplate":"https:\/\/elektro-kamleithner.hu\/?s={search_term_string}"},"query-input":{"@type":"PropertyValueSpecification","valueRequired":true,"valueName":"search_term_string"}}],"inLanguage":"en-GB"},{"@type":"Organization","@id":"https:\/\/elektro-kamleithner.hu\/#organization","name":"Elektro Kamleithner","url":"https:\/\/elektro-kamleithner.hu\/","logo":{"@type":"ImageObject","inLanguage":"en-GB","@id":"https:\/\/elektro-kamleithner.hu\/#\/schema\/logo\/image\/","url":"https:\/\/elektro-kamleithner.hu\/wp-content\/uploads\/2024\/09\/elektro-white-001.svg","contentUrl":"https:\/\/elektro-kamleithner.hu\/wp-content\/uploads\/2024\/09\/elektro-white-001.svg","width":382,"height":131,"caption":"Elektro Kamleithner"},"image":{"@id":"https:\/\/elektro-kamleithner.hu\/#\/schema\/logo\/image\/"},"sameAs":["https:\/\/www.facebook.com\/ElektroKamleithnerKft\/","https:\/\/www.youtube.com\/channel\/UCdDdwY5NIU2nmN9MjvqnFqg","https:\/\/www.instagram.com\/berker.hu\/"]},{"@type":"Person","@id":"https:\/\/elektro-kamleithner.hu\/#\/schema\/person\/2775e1e13f57a7bdb145ee955125f09f","name":"Balogh Zolt\u00e1n","image":{"@type":"ImageObject","inLanguage":"en-GB","@id":"https:\/\/secure.gravatar.com\/avatar\/4c209e94fe2427afa27374f746bba16127a3025b1ccc006e8dd22fc5b3c3f7f4?s=96&d=mm&r=g","url":"https:\/\/secure.gravatar.com\/avatar\/4c209e94fe2427afa27374f746bba16127a3025b1ccc006e8dd22fc5b3c3f7f4?s=96&d=mm&r=g","contentUrl":"https:\/\/secure.gravatar.com\/avatar\/4c209e94fe2427afa27374f746bba16127a3025b1ccc006e8dd22fc5b3c3f7f4?s=96&d=mm&r=g","caption":"Balogh Zolt\u00e1n"},"url":"https:\/\/elektro-kamleithner.hu\/en\/author\/bzoli\/"}]}},"_links":{"self":[{"href":"https:\/\/elektro-kamleithner.hu\/en\/wp-json\/wp\/v2\/posts\/10459","targetHints":{"allow":["GET"]}}],"collection":[{"href":"https:\/\/elektro-kamleithner.hu\/en\/wp-json\/wp\/v2\/posts"}],"about":[{"href":"https:\/\/elektro-kamleithner.hu\/en\/wp-json\/wp\/v2\/types\/post"}],"author":[{"embeddable":true,"href":"https:\/\/elektro-kamleithner.hu\/en\/wp-json\/wp\/v2\/users\/5"}],"replies":[{"embeddable":true,"href":"https:\/\/elektro-kamleithner.hu\/en\/wp-json\/wp\/v2\/comments?post=10459"}],"version-history":[{"count":16,"href":"https:\/\/elektro-kamleithner.hu\/en\/wp-json\/wp\/v2\/posts\/10459\/revisions"}],"predecessor-version":[{"id":10483,"href":"https:\/\/elektro-kamleithner.hu\/en\/wp-json\/wp\/v2\/posts\/10459\/revisions\/10483"}],"wp:featuredmedia":[{"embeddable":true,"href":"https:\/\/elektro-kamleithner.hu\/en\/wp-json\/wp\/v2\/media\/10479"}],"wp:attachment":[{"href":"https:\/\/elektro-kamleithner.hu\/en\/wp-json\/wp\/v2\/media?parent=10459"}],"wp:term":[{"taxonomy":"category","embeddable":true,"href":"https:\/\/elektro-kamleithner.hu\/en\/wp-json\/wp\/v2\/categories?post=10459"},{"taxonomy":"post_tag","embeddable":true,"href":"https:\/\/elektro-kamleithner.hu\/en\/wp-json\/wp\/v2\/tags?post=10459"}],"curies":[{"name":"wp","href":"https:\/\/api.w.org\/{rel}","templated":true}]}}