{"id":1026,"date":"2019-05-17T12:13:56","date_gmt":"2019-05-17T11:13:56","guid":{"rendered":"https:\/\/evernox.hu\/100-eves-a-bauhaus-epiteszeti-stilus\/"},"modified":"2019-05-17T12:13:56","modified_gmt":"2019-05-17T11:13:56","slug":"100-eves-a-bauhaus-epiteszeti-stilus","status":"publish","type":"post","link":"https:\/\/elektro-kamleithner.hu\/en\/100-eves-a-bauhaus-epiteszeti-stilus\/","title":{"rendered":"100 \u00e9ves a Bauhaus \u00e9p\u00edt\u00e9szeti st\u00edlus"},"content":{"rendered":"<h1>100 \u00e9ves a Bauhaus \u00e9p\u00edt\u00e9szeti st\u00edlus<\/h1>\n<p>100 \u00e9ves a Bauhaus \u00e9p\u00edt\u00e9szeti st\u00edlus \u00e9s ez a sz\u00e1l, er\u0151sen \u00f6sszefon\u00f3dik a Berker manufakt\u00far\u00e1val, hiszen mindketten id\u00e9n \u00fcnneplik a 100. \u00e9vfordul\u00f3jukat. \u00a0A Bauhaus alap\u00edt\u00f3ja Walter Gropius \u00e9p\u00edt\u00e9sz, pedig m\u00e1r a kezdetekt\u0151l a kifinomult Berker kapcsol\u00f3kat haszn\u00e1lta munk\u00e1in\u00e1l \u00e9s megtervezett \u00e9p\u00fcletein\u00e9l. 1919. \u00e1prilis\u00e1ban Walter Gropius, megalap\u00edtotta az egyik legbefoly\u00e1sosabb \u00e9p\u00edt\u00e9szeti \u00e9s m\u0171v\u00e9szeti iskol\u00e1t, a Bauhaus-t N\u00e9metorsz\u00e1gban. Ez ugyan egy m\u0171v\u00e9szeti iskola volt Weimar v\u00e1ros\u00e1ban \u00e9s meglep\u0151, de \u00e9p\u00edt\u00e9szetet nem is tan\u00edtottak benne, csak az 1927-es \u00e9vekt\u0151l kezdve. Az emberi alakzatok \u00e9s a csend\u00e9let rajzol\u00e1sa helyett arra tan\u00edtott\u00e1k a di\u00e1kokat, hogy teljesen m\u00e1s szemsz\u00f6gb\u0151l n\u00e9zz\u00e9k a k\u00f6r\u00fcl\u00f6tt\u00fck l\u00e9v\u0151 vil\u00e1got. A tan\u00e1rok el\u0151nyben r\u00e9szes\u00edtett\u00e9k az er\u0151teljes sz\u00edneket \u00e9s a mer\u00e9sz form\u00e1kat, a di\u00e1koknak pedig megtan\u00edtott\u00e1k, hogy az egyszer\u0171s\u00e9gre \u00e9s a funkcionalit\u00e1sra f\u00f3kusz\u00e1ljanak.<\/p>\n<img class=\"\\\"wp-image-1047\" size-full\\\" src=\"\\\"https:>\n<p>A Bauhaus azt jelenti \u201ch\u00e1zakat \u00e9p\u00edteni\u201d de Walter Gropius, nem akart csak \u00e9p\u00fcleteket l\u00e9trehozni, hanem \u00faj m\u0171v\u00e9szeti \u00e1gat akart megval\u00f3s\u00edtani. A di\u00e1kok az iskol\u00e1ban, ker\u00e1mi\u00e1t, k\u00f6nyvk\u00f6t\u00e9st, tipogr\u00e1fi\u00e1t \u00e9s rekl\u00e1mot is tanultak.\u00a0Gropius \u00edgy nyilatkozott a di\u00e1koknak: \u201cEgy t\u00e1rgyat a term\u00e9szete hat\u00e1roz meg. Annak \u00e9rdek\u00e9ben, hogy a tervez\u00e9s sikeres legyen, el\u0151bb meg kell vizsg\u00e1lnunk a term\u00e9szet\u00e9t. Ahhoz hogy t\u00f6k\u00e9letesen szolg\u00e1lja a c\u00e9lj\u00e1t, gyakorlati szemmel kell tanulm\u00e1nyozni a k\u00e9s\u0151bbi funkci\u00f3j\u00e1t. \u201c\u00a0A di\u00e1koknak el\u0151ad\u00e1sokat sem tartottak a m\u0171v\u00e9szetr\u0151l, hanem k\u00e9zzel foghat\u00f3 alkot\u00e1sra inspir\u00e1lt\u00e1k \u0151ket \u00e9s ez\u00e9rt m\u0171helyekbe rendeltek mindenkit.<\/p>\n<h3 style=\"\\\"text-align:\" center;\\\"><span style=\"\\\"color:\" #000000;\\\">Az eredm\u00e9nyek t\u00falsz\u00e1rnyaltak minden v\u00e1rakoz\u00e1st. <\/span><\/h3>\n<p>A Bauhaus hihetetlen\u00fcl sokf\u00e9le m\u0171t\u00e1rgyat \u00e1ll\u00edtott el\u0151, a sz\u00f6gletes form\u00e1j\u00fa l\u00e1mp\u00e1kt\u00f3l a sakk-k\u00e9szletekig. Ezek a t\u00e1rgyak egyt\u0151l egyig praktikus funkci\u00f3kat t\u00f6lt\u00f6ttek be. Egyszerre voltak egyszer\u0171ek \u00e9s hasznosak \u00e9s ez az egyszer\u0171s\u00e9g\u00fck tette eleg\u00e1nss\u00e1 \u00e9s sz\u00e9pp\u00e9 is \u0151ket.<\/p>\n<img class=\"\\\"wp-image-1045\" size-full\\\" src=\"\\\"https:>\n<p>Az iskola az elk\u00e9pzelt j\u00f6v\u0151k\u00e9p szellemis\u00e9g\u00e9ben m\u0171k\u00f6d\u00f6tt \u00e9s ezt a forrong\u00f3 m\u00e9hkast, a hatalom, az els\u0151 vil\u00e1gh\u00e1bor\u00fa ut\u00e1n, agg\u00f3dva figyelte. 1933-ban Hitler hatalomra ker\u00fcl\u00e9se ut\u00e1n a n\u00e1cik bez\u00e1ratt\u00e1k az iskol\u00e1t \u00e9s a tan\u00e1rok, di\u00e1kok sz\u00e9tsz\u00f3r\u00f3dva vitt\u00e9k az iskola \u00e1ltal hirdetett eszm\u00e9ket, mindenfel\u00e9 a nagyvil\u00e1gba. A Bauhaus iskola onnant\u00f3l mindent megv\u00e1ltoztatott az eg\u00e9sz vil\u00e1gon, a b\u00fatorok form\u00e1j\u00e1t\u00f3l a grafikai tervez\u00e9sig, de a legnagyobb \u00f6r\u00f6ks\u00e9g a Bauhaus \u00e9p\u00edt\u00e9szeti st\u00edlusa volt.\u00a0Tel Avivban k\u00f6zel 4000 \u00e9p\u00fclet \u00e1ll, amelyek a Bauhaus \u00e9p\u00edt\u00e9szeti st\u00edlus szellem\u00e9ben \u00e9p\u00fcltek, a 30-as, \u00e9vekben. Ezeket az \u00e9p\u00fcleteket n\u00e9met zsid\u00f3 bev\u00e1ndorl\u00f3k \u00e9p\u00edtett\u00e9k Bauhaus szellem\u00e9ben, pont nagy r\u00e9szben azok a di\u00e1kok, akik az iskola bez\u00e1r\u00e1sa ut\u00e1n t\u00e1voz\u00e1sra lettek k\u00e9nyszer\u00edtve.<\/p>\n<h4><span style=\"\\\"color:\" #000000;\\\">Ezt az \u00e9p\u00fcletcsoportot, az \u00fagynevezett \u201c Feh\u00e9r v\u00e1rost \u201d az Unesco, 2003-ban, a Vil\u00e1g\u00f6r\u00f6ks\u00e9g r\u00e9sz\u00e9nek nyilv\u00e1n\u00edtotta.<\/span><\/h4>\n<img class=\"\\\"wp-image-1046\" size-full\\\" src=\"\\\"https:>\n<p>A Bauhaus iskola legalapvet\u0151bb elve volt m\u00e9g, hogy \u201cA forma k\u00f6veti a funkci\u00f3t\u201d. Ezt a h\u00edres kifejez\u00e9st Louis Sullivan, amerikai \u00e9p\u00edt\u00e9sz haszn\u00e1lta el\u0151sz\u00f6r. Ez azt jelenti, hogy a t\u00e1rgyak kialak\u00edt\u00e1s\u00e1n\u00e1l, a form\u00e1t a szerint kell alkalmazni, hogy a funkci\u00f3 a legfontosabb, \u00e9s mindenk\u00e9ppen az eszt\u00e9tika felett \u00e1ll.\u00a0Minden t\u00e1rgy rendeltet\u00e9sszer\u0171, az eredm\u00e9ny megh\u00f6kkent\u0151, els\u0151 pillant\u00e1sra furcsa, de m\u00e9gis minden esetben leny\u0171g\u00f6z\u0151.<\/p>\n<h2>A Bauhaus \u00e9p\u00edt\u00e9szeti st\u00edlus f\u0151bb jellemz\u0151je<\/h2>\n<p>A h\u00e1z ami Bauhaus st\u00edlusban \u00e9p\u00fclt, \u00e1ltal\u00e1ban lapos tet\u0151vel rendelkezik.<\/p>\n<ul>\n<li>Jellemz\u0151 r\u00e1 a homlokzat \u201c\u00fcvegf\u00fcgg\u00f6nye\u201d, nagyon gyakran sarokablakokkal.<\/li>\n<li>A h\u00e1z f\u0151 tart\u00f3oszlopai a h\u00e1z belsej\u00e9ben vannak, \u00edgy ez a Bauhaus \u00e9p\u00edt\u00e9szeti st\u00edlus, sokkal nagyobb \u00fcvegfel\u00fcleteket enged mint kor\u00e1bban.<\/li>\n<li>A Bauhaus \u00e9p\u00edt\u00e9szeti st\u00edlus, tipikus sz\u00ednei a v\u00f6r\u00f6s, a s\u00e1rga a k\u00e9k, melyek a fekete-feh\u00e9r mellett ker\u00fcltek felhaszn\u00e1l\u00e1sra.<\/li>\n<li>A b\u00fatorokat geometriai alakzatb\u00f3l \u00e9p\u00edtett\u00e9k fel. P\u00e9ld\u00e1ul sz\u00f6gletes n\u00e9gysz\u00f6gb\u0151l, vagy h\u00e1romsz\u00f6gb\u0151l k\u00e9sz\u00fclt sz\u00e9ket haszn\u00e1ltak.<\/li>\n<li>\u00daj anyagokat is bevezettek a b\u00fatorokon, p\u00e9ld\u00e1ul ac\u00e9lcs\u00f6veket. A l\u00e1mp\u00e1kn\u00e1l a kr\u00f3m \u00e9s az alum\u00ednium is \u00e9rv\u00e9nyes\u00fclt.<\/li>\n<li>A h\u00e1zakn\u00e1l is sok ac\u00e9lt haszn\u00e1ltak. Ac\u00e9lb\u00f3l, vagy vasbetonb\u00f3l \u00e9p\u00edtett szerkezetet \u00e9p\u00edtettek. Majd erre j\u00f6tt a homlokzat, ami a leggyakrabban \u00fcvegb\u0151l volt.<\/li>\n<li>Az eszt\u00e9tika \u00e9rdek\u00e9ben, nem m\u00f3dos\u00edtottak, vagy nem rejtett\u00e9k el az anyagokat. Nem volt sz\u00fcks\u00e9g, hogy l\u00e1thatatlann\u00e1 tegy\u00e9k az \u00e9p\u00fcletekben felhaszn\u00e1lt anyagokat. \u00cdgy maradt l\u00e1that\u00f3 az ac\u00e9l, vagy a gerenda tart\u00f3oszlopok.<\/li>\n<li>Az \u00e9p\u00edt\u00e9szet \u00e9s a design a minimalista st\u00edlust t\u00fckr\u00f6zi, \u00e9s a geometriai form\u00e1kat r\u00e9szes\u00edtett\u00e9k el\u0151nyben.<\/li>\n<li>Csak egyenes vonalak, a form\u00e1k \u00e9s a sz\u00ednek sz\u00e1m\u00edtanak, semmi m\u00e1sra nem volt sz\u00fcks\u00e9g, ez\u00e9rt a funkcionalit\u00e1s el\u0151ny\u00e9re cs\u00f6kkentettek minden zavar\u00f3 \u00e9s bonyolult t\u00e9nyez\u0151t.<\/li>\n<\/ul>\n<p><span style=\"\\\"color:\" #000000;\\\">A Bauhaus alap\u00edt\u00f3ja Walter Gropius \u00e9p\u00edt\u00e9sz, m\u00e1r a kezdetekt\u0151l a Berker kapcsol\u00f3kat haszn\u00e1lta munk\u00e1in\u00e1l \u00e9s ez nem volt v\u00e9letlen, hiszen a Berker testv\u00e9reknek is az egyszer\u0171s\u00e9g, a funkcionalit\u00e1s \u00e9s a magas min\u0151s\u00e9g volt a f\u0151 szempont.\u00a0<\/span>A Berker kapcsol\u00f3i \u00e9s rendszerei megtal\u00e1lhat\u00f3ak a vil\u00e1g legszebb \u00e9p\u00fcleteiben. Ez az\u00e9rt t\u00f6rt\u00e9nhet meg, mert kialak\u00edt\u00e1sukn\u00e1l figyelembe vett\u00e9k, azt amit a Bauhaus st\u00edlus is k\u00e9pvisel.<\/p>\n<h3 style=\"\\\"text-align:\" center;\\\">Id\u0151tlen, funkcion\u00e1lis \u00e9s tart\u00f3s anyag.<\/h3>\n<p>&nbsp;<\/p>\n<img class=\"\\\"wp-image-1044\" size-full\\\" src=\"\\\"https:>\n<p>\u00cdgy nemcsak Walter Gropius \u00e9p\u00edt\u00e9sz sz\u00e1m\u00e1ra volt egy\u00e9rtelm\u0171, hanem nagyon sok \u00e9p\u00edt\u00e9sz haszn\u00e1lta \u00e9s haszn\u00e1lja a Berker id\u0151t\u00e1ll\u00f3, tart\u00f3s \u00e9s funkcion\u00e1lis term\u00e9keit a mai napig a munk\u00e1in\u00e1l. 2010 \u00f3ta a hagyom\u00e1nyos Berker m\u00e1rka a Hager v\u00e1llalathoz tartozik. A m\u00e1rka \u00f6tv\u00f6zi a ma m\u00e1r kialakult \u00e9rt\u00e9keket, a korszer\u0171 formatervez\u00e9st \u00e9s a modern technol\u00f3giai ig\u00e9nyekkel lett p\u00e1ros\u00edtva. Tov\u00e1bbra is \u00faj szabv\u00e1nyok l\u00e9trehoz\u00e1s\u00e1n munk\u00e1lkodik, ahol a forma, a funkci\u00f3, a haszn\u00e1lhat\u00f3s\u00e1g \u00e9s a min\u0151s\u00e9g az els\u0151dleges szempont. Teh\u00e1t nem v\u00e9letlen, hogy egyid\u0151s a Bauhaus m\u0171v\u00e9szet \u00e9s a Berker kapcsol\u00f3csal\u00e1d t\u00f6rt\u00e9nete, hiszen mindketten maradand\u00f3t alkottak, pontosan egy \u00e9vsz\u00e1zaddal ezel\u0151tt. A Berker kapcsol\u00f3k, sz\u00e1mos Bauhaus st\u00edlusban k\u00e9sz\u00fclt \u00e9p\u00fcletben megtal\u00e1lhat\u00f3ak, hiszen egyik legnagyobb el\u0151ny\u00fck, hogy a klasszikust\u00f3l a modern design-ig sz\u00e9les a palett\u00e1juk, amely b\u00e1rmilyen enteri\u0151rben beilleszthet\u0151.\u00a0A Bauhaus forradalmi mozgalom \u00f6r\u00f6kre megv\u00e1ltoztatta, a m\u0171v\u00e9szetet, a design-ot \u00e9s az \u00e9p\u00edt\u00e9szetet. B\u00e1r az \u00e9p\u00edt\u00e9szek, k\u00e9zm\u0171vesek \u00e9s m\u0171v\u00e9szek \u00e9p\u00fclete, csak 1919-1933-ig l\u00e9tezett, a Bauhaus st\u00edlus tart\u00f3s \u00f6r\u00f6ks\u00e9get hagyott a m\u0171v\u00e9szeti, \u00e9p\u00edt\u00e9szeti \u00e9s formatervez\u00e9si vil\u00e1gban.\u00a0A Bauhaus a legt\u00f6bb ember sz\u00e1m\u00e1ra egy modern \u00e9p\u00edt\u00e9szeti st\u00edlust jelent, de a Bauhaus sokkal t\u00f6bb ann\u00e1l. Egy \u00faj gondolkod\u00e1sm\u00f3dot jelentett, ami 100 \u00e9ve, az els\u0151 vil\u00e1gh\u00e1bor\u00fa v\u00e9g\u00e9n sz\u00fcletett \u00e9s az akkor keletkezett \u00f6tletek meghat\u00e1rozz\u00e1k a mai m\u0171v\u00e9szetek legt\u00f6bb \u00e1g\u00e1t is.<\/p>\n<p>A Berker kapcsol\u00f3csal\u00e1d teljes k\u00edn\u00e1lat\u00e1t, megtal\u00e1lja a\u00a0<a href=\"\/en\/\"https:>Berker.hu<\/a>\u00a0weboldalunkon.<\/p>\n<p>Kapcsol\u00f3d\u00f3 \u00edr\u00e1s: <a href=\"\/en\/\"https:>A Berker 100 \u00e9ves, az ig\u00e9nyes kapcsol\u00f3csal\u00e1d, 1919 \u00f3ta a piacon<\/a><\/p>\n<p>&nbsp;<\/p>","protected":false},"excerpt":{"rendered":"<p>100 \u00e9ves a Bauhaus \u00e9p\u00edt\u00e9szeti st\u00edlus 100 \u00e9ves a Bauhaus \u00e9p\u00edt\u00e9szeti st\u00edlus \u00e9s ez a sz\u00e1l, er\u0151sen \u00f6sszefon\u00f3dik a Berker [&hellip;]<\/p>\n","protected":false},"author":2,"featured_media":1032,"comment_status":"closed","ping_status":"open","sticky":false,"template":"","format":"standard","meta":{"_acf_changed":false,"site-sidebar-layout":"default","site-content-layout":"","ast-site-content-layout":"default","site-content-style":"default","site-sidebar-style":"default","ast-global-header-display":"","ast-banner-title-visibility":"","ast-main-header-display":"","ast-hfb-above-header-display":"","ast-hfb-below-header-display":"","ast-hfb-mobile-header-display":"","site-post-title":"","ast-breadcrumbs-content":"","ast-featured-img":"","footer-sml-layout":"","ast-disable-related-posts":"","theme-transparent-header-meta":"default","adv-header-id-meta":"","stick-header-meta":"default","header-above-stick-meta":"","header-main-stick-meta":"","header-below-stick-meta":"","astra-migrate-meta-layouts":"set","ast-page-background-enabled":"default","ast-page-background-meta":{"desktop":{"background-color":"var(--ast-global-color-4)","background-image":"","background-repeat":"repeat","background-position":"center center","background-size":"auto","background-attachment":"scroll","background-type":"","background-media":"","overlay-type":"","overlay-color":"","overlay-opacity":"","overlay-gradient":""},"tablet":{"background-color":"","background-image":"","background-repeat":"repeat","background-position":"center center","background-size":"auto","background-attachment":"scroll","background-type":"","background-media":"","overlay-type":"","overlay-color":"","overlay-opacity":"","overlay-gradient":""},"mobile":{"background-color":"","background-image":"","background-repeat":"repeat","background-position":"center center","background-size":"auto","background-attachment":"scroll","background-type":"","background-media":"","overlay-type":"","overlay-color":"","overlay-opacity":"","overlay-gradient":""}},"ast-content-background-meta":{"desktop":{"background-color":"var(--ast-global-color-5)","background-image":"","background-repeat":"repeat","background-position":"center center","background-size":"auto","background-attachment":"scroll","background-type":"","background-media":"","overlay-type":"","overlay-color":"","overlay-opacity":"","overlay-gradient":""},"tablet":{"background-color":"var(--ast-global-color-5)","background-image":"","background-repeat":"repeat","background-position":"center center","background-size":"auto","background-attachment":"scroll","background-type":"","background-media":"","overlay-type":"","overlay-color":"","overlay-opacity":"","overlay-gradient":""},"mobile":{"background-color":"var(--ast-global-color-5)","background-image":"","background-repeat":"repeat","background-position":"center center","background-size":"auto","background-attachment":"scroll","background-type":"","background-media":"","overlay-type":"","overlay-color":"","overlay-opacity":"","overlay-gradient":""}},"footnotes":""},"categories":[1],"tags":[43,44,45],"class_list":["post-1026","post","type-post","status-publish","format-standard","has-post-thumbnail","hentry","category-blog","tag-bauhaus-epiteszet","tag-bauhaus-epiteszeti-stilus","tag-bauhaus-muveszet"],"acf":[],"yoast_head":"<!-- This site is optimized with the Yoast SEO plugin v28.3 - https:\/\/yoast.com\/product\/yoast-seo-wordpress\/ -->\n<title>100 \u00e9ves a Bauhaus \u00e9p\u00edt\u00e9szeti st\u00edlus - Elektro Kamleithner<\/title>\n<meta name=\"description\" content=\"100 \u00e9ves a Bauhaus \u00e9p\u00edt\u00e9szeti st\u00edlus \u00e9s ez a sz\u00e1l, er\u0151sen \u00f6sszefon\u00f3dik a Berker manufaktur\u00e1val, hiszen mindketten id\u00e9n \u00fcnneplik a 100. \u00e9vfordul\u00f3jukat.\" \/>\n<meta name=\"robots\" content=\"index, follow, max-snippet:-1, max-image-preview:large, max-video-preview:-1\" \/>\n<link rel=\"canonical\" href=\"https:\/\/elektro-kamleithner.hu\/en\/100-eves-a-bauhaus-epiteszeti-stilus\/\" \/>\n<meta property=\"og:locale\" content=\"en_GB\" \/>\n<meta property=\"og:type\" content=\"article\" \/>\n<meta property=\"og:title\" content=\"100 \u00e9ves a Bauhaus \u00e9p\u00edt\u00e9szeti st\u00edlus - Elektro Kamleithner\" \/>\n<meta property=\"og:description\" content=\"100 \u00e9ves a Bauhaus \u00e9p\u00edt\u00e9szeti st\u00edlus \u00e9s ez a sz\u00e1l, er\u0151sen \u00f6sszefon\u00f3dik a Berker manufaktur\u00e1val, hiszen mindketten id\u00e9n \u00fcnneplik a 100. \u00e9vfordul\u00f3jukat.\" \/>\n<meta property=\"og:url\" content=\"https:\/\/elektro-kamleithner.hu\/en\/100-eves-a-bauhaus-epiteszeti-stilus\/\" \/>\n<meta property=\"og:site_name\" content=\"Elektro Kamleithner\" \/>\n<meta property=\"article:publisher\" content=\"https:\/\/www.facebook.com\/ElektroKamleithnerKft\/\" \/>\n<meta property=\"article:published_time\" content=\"2019-05-17T11:13:56+00:00\" \/>\n<meta property=\"og:image\" content=\"https:\/\/elektro-kamleithner.hu\/wp-content\/uploads\/2019\/05\/bauhaus-epiteszeti-stilus.jpg\" \/>\n\t<meta property=\"og:image:width\" content=\"600\" \/>\n\t<meta property=\"og:image:height\" content=\"400\" \/>\n\t<meta property=\"og:image:type\" content=\"image\/jpeg\" \/>\n<meta name=\"author\" content=\"Balogh Zolt\u00e1n\" \/>\n<meta name=\"twitter:card\" content=\"summary_large_image\" \/>\n<meta name=\"twitter:label1\" content=\"Written by\" \/>\n\t<meta name=\"twitter:data1\" content=\"Balogh Zolt\u00e1n\" \/>\n\t<meta name=\"twitter:label2\" content=\"Estimated reading time\" \/>\n\t<meta name=\"twitter:data2\" content=\"7 minutes\" \/>\n<script type=\"application\/ld+json\" class=\"yoast-schema-graph\">{\"@context\":\"https:\\\/\\\/schema.org\",\"@graph\":[{\"@type\":\"Article\",\"@id\":\"https:\\\/\\\/elektro-kamleithner.hu\\\/100-eves-a-bauhaus-epiteszeti-stilus\\\/#article\",\"isPartOf\":{\"@id\":\"https:\\\/\\\/elektro-kamleithner.hu\\\/100-eves-a-bauhaus-epiteszeti-stilus\\\/\"},\"author\":{\"name\":\"Balogh Zolt\u00e1n\",\"@id\":\"https:\\\/\\\/elektro-kamleithner.hu\\\/#\\\/schema\\\/person\\\/6bee347fe0f99bcff222317c89ff8c51\"},\"headline\":\"100 \u00e9ves a Bauhaus \u00e9p\u00edt\u00e9szeti st\u00edlus\",\"datePublished\":\"2019-05-17T11:13:56+00:00\",\"mainEntityOfPage\":{\"@id\":\"https:\\\/\\\/elektro-kamleithner.hu\\\/100-eves-a-bauhaus-epiteszeti-stilus\\\/\"},\"wordCount\":1483,\"publisher\":{\"@id\":\"https:\\\/\\\/elektro-kamleithner.hu\\\/#organization\"},\"image\":{\"@id\":\"https:\\\/\\\/elektro-kamleithner.hu\\\/100-eves-a-bauhaus-epiteszeti-stilus\\\/#primaryimage\"},\"thumbnailUrl\":\"https:\\\/\\\/elektro-kamleithner.hu\\\/wp-content\\\/uploads\\\/2019\\\/05\\\/bauhaus-epiteszeti-stilus.jpg\",\"keywords\":[\"bauhaus \u00e9p\u00edt\u00e9szet\",\"bauhaus \u00e9p\u00edt\u00e9szeti st\u00edlus\",\"bauhaus m\u0171v\u00e9szet\"],\"articleSection\":[\"Blog\"],\"inLanguage\":\"en-GB\"},{\"@type\":\"WebPage\",\"@id\":\"https:\\\/\\\/elektro-kamleithner.hu\\\/100-eves-a-bauhaus-epiteszeti-stilus\\\/\",\"url\":\"https:\\\/\\\/elektro-kamleithner.hu\\\/100-eves-a-bauhaus-epiteszeti-stilus\\\/\",\"name\":\"100 \u00e9ves a Bauhaus \u00e9p\u00edt\u00e9szeti st\u00edlus - Elektro Kamleithner\",\"isPartOf\":{\"@id\":\"https:\\\/\\\/elektro-kamleithner.hu\\\/#website\"},\"primaryImageOfPage\":{\"@id\":\"https:\\\/\\\/elektro-kamleithner.hu\\\/100-eves-a-bauhaus-epiteszeti-stilus\\\/#primaryimage\"},\"image\":{\"@id\":\"https:\\\/\\\/elektro-kamleithner.hu\\\/100-eves-a-bauhaus-epiteszeti-stilus\\\/#primaryimage\"},\"thumbnailUrl\":\"https:\\\/\\\/elektro-kamleithner.hu\\\/wp-content\\\/uploads\\\/2019\\\/05\\\/bauhaus-epiteszeti-stilus.jpg\",\"datePublished\":\"2019-05-17T11:13:56+00:00\",\"description\":\"100 \u00e9ves a Bauhaus \u00e9p\u00edt\u00e9szeti st\u00edlus \u00e9s ez a sz\u00e1l, er\u0151sen \u00f6sszefon\u00f3dik a Berker manufaktur\u00e1val, hiszen mindketten id\u00e9n \u00fcnneplik a 100. \u00e9vfordul\u00f3jukat.\",\"breadcrumb\":{\"@id\":\"https:\\\/\\\/elektro-kamleithner.hu\\\/100-eves-a-bauhaus-epiteszeti-stilus\\\/#breadcrumb\"},\"inLanguage\":\"en-GB\",\"potentialAction\":[{\"@type\":\"ReadAction\",\"target\":[\"https:\\\/\\\/elektro-kamleithner.hu\\\/100-eves-a-bauhaus-epiteszeti-stilus\\\/\"]}]},{\"@type\":\"ImageObject\",\"inLanguage\":\"en-GB\",\"@id\":\"https:\\\/\\\/elektro-kamleithner.hu\\\/100-eves-a-bauhaus-epiteszeti-stilus\\\/#primaryimage\",\"url\":\"https:\\\/\\\/elektro-kamleithner.hu\\\/wp-content\\\/uploads\\\/2019\\\/05\\\/bauhaus-epiteszeti-stilus.jpg\",\"contentUrl\":\"https:\\\/\\\/elektro-kamleithner.hu\\\/wp-content\\\/uploads\\\/2019\\\/05\\\/bauhaus-epiteszeti-stilus.jpg\",\"width\":600,\"height\":400,\"caption\":\"bauhaus-epiteszeti-stilus\"},{\"@type\":\"BreadcrumbList\",\"@id\":\"https:\\\/\\\/elektro-kamleithner.hu\\\/100-eves-a-bauhaus-epiteszeti-stilus\\\/#breadcrumb\",\"itemListElement\":[{\"@type\":\"ListItem\",\"position\":1,\"name\":\"Kezd\u0151lap\",\"item\":\"https:\\\/\\\/elektro-kamleithner.hu\\\/\"},{\"@type\":\"ListItem\",\"position\":2,\"name\":\"100 \u00e9ves a Bauhaus \u00e9p\u00edt\u00e9szeti st\u00edlus\"}]},{\"@type\":\"WebSite\",\"@id\":\"https:\\\/\\\/elektro-kamleithner.hu\\\/#website\",\"url\":\"https:\\\/\\\/elektro-kamleithner.hu\\\/\",\"name\":\"Elektro Kamleithner\",\"description\":\"Elektro Kamleithner\",\"publisher\":{\"@id\":\"https:\\\/\\\/elektro-kamleithner.hu\\\/#organization\"},\"potentialAction\":[{\"@type\":\"SearchAction\",\"target\":{\"@type\":\"EntryPoint\",\"urlTemplate\":\"https:\\\/\\\/elektro-kamleithner.hu\\\/?s={search_term_string}\"},\"query-input\":{\"@type\":\"PropertyValueSpecification\",\"valueRequired\":true,\"valueName\":\"search_term_string\"}}],\"inLanguage\":\"en-GB\"},{\"@type\":\"Organization\",\"@id\":\"https:\\\/\\\/elektro-kamleithner.hu\\\/#organization\",\"name\":\"Elektro Kamleithner\",\"url\":\"https:\\\/\\\/elektro-kamleithner.hu\\\/\",\"logo\":{\"@type\":\"ImageObject\",\"inLanguage\":\"en-GB\",\"@id\":\"https:\\\/\\\/elektro-kamleithner.hu\\\/#\\\/schema\\\/logo\\\/image\\\/\",\"url\":\"https:\\\/\\\/elektro-kamleithner.hu\\\/wp-content\\\/uploads\\\/2024\\\/09\\\/elektro-white-001.svg\",\"contentUrl\":\"https:\\\/\\\/elektro-kamleithner.hu\\\/wp-content\\\/uploads\\\/2024\\\/09\\\/elektro-white-001.svg\",\"width\":382,\"height\":131,\"caption\":\"Elektro Kamleithner\"},\"image\":{\"@id\":\"https:\\\/\\\/elektro-kamleithner.hu\\\/#\\\/schema\\\/logo\\\/image\\\/\"},\"sameAs\":[\"https:\\\/\\\/www.facebook.com\\\/ElektroKamleithnerKft\\\/\",\"https:\\\/\\\/www.youtube.com\\\/channel\\\/UCdDdwY5NIU2nmN9MjvqnFqg\",\"https:\\\/\\\/www.instagram.com\\\/berker.hu\\\/\"]},{\"@type\":\"Person\",\"@id\":\"https:\\\/\\\/elektro-kamleithner.hu\\\/#\\\/schema\\\/person\\\/6bee347fe0f99bcff222317c89ff8c51\",\"name\":\"Balogh Zolt\u00e1n\",\"image\":{\"@type\":\"ImageObject\",\"inLanguage\":\"en-GB\",\"@id\":\"https:\\\/\\\/secure.gravatar.com\\\/avatar\\\/83c725ba6ed0c327cf067a335b7156b3cb23f8585104d5ab2cd7bc81e6b47877?s=96&d=mm&r=g\",\"url\":\"https:\\\/\\\/secure.gravatar.com\\\/avatar\\\/83c725ba6ed0c327cf067a335b7156b3cb23f8585104d5ab2cd7bc81e6b47877?s=96&d=mm&r=g\",\"contentUrl\":\"https:\\\/\\\/secure.gravatar.com\\\/avatar\\\/83c725ba6ed0c327cf067a335b7156b3cb23f8585104d5ab2cd7bc81e6b47877?s=96&d=mm&r=g\",\"caption\":\"Balogh Zolt\u00e1n\"},\"url\":\"https:\\\/\\\/elektro-kamleithner.hu\\\/en\\\/author\\\/admin\\\/\"}]}<\/script>\n<!-- \/ Yoast SEO plugin. -->","yoast_head_json":{"title":"100 \u00e9ves a Bauhaus \u00e9p\u00edt\u00e9szeti st\u00edlus - Elektro Kamleithner","description":"100 \u00e9ves a Bauhaus \u00e9p\u00edt\u00e9szeti st\u00edlus \u00e9s ez a sz\u00e1l, er\u0151sen \u00f6sszefon\u00f3dik a Berker manufaktur\u00e1val, hiszen mindketten id\u00e9n \u00fcnneplik a 100. \u00e9vfordul\u00f3jukat.","robots":{"index":"index","follow":"follow","max-snippet":"max-snippet:-1","max-image-preview":"max-image-preview:large","max-video-preview":"max-video-preview:-1"},"canonical":"https:\/\/elektro-kamleithner.hu\/en\/100-eves-a-bauhaus-epiteszeti-stilus\/","og_locale":"en_GB","og_type":"article","og_title":"100 \u00e9ves a Bauhaus \u00e9p\u00edt\u00e9szeti st\u00edlus - Elektro Kamleithner","og_description":"100 \u00e9ves a Bauhaus \u00e9p\u00edt\u00e9szeti st\u00edlus \u00e9s ez a sz\u00e1l, er\u0151sen \u00f6sszefon\u00f3dik a Berker manufaktur\u00e1val, hiszen mindketten id\u00e9n \u00fcnneplik a 100. \u00e9vfordul\u00f3jukat.","og_url":"https:\/\/elektro-kamleithner.hu\/en\/100-eves-a-bauhaus-epiteszeti-stilus\/","og_site_name":"Elektro Kamleithner","article_publisher":"https:\/\/www.facebook.com\/ElektroKamleithnerKft\/","article_published_time":"2019-05-17T11:13:56+00:00","og_image":[{"width":600,"height":400,"url":"https:\/\/elektro-kamleithner.hu\/wp-content\/uploads\/2019\/05\/bauhaus-epiteszeti-stilus.jpg","type":"image\/jpeg"}],"author":"Balogh Zolt\u00e1n","twitter_card":"summary_large_image","twitter_misc":{"Written by":"Balogh Zolt\u00e1n","Estimated reading time":"7 minutes"},"schema":{"@context":"https:\/\/schema.org","@graph":[{"@type":"Article","@id":"https:\/\/elektro-kamleithner.hu\/100-eves-a-bauhaus-epiteszeti-stilus\/#article","isPartOf":{"@id":"https:\/\/elektro-kamleithner.hu\/100-eves-a-bauhaus-epiteszeti-stilus\/"},"author":{"name":"Balogh Zolt\u00e1n","@id":"https:\/\/elektro-kamleithner.hu\/#\/schema\/person\/6bee347fe0f99bcff222317c89ff8c51"},"headline":"100 \u00e9ves a Bauhaus \u00e9p\u00edt\u00e9szeti st\u00edlus","datePublished":"2019-05-17T11:13:56+00:00","mainEntityOfPage":{"@id":"https:\/\/elektro-kamleithner.hu\/100-eves-a-bauhaus-epiteszeti-stilus\/"},"wordCount":1483,"publisher":{"@id":"https:\/\/elektro-kamleithner.hu\/#organization"},"image":{"@id":"https:\/\/elektro-kamleithner.hu\/100-eves-a-bauhaus-epiteszeti-stilus\/#primaryimage"},"thumbnailUrl":"https:\/\/elektro-kamleithner.hu\/wp-content\/uploads\/2019\/05\/bauhaus-epiteszeti-stilus.jpg","keywords":["bauhaus \u00e9p\u00edt\u00e9szet","bauhaus \u00e9p\u00edt\u00e9szeti st\u00edlus","bauhaus m\u0171v\u00e9szet"],"articleSection":["Blog"],"inLanguage":"en-GB"},{"@type":"WebPage","@id":"https:\/\/elektro-kamleithner.hu\/100-eves-a-bauhaus-epiteszeti-stilus\/","url":"https:\/\/elektro-kamleithner.hu\/100-eves-a-bauhaus-epiteszeti-stilus\/","name":"100 \u00e9ves a Bauhaus \u00e9p\u00edt\u00e9szeti st\u00edlus - Elektro Kamleithner","isPartOf":{"@id":"https:\/\/elektro-kamleithner.hu\/#website"},"primaryImageOfPage":{"@id":"https:\/\/elektro-kamleithner.hu\/100-eves-a-bauhaus-epiteszeti-stilus\/#primaryimage"},"image":{"@id":"https:\/\/elektro-kamleithner.hu\/100-eves-a-bauhaus-epiteszeti-stilus\/#primaryimage"},"thumbnailUrl":"https:\/\/elektro-kamleithner.hu\/wp-content\/uploads\/2019\/05\/bauhaus-epiteszeti-stilus.jpg","datePublished":"2019-05-17T11:13:56+00:00","description":"100 \u00e9ves a Bauhaus \u00e9p\u00edt\u00e9szeti st\u00edlus \u00e9s ez a sz\u00e1l, er\u0151sen \u00f6sszefon\u00f3dik a Berker manufaktur\u00e1val, hiszen mindketten id\u00e9n \u00fcnneplik a 100. \u00e9vfordul\u00f3jukat.","breadcrumb":{"@id":"https:\/\/elektro-kamleithner.hu\/100-eves-a-bauhaus-epiteszeti-stilus\/#breadcrumb"},"inLanguage":"en-GB","potentialAction":[{"@type":"ReadAction","target":["https:\/\/elektro-kamleithner.hu\/100-eves-a-bauhaus-epiteszeti-stilus\/"]}]},{"@type":"ImageObject","inLanguage":"en-GB","@id":"https:\/\/elektro-kamleithner.hu\/100-eves-a-bauhaus-epiteszeti-stilus\/#primaryimage","url":"https:\/\/elektro-kamleithner.hu\/wp-content\/uploads\/2019\/05\/bauhaus-epiteszeti-stilus.jpg","contentUrl":"https:\/\/elektro-kamleithner.hu\/wp-content\/uploads\/2019\/05\/bauhaus-epiteszeti-stilus.jpg","width":600,"height":400,"caption":"bauhaus-epiteszeti-stilus"},{"@type":"BreadcrumbList","@id":"https:\/\/elektro-kamleithner.hu\/100-eves-a-bauhaus-epiteszeti-stilus\/#breadcrumb","itemListElement":[{"@type":"ListItem","position":1,"name":"Kezd\u0151lap","item":"https:\/\/elektro-kamleithner.hu\/"},{"@type":"ListItem","position":2,"name":"100 \u00e9ves a Bauhaus \u00e9p\u00edt\u00e9szeti st\u00edlus"}]},{"@type":"WebSite","@id":"https:\/\/elektro-kamleithner.hu\/#website","url":"https:\/\/elektro-kamleithner.hu\/","name":"Elektro Kamleithner","description":"Elektro Kamleithner","publisher":{"@id":"https:\/\/elektro-kamleithner.hu\/#organization"},"potentialAction":[{"@type":"SearchAction","target":{"@type":"EntryPoint","urlTemplate":"https:\/\/elektro-kamleithner.hu\/?s={search_term_string}"},"query-input":{"@type":"PropertyValueSpecification","valueRequired":true,"valueName":"search_term_string"}}],"inLanguage":"en-GB"},{"@type":"Organization","@id":"https:\/\/elektro-kamleithner.hu\/#organization","name":"Elektro Kamleithner","url":"https:\/\/elektro-kamleithner.hu\/","logo":{"@type":"ImageObject","inLanguage":"en-GB","@id":"https:\/\/elektro-kamleithner.hu\/#\/schema\/logo\/image\/","url":"https:\/\/elektro-kamleithner.hu\/wp-content\/uploads\/2024\/09\/elektro-white-001.svg","contentUrl":"https:\/\/elektro-kamleithner.hu\/wp-content\/uploads\/2024\/09\/elektro-white-001.svg","width":382,"height":131,"caption":"Elektro Kamleithner"},"image":{"@id":"https:\/\/elektro-kamleithner.hu\/#\/schema\/logo\/image\/"},"sameAs":["https:\/\/www.facebook.com\/ElektroKamleithnerKft\/","https:\/\/www.youtube.com\/channel\/UCdDdwY5NIU2nmN9MjvqnFqg","https:\/\/www.instagram.com\/berker.hu\/"]},{"@type":"Person","@id":"https:\/\/elektro-kamleithner.hu\/#\/schema\/person\/6bee347fe0f99bcff222317c89ff8c51","name":"Balogh Zolt\u00e1n","image":{"@type":"ImageObject","inLanguage":"en-GB","@id":"https:\/\/secure.gravatar.com\/avatar\/83c725ba6ed0c327cf067a335b7156b3cb23f8585104d5ab2cd7bc81e6b47877?s=96&d=mm&r=g","url":"https:\/\/secure.gravatar.com\/avatar\/83c725ba6ed0c327cf067a335b7156b3cb23f8585104d5ab2cd7bc81e6b47877?s=96&d=mm&r=g","contentUrl":"https:\/\/secure.gravatar.com\/avatar\/83c725ba6ed0c327cf067a335b7156b3cb23f8585104d5ab2cd7bc81e6b47877?s=96&d=mm&r=g","caption":"Balogh Zolt\u00e1n"},"url":"https:\/\/elektro-kamleithner.hu\/en\/author\/admin\/"}]}},"_links":{"self":[{"href":"https:\/\/elektro-kamleithner.hu\/en\/wp-json\/wp\/v2\/posts\/1026","targetHints":{"allow":["GET"]}}],"collection":[{"href":"https:\/\/elektro-kamleithner.hu\/en\/wp-json\/wp\/v2\/posts"}],"about":[{"href":"https:\/\/elektro-kamleithner.hu\/en\/wp-json\/wp\/v2\/types\/post"}],"author":[{"embeddable":true,"href":"https:\/\/elektro-kamleithner.hu\/en\/wp-json\/wp\/v2\/users\/2"}],"replies":[{"embeddable":true,"href":"https:\/\/elektro-kamleithner.hu\/en\/wp-json\/wp\/v2\/comments?post=1026"}],"version-history":[{"count":0,"href":"https:\/\/elektro-kamleithner.hu\/en\/wp-json\/wp\/v2\/posts\/1026\/revisions"}],"wp:featuredmedia":[{"embeddable":true,"href":"https:\/\/elektro-kamleithner.hu\/en\/wp-json\/wp\/v2\/media\/1032"}],"wp:attachment":[{"href":"https:\/\/elektro-kamleithner.hu\/en\/wp-json\/wp\/v2\/media?parent=1026"}],"wp:term":[{"taxonomy":"category","embeddable":true,"href":"https:\/\/elektro-kamleithner.hu\/en\/wp-json\/wp\/v2\/categories?post=1026"},{"taxonomy":"post_tag","embeddable":true,"href":"https:\/\/elektro-kamleithner.hu\/en\/wp-json\/wp\/v2\/tags?post=1026"}],"curies":[{"name":"wp","href":"https:\/\/api.w.org\/{rel}","templated":true}]}}