{"id":1011,"date":"2019-05-14T19:26:37","date_gmt":"2019-05-14T18:26:37","guid":{"rendered":"https:\/\/evernox.hu\/berker-q-3-kapcsolocsalad-grand-hotel-valies\/"},"modified":"2019-05-14T19:26:37","modified_gmt":"2019-05-14T18:26:37","slug":"berker-q-3-kapcsolocsalad-grand-hotel-valies","status":"publish","type":"post","link":"https:\/\/elektro-kamleithner.hu\/en\/berker-q-3-kapcsolocsalad-grand-hotel-valies\/","title":{"rendered":"Berker Q.3 kapcsol\u00f3csal\u00e1d a Grand Hotel Valies-ben"},"content":{"rendered":"<h1>Berker Q.3 kapcsol\u00f3csal\u00e1d a Grand Hotel Valies-ben<\/h1>\n<p>A Berker Q.3 kapcsol\u00f3csal\u00e1d, egy \u00fajabb sz\u00e1llodai projekt, kieg\u00e9sz\u00edt\u0151 \u00e9kess\u00e9ge lett. A Grand Hotel Valies, egy luxus csal\u00e1di sz\u00e1lloda, Hollandi\u00e1ban, ami Roermond k\u00f6zpontj\u00e1ban tal\u00e1lhat\u00f3, a n\u00e9met hat\u00e1r k\u00f6zel\u00e9ben. Az \u00fajonnan \u00e1tadott sz\u00e1llod\u00e1ban a vend\u00e9gek \u00fagy \u00e9rezhetik magukat, mintha meg\u00e1llt volna az id\u0151, mert a hotel az 1930-as \u00e9vekbeli New York hangulat\u00e1t id\u00e9zi.\u00a0A sz\u00e1llod\u00e1t Arnie van Dun bels\u0151\u00e9p\u00edt\u00e9sz tervezte \u00e9s a hotel egyed\u00fcl\u00e1ll\u00f3 teljes berendez\u00e9se, v\u00e9gig az Art Deco st\u00edlus\u00e1t k\u00f6veti. A Grand Hotel 60 k\u00e9nyelmes, t\u00e1gas szob\u00e1ja, az \u00e1zsiai \u00e9tterme, a sz\u00e1lloda kil\u00e1t\u00e1sa a Roer foly\u00f3ra \u00e9s a M\u00e1ria Theresia h\u00eddra, mind felejthetetlen \u00e9lm\u00e9nyt biztos\u00edtanak az idel\u00e1togat\u00f3 vend\u00e9geknek.<\/p>\n<p><img class=\"\\\"alignnone\" size-full wp-image-1015\\\" src=\"\\\"https:><\/p>\n<h3>Ehhez a megfizethet\u0151 luxus \u00e9lm\u00e9nyhez a Berker Q.3 kapcsol\u00f3csal\u00e1d is nagyban hozz\u00e1j\u00e1rult.<\/h3>\n<p>Hiszen az alum\u00ednium Berker Q.3 kapcsol\u00f3csal\u00e1d, t\u00f6k\u00e9letesen illeszkedik a hotel dekor\u00e1ci\u00f3s elemeihez \u00e9s funkci\u00f3i nemcsak a praktikum szolg\u00e1lat\u00e1ban \u00e1llnak, hanem st\u00edlus\u00e1val kieg\u00e9sz\u00edti a sz\u00e1lloda enteri\u0151rj\u00e9t. A sz\u00e1lloda teljes villamos berendez\u00e9seit is a Hager Univers eloszt\u00f3t\u00e1bl\u00e1k \u00e9s a Hager Domovea \u00e9p\u00fcletautomatiz\u00e1l\u00e1si rendszer biztos\u00edtja.\u00a0Ez a gy\u00f6ny\u00f6r\u0171 sz\u00e1lloda, 2018. okt\u00f3ber v\u00e9g\u00e9n nyitotta meg kapuit, ahol az Art Deco st\u00edlust minden szob\u00e1j\u00e1ban, helyis\u00e9g\u00e9ben megval\u00f3s\u00edtott\u00e1k. Az anyagok, a form\u00e1k a sz\u00ednek, a legkisebb r\u00e9szletekre is odafigyel\u0151, tervez\u0151 munk\u00e1j\u00e1t dics\u00e9rik.<\/p>\n<p><img class=\"\\\"alignnone\" size-full wp-image-1016\\\" src=\"\\\"https:><\/p>\n<h3>Arnie van Dun bels\u0151\u00e9p\u00edt\u00e9sz, \u00edgy nyilatkozott a munk\u00e1j\u00e1r\u00f3l:<\/h3>\n<p>\u201cAz Art Deco st\u00edlus t\u00fals\u00e1gosan b\u0151kez\u0171, sok minden megval\u00f3s\u00edthat\u00f3 benne \u00e9s a r\u00e9szletek is fontos szerepet j\u00e1tszanak. Ezt mi a tervez\u00e9si folyamat sor\u00e1n v\u00e9gig tiszteletben tartottuk, de mint mindig, itt is a funkcionalit\u00e1s volt a legfontosabb sz\u00e1munkra.\u201d<\/p>\n<p>Projekt neve: Grand Hotel Valies<br \/>\nHelysz\u00edn: Hollandia, Roermond<br \/>\n\u00c9p\u00edt\u00e9sz \/ Tervez\u0151: Arnie van Dun Interieur &amp; Design<br \/>\nTerm\u00e9kek \u00e9s megold\u00e1sok:<br \/>\nBerker Q.3 kapcsol\u00f3csal\u00e1d alum\u00edniumb\u00f3l,<br \/>\nHager Univers eloszt\u00f3t\u00e1bl\u00e1k,<br \/>\nHager Domovea \u00e9p\u00fcletautomatiz\u00e1l\u00e1s.<\/p>\n<p><img class=\"\\\"alignnone\" size-full wp-image-1017\\\" src=\"\\\"https:><\/p>\n<p><span style=\"\\\"font-weight:\" 400;\\\">A Berker Q.3 kapcsol\u00f3csal\u00e1d \u00e9s a Berker kapcsol\u00f3k teljes k\u00edn\u00e1lat\u00e1t megtal\u00e1lja a<a href=\"\/en\/\"https:> Berker.hu<\/a> weboldalunkon. Ha pedig k\u00e9rd\u00e9se van a term\u00e9kekkel kapcsolatban, forduljon hozz\u00e1nk bizalommal. <\/span><\/p>","protected":false},"excerpt":{"rendered":"<p>Berker Q.3 kapcsol\u00f3csal\u00e1d a Grand Hotel Valies-ben A Berker Q.3 kapcsol\u00f3csal\u00e1d, egy \u00fajabb sz\u00e1llodai projekt, kieg\u00e9sz\u00edt\u0151 \u00e9kess\u00e9ge lett. A Grand [&hellip;]<\/p>\n","protected":false},"author":2,"featured_media":1012,"comment_status":"closed","ping_status":"open","sticky":false,"template":"","format":"standard","meta":{"_acf_changed":false,"site-sidebar-layout":"default","site-content-layout":"","ast-site-content-layout":"default","site-content-style":"default","site-sidebar-style":"default","ast-global-header-display":"","ast-banner-title-visibility":"","ast-main-header-display":"","ast-hfb-above-header-display":"","ast-hfb-below-header-display":"","ast-hfb-mobile-header-display":"","site-post-title":"","ast-breadcrumbs-content":"","ast-featured-img":"","footer-sml-layout":"","ast-disable-related-posts":"","theme-transparent-header-meta":"default","adv-header-id-meta":"","stick-header-meta":"default","header-above-stick-meta":"","header-main-stick-meta":"","header-below-stick-meta":"","astra-migrate-meta-layouts":"set","ast-page-background-enabled":"default","ast-page-background-meta":{"desktop":{"background-color":"var(--ast-global-color-4)","background-image":"","background-repeat":"repeat","background-position":"center center","background-size":"auto","background-attachment":"scroll","background-type":"","background-media":"","overlay-type":"","overlay-color":"","overlay-opacity":"","overlay-gradient":""},"tablet":{"background-color":"","background-image":"","background-repeat":"repeat","background-position":"center center","background-size":"auto","background-attachment":"scroll","background-type":"","background-media":"","overlay-type":"","overlay-color":"","overlay-opacity":"","overlay-gradient":""},"mobile":{"background-color":"","background-image":"","background-repeat":"repeat","background-position":"center center","background-size":"auto","background-attachment":"scroll","background-type":"","background-media":"","overlay-type":"","overlay-color":"","overlay-opacity":"","overlay-gradient":""}},"ast-content-background-meta":{"desktop":{"background-color":"var(--ast-global-color-5)","background-image":"","background-repeat":"repeat","background-position":"center center","background-size":"auto","background-attachment":"scroll","background-type":"","background-media":"","overlay-type":"","overlay-color":"","overlay-opacity":"","overlay-gradient":""},"tablet":{"background-color":"var(--ast-global-color-5)","background-image":"","background-repeat":"repeat","background-position":"center center","background-size":"auto","background-attachment":"scroll","background-type":"","background-media":"","overlay-type":"","overlay-color":"","overlay-opacity":"","overlay-gradient":""},"mobile":{"background-color":"var(--ast-global-color-5)","background-image":"","background-repeat":"repeat","background-position":"center center","background-size":"auto","background-attachment":"scroll","background-type":"","background-media":"","overlay-type":"","overlay-color":"","overlay-opacity":"","overlay-gradient":""}},"footnotes":""},"categories":[1],"tags":[41,42],"class_list":["post-1011","post","type-post","status-publish","format-standard","has-post-thumbnail","hentry","category-blog","tag-berker-kapcsolocsalad","tag-berker-q-3"],"acf":[],"yoast_head":"<!-- This site is optimized with the Yoast SEO plugin v28.3 - https:\/\/yoast.com\/product\/yoast-seo-wordpress\/ -->\n<title>Berker Q.3 kapcsol\u00f3csal\u00e1d a Grand Hotel Valies-ben - Elektro Kamleithner<\/title>\n<meta name=\"description\" content=\"A Berker Q.3 kapcsol\u00f3csal\u00e1d, egy \u00fajabb sz\u00e1llodai projekt, kieg\u00e9sz\u00edt\u0151 \u00e9kess\u00e9ge lett. A Grand Hotel Valies, egy luxus csal\u00e1di sz\u00e1lloda, Hollandi\u00e1ba tal\u00e1lhat\u00f3.\" \/>\n<meta name=\"robots\" content=\"index, follow, max-snippet:-1, max-image-preview:large, max-video-preview:-1\" \/>\n<link rel=\"canonical\" href=\"https:\/\/elektro-kamleithner.hu\/en\/berker-q-3-kapcsolocsalad-grand-hotel-valies\/\" \/>\n<meta property=\"og:locale\" content=\"en_GB\" \/>\n<meta property=\"og:type\" content=\"article\" \/>\n<meta property=\"og:title\" content=\"Berker Q.3 kapcsol\u00f3csal\u00e1d a Grand Hotel Valies-ben - Elektro Kamleithner\" \/>\n<meta property=\"og:description\" content=\"A Berker Q.3 kapcsol\u00f3csal\u00e1d, egy \u00fajabb sz\u00e1llodai projekt, kieg\u00e9sz\u00edt\u0151 \u00e9kess\u00e9ge lett. A Grand Hotel Valies, egy luxus csal\u00e1di sz\u00e1lloda, Hollandi\u00e1ba tal\u00e1lhat\u00f3.\" \/>\n<meta property=\"og:url\" content=\"https:\/\/elektro-kamleithner.hu\/en\/berker-q-3-kapcsolocsalad-grand-hotel-valies\/\" \/>\n<meta property=\"og:site_name\" content=\"Elektro Kamleithner\" \/>\n<meta property=\"article:publisher\" content=\"https:\/\/www.facebook.com\/ElektroKamleithnerKft\/\" \/>\n<meta property=\"article:published_time\" content=\"2019-05-14T18:26:37+00:00\" \/>\n<meta name=\"author\" content=\"Balogh Zolt\u00e1n\" \/>\n<meta name=\"twitter:card\" content=\"summary_large_image\" \/>\n<meta name=\"twitter:label1\" content=\"Written by\" \/>\n\t<meta name=\"twitter:data1\" content=\"Balogh Zolt\u00e1n\" \/>\n\t<meta name=\"twitter:label2\" content=\"Estimated reading time\" \/>\n\t<meta name=\"twitter:data2\" content=\"2 minutes\" \/>\n<script type=\"application\/ld+json\" class=\"yoast-schema-graph\">{\"@context\":\"https:\\\/\\\/schema.org\",\"@graph\":[{\"@type\":\"Article\",\"@id\":\"https:\\\/\\\/elektro-kamleithner.hu\\\/berker-q-3-kapcsolocsalad-grand-hotel-valies\\\/#article\",\"isPartOf\":{\"@id\":\"https:\\\/\\\/elektro-kamleithner.hu\\\/berker-q-3-kapcsolocsalad-grand-hotel-valies\\\/\"},\"author\":{\"name\":\"Balogh Zolt\u00e1n\",\"@id\":\"https:\\\/\\\/elektro-kamleithner.hu\\\/#\\\/schema\\\/person\\\/6bee347fe0f99bcff222317c89ff8c51\"},\"headline\":\"Berker Q.3 kapcsol\u00f3csal\u00e1d a Grand Hotel Valies-ben\",\"datePublished\":\"2019-05-14T18:26:37+00:00\",\"mainEntityOfPage\":{\"@id\":\"https:\\\/\\\/elektro-kamleithner.hu\\\/berker-q-3-kapcsolocsalad-grand-hotel-valies\\\/\"},\"wordCount\":444,\"publisher\":{\"@id\":\"https:\\\/\\\/elektro-kamleithner.hu\\\/#organization\"},\"image\":{\"@id\":\"https:\\\/\\\/elektro-kamleithner.hu\\\/berker-q-3-kapcsolocsalad-grand-hotel-valies\\\/#primaryimage\"},\"thumbnailUrl\":\"\",\"keywords\":[\"berker kapcsol\u00f3csal\u00e1d\",\"berker Q.3\"],\"articleSection\":[\"Blog\"],\"inLanguage\":\"en-GB\"},{\"@type\":\"WebPage\",\"@id\":\"https:\\\/\\\/elektro-kamleithner.hu\\\/berker-q-3-kapcsolocsalad-grand-hotel-valies\\\/\",\"url\":\"https:\\\/\\\/elektro-kamleithner.hu\\\/berker-q-3-kapcsolocsalad-grand-hotel-valies\\\/\",\"name\":\"Berker Q.3 kapcsol\u00f3csal\u00e1d a Grand Hotel Valies-ben - Elektro Kamleithner\",\"isPartOf\":{\"@id\":\"https:\\\/\\\/elektro-kamleithner.hu\\\/#website\"},\"primaryImageOfPage\":{\"@id\":\"https:\\\/\\\/elektro-kamleithner.hu\\\/berker-q-3-kapcsolocsalad-grand-hotel-valies\\\/#primaryimage\"},\"image\":{\"@id\":\"https:\\\/\\\/elektro-kamleithner.hu\\\/berker-q-3-kapcsolocsalad-grand-hotel-valies\\\/#primaryimage\"},\"thumbnailUrl\":\"\",\"datePublished\":\"2019-05-14T18:26:37+00:00\",\"description\":\"A Berker Q.3 kapcsol\u00f3csal\u00e1d, egy \u00fajabb sz\u00e1llodai projekt, kieg\u00e9sz\u00edt\u0151 \u00e9kess\u00e9ge lett. A Grand Hotel Valies, egy luxus csal\u00e1di sz\u00e1lloda, Hollandi\u00e1ba tal\u00e1lhat\u00f3.\",\"breadcrumb\":{\"@id\":\"https:\\\/\\\/elektro-kamleithner.hu\\\/berker-q-3-kapcsolocsalad-grand-hotel-valies\\\/#breadcrumb\"},\"inLanguage\":\"en-GB\",\"potentialAction\":[{\"@type\":\"ReadAction\",\"target\":[\"https:\\\/\\\/elektro-kamleithner.hu\\\/berker-q-3-kapcsolocsalad-grand-hotel-valies\\\/\"]}]},{\"@type\":\"ImageObject\",\"inLanguage\":\"en-GB\",\"@id\":\"https:\\\/\\\/elektro-kamleithner.hu\\\/berker-q-3-kapcsolocsalad-grand-hotel-valies\\\/#primaryimage\",\"url\":\"\",\"contentUrl\":\"\"},{\"@type\":\"BreadcrumbList\",\"@id\":\"https:\\\/\\\/elektro-kamleithner.hu\\\/berker-q-3-kapcsolocsalad-grand-hotel-valies\\\/#breadcrumb\",\"itemListElement\":[{\"@type\":\"ListItem\",\"position\":1,\"name\":\"Kezd\u0151lap\",\"item\":\"https:\\\/\\\/elektro-kamleithner.hu\\\/\"},{\"@type\":\"ListItem\",\"position\":2,\"name\":\"Berker Q.3 kapcsol\u00f3csal\u00e1d a Grand Hotel Valies-ben\"}]},{\"@type\":\"WebSite\",\"@id\":\"https:\\\/\\\/elektro-kamleithner.hu\\\/#website\",\"url\":\"https:\\\/\\\/elektro-kamleithner.hu\\\/\",\"name\":\"Elektro Kamleithner\",\"description\":\"Elektro Kamleithner\",\"publisher\":{\"@id\":\"https:\\\/\\\/elektro-kamleithner.hu\\\/#organization\"},\"potentialAction\":[{\"@type\":\"SearchAction\",\"target\":{\"@type\":\"EntryPoint\",\"urlTemplate\":\"https:\\\/\\\/elektro-kamleithner.hu\\\/?s={search_term_string}\"},\"query-input\":{\"@type\":\"PropertyValueSpecification\",\"valueRequired\":true,\"valueName\":\"search_term_string\"}}],\"inLanguage\":\"en-GB\"},{\"@type\":\"Organization\",\"@id\":\"https:\\\/\\\/elektro-kamleithner.hu\\\/#organization\",\"name\":\"Elektro Kamleithner\",\"url\":\"https:\\\/\\\/elektro-kamleithner.hu\\\/\",\"logo\":{\"@type\":\"ImageObject\",\"inLanguage\":\"en-GB\",\"@id\":\"https:\\\/\\\/elektro-kamleithner.hu\\\/#\\\/schema\\\/logo\\\/image\\\/\",\"url\":\"https:\\\/\\\/elektro-kamleithner.hu\\\/wp-content\\\/uploads\\\/2024\\\/09\\\/elektro-white-001.svg\",\"contentUrl\":\"https:\\\/\\\/elektro-kamleithner.hu\\\/wp-content\\\/uploads\\\/2024\\\/09\\\/elektro-white-001.svg\",\"width\":382,\"height\":131,\"caption\":\"Elektro Kamleithner\"},\"image\":{\"@id\":\"https:\\\/\\\/elektro-kamleithner.hu\\\/#\\\/schema\\\/logo\\\/image\\\/\"},\"sameAs\":[\"https:\\\/\\\/www.facebook.com\\\/ElektroKamleithnerKft\\\/\",\"https:\\\/\\\/www.youtube.com\\\/channel\\\/UCdDdwY5NIU2nmN9MjvqnFqg\",\"https:\\\/\\\/www.instagram.com\\\/berker.hu\\\/\"]},{\"@type\":\"Person\",\"@id\":\"https:\\\/\\\/elektro-kamleithner.hu\\\/#\\\/schema\\\/person\\\/6bee347fe0f99bcff222317c89ff8c51\",\"name\":\"Balogh Zolt\u00e1n\",\"image\":{\"@type\":\"ImageObject\",\"inLanguage\":\"en-GB\",\"@id\":\"https:\\\/\\\/secure.gravatar.com\\\/avatar\\\/83c725ba6ed0c327cf067a335b7156b3cb23f8585104d5ab2cd7bc81e6b47877?s=96&d=mm&r=g\",\"url\":\"https:\\\/\\\/secure.gravatar.com\\\/avatar\\\/83c725ba6ed0c327cf067a335b7156b3cb23f8585104d5ab2cd7bc81e6b47877?s=96&d=mm&r=g\",\"contentUrl\":\"https:\\\/\\\/secure.gravatar.com\\\/avatar\\\/83c725ba6ed0c327cf067a335b7156b3cb23f8585104d5ab2cd7bc81e6b47877?s=96&d=mm&r=g\",\"caption\":\"Balogh Zolt\u00e1n\"},\"url\":\"https:\\\/\\\/elektro-kamleithner.hu\\\/en\\\/author\\\/admin\\\/\"}]}<\/script>\n<!-- \/ Yoast SEO plugin. -->","yoast_head_json":{"title":"Berker Q.3 kapcsol\u00f3csal\u00e1d a Grand Hotel Valies-ben - Elektro Kamleithner","description":"A Berker Q.3 kapcsol\u00f3csal\u00e1d, egy \u00fajabb sz\u00e1llodai projekt, kieg\u00e9sz\u00edt\u0151 \u00e9kess\u00e9ge lett. A Grand Hotel Valies, egy luxus csal\u00e1di sz\u00e1lloda, Hollandi\u00e1ba tal\u00e1lhat\u00f3.","robots":{"index":"index","follow":"follow","max-snippet":"max-snippet:-1","max-image-preview":"max-image-preview:large","max-video-preview":"max-video-preview:-1"},"canonical":"https:\/\/elektro-kamleithner.hu\/en\/berker-q-3-kapcsolocsalad-grand-hotel-valies\/","og_locale":"en_GB","og_type":"article","og_title":"Berker Q.3 kapcsol\u00f3csal\u00e1d a Grand Hotel Valies-ben - Elektro Kamleithner","og_description":"A Berker Q.3 kapcsol\u00f3csal\u00e1d, egy \u00fajabb sz\u00e1llodai projekt, kieg\u00e9sz\u00edt\u0151 \u00e9kess\u00e9ge lett. A Grand Hotel Valies, egy luxus csal\u00e1di sz\u00e1lloda, Hollandi\u00e1ba tal\u00e1lhat\u00f3.","og_url":"https:\/\/elektro-kamleithner.hu\/en\/berker-q-3-kapcsolocsalad-grand-hotel-valies\/","og_site_name":"Elektro Kamleithner","article_publisher":"https:\/\/www.facebook.com\/ElektroKamleithnerKft\/","article_published_time":"2019-05-14T18:26:37+00:00","author":"Balogh Zolt\u00e1n","twitter_card":"summary_large_image","twitter_misc":{"Written by":"Balogh Zolt\u00e1n","Estimated reading time":"2 minutes"},"schema":{"@context":"https:\/\/schema.org","@graph":[{"@type":"Article","@id":"https:\/\/elektro-kamleithner.hu\/berker-q-3-kapcsolocsalad-grand-hotel-valies\/#article","isPartOf":{"@id":"https:\/\/elektro-kamleithner.hu\/berker-q-3-kapcsolocsalad-grand-hotel-valies\/"},"author":{"name":"Balogh Zolt\u00e1n","@id":"https:\/\/elektro-kamleithner.hu\/#\/schema\/person\/6bee347fe0f99bcff222317c89ff8c51"},"headline":"Berker Q.3 kapcsol\u00f3csal\u00e1d a Grand Hotel Valies-ben","datePublished":"2019-05-14T18:26:37+00:00","mainEntityOfPage":{"@id":"https:\/\/elektro-kamleithner.hu\/berker-q-3-kapcsolocsalad-grand-hotel-valies\/"},"wordCount":444,"publisher":{"@id":"https:\/\/elektro-kamleithner.hu\/#organization"},"image":{"@id":"https:\/\/elektro-kamleithner.hu\/berker-q-3-kapcsolocsalad-grand-hotel-valies\/#primaryimage"},"thumbnailUrl":"","keywords":["berker kapcsol\u00f3csal\u00e1d","berker Q.3"],"articleSection":["Blog"],"inLanguage":"en-GB"},{"@type":"WebPage","@id":"https:\/\/elektro-kamleithner.hu\/berker-q-3-kapcsolocsalad-grand-hotel-valies\/","url":"https:\/\/elektro-kamleithner.hu\/berker-q-3-kapcsolocsalad-grand-hotel-valies\/","name":"Berker Q.3 kapcsol\u00f3csal\u00e1d a Grand Hotel Valies-ben - Elektro Kamleithner","isPartOf":{"@id":"https:\/\/elektro-kamleithner.hu\/#website"},"primaryImageOfPage":{"@id":"https:\/\/elektro-kamleithner.hu\/berker-q-3-kapcsolocsalad-grand-hotel-valies\/#primaryimage"},"image":{"@id":"https:\/\/elektro-kamleithner.hu\/berker-q-3-kapcsolocsalad-grand-hotel-valies\/#primaryimage"},"thumbnailUrl":"","datePublished":"2019-05-14T18:26:37+00:00","description":"A Berker Q.3 kapcsol\u00f3csal\u00e1d, egy \u00fajabb sz\u00e1llodai projekt, kieg\u00e9sz\u00edt\u0151 \u00e9kess\u00e9ge lett. A Grand Hotel Valies, egy luxus csal\u00e1di sz\u00e1lloda, Hollandi\u00e1ba tal\u00e1lhat\u00f3.","breadcrumb":{"@id":"https:\/\/elektro-kamleithner.hu\/berker-q-3-kapcsolocsalad-grand-hotel-valies\/#breadcrumb"},"inLanguage":"en-GB","potentialAction":[{"@type":"ReadAction","target":["https:\/\/elektro-kamleithner.hu\/berker-q-3-kapcsolocsalad-grand-hotel-valies\/"]}]},{"@type":"ImageObject","inLanguage":"en-GB","@id":"https:\/\/elektro-kamleithner.hu\/berker-q-3-kapcsolocsalad-grand-hotel-valies\/#primaryimage","url":"","contentUrl":""},{"@type":"BreadcrumbList","@id":"https:\/\/elektro-kamleithner.hu\/berker-q-3-kapcsolocsalad-grand-hotel-valies\/#breadcrumb","itemListElement":[{"@type":"ListItem","position":1,"name":"Kezd\u0151lap","item":"https:\/\/elektro-kamleithner.hu\/"},{"@type":"ListItem","position":2,"name":"Berker Q.3 kapcsol\u00f3csal\u00e1d a Grand Hotel Valies-ben"}]},{"@type":"WebSite","@id":"https:\/\/elektro-kamleithner.hu\/#website","url":"https:\/\/elektro-kamleithner.hu\/","name":"Elektro Kamleithner","description":"Elektro Kamleithner","publisher":{"@id":"https:\/\/elektro-kamleithner.hu\/#organization"},"potentialAction":[{"@type":"SearchAction","target":{"@type":"EntryPoint","urlTemplate":"https:\/\/elektro-kamleithner.hu\/?s={search_term_string}"},"query-input":{"@type":"PropertyValueSpecification","valueRequired":true,"valueName":"search_term_string"}}],"inLanguage":"en-GB"},{"@type":"Organization","@id":"https:\/\/elektro-kamleithner.hu\/#organization","name":"Elektro Kamleithner","url":"https:\/\/elektro-kamleithner.hu\/","logo":{"@type":"ImageObject","inLanguage":"en-GB","@id":"https:\/\/elektro-kamleithner.hu\/#\/schema\/logo\/image\/","url":"https:\/\/elektro-kamleithner.hu\/wp-content\/uploads\/2024\/09\/elektro-white-001.svg","contentUrl":"https:\/\/elektro-kamleithner.hu\/wp-content\/uploads\/2024\/09\/elektro-white-001.svg","width":382,"height":131,"caption":"Elektro Kamleithner"},"image":{"@id":"https:\/\/elektro-kamleithner.hu\/#\/schema\/logo\/image\/"},"sameAs":["https:\/\/www.facebook.com\/ElektroKamleithnerKft\/","https:\/\/www.youtube.com\/channel\/UCdDdwY5NIU2nmN9MjvqnFqg","https:\/\/www.instagram.com\/berker.hu\/"]},{"@type":"Person","@id":"https:\/\/elektro-kamleithner.hu\/#\/schema\/person\/6bee347fe0f99bcff222317c89ff8c51","name":"Balogh Zolt\u00e1n","image":{"@type":"ImageObject","inLanguage":"en-GB","@id":"https:\/\/secure.gravatar.com\/avatar\/83c725ba6ed0c327cf067a335b7156b3cb23f8585104d5ab2cd7bc81e6b47877?s=96&d=mm&r=g","url":"https:\/\/secure.gravatar.com\/avatar\/83c725ba6ed0c327cf067a335b7156b3cb23f8585104d5ab2cd7bc81e6b47877?s=96&d=mm&r=g","contentUrl":"https:\/\/secure.gravatar.com\/avatar\/83c725ba6ed0c327cf067a335b7156b3cb23f8585104d5ab2cd7bc81e6b47877?s=96&d=mm&r=g","caption":"Balogh Zolt\u00e1n"},"url":"https:\/\/elektro-kamleithner.hu\/en\/author\/admin\/"}]}},"_links":{"self":[{"href":"https:\/\/elektro-kamleithner.hu\/en\/wp-json\/wp\/v2\/posts\/1011","targetHints":{"allow":["GET"]}}],"collection":[{"href":"https:\/\/elektro-kamleithner.hu\/en\/wp-json\/wp\/v2\/posts"}],"about":[{"href":"https:\/\/elektro-kamleithner.hu\/en\/wp-json\/wp\/v2\/types\/post"}],"author":[{"embeddable":true,"href":"https:\/\/elektro-kamleithner.hu\/en\/wp-json\/wp\/v2\/users\/2"}],"replies":[{"embeddable":true,"href":"https:\/\/elektro-kamleithner.hu\/en\/wp-json\/wp\/v2\/comments?post=1011"}],"version-history":[{"count":0,"href":"https:\/\/elektro-kamleithner.hu\/en\/wp-json\/wp\/v2\/posts\/1011\/revisions"}],"wp:attachment":[{"href":"https:\/\/elektro-kamleithner.hu\/en\/wp-json\/wp\/v2\/media?parent=1011"}],"wp:term":[{"taxonomy":"category","embeddable":true,"href":"https:\/\/elektro-kamleithner.hu\/en\/wp-json\/wp\/v2\/categories?post=1011"},{"taxonomy":"post_tag","embeddable":true,"href":"https:\/\/elektro-kamleithner.hu\/en\/wp-json\/wp\/v2\/tags?post=1011"}],"curies":[{"name":"wp","href":"https:\/\/api.w.org\/{rel}","templated":true}]}}